{"id":2906,"date":"2021-04-30T20:32:35","date_gmt":"2021-04-30T20:32:35","guid":{"rendered":"https:\/\/www.africa-press.net\/cameroun\/politique\/du-nouveau-dans-laffaire-de-la-mort-des-enfants-morts-intoxiques-a-douala"},"modified":"2021-04-30T21:18:45","modified_gmt":"2021-04-30T21:18:45","slug":"du-nouveau-dans-laffaire-de-la-mort-des-enfants-morts-intoxiques-a-douala","status":"publish","type":"post","link":"https:\/\/www.africa-press.net\/cameroun\/toutes-les-actualites\/du-nouveau-dans-laffaire-de-la-mort-des-enfants-morts-intoxiques-a-douala","title":{"rendered":"Du nouveau dans l&rsquo;affaire de la mort des enfants morts intoxiqu\u00e9s \u00e0 Douala"},"content":{"rendered":"<p><span style=\"color: #ff6600\"><strong><a href=\"https:\/\/www.africa-press.net\/\">Africa-Press<\/a> &#8211; <a href=\"https:\/\/www.africa-press.net\/cameroun\">Cameroun<\/a>. <\/strong><\/span>Trois autres appartenant \u00e0 deux familles r\u00e9unies par l\u2019alliance sont toujours sous soins intensifs, apr\u00e8s avoir mang\u00e9 des avocats dans l\u2019apr\u00e8s-midi du mardi 27 avril 2021 au quartier Bonamoussadi.<\/p>\n<p>La maison familiale de No\u00e9, six ans, et celle des parents de Lixandra, quatre ans, sont distantes l\u2019une de l\u2019autre d\u2019\u00e0 peine trente m\u00e8tres. Les deux domiciles sont situ\u00e9s au quartier Bonamoussadi, derri\u00e8re le supermarch\u00e9 Market, \u00e0 un jet de pierre du lyc\u00e9e d\u2019Akwa Nord. Les habitants des deux r\u00e9sidences se c\u00f4toient eu \u00e9gard aux liens de parent\u00e9 qui lient ces deux familles r\u00e9unies par l\u2019alliance. Ce mercredi 28 avril 2021, l\u2019heure est au recueillement de part et d\u2019autre. Chez les No\u00e9, un silence alourdit l\u2019atmosph\u00e8re, perturb\u00e9 de temps en temps par les sanglots path\u00e9tiques d\u2019une sexag\u00e9naire afflig\u00e9e.<\/p>\n<p>Inconsolable, elle recommence les pleurs chaque fois qu\u2019apparait la tronche en larmes d\u2019un nouveau visiteur. Les amis et les proches parents d\u00e9boulent sans cesse. Certains sont partis de Fombat par Santchou, dans l\u2019arrondissement de la Menoua depuis les premi\u00e8res heures de la matin\u00e9e. La pleureuse n\u2019est autre que la grand-m\u00e8re de No\u00e9, un enfant de six ans d\u00e9c\u00e9d\u00e9 au d\u00e9but de la soir\u00e9e du mardi 26 Avril 2021 des suites d\u2019une intoxication alimentaire pr\u00e9sum\u00e9e, dont les circonstances sont encore \u00e0 \u00e9lucider. Elle raconte le film de la douloureuse trag\u00e9die : \u00ab Aux environs de 16h, leur p\u00e8re est rentr\u00e9 du travail. Il a demand\u00e9 aux enfants de venir prendre les avocats [qu\u2019elle vend dans la cour, Ndlr]. C\u2019\u00e9tait sec et tr\u00e8s bon. La m\u00e8re du d\u00e9funt [No\u00e9] me demande de lui en donner aussi ; elle en a mang\u00e9, de m\u00eame que le grand-p\u00e8re. Je leur ai demand\u00e9 d\u2019aller acheter le pain pour manger les avocats, car on \u00e9tait encore en train de pr\u00e9parer la nourriture. On a coup\u00e9 le pain en petites tranches. Tous ont mang\u00e9, y compris le nouveau-n\u00e9 d\u2019un an encore en vie. Quelques minutes apr\u00e8s, No\u00e9 s\u2019est mis \u00e0 crier et \u00e0 se plaindre des douleurs au ventre. Je l\u2019am\u00e8ne \u00e0 l\u2019h\u00f4pital et il meurt. Voil\u00e0 Lixandra qui se met \u00e0 son tour \u00e0 crier mon ventre ! C\u2019est comme \u00e7a que les deux enfants sont partis. J\u2019en ai pourtant mang\u00e9 la grande partie. \u00bb<\/p>\n<p>Corps sous scell\u00e9s<\/p>\n<p>Gabriel, le chef de la seconde famille et grand-p\u00e8re de Lixandra, a sa version des faits qui concorde avec celle que le reporter a recueillie aupr\u00e8s de sa belle-famille, celle des No\u00e9. Dans l\u2019apr\u00e8s-midi du mardi, ce sexag\u00e9naire a jou\u00e9 avec ses petits-fils, qui ne sont autres que les enfants de son fils qui a \u00e9pous\u00e9 une fille dans la famille voisine. Apr\u00e8s le jeu, les enfants vont chercher de l\u2019eau munis de seaux. Il ne se passera plus rien, du moins pas un signe d\u2019alarme jusqu\u2019\u00e0 ce que Gabriel voie passer une moto transportant No\u00e9 et sa m\u00e8re. Cette derni\u00e8re est en partance pour l\u2019h\u00f4pital apr\u00e8s que son fils No\u00e9 se soit plaint des douleurs dans le ventre. A peine une demi-heure plus tard, c\u2019est au tour de Lixandra de se plaindre des m\u00eames sympt\u00f4mes : l\u2019enfant d\u00e9clare avoir mang\u00e9 les avocats au m\u00eame moment que les enfants de l\u2019autre maison, celle des No\u00e9.<\/p>\n<p>Au Centre m\u00e9dical d\u2019arrondissement (CMA) de Bonamoussadi, la m\u00e8re de No\u00e9 est r\u00e9f\u00e9r\u00e9e \u00e0 l\u2019h\u00f4pital Laquintinie pour une meilleure prise en charge, au regard de la gravit\u00e9 de la situation. L\u2019enfant d\u00e9c\u00e8de en cours de route. Lixandra le rejoindra dans l\u2019au-del\u00e0 au cours de la demi-heure qui suit, apr\u00e8s un bref passage dans le m\u00eame h\u00f4pital suivi de son transf\u00e8rement. De sources familiales, les trois autres enfants ayant affich\u00e9 les m\u00eames sympt\u00f4mes sont sous soins intensifs.<\/p>\n<p>Les corps de No\u00e9 et de Lixandra ont \u00e9t\u00e9 plac\u00e9s sous scell\u00e9s \u00e0 la morgue. Le Jour a appris que le stock des avocats que les enfants ont mang\u00e9s a \u00e9galement \u00e9t\u00e9 saisi dans l\u2019optique d\u2019une analyse ult\u00e9rieure des propri\u00e9t\u00e9s biochimiques ayant \u00e9ventuellement pu causer l\u2019intoxication. Au moment o\u00f9 nous mettions sous presse, des questions continuent de fuser sur la nature du produit ayant pu intoxiquer les cinq enfants, et les aliments dans lesquels ce produit aurait \u00e9t\u00e9 inject\u00e9. Ce d\u2019autant plus que d\u2019autres membres de la famille, dont une enfant d\u2019environ un an et le pr\u00e9nomm\u00e9 Michel, ont mang\u00e9 des avocats, eux aussi, dans les m\u00eames circonstances que les autres. Michel a par ailleurs d\u00e9clar\u00e9 au reporter que, dans l\u2019apr\u00e8s-midi de ce mardi fatidique, il a mang\u00e9 des frites de plantain et des croquettes avec Lixandra et compagnie. Et pourtant, il n\u2019en est pas mort.Th\u00e9odore Tchop<\/p>\n","protected":false},"excerpt":{"rendered":"<p>Africa-Press &#8211; Cameroun. Trois autres appartenant \u00e0 deux familles r\u00e9unies par l\u2019alliance sont toujours sous soins intensifs, apr\u00e8s avoir mang\u00e9 des avocats dans l\u2019apr\u00e8s-midi du mardi 27 avril 2021 au quartier Bonamoussadi. La maison familiale de No\u00e9, six ans, et celle des parents de Lixandra, quatre ans, sont distantes l\u2019une de l\u2019autre d\u2019\u00e0 peine trente [&hellip;]<\/p>\n","protected":false},"author":82,"featured_media":2905,"comment_status":"open","ping_status":"closed","sticky":false,"template":"","format":"standard","meta":{"footnotes":""},"categories":[21,11,10],"tags":[36,50,49],"class_list":["post-2906","post","type-post","status-publish","format-standard","has-post-thumbnail","hentry","category-communaute","category-homepage-french","category-toutes-les-actualites","tag-africa-press","tag-africa-press-cameroun","tag-cameroun"],"yoast_head":"<!-- This site is optimized with the Yoast SEO Premium plugin v26.1 (Yoast SEO v27.0) - https:\/\/yoast.com\/product\/yoast-seo-premium-wordpress\/ -->\n<title>Du nouveau dans l&#039;affaire de la mort des enfants morts intoxiqu\u00e9s \u00e0 Douala - Cameroun<\/title>\n<meta name=\"description\" content=\"Trois autres appartenant \u00e0 deux familles r\u00e9unies par l\u2019alliance sont toujours sous soins intensifs, apr\u00e8s avoir mang\u00e9 de ...\" \/>\n<meta name=\"robots\" content=\"index, follow, max-snippet:-1, max-image-preview:large, max-video-preview:-1\" \/>\n<link rel=\"canonical\" href=\"https:\/\/www.africa-press.net\/cameroun\/toutes-les-actualites\/du-nouveau-dans-laffaire-de-la-mort-des-enfants-morts-intoxiques-a-douala\" \/>\n<meta property=\"og:locale\" content=\"fr_FR\" \/>\n<meta property=\"og:type\" content=\"article\" \/>\n<meta property=\"og:title\" content=\"Du nouveau dans l&#039;affaire de la mort des enfants morts intoxiqu\u00e9s \u00e0 Douala\" \/>\n<meta property=\"og:description\" content=\"Trois autres appartenant \u00e0 deux familles r\u00e9unies par l\u2019alliance sont toujours sous soins intensifs, apr\u00e8s avoir mang\u00e9 de ...\" \/>\n<meta property=\"og:url\" content=\"https:\/\/www.africa-press.net\/cameroun\/toutes-les-actualites\/du-nouveau-dans-laffaire-de-la-mort-des-enfants-morts-intoxiques-a-douala\" \/>\n<meta property=\"og:site_name\" content=\"Cameroun\" \/>\n<meta property=\"article:published_time\" content=\"2021-04-30T20:32:35+00:00\" \/>\n<meta property=\"article:modified_time\" content=\"2021-04-30T21:18:45+00:00\" \/>\n<meta property=\"og:image\" content=\"https:\/\/static.africa-press.net\/cameroun\/sites\/57\/2021\/04\/img-608c741fc377a.jpg\" \/>\n\t<meta property=\"og:image:width\" content=\"1000\" \/>\n\t<meta property=\"og:image:height\" content=\"662\" \/>\n\t<meta property=\"og:image:type\" content=\"image\/jpeg\" \/>\n<meta name=\"author\" content=\"cfeditorfr\" \/>\n<meta name=\"twitter:card\" content=\"summary_large_image\" \/>\n<meta name=\"twitter:label1\" content=\"\u00c9crit par\" \/>\n\t<meta name=\"twitter:data1\" content=\"cfeditorfr\" \/>\n\t<meta name=\"twitter:label2\" content=\"Dur\u00e9e de lecture estim\u00e9e\" \/>\n\t<meta name=\"twitter:data2\" content=\"4 minutes\" \/>\n<script type=\"application\/ld+json\" class=\"yoast-schema-graph\">{\"@context\":\"https:\/\/schema.org\",\"@graph\":[{\"@type\":\"Article\",\"@id\":\"https:\/\/www.africa-press.net\/cameroun\/toutes-les-actualites\/du-nouveau-dans-laffaire-de-la-mort-des-enfants-morts-intoxiques-a-douala#article\",\"isPartOf\":{\"@id\":\"https:\/\/www.africa-press.net\/cameroun\/toutes-les-actualites\/du-nouveau-dans-laffaire-de-la-mort-des-enfants-morts-intoxiques-a-douala\"},\"author\":{\"name\":\"cfeditorfr\",\"@id\":\"https:\/\/www.africa-press.net\/cameroun\/#\/schema\/person\/2b1cf3cd81a31e3cd26889ca66d677f1\"},\"headline\":\"Du nouveau dans l&rsquo;affaire de la mort des enfants morts intoxiqu\u00e9s \u00e0 Douala\",\"datePublished\":\"2021-04-30T20:32:35+00:00\",\"dateModified\":\"2021-04-30T21:18:45+00:00\",\"mainEntityOfPage\":{\"@id\":\"https:\/\/www.africa-press.net\/cameroun\/toutes-les-actualites\/du-nouveau-dans-laffaire-de-la-mort-des-enfants-morts-intoxiques-a-douala\"},\"wordCount\":860,\"commentCount\":0,\"image\":{\"@id\":\"https:\/\/www.africa-press.net\/cameroun\/toutes-les-actualites\/du-nouveau-dans-laffaire-de-la-mort-des-enfants-morts-intoxiques-a-douala#primaryimage\"},\"thumbnailUrl\":\"https:\/\/static.africa-press.net\/cameroun\/sites\/57\/2021\/04\/img-608c741fc377a.jpg\",\"keywords\":[\"Africa Press\",\"Africa Press-Cameroun\",\"Cameroun\"],\"articleSection\":[\"Communaut\u00e9\",\"homepage-french\",\"Toutes les actualit\u00e9s\"],\"inLanguage\":\"fr-FR\",\"potentialAction\":[{\"@type\":\"CommentAction\",\"name\":\"Comment\",\"target\":[\"https:\/\/www.africa-press.net\/cameroun\/toutes-les-actualites\/du-nouveau-dans-laffaire-de-la-mort-des-enfants-morts-intoxiques-a-douala#respond\"]}]},{\"@type\":\"WebPage\",\"@id\":\"https:\/\/www.africa-press.net\/cameroun\/toutes-les-actualites\/du-nouveau-dans-laffaire-de-la-mort-des-enfants-morts-intoxiques-a-douala\",\"url\":\"https:\/\/www.africa-press.net\/cameroun\/toutes-les-actualites\/du-nouveau-dans-laffaire-de-la-mort-des-enfants-morts-intoxiques-a-douala\",\"name\":\"Du nouveau dans l'affaire de la mort des enfants morts intoxiqu\u00e9s \u00e0 Douala - Cameroun\",\"isPartOf\":{\"@id\":\"https:\/\/www.africa-press.net\/cameroun\/#website\"},\"primaryImageOfPage\":{\"@id\":\"https:\/\/www.africa-press.net\/cameroun\/toutes-les-actualites\/du-nouveau-dans-laffaire-de-la-mort-des-enfants-morts-intoxiques-a-douala#primaryimage\"},\"image\":{\"@id\":\"https:\/\/www.africa-press.net\/cameroun\/toutes-les-actualites\/du-nouveau-dans-laffaire-de-la-mort-des-enfants-morts-intoxiques-a-douala#primaryimage\"},\"thumbnailUrl\":\"https:\/\/static.africa-press.net\/cameroun\/sites\/57\/2021\/04\/img-608c741fc377a.jpg\",\"datePublished\":\"2021-04-30T20:32:35+00:00\",\"dateModified\":\"2021-04-30T21:18:45+00:00\",\"author\":{\"@id\":\"https:\/\/www.africa-press.net\/cameroun\/#\/schema\/person\/2b1cf3cd81a31e3cd26889ca66d677f1\"},\"description\":\"Trois autres appartenant \u00e0 deux familles r\u00e9unies par l\u2019alliance sont toujours sous soins intensifs, apr\u00e8s avoir mang\u00e9 de ...\",\"breadcrumb\":{\"@id\":\"https:\/\/www.africa-press.net\/cameroun\/toutes-les-actualites\/du-nouveau-dans-laffaire-de-la-mort-des-enfants-morts-intoxiques-a-douala#breadcrumb\"},\"inLanguage\":\"fr-FR\",\"potentialAction\":[{\"@type\":\"ReadAction\",\"target\":[\"https:\/\/www.africa-press.net\/cameroun\/toutes-les-actualites\/du-nouveau-dans-laffaire-de-la-mort-des-enfants-morts-intoxiques-a-douala\"]}]},{\"@type\":\"ImageObject\",\"inLanguage\":\"fr-FR\",\"@id\":\"https:\/\/www.africa-press.net\/cameroun\/toutes-les-actualites\/du-nouveau-dans-laffaire-de-la-mort-des-enfants-morts-intoxiques-a-douala#primaryimage\",\"url\":\"https:\/\/static.africa-press.net\/cameroun\/sites\/57\/2021\/04\/img-608c741fc377a.jpg\",\"contentUrl\":\"https:\/\/static.africa-press.net\/cameroun\/sites\/57\/2021\/04\/img-608c741fc377a.jpg\",\"width\":1000,\"height\":662,\"caption\":\"Du nouveau dans l'affaire de la mort des enfants morts intoxiqu\u00e9s \u00e0 Douala\"},{\"@type\":\"BreadcrumbList\",\"@id\":\"https:\/\/www.africa-press.net\/cameroun\/toutes-les-actualites\/du-nouveau-dans-laffaire-de-la-mort-des-enfants-morts-intoxiques-a-douala#breadcrumb\",\"itemListElement\":[{\"@type\":\"ListItem\",\"position\":1,\"name\":\"Accueil\",\"item\":\"https:\/\/www.africa-press.net\/cameroun\/\"},{\"@type\":\"ListItem\",\"position\":2,\"name\":\"Du nouveau dans l&#8217;affaire de la mort des enfants morts intoxiqu\u00e9s \u00e0 Douala\"}]},{\"@type\":\"WebSite\",\"@id\":\"https:\/\/www.africa-press.net\/cameroun\/#website\",\"url\":\"https:\/\/www.africa-press.net\/cameroun\/\",\"name\":\"Cameroun\",\"description\":\"Just another Africa News Agency Sites site\",\"potentialAction\":[{\"@type\":\"SearchAction\",\"target\":{\"@type\":\"EntryPoint\",\"urlTemplate\":\"https:\/\/www.africa-press.net\/cameroun\/?s={search_term_string}\"},\"query-input\":{\"@type\":\"PropertyValueSpecification\",\"valueRequired\":true,\"valueName\":\"search_term_string\"}}],\"inLanguage\":\"fr-FR\"},{\"@type\":\"Person\",\"@id\":\"https:\/\/www.africa-press.net\/cameroun\/#\/schema\/person\/2b1cf3cd81a31e3cd26889ca66d677f1\",\"name\":\"cfeditorfr\"}]}<\/script>\n<!-- \/ Yoast SEO Premium plugin. -->","yoast_head_json":{"title":"Du nouveau dans l'affaire de la mort des enfants morts intoxiqu\u00e9s \u00e0 Douala - Cameroun","description":"Trois autres appartenant \u00e0 deux familles r\u00e9unies par l\u2019alliance sont toujours sous soins intensifs, apr\u00e8s avoir mang\u00e9 de ...","robots":{"index":"index","follow":"follow","max-snippet":"max-snippet:-1","max-image-preview":"max-image-preview:large","max-video-preview":"max-video-preview:-1"},"canonical":"https:\/\/www.africa-press.net\/cameroun\/toutes-les-actualites\/du-nouveau-dans-laffaire-de-la-mort-des-enfants-morts-intoxiques-a-douala","og_locale":"fr_FR","og_type":"article","og_title":"Du nouveau dans l'affaire de la mort des enfants morts intoxiqu\u00e9s \u00e0 Douala","og_description":"Trois autres appartenant \u00e0 deux familles r\u00e9unies par l\u2019alliance sont toujours sous soins intensifs, apr\u00e8s avoir mang\u00e9 de ...","og_url":"https:\/\/www.africa-press.net\/cameroun\/toutes-les-actualites\/du-nouveau-dans-laffaire-de-la-mort-des-enfants-morts-intoxiques-a-douala","og_site_name":"Cameroun","article_published_time":"2021-04-30T20:32:35+00:00","article_modified_time":"2021-04-30T21:18:45+00:00","og_image":[{"width":1000,"height":662,"url":"https:\/\/static.africa-press.net\/cameroun\/sites\/57\/2021\/04\/img-608c741fc377a.jpg","type":"image\/jpeg"}],"author":"cfeditorfr","twitter_card":"summary_large_image","twitter_misc":{"\u00c9crit par":"cfeditorfr","Dur\u00e9e de lecture estim\u00e9e":"4 minutes"},"schema":{"@context":"https:\/\/schema.org","@graph":[{"@type":"Article","@id":"https:\/\/www.africa-press.net\/cameroun\/toutes-les-actualites\/du-nouveau-dans-laffaire-de-la-mort-des-enfants-morts-intoxiques-a-douala#article","isPartOf":{"@id":"https:\/\/www.africa-press.net\/cameroun\/toutes-les-actualites\/du-nouveau-dans-laffaire-de-la-mort-des-enfants-morts-intoxiques-a-douala"},"author":{"name":"cfeditorfr","@id":"https:\/\/www.africa-press.net\/cameroun\/#\/schema\/person\/2b1cf3cd81a31e3cd26889ca66d677f1"},"headline":"Du nouveau dans l&rsquo;affaire de la mort des enfants morts intoxiqu\u00e9s \u00e0 Douala","datePublished":"2021-04-30T20:32:35+00:00","dateModified":"2021-04-30T21:18:45+00:00","mainEntityOfPage":{"@id":"https:\/\/www.africa-press.net\/cameroun\/toutes-les-actualites\/du-nouveau-dans-laffaire-de-la-mort-des-enfants-morts-intoxiques-a-douala"},"wordCount":860,"commentCount":0,"image":{"@id":"https:\/\/www.africa-press.net\/cameroun\/toutes-les-actualites\/du-nouveau-dans-laffaire-de-la-mort-des-enfants-morts-intoxiques-a-douala#primaryimage"},"thumbnailUrl":"https:\/\/static.africa-press.net\/cameroun\/sites\/57\/2021\/04\/img-608c741fc377a.jpg","keywords":["Africa Press","Africa Press-Cameroun","Cameroun"],"articleSection":["Communaut\u00e9","homepage-french","Toutes les actualit\u00e9s"],"inLanguage":"fr-FR","potentialAction":[{"@type":"CommentAction","name":"Comment","target":["https:\/\/www.africa-press.net\/cameroun\/toutes-les-actualites\/du-nouveau-dans-laffaire-de-la-mort-des-enfants-morts-intoxiques-a-douala#respond"]}]},{"@type":"WebPage","@id":"https:\/\/www.africa-press.net\/cameroun\/toutes-les-actualites\/du-nouveau-dans-laffaire-de-la-mort-des-enfants-morts-intoxiques-a-douala","url":"https:\/\/www.africa-press.net\/cameroun\/toutes-les-actualites\/du-nouveau-dans-laffaire-de-la-mort-des-enfants-morts-intoxiques-a-douala","name":"Du nouveau dans l'affaire de la mort des enfants morts intoxiqu\u00e9s \u00e0 Douala - Cameroun","isPartOf":{"@id":"https:\/\/www.africa-press.net\/cameroun\/#website"},"primaryImageOfPage":{"@id":"https:\/\/www.africa-press.net\/cameroun\/toutes-les-actualites\/du-nouveau-dans-laffaire-de-la-mort-des-enfants-morts-intoxiques-a-douala#primaryimage"},"image":{"@id":"https:\/\/www.africa-press.net\/cameroun\/toutes-les-actualites\/du-nouveau-dans-laffaire-de-la-mort-des-enfants-morts-intoxiques-a-douala#primaryimage"},"thumbnailUrl":"https:\/\/static.africa-press.net\/cameroun\/sites\/57\/2021\/04\/img-608c741fc377a.jpg","datePublished":"2021-04-30T20:32:35+00:00","dateModified":"2021-04-30T21:18:45+00:00","author":{"@id":"https:\/\/www.africa-press.net\/cameroun\/#\/schema\/person\/2b1cf3cd81a31e3cd26889ca66d677f1"},"description":"Trois autres appartenant \u00e0 deux familles r\u00e9unies par l\u2019alliance sont toujours sous soins intensifs, apr\u00e8s avoir mang\u00e9 de ...","breadcrumb":{"@id":"https:\/\/www.africa-press.net\/cameroun\/toutes-les-actualites\/du-nouveau-dans-laffaire-de-la-mort-des-enfants-morts-intoxiques-a-douala#breadcrumb"},"inLanguage":"fr-FR","potentialAction":[{"@type":"ReadAction","target":["https:\/\/www.africa-press.net\/cameroun\/toutes-les-actualites\/du-nouveau-dans-laffaire-de-la-mort-des-enfants-morts-intoxiques-a-douala"]}]},{"@type":"ImageObject","inLanguage":"fr-FR","@id":"https:\/\/www.africa-press.net\/cameroun\/toutes-les-actualites\/du-nouveau-dans-laffaire-de-la-mort-des-enfants-morts-intoxiques-a-douala#primaryimage","url":"https:\/\/static.africa-press.net\/cameroun\/sites\/57\/2021\/04\/img-608c741fc377a.jpg","contentUrl":"https:\/\/static.africa-press.net\/cameroun\/sites\/57\/2021\/04\/img-608c741fc377a.jpg","width":1000,"height":662,"caption":"Du nouveau dans l'affaire de la mort des enfants morts intoxiqu\u00e9s \u00e0 Douala"},{"@type":"BreadcrumbList","@id":"https:\/\/www.africa-press.net\/cameroun\/toutes-les-actualites\/du-nouveau-dans-laffaire-de-la-mort-des-enfants-morts-intoxiques-a-douala#breadcrumb","itemListElement":[{"@type":"ListItem","position":1,"name":"Accueil","item":"https:\/\/www.africa-press.net\/cameroun\/"},{"@type":"ListItem","position":2,"name":"Du nouveau dans l&#8217;affaire de la mort des enfants morts intoxiqu\u00e9s \u00e0 Douala"}]},{"@type":"WebSite","@id":"https:\/\/www.africa-press.net\/cameroun\/#website","url":"https:\/\/www.africa-press.net\/cameroun\/","name":"Cameroun","description":"Just another Africa News Agency Sites site","potentialAction":[{"@type":"SearchAction","target":{"@type":"EntryPoint","urlTemplate":"https:\/\/www.africa-press.net\/cameroun\/?s={search_term_string}"},"query-input":{"@type":"PropertyValueSpecification","valueRequired":true,"valueName":"search_term_string"}}],"inLanguage":"fr-FR"},{"@type":"Person","@id":"https:\/\/www.africa-press.net\/cameroun\/#\/schema\/person\/2b1cf3cd81a31e3cd26889ca66d677f1","name":"cfeditorfr"}]}},"_links":{"self":[{"href":"https:\/\/www.africa-press.net\/cameroun\/wp-json\/wp\/v2\/posts\/2906","targetHints":{"allow":["GET"]}}],"collection":[{"href":"https:\/\/www.africa-press.net\/cameroun\/wp-json\/wp\/v2\/posts"}],"about":[{"href":"https:\/\/www.africa-press.net\/cameroun\/wp-json\/wp\/v2\/types\/post"}],"author":[{"embeddable":true,"href":"https:\/\/www.africa-press.net\/cameroun\/wp-json\/wp\/v2\/users\/82"}],"replies":[{"embeddable":true,"href":"https:\/\/www.africa-press.net\/cameroun\/wp-json\/wp\/v2\/comments?post=2906"}],"version-history":[{"count":0,"href":"https:\/\/www.africa-press.net\/cameroun\/wp-json\/wp\/v2\/posts\/2906\/revisions"}],"wp:featuredmedia":[{"embeddable":true,"href":"https:\/\/www.africa-press.net\/cameroun\/wp-json\/wp\/v2\/media\/2905"}],"wp:attachment":[{"href":"https:\/\/www.africa-press.net\/cameroun\/wp-json\/wp\/v2\/media?parent=2906"}],"wp:term":[{"taxonomy":"category","embeddable":true,"href":"https:\/\/www.africa-press.net\/cameroun\/wp-json\/wp\/v2\/categories?post=2906"},{"taxonomy":"post_tag","embeddable":true,"href":"https:\/\/www.africa-press.net\/cameroun\/wp-json\/wp\/v2\/tags?post=2906"}],"curies":[{"name":"wp","href":"https:\/\/api.w.org\/{rel}","templated":true}]}}