{"id":2915,"date":"2021-04-30T20:55:13","date_gmt":"2021-04-30T20:55:13","guid":{"rendered":"https:\/\/www.africa-press.net\/cameroun\/politique\/eyebe-ayissi-recoit-le-nouvel-ambassadeur-de-turquie"},"modified":"2021-04-30T21:20:24","modified_gmt":"2021-04-30T21:20:24","slug":"eyebe-ayissi-recoit-le-nouvel-ambassadeur-de-turquie","status":"publish","type":"post","link":"https:\/\/www.africa-press.net\/cameroun\/politique\/eyebe-ayissi-recoit-le-nouvel-ambassadeur-de-turquie","title":{"rendered":"Eyebe Ayissi re\u00e7oit le nouvel ambassadeur de Turquie"},"content":{"rendered":"<p><span style=\"color: #ff6600\"><strong><a href=\"https:\/\/www.africa-press.net\/\">Africa-Press<\/a> &#8211; <a href=\"https:\/\/www.africa-press.net\/cameroun\">Cameroun<\/a>. <\/strong><\/span>Dans le cadre de sa tourn\u00e9e de prise de contact avec les membres du gouvernement camerounais, le nouvel ambassadeur de Turquie au Cameroun Volkan Isik\u00e7i a \u00e9t\u00e9 re\u00e7u, Ce 29 avril 2021, par le ministre des domaines, du cadastre et des affaires fonci\u00e8res (Mindcaf) Henry Ey\u00e9b\u00e9 Ayissi.<\/p>\n<p>Cette rencontre rentre dans le cadre de la courtoisie diplomatique et vise principalement la prise de contact en vue de poursuivre les chantiers engag\u00e9s entre le Cameroun et la Turquie dans le domaine foncier. Au cours de l&rsquo;audience accord\u00e9e \u00e0 Volkan Isik\u00e7i, les deux parties ont \u00e9voqu\u00e9 l&rsquo;\u00e9tat de coop\u00e9ration entre les deux pays au niveau global, encore plus est dans le cadre du sous-secteur foncier. \u00ab On a pass\u00e9 en revue nos relations existantes dans sa comp\u00e9tence. Et on s&rsquo;est dit qu&rsquo;une coop\u00e9ration surtout dans la formation technique dans le secteur domanial serait une occasion de pouvoir \u00e9changer les exp\u00e9riences mutuelles des deux pays. \u00bb, confie VolKan Isik\u00e7i, l\u2019ancien directeur adjoint charg\u00e9 des affaires politiques bilat\u00e9rales avec les pays de l\u2019Afrique du Nord ( 11\/12\/2018-15\/03\/2021)<br \/>\nIl est important de souligner qu&rsquo;en date, il n&rsquo;existe pas un cadre de coop\u00e9ration formel entre l&rsquo;ambassade de Turquie et le Mindcaf. Une volont\u00e9 nourrit par Ayce Sara\u00e7, pr\u00e9c\u00e9dente ambassadrice de Turquie au Cameroun arriv\u00e9e en fin de s\u00e9jour, il y a peu de temps, semble se dessiner \u00e0 l&rsquo;horizon.<\/p>\n<p>En rappel, au cours de l\u2019ann\u00e9e 2020, l\u2019ambassade de Turquie a b\u00e9n\u00e9fici\u00e9 de plus d&rsquo;un hectare (scind\u00e9 en deux parcelles de terrain respectivement de 7372 m2 et 6435m2) en vue de la construction de son complexe diplomatique. De l&rsquo;autre c\u00f4t\u00e9, le Cameroun quant \u00e0 lui dispose de deux lots domaniaux d&rsquo;une superficie totale de 12 665m2 sur le site d&rsquo;Incek ( Ankara) Turquie. Durant les \u00e9changes, le ministre Henry Ey\u00e9b\u00e9 Ayissi n&rsquo;a pas manqu\u00e9 l&rsquo;occasion de f\u00e9liciter son h\u00f4te du et jour pour sa d\u00e9signation \u00e0 la t\u00eate de la Repr\u00e9sentation Diplomatique turque au Cameroun.<\/p>\n","protected":false},"excerpt":{"rendered":"<p>Africa-Press &#8211; Cameroun. Dans le cadre de sa tourn\u00e9e de prise de contact avec les membres du gouvernement camerounais, le nouvel ambassadeur de Turquie au Cameroun Volkan Isik\u00e7i a \u00e9t\u00e9 re\u00e7u, Ce 29 avril 2021, par le ministre des domaines, du cadastre et des affaires fonci\u00e8res (Mindcaf) Henry Ey\u00e9b\u00e9 Ayissi. Cette rencontre rentre dans le [&hellip;]<\/p>\n","protected":false},"author":82,"featured_media":2914,"comment_status":"open","ping_status":"closed","sticky":false,"template":"","format":"standard","meta":{"footnotes":""},"categories":[11,2,10],"tags":[36,50,49],"class_list":["post-2915","post","type-post","status-publish","format-standard","has-post-thumbnail","hentry","category-homepage-french","category-politique","category-toutes-les-actualites","tag-africa-press","tag-africa-press-cameroun","tag-cameroun"],"yoast_head":"<!-- This site is optimized with the Yoast SEO Premium plugin v26.1 (Yoast SEO v27.0) - https:\/\/yoast.com\/product\/yoast-seo-premium-wordpress\/ -->\n<title>Eyebe Ayissi re\u00e7oit le nouvel ambassadeur de Turquie - Cameroun<\/title>\n<meta name=\"description\" content=\"Dans le cadre de sa tourn\u00e9e de prise de contact avec les membres du gouvernement camerounais, le nouvel ambassadeur de T ...\" \/>\n<meta name=\"robots\" content=\"index, follow, max-snippet:-1, max-image-preview:large, max-video-preview:-1\" \/>\n<link rel=\"canonical\" href=\"https:\/\/www.africa-press.net\/cameroun\/politique\/eyebe-ayissi-recoit-le-nouvel-ambassadeur-de-turquie\" \/>\n<meta property=\"og:locale\" content=\"fr_FR\" \/>\n<meta property=\"og:type\" content=\"article\" \/>\n<meta property=\"og:title\" content=\"Eyebe Ayissi re\u00e7oit le nouvel ambassadeur de Turquie\" \/>\n<meta property=\"og:description\" content=\"Dans le cadre de sa tourn\u00e9e de prise de contact avec les membres du gouvernement camerounais, le nouvel ambassadeur de T ...\" \/>\n<meta property=\"og:url\" content=\"https:\/\/www.africa-press.net\/cameroun\/politique\/eyebe-ayissi-recoit-le-nouvel-ambassadeur-de-turquie\" \/>\n<meta property=\"og:site_name\" content=\"Cameroun\" \/>\n<meta property=\"article:published_time\" content=\"2021-04-30T20:55:13+00:00\" \/>\n<meta property=\"article:modified_time\" content=\"2021-04-30T21:20:24+00:00\" \/>\n<meta property=\"og:image\" content=\"https:\/\/static.africa-press.net\/cameroun\/sites\/57\/2021\/04\/img-608c7480e48ff.jpg\" \/>\n\t<meta property=\"og:image:width\" content=\"800\" \/>\n\t<meta property=\"og:image:height\" content=\"600\" \/>\n\t<meta property=\"og:image:type\" content=\"image\/jpeg\" \/>\n<meta name=\"author\" content=\"cfeditorfr\" \/>\n<meta name=\"twitter:card\" content=\"summary_large_image\" \/>\n<meta name=\"twitter:label1\" content=\"\u00c9crit par\" \/>\n\t<meta name=\"twitter:data1\" content=\"cfeditorfr\" \/>\n\t<meta name=\"twitter:label2\" content=\"Dur\u00e9e de lecture estim\u00e9e\" \/>\n\t<meta name=\"twitter:data2\" content=\"2 minutes\" \/>\n<script type=\"application\/ld+json\" class=\"yoast-schema-graph\">{\"@context\":\"https:\/\/schema.org\",\"@graph\":[{\"@type\":\"Article\",\"@id\":\"https:\/\/www.africa-press.net\/cameroun\/politique\/eyebe-ayissi-recoit-le-nouvel-ambassadeur-de-turquie#article\",\"isPartOf\":{\"@id\":\"https:\/\/www.africa-press.net\/cameroun\/politique\/eyebe-ayissi-recoit-le-nouvel-ambassadeur-de-turquie\"},\"author\":{\"name\":\"cfeditorfr\",\"@id\":\"https:\/\/www.africa-press.net\/cameroun\/#\/schema\/person\/2b1cf3cd81a31e3cd26889ca66d677f1\"},\"headline\":\"Eyebe Ayissi re\u00e7oit le nouvel ambassadeur de Turquie\",\"datePublished\":\"2021-04-30T20:55:13+00:00\",\"dateModified\":\"2021-04-30T21:20:24+00:00\",\"mainEntityOfPage\":{\"@id\":\"https:\/\/www.africa-press.net\/cameroun\/politique\/eyebe-ayissi-recoit-le-nouvel-ambassadeur-de-turquie\"},\"wordCount\":364,\"commentCount\":0,\"image\":{\"@id\":\"https:\/\/www.africa-press.net\/cameroun\/politique\/eyebe-ayissi-recoit-le-nouvel-ambassadeur-de-turquie#primaryimage\"},\"thumbnailUrl\":\"https:\/\/static.africa-press.net\/cameroun\/sites\/57\/2021\/04\/img-608c7480e48ff.jpg\",\"keywords\":[\"Africa Press\",\"Africa Press-Cameroun\",\"Cameroun\"],\"articleSection\":[\"homepage-french\",\"Politique\",\"Toutes les actualit\u00e9s\"],\"inLanguage\":\"fr-FR\",\"potentialAction\":[{\"@type\":\"CommentAction\",\"name\":\"Comment\",\"target\":[\"https:\/\/www.africa-press.net\/cameroun\/politique\/eyebe-ayissi-recoit-le-nouvel-ambassadeur-de-turquie#respond\"]}]},{\"@type\":\"WebPage\",\"@id\":\"https:\/\/www.africa-press.net\/cameroun\/politique\/eyebe-ayissi-recoit-le-nouvel-ambassadeur-de-turquie\",\"url\":\"https:\/\/www.africa-press.net\/cameroun\/politique\/eyebe-ayissi-recoit-le-nouvel-ambassadeur-de-turquie\",\"name\":\"Eyebe Ayissi re\u00e7oit le nouvel ambassadeur de Turquie - Cameroun\",\"isPartOf\":{\"@id\":\"https:\/\/www.africa-press.net\/cameroun\/#website\"},\"primaryImageOfPage\":{\"@id\":\"https:\/\/www.africa-press.net\/cameroun\/politique\/eyebe-ayissi-recoit-le-nouvel-ambassadeur-de-turquie#primaryimage\"},\"image\":{\"@id\":\"https:\/\/www.africa-press.net\/cameroun\/politique\/eyebe-ayissi-recoit-le-nouvel-ambassadeur-de-turquie#primaryimage\"},\"thumbnailUrl\":\"https:\/\/static.africa-press.net\/cameroun\/sites\/57\/2021\/04\/img-608c7480e48ff.jpg\",\"datePublished\":\"2021-04-30T20:55:13+00:00\",\"dateModified\":\"2021-04-30T21:20:24+00:00\",\"author\":{\"@id\":\"https:\/\/www.africa-press.net\/cameroun\/#\/schema\/person\/2b1cf3cd81a31e3cd26889ca66d677f1\"},\"description\":\"Dans le cadre de sa tourn\u00e9e de prise de contact avec les membres du gouvernement camerounais, le nouvel ambassadeur de T ...\",\"breadcrumb\":{\"@id\":\"https:\/\/www.africa-press.net\/cameroun\/politique\/eyebe-ayissi-recoit-le-nouvel-ambassadeur-de-turquie#breadcrumb\"},\"inLanguage\":\"fr-FR\",\"potentialAction\":[{\"@type\":\"ReadAction\",\"target\":[\"https:\/\/www.africa-press.net\/cameroun\/politique\/eyebe-ayissi-recoit-le-nouvel-ambassadeur-de-turquie\"]}]},{\"@type\":\"ImageObject\",\"inLanguage\":\"fr-FR\",\"@id\":\"https:\/\/www.africa-press.net\/cameroun\/politique\/eyebe-ayissi-recoit-le-nouvel-ambassadeur-de-turquie#primaryimage\",\"url\":\"https:\/\/static.africa-press.net\/cameroun\/sites\/57\/2021\/04\/img-608c7480e48ff.jpg\",\"contentUrl\":\"https:\/\/static.africa-press.net\/cameroun\/sites\/57\/2021\/04\/img-608c7480e48ff.jpg\",\"width\":800,\"height\":600,\"caption\":\"Eyebe Ayissi re\u00e7oit le nouvel ambassadeur de Turquie\"},{\"@type\":\"BreadcrumbList\",\"@id\":\"https:\/\/www.africa-press.net\/cameroun\/politique\/eyebe-ayissi-recoit-le-nouvel-ambassadeur-de-turquie#breadcrumb\",\"itemListElement\":[{\"@type\":\"ListItem\",\"position\":1,\"name\":\"Accueil\",\"item\":\"https:\/\/www.africa-press.net\/cameroun\/\"},{\"@type\":\"ListItem\",\"position\":2,\"name\":\"Eyebe Ayissi re\u00e7oit le nouvel ambassadeur de Turquie\"}]},{\"@type\":\"WebSite\",\"@id\":\"https:\/\/www.africa-press.net\/cameroun\/#website\",\"url\":\"https:\/\/www.africa-press.net\/cameroun\/\",\"name\":\"Cameroun\",\"description\":\"Just another Africa News Agency Sites site\",\"potentialAction\":[{\"@type\":\"SearchAction\",\"target\":{\"@type\":\"EntryPoint\",\"urlTemplate\":\"https:\/\/www.africa-press.net\/cameroun\/?s={search_term_string}\"},\"query-input\":{\"@type\":\"PropertyValueSpecification\",\"valueRequired\":true,\"valueName\":\"search_term_string\"}}],\"inLanguage\":\"fr-FR\"},{\"@type\":\"Person\",\"@id\":\"https:\/\/www.africa-press.net\/cameroun\/#\/schema\/person\/2b1cf3cd81a31e3cd26889ca66d677f1\",\"name\":\"cfeditorfr\"}]}<\/script>\n<!-- \/ Yoast SEO Premium plugin. -->","yoast_head_json":{"title":"Eyebe Ayissi re\u00e7oit le nouvel ambassadeur de Turquie - Cameroun","description":"Dans le cadre de sa tourn\u00e9e de prise de contact avec les membres du gouvernement camerounais, le nouvel ambassadeur de T ...","robots":{"index":"index","follow":"follow","max-snippet":"max-snippet:-1","max-image-preview":"max-image-preview:large","max-video-preview":"max-video-preview:-1"},"canonical":"https:\/\/www.africa-press.net\/cameroun\/politique\/eyebe-ayissi-recoit-le-nouvel-ambassadeur-de-turquie","og_locale":"fr_FR","og_type":"article","og_title":"Eyebe Ayissi re\u00e7oit le nouvel ambassadeur de Turquie","og_description":"Dans le cadre de sa tourn\u00e9e de prise de contact avec les membres du gouvernement camerounais, le nouvel ambassadeur de T ...","og_url":"https:\/\/www.africa-press.net\/cameroun\/politique\/eyebe-ayissi-recoit-le-nouvel-ambassadeur-de-turquie","og_site_name":"Cameroun","article_published_time":"2021-04-30T20:55:13+00:00","article_modified_time":"2021-04-30T21:20:24+00:00","og_image":[{"width":800,"height":600,"url":"https:\/\/static.africa-press.net\/cameroun\/sites\/57\/2021\/04\/img-608c7480e48ff.jpg","type":"image\/jpeg"}],"author":"cfeditorfr","twitter_card":"summary_large_image","twitter_misc":{"\u00c9crit par":"cfeditorfr","Dur\u00e9e de lecture estim\u00e9e":"2 minutes"},"schema":{"@context":"https:\/\/schema.org","@graph":[{"@type":"Article","@id":"https:\/\/www.africa-press.net\/cameroun\/politique\/eyebe-ayissi-recoit-le-nouvel-ambassadeur-de-turquie#article","isPartOf":{"@id":"https:\/\/www.africa-press.net\/cameroun\/politique\/eyebe-ayissi-recoit-le-nouvel-ambassadeur-de-turquie"},"author":{"name":"cfeditorfr","@id":"https:\/\/www.africa-press.net\/cameroun\/#\/schema\/person\/2b1cf3cd81a31e3cd26889ca66d677f1"},"headline":"Eyebe Ayissi re\u00e7oit le nouvel ambassadeur de Turquie","datePublished":"2021-04-30T20:55:13+00:00","dateModified":"2021-04-30T21:20:24+00:00","mainEntityOfPage":{"@id":"https:\/\/www.africa-press.net\/cameroun\/politique\/eyebe-ayissi-recoit-le-nouvel-ambassadeur-de-turquie"},"wordCount":364,"commentCount":0,"image":{"@id":"https:\/\/www.africa-press.net\/cameroun\/politique\/eyebe-ayissi-recoit-le-nouvel-ambassadeur-de-turquie#primaryimage"},"thumbnailUrl":"https:\/\/static.africa-press.net\/cameroun\/sites\/57\/2021\/04\/img-608c7480e48ff.jpg","keywords":["Africa Press","Africa Press-Cameroun","Cameroun"],"articleSection":["homepage-french","Politique","Toutes les actualit\u00e9s"],"inLanguage":"fr-FR","potentialAction":[{"@type":"CommentAction","name":"Comment","target":["https:\/\/www.africa-press.net\/cameroun\/politique\/eyebe-ayissi-recoit-le-nouvel-ambassadeur-de-turquie#respond"]}]},{"@type":"WebPage","@id":"https:\/\/www.africa-press.net\/cameroun\/politique\/eyebe-ayissi-recoit-le-nouvel-ambassadeur-de-turquie","url":"https:\/\/www.africa-press.net\/cameroun\/politique\/eyebe-ayissi-recoit-le-nouvel-ambassadeur-de-turquie","name":"Eyebe Ayissi re\u00e7oit le nouvel ambassadeur de Turquie - Cameroun","isPartOf":{"@id":"https:\/\/www.africa-press.net\/cameroun\/#website"},"primaryImageOfPage":{"@id":"https:\/\/www.africa-press.net\/cameroun\/politique\/eyebe-ayissi-recoit-le-nouvel-ambassadeur-de-turquie#primaryimage"},"image":{"@id":"https:\/\/www.africa-press.net\/cameroun\/politique\/eyebe-ayissi-recoit-le-nouvel-ambassadeur-de-turquie#primaryimage"},"thumbnailUrl":"https:\/\/static.africa-press.net\/cameroun\/sites\/57\/2021\/04\/img-608c7480e48ff.jpg","datePublished":"2021-04-30T20:55:13+00:00","dateModified":"2021-04-30T21:20:24+00:00","author":{"@id":"https:\/\/www.africa-press.net\/cameroun\/#\/schema\/person\/2b1cf3cd81a31e3cd26889ca66d677f1"},"description":"Dans le cadre de sa tourn\u00e9e de prise de contact avec les membres du gouvernement camerounais, le nouvel ambassadeur de T ...","breadcrumb":{"@id":"https:\/\/www.africa-press.net\/cameroun\/politique\/eyebe-ayissi-recoit-le-nouvel-ambassadeur-de-turquie#breadcrumb"},"inLanguage":"fr-FR","potentialAction":[{"@type":"ReadAction","target":["https:\/\/www.africa-press.net\/cameroun\/politique\/eyebe-ayissi-recoit-le-nouvel-ambassadeur-de-turquie"]}]},{"@type":"ImageObject","inLanguage":"fr-FR","@id":"https:\/\/www.africa-press.net\/cameroun\/politique\/eyebe-ayissi-recoit-le-nouvel-ambassadeur-de-turquie#primaryimage","url":"https:\/\/static.africa-press.net\/cameroun\/sites\/57\/2021\/04\/img-608c7480e48ff.jpg","contentUrl":"https:\/\/static.africa-press.net\/cameroun\/sites\/57\/2021\/04\/img-608c7480e48ff.jpg","width":800,"height":600,"caption":"Eyebe Ayissi re\u00e7oit le nouvel ambassadeur de Turquie"},{"@type":"BreadcrumbList","@id":"https:\/\/www.africa-press.net\/cameroun\/politique\/eyebe-ayissi-recoit-le-nouvel-ambassadeur-de-turquie#breadcrumb","itemListElement":[{"@type":"ListItem","position":1,"name":"Accueil","item":"https:\/\/www.africa-press.net\/cameroun\/"},{"@type":"ListItem","position":2,"name":"Eyebe Ayissi re\u00e7oit le nouvel ambassadeur de Turquie"}]},{"@type":"WebSite","@id":"https:\/\/www.africa-press.net\/cameroun\/#website","url":"https:\/\/www.africa-press.net\/cameroun\/","name":"Cameroun","description":"Just another Africa News Agency Sites site","potentialAction":[{"@type":"SearchAction","target":{"@type":"EntryPoint","urlTemplate":"https:\/\/www.africa-press.net\/cameroun\/?s={search_term_string}"},"query-input":{"@type":"PropertyValueSpecification","valueRequired":true,"valueName":"search_term_string"}}],"inLanguage":"fr-FR"},{"@type":"Person","@id":"https:\/\/www.africa-press.net\/cameroun\/#\/schema\/person\/2b1cf3cd81a31e3cd26889ca66d677f1","name":"cfeditorfr"}]}},"_links":{"self":[{"href":"https:\/\/www.africa-press.net\/cameroun\/wp-json\/wp\/v2\/posts\/2915","targetHints":{"allow":["GET"]}}],"collection":[{"href":"https:\/\/www.africa-press.net\/cameroun\/wp-json\/wp\/v2\/posts"}],"about":[{"href":"https:\/\/www.africa-press.net\/cameroun\/wp-json\/wp\/v2\/types\/post"}],"author":[{"embeddable":true,"href":"https:\/\/www.africa-press.net\/cameroun\/wp-json\/wp\/v2\/users\/82"}],"replies":[{"embeddable":true,"href":"https:\/\/www.africa-press.net\/cameroun\/wp-json\/wp\/v2\/comments?post=2915"}],"version-history":[{"count":0,"href":"https:\/\/www.africa-press.net\/cameroun\/wp-json\/wp\/v2\/posts\/2915\/revisions"}],"wp:featuredmedia":[{"embeddable":true,"href":"https:\/\/www.africa-press.net\/cameroun\/wp-json\/wp\/v2\/media\/2914"}],"wp:attachment":[{"href":"https:\/\/www.africa-press.net\/cameroun\/wp-json\/wp\/v2\/media?parent=2915"}],"wp:term":[{"taxonomy":"category","embeddable":true,"href":"https:\/\/www.africa-press.net\/cameroun\/wp-json\/wp\/v2\/categories?post=2915"},{"taxonomy":"post_tag","embeddable":true,"href":"https:\/\/www.africa-press.net\/cameroun\/wp-json\/wp\/v2\/tags?post=2915"}],"curies":[{"name":"wp","href":"https:\/\/api.w.org\/{rel}","templated":true}]}}