{"id":29351,"date":"2022-10-13T16:23:08","date_gmt":"2022-10-13T16:23:08","guid":{"rendered":"https:\/\/www.africa-press.net\/cameroun\/politique\/chantier-le-ministre-des-travaux-publics-evalue-la-refection-du-pont-de-la-foulou-a-obala"},"modified":"2022-10-13T18:25:23","modified_gmt":"2022-10-13T18:25:23","slug":"chantier-le-ministre-des-travaux-publics-evalue-la-refection-du-pont-de-la-foulou-a-obala","status":"publish","type":"post","link":"https:\/\/www.africa-press.net\/cameroun\/toutes-les-actualites\/chantier-le-ministre-des-travaux-publics-evalue-la-refection-du-pont-de-la-foulou-a-obala","title":{"rendered":"Chantier: Le ministre des travaux publics \u00e9value la r\u00e9fection du pont de la Foulou, \u00e0 Obala"},"content":{"rendered":"<p><span style=\"color: #ff6600\"><strong>Africa-Press &#8211; Cameroun. <\/strong><\/span>La re\u0301habilitation du pont sur la rivie\u0300re Foulou, a\u0300 Obala, progresse. Le ministre des travaux publics, Emmanuel Nganou Djoumessi, en a fait le constat lors de la visite qu\u2019il a effectue\u0301e sur le chantier de\u0300s les premie\u0300res heures de ce 13 Octobre 2022. \u00ab J\u2019ai appre\u0301cie\u0301 ce qui a e\u0301te\u0301 fait par ces e\u0301quipes. Tous les nids de poules sont traite\u0301s. Mais il faut reconnai\u0302tre que la chausse\u0301e a atteint son niveau de vie. Elle a vieilli. Il va falloir la renforcer, la reconstruire \u00bb, a annonce\u0301 l\u2019inge\u0301nieur de l\u2019Etat au micro de la CRTV-Radio.<\/p>\n<p>Le ministre Nganou Djoumessi a donne\u0301 de nouvelles instructions a\u0300 ses collaborateurs. \u00ab J\u2019ai demande\u0301 a\u0300 mes e\u0301quipes de reprendre le service sur cet axe routier cette fois pour de ope\u0301rations de cartonnage. Il va falloir travailler a\u0300 re\u0301tablir l\u2019assainissement, ressortir de toutes les herbes qui envahissent la chausse\u0301e les panneaux de signalisation \u00bb, de\u0301taille le membre du gouvernement en invoquant l\u2019urgence.<\/p>\n<p>\u00ab Le chef de l\u2019Etat avait demande\u0301 la reconstruction imme\u0301diate du pont sur la rivie\u0300re Foulou. Ce qui nous a amene\u0301s a\u0300 mobiliser les e\u0301quipes techniques et ge\u0301otechniques d\u2019abord pour des e\u0301tudes. Aujourd\u2019hui, ces e\u0301tudes sont acheve\u0301es \u00bb, annonce le ministre. Il pre\u0301sente les caracte\u0301ristiques de l\u2019ouvrage a\u0300 re\u0301nover. \u00ab Il doit avoir une porte de 24 me\u0300tres line\u0301aires. C\u2019est un ouvrage de deux voies avec un me\u0300tre et demi de part et d\u2019autre pour les pie\u0301tons, et deux kilome\u0300tres de part et d\u2019autre d\u2019acce\u0300s \u00bb, renseigne-t-il.<\/p>\n<p><strong>Pour plus d&rsquo;informations et d&rsquo;analyses sur la <a href=\"https:\/\/www.africa-press.net\/cameroun\">Cameroun<\/a>, suivez <a href=\"https:\/\/www.africa-press.net\/\">Africa-Press<\/a><\/strong><\/p>\n","protected":false},"excerpt":{"rendered":"<p>Africa-Press &#8211; Cameroun. La re\u0301habilitation du pont sur la rivie\u0300re Foulou, a\u0300 Obala, progresse. Le ministre des travaux publics, Emmanuel Nganou Djoumessi, en a fait le constat lors de la visite qu\u2019il a effectue\u0301e sur le chantier de\u0300s les premie\u0300res heures de ce 13 Octobre 2022. \u00ab J\u2019ai appre\u0301cie\u0301 ce qui a e\u0301te\u0301 fait par [&hellip;]<\/p>\n","protected":false},"author":82,"featured_media":29350,"comment_status":"open","ping_status":"closed","sticky":false,"template":"","format":"standard","meta":{"footnotes":""},"categories":[21,10],"tags":[36,50,49],"class_list":["post-29351","post","type-post","status-publish","format-standard","has-post-thumbnail","hentry","category-communaute","category-toutes-les-actualites","tag-africa-press","tag-africa-press-cameroun","tag-cameroun"],"yoast_head":"<!-- This site is optimized with the Yoast SEO Premium plugin v26.1 (Yoast SEO v27.0) - https:\/\/yoast.com\/product\/yoast-seo-premium-wordpress\/ -->\n<title>Chantier: Le ministre des travaux publics \u00e9value la r\u00e9fection du pont de la Foulou, \u00e0 Obala - Cameroun<\/title>\n<meta name=\"description\" content=\"La re\u0301habilitation du pont sur la rivie\u0300re Foulou, a\u0300 Obala, progresse. Le ministre des travaux publics, Emmanuel Nganou ...\" \/>\n<meta name=\"robots\" content=\"index, follow, max-snippet:-1, max-image-preview:large, max-video-preview:-1\" \/>\n<link rel=\"canonical\" href=\"https:\/\/www.africa-press.net\/cameroun\/toutes-les-actualites\/chantier-le-ministre-des-travaux-publics-evalue-la-refection-du-pont-de-la-foulou-a-obala\" \/>\n<meta property=\"og:locale\" content=\"fr_FR\" \/>\n<meta property=\"og:type\" content=\"article\" \/>\n<meta property=\"og:title\" content=\"Chantier: Le ministre des travaux publics \u00e9value la r\u00e9fection du pont de la Foulou, \u00e0 Obala\" \/>\n<meta property=\"og:description\" content=\"La re\u0301habilitation du pont sur la rivie\u0300re Foulou, a\u0300 Obala, progresse. Le ministre des travaux publics, Emmanuel Nganou ...\" \/>\n<meta property=\"og:url\" content=\"https:\/\/www.africa-press.net\/cameroun\/toutes-les-actualites\/chantier-le-ministre-des-travaux-publics-evalue-la-refection-du-pont-de-la-foulou-a-obala\" \/>\n<meta property=\"og:site_name\" content=\"Cameroun\" \/>\n<meta property=\"article:published_time\" content=\"2022-10-13T16:23:08+00:00\" \/>\n<meta property=\"article:modified_time\" content=\"2022-10-13T18:25:23+00:00\" \/>\n<meta property=\"og:image\" content=\"https:\/\/static.africa-press.net\/cameroun\/sites\/57\/2022\/10\/img-634857fe9c799.jpg\" \/>\n\t<meta property=\"og:image:width\" content=\"800\" \/>\n\t<meta property=\"og:image:height\" content=\"557\" \/>\n\t<meta property=\"og:image:type\" content=\"image\/jpeg\" \/>\n<meta name=\"author\" content=\"cfeditorfr\" \/>\n<meta name=\"twitter:card\" content=\"summary_large_image\" \/>\n<meta name=\"twitter:label1\" content=\"\u00c9crit par\" \/>\n\t<meta name=\"twitter:data1\" content=\"cfeditorfr\" \/>\n\t<meta name=\"twitter:label2\" content=\"Dur\u00e9e de lecture estim\u00e9e\" \/>\n\t<meta name=\"twitter:data2\" content=\"2 minutes\" \/>\n<script type=\"application\/ld+json\" class=\"yoast-schema-graph\">{\"@context\":\"https:\/\/schema.org\",\"@graph\":[{\"@type\":\"Article\",\"@id\":\"https:\/\/www.africa-press.net\/cameroun\/toutes-les-actualites\/chantier-le-ministre-des-travaux-publics-evalue-la-refection-du-pont-de-la-foulou-a-obala#article\",\"isPartOf\":{\"@id\":\"https:\/\/www.africa-press.net\/cameroun\/toutes-les-actualites\/chantier-le-ministre-des-travaux-publics-evalue-la-refection-du-pont-de-la-foulou-a-obala\"},\"author\":{\"name\":\"cfeditorfr\",\"@id\":\"https:\/\/www.africa-press.net\/cameroun\/#\/schema\/person\/2b1cf3cd81a31e3cd26889ca66d677f1\"},\"headline\":\"Chantier: Le ministre des travaux publics \u00e9value la r\u00e9fection du pont de la Foulou, \u00e0 Obala\",\"datePublished\":\"2022-10-13T16:23:08+00:00\",\"dateModified\":\"2022-10-13T18:25:23+00:00\",\"mainEntityOfPage\":{\"@id\":\"https:\/\/www.africa-press.net\/cameroun\/toutes-les-actualites\/chantier-le-ministre-des-travaux-publics-evalue-la-refection-du-pont-de-la-foulou-a-obala\"},\"wordCount\":313,\"commentCount\":0,\"image\":{\"@id\":\"https:\/\/www.africa-press.net\/cameroun\/toutes-les-actualites\/chantier-le-ministre-des-travaux-publics-evalue-la-refection-du-pont-de-la-foulou-a-obala#primaryimage\"},\"thumbnailUrl\":\"https:\/\/static.africa-press.net\/cameroun\/sites\/57\/2022\/10\/img-634857fe9c799.jpg\",\"keywords\":[\"Africa Press\",\"Africa Press-Cameroun\",\"Cameroun\"],\"articleSection\":[\"Communaut\u00e9\",\"Toutes les actualit\u00e9s\"],\"inLanguage\":\"fr-FR\",\"potentialAction\":[{\"@type\":\"CommentAction\",\"name\":\"Comment\",\"target\":[\"https:\/\/www.africa-press.net\/cameroun\/toutes-les-actualites\/chantier-le-ministre-des-travaux-publics-evalue-la-refection-du-pont-de-la-foulou-a-obala#respond\"]}]},{\"@type\":\"WebPage\",\"@id\":\"https:\/\/www.africa-press.net\/cameroun\/toutes-les-actualites\/chantier-le-ministre-des-travaux-publics-evalue-la-refection-du-pont-de-la-foulou-a-obala\",\"url\":\"https:\/\/www.africa-press.net\/cameroun\/toutes-les-actualites\/chantier-le-ministre-des-travaux-publics-evalue-la-refection-du-pont-de-la-foulou-a-obala\",\"name\":\"Chantier: Le ministre des travaux publics \u00e9value la r\u00e9fection du pont de la Foulou, \u00e0 Obala - Cameroun\",\"isPartOf\":{\"@id\":\"https:\/\/www.africa-press.net\/cameroun\/#website\"},\"primaryImageOfPage\":{\"@id\":\"https:\/\/www.africa-press.net\/cameroun\/toutes-les-actualites\/chantier-le-ministre-des-travaux-publics-evalue-la-refection-du-pont-de-la-foulou-a-obala#primaryimage\"},\"image\":{\"@id\":\"https:\/\/www.africa-press.net\/cameroun\/toutes-les-actualites\/chantier-le-ministre-des-travaux-publics-evalue-la-refection-du-pont-de-la-foulou-a-obala#primaryimage\"},\"thumbnailUrl\":\"https:\/\/static.africa-press.net\/cameroun\/sites\/57\/2022\/10\/img-634857fe9c799.jpg\",\"datePublished\":\"2022-10-13T16:23:08+00:00\",\"dateModified\":\"2022-10-13T18:25:23+00:00\",\"author\":{\"@id\":\"https:\/\/www.africa-press.net\/cameroun\/#\/schema\/person\/2b1cf3cd81a31e3cd26889ca66d677f1\"},\"description\":\"La re\u0301habilitation du pont sur la rivie\u0300re Foulou, a\u0300 Obala, progresse. Le ministre des travaux publics, Emmanuel Nganou ...\",\"breadcrumb\":{\"@id\":\"https:\/\/www.africa-press.net\/cameroun\/toutes-les-actualites\/chantier-le-ministre-des-travaux-publics-evalue-la-refection-du-pont-de-la-foulou-a-obala#breadcrumb\"},\"inLanguage\":\"fr-FR\",\"potentialAction\":[{\"@type\":\"ReadAction\",\"target\":[\"https:\/\/www.africa-press.net\/cameroun\/toutes-les-actualites\/chantier-le-ministre-des-travaux-publics-evalue-la-refection-du-pont-de-la-foulou-a-obala\"]}]},{\"@type\":\"ImageObject\",\"inLanguage\":\"fr-FR\",\"@id\":\"https:\/\/www.africa-press.net\/cameroun\/toutes-les-actualites\/chantier-le-ministre-des-travaux-publics-evalue-la-refection-du-pont-de-la-foulou-a-obala#primaryimage\",\"url\":\"https:\/\/static.africa-press.net\/cameroun\/sites\/57\/2022\/10\/img-634857fe9c799.jpg\",\"contentUrl\":\"https:\/\/static.africa-press.net\/cameroun\/sites\/57\/2022\/10\/img-634857fe9c799.jpg\",\"width\":800,\"height\":557,\"caption\":\"Chantier: Le ministre des travaux publics \u00e9value la r\u00e9fection du pont de la Foulou, \u00e0 Obala\"},{\"@type\":\"BreadcrumbList\",\"@id\":\"https:\/\/www.africa-press.net\/cameroun\/toutes-les-actualites\/chantier-le-ministre-des-travaux-publics-evalue-la-refection-du-pont-de-la-foulou-a-obala#breadcrumb\",\"itemListElement\":[{\"@type\":\"ListItem\",\"position\":1,\"name\":\"Accueil\",\"item\":\"https:\/\/www.africa-press.net\/cameroun\/\"},{\"@type\":\"ListItem\",\"position\":2,\"name\":\"Chantier: Le ministre des travaux publics \u00e9value la r\u00e9fection du pont de la Foulou, \u00e0 Obala\"}]},{\"@type\":\"WebSite\",\"@id\":\"https:\/\/www.africa-press.net\/cameroun\/#website\",\"url\":\"https:\/\/www.africa-press.net\/cameroun\/\",\"name\":\"Cameroun\",\"description\":\"Just another Africa News Agency Sites site\",\"potentialAction\":[{\"@type\":\"SearchAction\",\"target\":{\"@type\":\"EntryPoint\",\"urlTemplate\":\"https:\/\/www.africa-press.net\/cameroun\/?s={search_term_string}\"},\"query-input\":{\"@type\":\"PropertyValueSpecification\",\"valueRequired\":true,\"valueName\":\"search_term_string\"}}],\"inLanguage\":\"fr-FR\"},{\"@type\":\"Person\",\"@id\":\"https:\/\/www.africa-press.net\/cameroun\/#\/schema\/person\/2b1cf3cd81a31e3cd26889ca66d677f1\",\"name\":\"cfeditorfr\"}]}<\/script>\n<!-- \/ Yoast SEO Premium plugin. -->","yoast_head_json":{"title":"Chantier: Le ministre des travaux publics \u00e9value la r\u00e9fection du pont de la Foulou, \u00e0 Obala - Cameroun","description":"La re\u0301habilitation du pont sur la rivie\u0300re Foulou, a\u0300 Obala, progresse. Le ministre des travaux publics, Emmanuel Nganou ...","robots":{"index":"index","follow":"follow","max-snippet":"max-snippet:-1","max-image-preview":"max-image-preview:large","max-video-preview":"max-video-preview:-1"},"canonical":"https:\/\/www.africa-press.net\/cameroun\/toutes-les-actualites\/chantier-le-ministre-des-travaux-publics-evalue-la-refection-du-pont-de-la-foulou-a-obala","og_locale":"fr_FR","og_type":"article","og_title":"Chantier: Le ministre des travaux publics \u00e9value la r\u00e9fection du pont de la Foulou, \u00e0 Obala","og_description":"La re\u0301habilitation du pont sur la rivie\u0300re Foulou, a\u0300 Obala, progresse. Le ministre des travaux publics, Emmanuel Nganou ...","og_url":"https:\/\/www.africa-press.net\/cameroun\/toutes-les-actualites\/chantier-le-ministre-des-travaux-publics-evalue-la-refection-du-pont-de-la-foulou-a-obala","og_site_name":"Cameroun","article_published_time":"2022-10-13T16:23:08+00:00","article_modified_time":"2022-10-13T18:25:23+00:00","og_image":[{"width":800,"height":557,"url":"https:\/\/static.africa-press.net\/cameroun\/sites\/57\/2022\/10\/img-634857fe9c799.jpg","type":"image\/jpeg"}],"author":"cfeditorfr","twitter_card":"summary_large_image","twitter_misc":{"\u00c9crit par":"cfeditorfr","Dur\u00e9e de lecture estim\u00e9e":"2 minutes"},"schema":{"@context":"https:\/\/schema.org","@graph":[{"@type":"Article","@id":"https:\/\/www.africa-press.net\/cameroun\/toutes-les-actualites\/chantier-le-ministre-des-travaux-publics-evalue-la-refection-du-pont-de-la-foulou-a-obala#article","isPartOf":{"@id":"https:\/\/www.africa-press.net\/cameroun\/toutes-les-actualites\/chantier-le-ministre-des-travaux-publics-evalue-la-refection-du-pont-de-la-foulou-a-obala"},"author":{"name":"cfeditorfr","@id":"https:\/\/www.africa-press.net\/cameroun\/#\/schema\/person\/2b1cf3cd81a31e3cd26889ca66d677f1"},"headline":"Chantier: Le ministre des travaux publics \u00e9value la r\u00e9fection du pont de la Foulou, \u00e0 Obala","datePublished":"2022-10-13T16:23:08+00:00","dateModified":"2022-10-13T18:25:23+00:00","mainEntityOfPage":{"@id":"https:\/\/www.africa-press.net\/cameroun\/toutes-les-actualites\/chantier-le-ministre-des-travaux-publics-evalue-la-refection-du-pont-de-la-foulou-a-obala"},"wordCount":313,"commentCount":0,"image":{"@id":"https:\/\/www.africa-press.net\/cameroun\/toutes-les-actualites\/chantier-le-ministre-des-travaux-publics-evalue-la-refection-du-pont-de-la-foulou-a-obala#primaryimage"},"thumbnailUrl":"https:\/\/static.africa-press.net\/cameroun\/sites\/57\/2022\/10\/img-634857fe9c799.jpg","keywords":["Africa Press","Africa Press-Cameroun","Cameroun"],"articleSection":["Communaut\u00e9","Toutes les actualit\u00e9s"],"inLanguage":"fr-FR","potentialAction":[{"@type":"CommentAction","name":"Comment","target":["https:\/\/www.africa-press.net\/cameroun\/toutes-les-actualites\/chantier-le-ministre-des-travaux-publics-evalue-la-refection-du-pont-de-la-foulou-a-obala#respond"]}]},{"@type":"WebPage","@id":"https:\/\/www.africa-press.net\/cameroun\/toutes-les-actualites\/chantier-le-ministre-des-travaux-publics-evalue-la-refection-du-pont-de-la-foulou-a-obala","url":"https:\/\/www.africa-press.net\/cameroun\/toutes-les-actualites\/chantier-le-ministre-des-travaux-publics-evalue-la-refection-du-pont-de-la-foulou-a-obala","name":"Chantier: Le ministre des travaux publics \u00e9value la r\u00e9fection du pont de la Foulou, \u00e0 Obala - Cameroun","isPartOf":{"@id":"https:\/\/www.africa-press.net\/cameroun\/#website"},"primaryImageOfPage":{"@id":"https:\/\/www.africa-press.net\/cameroun\/toutes-les-actualites\/chantier-le-ministre-des-travaux-publics-evalue-la-refection-du-pont-de-la-foulou-a-obala#primaryimage"},"image":{"@id":"https:\/\/www.africa-press.net\/cameroun\/toutes-les-actualites\/chantier-le-ministre-des-travaux-publics-evalue-la-refection-du-pont-de-la-foulou-a-obala#primaryimage"},"thumbnailUrl":"https:\/\/static.africa-press.net\/cameroun\/sites\/57\/2022\/10\/img-634857fe9c799.jpg","datePublished":"2022-10-13T16:23:08+00:00","dateModified":"2022-10-13T18:25:23+00:00","author":{"@id":"https:\/\/www.africa-press.net\/cameroun\/#\/schema\/person\/2b1cf3cd81a31e3cd26889ca66d677f1"},"description":"La re\u0301habilitation du pont sur la rivie\u0300re Foulou, a\u0300 Obala, progresse. Le ministre des travaux publics, Emmanuel Nganou ...","breadcrumb":{"@id":"https:\/\/www.africa-press.net\/cameroun\/toutes-les-actualites\/chantier-le-ministre-des-travaux-publics-evalue-la-refection-du-pont-de-la-foulou-a-obala#breadcrumb"},"inLanguage":"fr-FR","potentialAction":[{"@type":"ReadAction","target":["https:\/\/www.africa-press.net\/cameroun\/toutes-les-actualites\/chantier-le-ministre-des-travaux-publics-evalue-la-refection-du-pont-de-la-foulou-a-obala"]}]},{"@type":"ImageObject","inLanguage":"fr-FR","@id":"https:\/\/www.africa-press.net\/cameroun\/toutes-les-actualites\/chantier-le-ministre-des-travaux-publics-evalue-la-refection-du-pont-de-la-foulou-a-obala#primaryimage","url":"https:\/\/static.africa-press.net\/cameroun\/sites\/57\/2022\/10\/img-634857fe9c799.jpg","contentUrl":"https:\/\/static.africa-press.net\/cameroun\/sites\/57\/2022\/10\/img-634857fe9c799.jpg","width":800,"height":557,"caption":"Chantier: Le ministre des travaux publics \u00e9value la r\u00e9fection du pont de la Foulou, \u00e0 Obala"},{"@type":"BreadcrumbList","@id":"https:\/\/www.africa-press.net\/cameroun\/toutes-les-actualites\/chantier-le-ministre-des-travaux-publics-evalue-la-refection-du-pont-de-la-foulou-a-obala#breadcrumb","itemListElement":[{"@type":"ListItem","position":1,"name":"Accueil","item":"https:\/\/www.africa-press.net\/cameroun\/"},{"@type":"ListItem","position":2,"name":"Chantier: Le ministre des travaux publics \u00e9value la r\u00e9fection du pont de la Foulou, \u00e0 Obala"}]},{"@type":"WebSite","@id":"https:\/\/www.africa-press.net\/cameroun\/#website","url":"https:\/\/www.africa-press.net\/cameroun\/","name":"Cameroun","description":"Just another Africa News Agency Sites site","potentialAction":[{"@type":"SearchAction","target":{"@type":"EntryPoint","urlTemplate":"https:\/\/www.africa-press.net\/cameroun\/?s={search_term_string}"},"query-input":{"@type":"PropertyValueSpecification","valueRequired":true,"valueName":"search_term_string"}}],"inLanguage":"fr-FR"},{"@type":"Person","@id":"https:\/\/www.africa-press.net\/cameroun\/#\/schema\/person\/2b1cf3cd81a31e3cd26889ca66d677f1","name":"cfeditorfr"}]}},"_links":{"self":[{"href":"https:\/\/www.africa-press.net\/cameroun\/wp-json\/wp\/v2\/posts\/29351","targetHints":{"allow":["GET"]}}],"collection":[{"href":"https:\/\/www.africa-press.net\/cameroun\/wp-json\/wp\/v2\/posts"}],"about":[{"href":"https:\/\/www.africa-press.net\/cameroun\/wp-json\/wp\/v2\/types\/post"}],"author":[{"embeddable":true,"href":"https:\/\/www.africa-press.net\/cameroun\/wp-json\/wp\/v2\/users\/82"}],"replies":[{"embeddable":true,"href":"https:\/\/www.africa-press.net\/cameroun\/wp-json\/wp\/v2\/comments?post=29351"}],"version-history":[{"count":0,"href":"https:\/\/www.africa-press.net\/cameroun\/wp-json\/wp\/v2\/posts\/29351\/revisions"}],"wp:featuredmedia":[{"embeddable":true,"href":"https:\/\/www.africa-press.net\/cameroun\/wp-json\/wp\/v2\/media\/29350"}],"wp:attachment":[{"href":"https:\/\/www.africa-press.net\/cameroun\/wp-json\/wp\/v2\/media?parent=29351"}],"wp:term":[{"taxonomy":"category","embeddable":true,"href":"https:\/\/www.africa-press.net\/cameroun\/wp-json\/wp\/v2\/categories?post=29351"},{"taxonomy":"post_tag","embeddable":true,"href":"https:\/\/www.africa-press.net\/cameroun\/wp-json\/wp\/v2\/tags?post=29351"}],"curies":[{"name":"wp","href":"https:\/\/api.w.org\/{rel}","templated":true}]}}