{"id":29354,"date":"2022-10-13T16:33:41","date_gmt":"2022-10-13T16:33:41","guid":{"rendered":"https:\/\/www.africa-press.net\/cameroun\/politique\/revendications-les-controleurs-aeriens-denoncent-les-mauvais-traitements-que-leur-ont-infliges-les-autorites-camerounaises-lors-de-leur-recente-greve"},"modified":"2022-10-13T18:25:56","modified_gmt":"2022-10-13T18:25:56","slug":"revendications-les-controleurs-aeriens-denoncent-les-mauvais-traitements-que-leur-ont-infliges-les-autorites-camerounaises-lors-de-leur-recente-greve","status":"publish","type":"post","link":"https:\/\/www.africa-press.net\/cameroun\/toutes-les-actualites\/revendications-les-controleurs-aeriens-denoncent-les-mauvais-traitements-que-leur-ont-infliges-les-autorites-camerounaises-lors-de-leur-recente-greve","title":{"rendered":"Revendications: Les contr\u00f4leurs a\u00e9riens  d\u00e9noncent les mauvais  traitements que leur ont inflig\u00e9s les autorit\u00e9s camerounaises lors de leur r\u00e9cente gr\u00e8ve"},"content":{"rendered":"<p><span style=\"color: #ff6600\"><strong>Africa-Press &#8211; Cameroun. <\/strong><\/span>Ils n\u2019ont pas oublie\u0301. Les contro\u0302leurs ae\u0301riens exerc\u0327ants au Cameroun et constitue\u0301s en syndicat se souviennent de ce qu\u2019ils ont endure\u0301 lors de la gre\u0300ve qu\u2019ils ont mene\u0301 les 23 et 24 Septembre 2022 en me\u0302me temps que leurs colle\u0300gues des autres pays membres de l\u2019Agence pour Se\u0301curite\u0301 de la Navigation Ae\u0301rienne en Afrique et a\u0300 Madagascar (ASECNA). Au cours de l&rsquo;e\u0301change qu\u2019ils ont eue avec la presse nationale et internationale le 12 Octobre a\u0300 Douala, ces contro\u0302leurs, regroupe\u0301s au sein de Cameroon Air Traffic Controllers\u2019 Association (CATCA), ont reparle\u0301 des mauvais traitements qu\u2019ils ont subis a\u0300 cause de leur engagement. \u00ab La CATCA de\u0301plore qu\u2019au Cameroun, l\u2019exe\u0301cution du service minimum, comme pre\u0301vu en temps de gre\u0300ve, a e\u0301te\u0301 cate\u0301goriquement empe\u0302che\u0301e. Ainsi, a-t-on assiste\u0301 a\u0300 l\u2019e\u0301jection des salles de contro\u0302le et a\u0300 l\u2019audition a\u0300 la gendarmerie de plusieurs contro\u0302leurs ae\u0301riens a\u0300 Douala et Garoua, ainsi qu\u2019a\u0300 la se\u0301questration d\u2019autres, dont une femme enceinte, a\u0300 Yaounde\u0301. Contre toute attente, les contro\u0302leurs ae\u0301riens refoule\u0301s ont e\u0301te\u0301 temporairement remplace\u0301s par des mains inexpertes en sous-effectif, au pe\u0301ril de la se\u0301curite\u0301 ae\u0301rienne \u00bb, peut-on lire dans le communique\u0301 remis aux hommes de me\u0301dias.<\/p>\n<p>Tout en saluant la me\u0301diation mene\u0301e \u00ab de bout en bout \u00bb par le Ministre des Transports, Jean Ernest Masse\u0301na NGALLE BIBE\u0301HE\u0300, et bi en que reconnaissant une situation \u00ab de\u0301sormais apaise\u0301e \u00bb, ils de\u0301plorent le fait que \u00ab des pressions administratives et psychologiques &#8211; des invectives verbales, des pesanteurs dans le traitement des dossiers administratifs- continuent de peser sur le corps des Contro\u0302leurs Ae\u0301riens de l\u2019ASECNA en ge\u0301ne\u0301ral et du Cameroun en particulier au pe\u0301ril de la se\u0301curite\u0301. Cette politique d\u2019intimidations est pousse\u0301e jusqu\u2019a\u0300 l\u2019intrusion re\u0301pe\u0301te\u0301e d\u2019huissiers de justice dans les salles de contro\u0302le &#8211; lieux sacro-saints de la se\u0301curite\u0301 de la navigation ae\u0301rienne \u00bb, s\u2019indignent les contro\u0302leurs ae\u0301riens camerounais.<\/p>\n<p>Avec leurs colle\u0300gues des autres pays membres de l\u2019ASECNA, ils font des revendications essentiellement relatives au renforcement des capacite\u0301s ope\u0301rationnelles, a\u0300 l\u2019e\u0301panouissement professionnel et au plan de carrie\u0300re du Contro\u0302leur Ae\u0301rien de l\u2019ASECNA. \u00ab Ces trois piliers essentiels se sont malheureusement effrite\u0301s depuis l&rsquo;arrive\u0301e de la nouvelle e\u0301quipe dirigeante en 2017 \u00bb, font-ils savoir.<\/p>\n<p>Leurs espoirs reposent de\u0301sormais sur la re\u0301union du Comite\u0301 des Ministres, organe supre\u0302me de l\u2019ASECNA, convoque\u0301e pour le lundi 17 octobre 2022 a\u0300 Dakar au Se\u0301ne\u0301gal. Elle devra apporter des re\u0301ponses claires a\u0300 la plateforme revendicative des contro\u0302leurs ae\u0301riens de l\u2019Agence.<\/p>\n<p><strong>Pour plus d&rsquo;informations et d&rsquo;analyses sur la <a href=\"https:\/\/www.africa-press.net\/cameroun\">Cameroun<\/a>, suivez <a href=\"https:\/\/www.africa-press.net\/\">Africa-Press<\/a><\/strong><\/p>\n","protected":false},"excerpt":{"rendered":"<p>Africa-Press &#8211; Cameroun. Ils n\u2019ont pas oublie\u0301. Les contro\u0302leurs ae\u0301riens exerc\u0327ants au Cameroun et constitue\u0301s en syndicat se souviennent de ce qu\u2019ils ont endure\u0301 lors de la gre\u0300ve qu\u2019ils ont mene\u0301 les 23 et 24 Septembre 2022 en me\u0302me temps que leurs colle\u0300gues des autres pays membres de l\u2019Agence pour Se\u0301curite\u0301 de la Navigation Ae\u0301rienne [&hellip;]<\/p>\n","protected":false},"author":82,"featured_media":29353,"comment_status":"open","ping_status":"closed","sticky":false,"template":"","format":"standard","meta":{"footnotes":""},"categories":[21,10],"tags":[36,50,49],"class_list":["post-29354","post","type-post","status-publish","format-standard","has-post-thumbnail","hentry","category-communaute","category-toutes-les-actualites","tag-africa-press","tag-africa-press-cameroun","tag-cameroun"],"yoast_head":"<!-- This site is optimized with the Yoast SEO Premium plugin v26.1 (Yoast SEO v27.0) - https:\/\/yoast.com\/product\/yoast-seo-premium-wordpress\/ -->\n<title>Revendications: Les contr\u00f4leurs a\u00e9riens d\u00e9noncent les mauvais traitements que leur ont inflig\u00e9s les autorit\u00e9s camerounaises lors de leur r\u00e9cente gr\u00e8ve - Cameroun<\/title>\n<meta name=\"description\" content=\"Ils n\u2019ont pas oublie\u0301. Les contro\u0302leurs ae\u0301riens exerc\u0327ants au Cameroun et constitue\u0301s en syndicat se souviennent de ce ...\" \/>\n<meta name=\"robots\" content=\"index, follow, max-snippet:-1, max-image-preview:large, max-video-preview:-1\" \/>\n<link rel=\"canonical\" href=\"https:\/\/www.africa-press.net\/cameroun\/toutes-les-actualites\/revendications-les-controleurs-aeriens-denoncent-les-mauvais-traitements-que-leur-ont-infliges-les-autorites-camerounaises-lors-de-leur-recente-greve\" \/>\n<meta property=\"og:locale\" content=\"fr_FR\" \/>\n<meta property=\"og:type\" content=\"article\" \/>\n<meta property=\"og:title\" content=\"Revendications: Les contr\u00f4leurs a\u00e9riens d\u00e9noncent les mauvais traitements que leur ont inflig\u00e9s les autorit\u00e9s camerounaises lors de leur r\u00e9cente gr\u00e8ve\" \/>\n<meta property=\"og:description\" content=\"Ils n\u2019ont pas oublie\u0301. Les contro\u0302leurs ae\u0301riens exerc\u0327ants au Cameroun et constitue\u0301s en syndicat se souviennent de ce ...\" \/>\n<meta property=\"og:url\" content=\"https:\/\/www.africa-press.net\/cameroun\/toutes-les-actualites\/revendications-les-controleurs-aeriens-denoncent-les-mauvais-traitements-que-leur-ont-infliges-les-autorites-camerounaises-lors-de-leur-recente-greve\" \/>\n<meta property=\"og:site_name\" content=\"Cameroun\" \/>\n<meta property=\"article:published_time\" content=\"2022-10-13T16:33:41+00:00\" \/>\n<meta property=\"article:modified_time\" content=\"2022-10-13T18:25:56+00:00\" \/>\n<meta property=\"og:image\" content=\"https:\/\/static.africa-press.net\/cameroun\/sites\/57\/2022\/10\/img-6348581faab91.jpg\" \/>\n\t<meta property=\"og:image:width\" content=\"800\" \/>\n\t<meta property=\"og:image:height\" content=\"451\" \/>\n\t<meta property=\"og:image:type\" content=\"image\/jpeg\" \/>\n<meta name=\"author\" content=\"cfeditorfr\" \/>\n<meta name=\"twitter:card\" content=\"summary_large_image\" \/>\n<meta name=\"twitter:label1\" content=\"\u00c9crit par\" \/>\n\t<meta name=\"twitter:data1\" content=\"cfeditorfr\" \/>\n\t<meta name=\"twitter:label2\" content=\"Dur\u00e9e de lecture estim\u00e9e\" \/>\n\t<meta name=\"twitter:data2\" content=\"3 minutes\" \/>\n<script type=\"application\/ld+json\" class=\"yoast-schema-graph\">{\"@context\":\"https:\/\/schema.org\",\"@graph\":[{\"@type\":\"Article\",\"@id\":\"https:\/\/www.africa-press.net\/cameroun\/toutes-les-actualites\/revendications-les-controleurs-aeriens-denoncent-les-mauvais-traitements-que-leur-ont-infliges-les-autorites-camerounaises-lors-de-leur-recente-greve#article\",\"isPartOf\":{\"@id\":\"https:\/\/www.africa-press.net\/cameroun\/toutes-les-actualites\/revendications-les-controleurs-aeriens-denoncent-les-mauvais-traitements-que-leur-ont-infliges-les-autorites-camerounaises-lors-de-leur-recente-greve\"},\"author\":{\"name\":\"cfeditorfr\",\"@id\":\"https:\/\/www.africa-press.net\/cameroun\/#\/schema\/person\/2b1cf3cd81a31e3cd26889ca66d677f1\"},\"headline\":\"Revendications: Les contr\u00f4leurs a\u00e9riens d\u00e9noncent les mauvais traitements que leur ont inflig\u00e9s les autorit\u00e9s camerounaises lors de leur r\u00e9cente gr\u00e8ve\",\"datePublished\":\"2022-10-13T16:33:41+00:00\",\"dateModified\":\"2022-10-13T18:25:56+00:00\",\"mainEntityOfPage\":{\"@id\":\"https:\/\/www.africa-press.net\/cameroun\/toutes-les-actualites\/revendications-les-controleurs-aeriens-denoncent-les-mauvais-traitements-que-leur-ont-infliges-les-autorites-camerounaises-lors-de-leur-recente-greve\"},\"wordCount\":520,\"commentCount\":0,\"image\":{\"@id\":\"https:\/\/www.africa-press.net\/cameroun\/toutes-les-actualites\/revendications-les-controleurs-aeriens-denoncent-les-mauvais-traitements-que-leur-ont-infliges-les-autorites-camerounaises-lors-de-leur-recente-greve#primaryimage\"},\"thumbnailUrl\":\"https:\/\/static.africa-press.net\/cameroun\/sites\/57\/2022\/10\/img-6348581faab91.jpg\",\"keywords\":[\"Africa Press\",\"Africa Press-Cameroun\",\"Cameroun\"],\"articleSection\":[\"Communaut\u00e9\",\"Toutes les actualit\u00e9s\"],\"inLanguage\":\"fr-FR\",\"potentialAction\":[{\"@type\":\"CommentAction\",\"name\":\"Comment\",\"target\":[\"https:\/\/www.africa-press.net\/cameroun\/toutes-les-actualites\/revendications-les-controleurs-aeriens-denoncent-les-mauvais-traitements-que-leur-ont-infliges-les-autorites-camerounaises-lors-de-leur-recente-greve#respond\"]}]},{\"@type\":\"WebPage\",\"@id\":\"https:\/\/www.africa-press.net\/cameroun\/toutes-les-actualites\/revendications-les-controleurs-aeriens-denoncent-les-mauvais-traitements-que-leur-ont-infliges-les-autorites-camerounaises-lors-de-leur-recente-greve\",\"url\":\"https:\/\/www.africa-press.net\/cameroun\/toutes-les-actualites\/revendications-les-controleurs-aeriens-denoncent-les-mauvais-traitements-que-leur-ont-infliges-les-autorites-camerounaises-lors-de-leur-recente-greve\",\"name\":\"Revendications: Les contr\u00f4leurs a\u00e9riens d\u00e9noncent les mauvais traitements que leur ont inflig\u00e9s les autorit\u00e9s camerounaises lors de leur r\u00e9cente gr\u00e8ve - Cameroun\",\"isPartOf\":{\"@id\":\"https:\/\/www.africa-press.net\/cameroun\/#website\"},\"primaryImageOfPage\":{\"@id\":\"https:\/\/www.africa-press.net\/cameroun\/toutes-les-actualites\/revendications-les-controleurs-aeriens-denoncent-les-mauvais-traitements-que-leur-ont-infliges-les-autorites-camerounaises-lors-de-leur-recente-greve#primaryimage\"},\"image\":{\"@id\":\"https:\/\/www.africa-press.net\/cameroun\/toutes-les-actualites\/revendications-les-controleurs-aeriens-denoncent-les-mauvais-traitements-que-leur-ont-infliges-les-autorites-camerounaises-lors-de-leur-recente-greve#primaryimage\"},\"thumbnailUrl\":\"https:\/\/static.africa-press.net\/cameroun\/sites\/57\/2022\/10\/img-6348581faab91.jpg\",\"datePublished\":\"2022-10-13T16:33:41+00:00\",\"dateModified\":\"2022-10-13T18:25:56+00:00\",\"author\":{\"@id\":\"https:\/\/www.africa-press.net\/cameroun\/#\/schema\/person\/2b1cf3cd81a31e3cd26889ca66d677f1\"},\"description\":\"Ils n\u2019ont pas oublie\u0301. Les contro\u0302leurs ae\u0301riens exerc\u0327ants au Cameroun et constitue\u0301s en syndicat se souviennent de ce ...\",\"breadcrumb\":{\"@id\":\"https:\/\/www.africa-press.net\/cameroun\/toutes-les-actualites\/revendications-les-controleurs-aeriens-denoncent-les-mauvais-traitements-que-leur-ont-infliges-les-autorites-camerounaises-lors-de-leur-recente-greve#breadcrumb\"},\"inLanguage\":\"fr-FR\",\"potentialAction\":[{\"@type\":\"ReadAction\",\"target\":[\"https:\/\/www.africa-press.net\/cameroun\/toutes-les-actualites\/revendications-les-controleurs-aeriens-denoncent-les-mauvais-traitements-que-leur-ont-infliges-les-autorites-camerounaises-lors-de-leur-recente-greve\"]}]},{\"@type\":\"ImageObject\",\"inLanguage\":\"fr-FR\",\"@id\":\"https:\/\/www.africa-press.net\/cameroun\/toutes-les-actualites\/revendications-les-controleurs-aeriens-denoncent-les-mauvais-traitements-que-leur-ont-infliges-les-autorites-camerounaises-lors-de-leur-recente-greve#primaryimage\",\"url\":\"https:\/\/static.africa-press.net\/cameroun\/sites\/57\/2022\/10\/img-6348581faab91.jpg\",\"contentUrl\":\"https:\/\/static.africa-press.net\/cameroun\/sites\/57\/2022\/10\/img-6348581faab91.jpg\",\"width\":800,\"height\":451,\"caption\":\"Revendications: Les contr\u00f4leurs a\u00e9riens d\u00e9noncent les mauvais traitements que leur ont inflig\u00e9s les autorit\u00e9s camerounaises lors de leur r\u00e9cente gr\u00e8ve\"},{\"@type\":\"BreadcrumbList\",\"@id\":\"https:\/\/www.africa-press.net\/cameroun\/toutes-les-actualites\/revendications-les-controleurs-aeriens-denoncent-les-mauvais-traitements-que-leur-ont-infliges-les-autorites-camerounaises-lors-de-leur-recente-greve#breadcrumb\",\"itemListElement\":[{\"@type\":\"ListItem\",\"position\":1,\"name\":\"Accueil\",\"item\":\"https:\/\/www.africa-press.net\/cameroun\/\"},{\"@type\":\"ListItem\",\"position\":2,\"name\":\"Revendications: Les contr\u00f4leurs a\u00e9riens d\u00e9noncent les mauvais traitements que leur ont inflig\u00e9s les autorit\u00e9s camerounaises lors de leur r\u00e9cente gr\u00e8ve\"}]},{\"@type\":\"WebSite\",\"@id\":\"https:\/\/www.africa-press.net\/cameroun\/#website\",\"url\":\"https:\/\/www.africa-press.net\/cameroun\/\",\"name\":\"Cameroun\",\"description\":\"Just another Africa News Agency Sites site\",\"potentialAction\":[{\"@type\":\"SearchAction\",\"target\":{\"@type\":\"EntryPoint\",\"urlTemplate\":\"https:\/\/www.africa-press.net\/cameroun\/?s={search_term_string}\"},\"query-input\":{\"@type\":\"PropertyValueSpecification\",\"valueRequired\":true,\"valueName\":\"search_term_string\"}}],\"inLanguage\":\"fr-FR\"},{\"@type\":\"Person\",\"@id\":\"https:\/\/www.africa-press.net\/cameroun\/#\/schema\/person\/2b1cf3cd81a31e3cd26889ca66d677f1\",\"name\":\"cfeditorfr\"}]}<\/script>\n<!-- \/ Yoast SEO Premium plugin. -->","yoast_head_json":{"title":"Revendications: Les contr\u00f4leurs a\u00e9riens d\u00e9noncent les mauvais traitements que leur ont inflig\u00e9s les autorit\u00e9s camerounaises lors de leur r\u00e9cente gr\u00e8ve - Cameroun","description":"Ils n\u2019ont pas oublie\u0301. Les contro\u0302leurs ae\u0301riens exerc\u0327ants au Cameroun et constitue\u0301s en syndicat se souviennent de ce ...","robots":{"index":"index","follow":"follow","max-snippet":"max-snippet:-1","max-image-preview":"max-image-preview:large","max-video-preview":"max-video-preview:-1"},"canonical":"https:\/\/www.africa-press.net\/cameroun\/toutes-les-actualites\/revendications-les-controleurs-aeriens-denoncent-les-mauvais-traitements-que-leur-ont-infliges-les-autorites-camerounaises-lors-de-leur-recente-greve","og_locale":"fr_FR","og_type":"article","og_title":"Revendications: Les contr\u00f4leurs a\u00e9riens d\u00e9noncent les mauvais traitements que leur ont inflig\u00e9s les autorit\u00e9s camerounaises lors de leur r\u00e9cente gr\u00e8ve","og_description":"Ils n\u2019ont pas oublie\u0301. Les contro\u0302leurs ae\u0301riens exerc\u0327ants au Cameroun et constitue\u0301s en syndicat se souviennent de ce ...","og_url":"https:\/\/www.africa-press.net\/cameroun\/toutes-les-actualites\/revendications-les-controleurs-aeriens-denoncent-les-mauvais-traitements-que-leur-ont-infliges-les-autorites-camerounaises-lors-de-leur-recente-greve","og_site_name":"Cameroun","article_published_time":"2022-10-13T16:33:41+00:00","article_modified_time":"2022-10-13T18:25:56+00:00","og_image":[{"width":800,"height":451,"url":"https:\/\/static.africa-press.net\/cameroun\/sites\/57\/2022\/10\/img-6348581faab91.jpg","type":"image\/jpeg"}],"author":"cfeditorfr","twitter_card":"summary_large_image","twitter_misc":{"\u00c9crit par":"cfeditorfr","Dur\u00e9e de lecture estim\u00e9e":"3 minutes"},"schema":{"@context":"https:\/\/schema.org","@graph":[{"@type":"Article","@id":"https:\/\/www.africa-press.net\/cameroun\/toutes-les-actualites\/revendications-les-controleurs-aeriens-denoncent-les-mauvais-traitements-que-leur-ont-infliges-les-autorites-camerounaises-lors-de-leur-recente-greve#article","isPartOf":{"@id":"https:\/\/www.africa-press.net\/cameroun\/toutes-les-actualites\/revendications-les-controleurs-aeriens-denoncent-les-mauvais-traitements-que-leur-ont-infliges-les-autorites-camerounaises-lors-de-leur-recente-greve"},"author":{"name":"cfeditorfr","@id":"https:\/\/www.africa-press.net\/cameroun\/#\/schema\/person\/2b1cf3cd81a31e3cd26889ca66d677f1"},"headline":"Revendications: Les contr\u00f4leurs a\u00e9riens d\u00e9noncent les mauvais traitements que leur ont inflig\u00e9s les autorit\u00e9s camerounaises lors de leur r\u00e9cente gr\u00e8ve","datePublished":"2022-10-13T16:33:41+00:00","dateModified":"2022-10-13T18:25:56+00:00","mainEntityOfPage":{"@id":"https:\/\/www.africa-press.net\/cameroun\/toutes-les-actualites\/revendications-les-controleurs-aeriens-denoncent-les-mauvais-traitements-que-leur-ont-infliges-les-autorites-camerounaises-lors-de-leur-recente-greve"},"wordCount":520,"commentCount":0,"image":{"@id":"https:\/\/www.africa-press.net\/cameroun\/toutes-les-actualites\/revendications-les-controleurs-aeriens-denoncent-les-mauvais-traitements-que-leur-ont-infliges-les-autorites-camerounaises-lors-de-leur-recente-greve#primaryimage"},"thumbnailUrl":"https:\/\/static.africa-press.net\/cameroun\/sites\/57\/2022\/10\/img-6348581faab91.jpg","keywords":["Africa Press","Africa Press-Cameroun","Cameroun"],"articleSection":["Communaut\u00e9","Toutes les actualit\u00e9s"],"inLanguage":"fr-FR","potentialAction":[{"@type":"CommentAction","name":"Comment","target":["https:\/\/www.africa-press.net\/cameroun\/toutes-les-actualites\/revendications-les-controleurs-aeriens-denoncent-les-mauvais-traitements-que-leur-ont-infliges-les-autorites-camerounaises-lors-de-leur-recente-greve#respond"]}]},{"@type":"WebPage","@id":"https:\/\/www.africa-press.net\/cameroun\/toutes-les-actualites\/revendications-les-controleurs-aeriens-denoncent-les-mauvais-traitements-que-leur-ont-infliges-les-autorites-camerounaises-lors-de-leur-recente-greve","url":"https:\/\/www.africa-press.net\/cameroun\/toutes-les-actualites\/revendications-les-controleurs-aeriens-denoncent-les-mauvais-traitements-que-leur-ont-infliges-les-autorites-camerounaises-lors-de-leur-recente-greve","name":"Revendications: Les contr\u00f4leurs a\u00e9riens d\u00e9noncent les mauvais traitements que leur ont inflig\u00e9s les autorit\u00e9s camerounaises lors de leur r\u00e9cente gr\u00e8ve - Cameroun","isPartOf":{"@id":"https:\/\/www.africa-press.net\/cameroun\/#website"},"primaryImageOfPage":{"@id":"https:\/\/www.africa-press.net\/cameroun\/toutes-les-actualites\/revendications-les-controleurs-aeriens-denoncent-les-mauvais-traitements-que-leur-ont-infliges-les-autorites-camerounaises-lors-de-leur-recente-greve#primaryimage"},"image":{"@id":"https:\/\/www.africa-press.net\/cameroun\/toutes-les-actualites\/revendications-les-controleurs-aeriens-denoncent-les-mauvais-traitements-que-leur-ont-infliges-les-autorites-camerounaises-lors-de-leur-recente-greve#primaryimage"},"thumbnailUrl":"https:\/\/static.africa-press.net\/cameroun\/sites\/57\/2022\/10\/img-6348581faab91.jpg","datePublished":"2022-10-13T16:33:41+00:00","dateModified":"2022-10-13T18:25:56+00:00","author":{"@id":"https:\/\/www.africa-press.net\/cameroun\/#\/schema\/person\/2b1cf3cd81a31e3cd26889ca66d677f1"},"description":"Ils n\u2019ont pas oublie\u0301. Les contro\u0302leurs ae\u0301riens exerc\u0327ants au Cameroun et constitue\u0301s en syndicat se souviennent de ce ...","breadcrumb":{"@id":"https:\/\/www.africa-press.net\/cameroun\/toutes-les-actualites\/revendications-les-controleurs-aeriens-denoncent-les-mauvais-traitements-que-leur-ont-infliges-les-autorites-camerounaises-lors-de-leur-recente-greve#breadcrumb"},"inLanguage":"fr-FR","potentialAction":[{"@type":"ReadAction","target":["https:\/\/www.africa-press.net\/cameroun\/toutes-les-actualites\/revendications-les-controleurs-aeriens-denoncent-les-mauvais-traitements-que-leur-ont-infliges-les-autorites-camerounaises-lors-de-leur-recente-greve"]}]},{"@type":"ImageObject","inLanguage":"fr-FR","@id":"https:\/\/www.africa-press.net\/cameroun\/toutes-les-actualites\/revendications-les-controleurs-aeriens-denoncent-les-mauvais-traitements-que-leur-ont-infliges-les-autorites-camerounaises-lors-de-leur-recente-greve#primaryimage","url":"https:\/\/static.africa-press.net\/cameroun\/sites\/57\/2022\/10\/img-6348581faab91.jpg","contentUrl":"https:\/\/static.africa-press.net\/cameroun\/sites\/57\/2022\/10\/img-6348581faab91.jpg","width":800,"height":451,"caption":"Revendications: Les contr\u00f4leurs a\u00e9riens d\u00e9noncent les mauvais traitements que leur ont inflig\u00e9s les autorit\u00e9s camerounaises lors de leur r\u00e9cente gr\u00e8ve"},{"@type":"BreadcrumbList","@id":"https:\/\/www.africa-press.net\/cameroun\/toutes-les-actualites\/revendications-les-controleurs-aeriens-denoncent-les-mauvais-traitements-que-leur-ont-infliges-les-autorites-camerounaises-lors-de-leur-recente-greve#breadcrumb","itemListElement":[{"@type":"ListItem","position":1,"name":"Accueil","item":"https:\/\/www.africa-press.net\/cameroun\/"},{"@type":"ListItem","position":2,"name":"Revendications: Les contr\u00f4leurs a\u00e9riens d\u00e9noncent les mauvais traitements que leur ont inflig\u00e9s les autorit\u00e9s camerounaises lors de leur r\u00e9cente gr\u00e8ve"}]},{"@type":"WebSite","@id":"https:\/\/www.africa-press.net\/cameroun\/#website","url":"https:\/\/www.africa-press.net\/cameroun\/","name":"Cameroun","description":"Just another Africa News Agency Sites site","potentialAction":[{"@type":"SearchAction","target":{"@type":"EntryPoint","urlTemplate":"https:\/\/www.africa-press.net\/cameroun\/?s={search_term_string}"},"query-input":{"@type":"PropertyValueSpecification","valueRequired":true,"valueName":"search_term_string"}}],"inLanguage":"fr-FR"},{"@type":"Person","@id":"https:\/\/www.africa-press.net\/cameroun\/#\/schema\/person\/2b1cf3cd81a31e3cd26889ca66d677f1","name":"cfeditorfr"}]}},"_links":{"self":[{"href":"https:\/\/www.africa-press.net\/cameroun\/wp-json\/wp\/v2\/posts\/29354","targetHints":{"allow":["GET"]}}],"collection":[{"href":"https:\/\/www.africa-press.net\/cameroun\/wp-json\/wp\/v2\/posts"}],"about":[{"href":"https:\/\/www.africa-press.net\/cameroun\/wp-json\/wp\/v2\/types\/post"}],"author":[{"embeddable":true,"href":"https:\/\/www.africa-press.net\/cameroun\/wp-json\/wp\/v2\/users\/82"}],"replies":[{"embeddable":true,"href":"https:\/\/www.africa-press.net\/cameroun\/wp-json\/wp\/v2\/comments?post=29354"}],"version-history":[{"count":0,"href":"https:\/\/www.africa-press.net\/cameroun\/wp-json\/wp\/v2\/posts\/29354\/revisions"}],"wp:featuredmedia":[{"embeddable":true,"href":"https:\/\/www.africa-press.net\/cameroun\/wp-json\/wp\/v2\/media\/29353"}],"wp:attachment":[{"href":"https:\/\/www.africa-press.net\/cameroun\/wp-json\/wp\/v2\/media?parent=29354"}],"wp:term":[{"taxonomy":"category","embeddable":true,"href":"https:\/\/www.africa-press.net\/cameroun\/wp-json\/wp\/v2\/categories?post=29354"},{"taxonomy":"post_tag","embeddable":true,"href":"https:\/\/www.africa-press.net\/cameroun\/wp-json\/wp\/v2\/tags?post=29354"}],"curies":[{"name":"wp","href":"https:\/\/api.w.org\/{rel}","templated":true}]}}