{"id":29357,"date":"2022-10-13T16:37:08","date_gmt":"2022-10-13T16:37:08","guid":{"rendered":"https:\/\/www.africa-press.net\/cameroun\/politique\/le-cameroun-celebre-la-journee-internationale-de-la-femme-rurale"},"modified":"2022-10-13T18:26:23","modified_gmt":"2022-10-13T18:26:23","slug":"le-cameroun-celebre-la-journee-internationale-de-la-femme-rurale","status":"publish","type":"post","link":"https:\/\/www.africa-press.net\/cameroun\/toutes-les-actualites\/le-cameroun-celebre-la-journee-internationale-de-la-femme-rurale","title":{"rendered":"Le Cameroun c\u00e9l\u00e8bre la journ\u00e9e internationale de la femme rurale"},"content":{"rendered":"<p><span style=\"color: #ff6600\"><strong>Africa-Press &#8211; Cameroun. <\/strong><\/span>La 27e\u0300 e\u0301dition a lieu le samedi 15 octobre 2022. Le ministre de la Promotion de la Femme et de la Famille va pre\u0301sider la ce\u0301re\u0301monie officielle de ce\u0301le\u0301bration a\u0300 Nguibassal.<\/p>\n<p>\u00ab De\u0301veloppons la production locale avec la femme vivant en milieu rural pour notre se\u0301curite\u0301 alimentaire \u00bb. C\u2019est le the\u0300me de la 27e\u0300 e\u0301dition de la journe\u0301e internationale de la femme rurale qui se ce\u0301le\u0300bre samedi 15 octobre 2022. A l\u2019occasion de cette comme\u0301moration, la communaute\u0301 internationale vise a\u0300 sensibiliser les populations, Etats, collectivite\u0301s, institutions et organisations sur les difficulte\u0301s auxquelles les femmes rurales font face. C\u2019est aussi l\u2019opportunite\u0301 de les amener a\u0300 lever les barrie\u0300res qui empe\u0302chent les femmes rurales a\u0300 contribuer de manie\u0300re efficace au de\u0301veloppement.<\/p>\n<p>Pour marquer cette ce\u0301le\u0301bration au Cameroun, le ministre de la Promotion de la Femme et de la Famille est annonce\u0301 a\u0300 Nguibassal, dans le de\u0301partement du Nyong et Kelle, re\u0301gion du Centre. Marie The\u0301re\u0300se Abena Ondoa va pre\u0301sider la ce\u0301re\u0301monie officielle destine\u0301e a\u0300 cette ce\u0301le\u0301bration. Elle va aussi toucher du doigt les proble\u0300mes des femmes rurales de ces localite\u0301s.<\/p>\n<p>En effet, plusieurs obstacles se dressent sur la voie de ces femmes qui contribuent a\u0300 faire reculer la famine, la faim, la malnutrition, le sous-de\u0301veloppement entre autres. Ces freins sont entre le difficile acce\u0300s a\u0300 la terre, au cre\u0301dit, au marche\u0301, aux ressources, etc. Pourtant les femmes rurales investissent dans l\u2019agriculture et sont conside\u0301re\u0301es comme la mamelle nourricie\u0300re de la population locale et nationale.<\/p>\n<p>Le membre du gouvernement va sans doute pre\u0301senter a\u0300 ces actrices e\u0301conomiques les politiques que l\u2019Etat entend mettre en \u0153uvre pour ame\u0301liorer leurs conditions. En pre\u0301lude a\u0300 son arrive\u0301e dans cette partie du pays, les populations et forces vives du Nyong et Kelle se mobilisent. Dans un communique\u0301 le pre\u0301fet du de\u0301partement du Nyong et Kelle lance un appel en vue de la mobilisation ge\u0301ne\u0301rale.<\/p>\n<p>Valeri Norbert Kuela invite par conse\u0301quent les autorite\u0301s administratives, municipales, parlementaires, les responsables des services publics, parapublics et prive\u0301s, les chefs traditionnels et dignitaires religieux, les responsables des partis politiques le\u0301galise\u0301s, e\u0301lites inte\u0301rieures et exte\u0301rieures, les mouvements et associations des femmes, ainsi que toutes les population a\u0300 bien vouloir se mobiliser pour accueillir le ministre.<\/p>\n<p><strong>Pour plus d&rsquo;informations et d&rsquo;analyses sur la <a href=\"https:\/\/www.africa-press.net\/cameroun\">Cameroun<\/a>, suivez <a href=\"https:\/\/www.africa-press.net\/\">Africa-Press<\/a><\/strong><\/p>\n","protected":false},"excerpt":{"rendered":"<p>Africa-Press &#8211; Cameroun. La 27e\u0300 e\u0301dition a lieu le samedi 15 octobre 2022. Le ministre de la Promotion de la Femme et de la Famille va pre\u0301sider la ce\u0301re\u0301monie officielle de ce\u0301le\u0301bration a\u0300 Nguibassal. \u00ab De\u0301veloppons la production locale avec la femme vivant en milieu rural pour notre se\u0301curite\u0301 alimentaire \u00bb. C\u2019est le the\u0300me de [&hellip;]<\/p>\n","protected":false},"author":82,"featured_media":29356,"comment_status":"open","ping_status":"closed","sticky":false,"template":"","format":"standard","meta":{"footnotes":""},"categories":[21,10],"tags":[36,50,49],"class_list":["post-29357","post","type-post","status-publish","format-standard","has-post-thumbnail","hentry","category-communaute","category-toutes-les-actualites","tag-africa-press","tag-africa-press-cameroun","tag-cameroun"],"yoast_head":"<!-- This site is optimized with the Yoast SEO Premium plugin v26.1 (Yoast SEO v27.0) - https:\/\/yoast.com\/product\/yoast-seo-premium-wordpress\/ -->\n<title>Le Cameroun c\u00e9l\u00e8bre la journ\u00e9e internationale de la femme rurale - Cameroun<\/title>\n<meta name=\"description\" content=\"La 27e\u0300 e\u0301dition a lieu le samedi 15 octobre 2022. Le ministre de la Promotion de la Femme et de la Famille va pre\u0301sider ...\" \/>\n<meta name=\"robots\" content=\"index, follow, max-snippet:-1, max-image-preview:large, max-video-preview:-1\" \/>\n<link rel=\"canonical\" href=\"https:\/\/www.africa-press.net\/cameroun\/toutes-les-actualites\/le-cameroun-celebre-la-journee-internationale-de-la-femme-rurale\" \/>\n<meta property=\"og:locale\" content=\"fr_FR\" \/>\n<meta property=\"og:type\" content=\"article\" \/>\n<meta property=\"og:title\" content=\"Le Cameroun c\u00e9l\u00e8bre la journ\u00e9e internationale de la femme rurale\" \/>\n<meta property=\"og:description\" content=\"La 27e\u0300 e\u0301dition a lieu le samedi 15 octobre 2022. Le ministre de la Promotion de la Femme et de la Famille va pre\u0301sider ...\" \/>\n<meta property=\"og:url\" content=\"https:\/\/www.africa-press.net\/cameroun\/toutes-les-actualites\/le-cameroun-celebre-la-journee-internationale-de-la-femme-rurale\" \/>\n<meta property=\"og:site_name\" content=\"Cameroun\" \/>\n<meta property=\"article:published_time\" content=\"2022-10-13T16:37:08+00:00\" \/>\n<meta property=\"article:modified_time\" content=\"2022-10-13T18:26:23+00:00\" \/>\n<meta property=\"og:image\" content=\"https:\/\/static.africa-press.net\/cameroun\/sites\/57\/2022\/10\/img-6348583ba9268.jpg\" \/>\n\t<meta property=\"og:image:width\" content=\"720\" \/>\n\t<meta property=\"og:image:height\" content=\"338\" \/>\n\t<meta property=\"og:image:type\" content=\"image\/jpeg\" \/>\n<meta name=\"author\" content=\"cfeditorfr\" \/>\n<meta name=\"twitter:card\" content=\"summary_large_image\" \/>\n<meta name=\"twitter:label1\" content=\"\u00c9crit par\" \/>\n\t<meta name=\"twitter:data1\" content=\"cfeditorfr\" \/>\n\t<meta name=\"twitter:label2\" content=\"Dur\u00e9e de lecture estim\u00e9e\" \/>\n\t<meta name=\"twitter:data2\" content=\"2 minutes\" \/>\n<script type=\"application\/ld+json\" class=\"yoast-schema-graph\">{\"@context\":\"https:\/\/schema.org\",\"@graph\":[{\"@type\":\"Article\",\"@id\":\"https:\/\/www.africa-press.net\/cameroun\/toutes-les-actualites\/le-cameroun-celebre-la-journee-internationale-de-la-femme-rurale#article\",\"isPartOf\":{\"@id\":\"https:\/\/www.africa-press.net\/cameroun\/toutes-les-actualites\/le-cameroun-celebre-la-journee-internationale-de-la-femme-rurale\"},\"author\":{\"name\":\"cfeditorfr\",\"@id\":\"https:\/\/www.africa-press.net\/cameroun\/#\/schema\/person\/2b1cf3cd81a31e3cd26889ca66d677f1\"},\"headline\":\"Le Cameroun c\u00e9l\u00e8bre la journ\u00e9e internationale de la femme rurale\",\"datePublished\":\"2022-10-13T16:37:08+00:00\",\"dateModified\":\"2022-10-13T18:26:23+00:00\",\"mainEntityOfPage\":{\"@id\":\"https:\/\/www.africa-press.net\/cameroun\/toutes-les-actualites\/le-cameroun-celebre-la-journee-internationale-de-la-femme-rurale\"},\"wordCount\":447,\"commentCount\":0,\"image\":{\"@id\":\"https:\/\/www.africa-press.net\/cameroun\/toutes-les-actualites\/le-cameroun-celebre-la-journee-internationale-de-la-femme-rurale#primaryimage\"},\"thumbnailUrl\":\"https:\/\/static.africa-press.net\/cameroun\/sites\/57\/2022\/10\/img-6348583ba9268.jpg\",\"keywords\":[\"Africa Press\",\"Africa Press-Cameroun\",\"Cameroun\"],\"articleSection\":[\"Communaut\u00e9\",\"Toutes les actualit\u00e9s\"],\"inLanguage\":\"fr-FR\",\"potentialAction\":[{\"@type\":\"CommentAction\",\"name\":\"Comment\",\"target\":[\"https:\/\/www.africa-press.net\/cameroun\/toutes-les-actualites\/le-cameroun-celebre-la-journee-internationale-de-la-femme-rurale#respond\"]}]},{\"@type\":\"WebPage\",\"@id\":\"https:\/\/www.africa-press.net\/cameroun\/toutes-les-actualites\/le-cameroun-celebre-la-journee-internationale-de-la-femme-rurale\",\"url\":\"https:\/\/www.africa-press.net\/cameroun\/toutes-les-actualites\/le-cameroun-celebre-la-journee-internationale-de-la-femme-rurale\",\"name\":\"Le Cameroun c\u00e9l\u00e8bre la journ\u00e9e internationale de la femme rurale - Cameroun\",\"isPartOf\":{\"@id\":\"https:\/\/www.africa-press.net\/cameroun\/#website\"},\"primaryImageOfPage\":{\"@id\":\"https:\/\/www.africa-press.net\/cameroun\/toutes-les-actualites\/le-cameroun-celebre-la-journee-internationale-de-la-femme-rurale#primaryimage\"},\"image\":{\"@id\":\"https:\/\/www.africa-press.net\/cameroun\/toutes-les-actualites\/le-cameroun-celebre-la-journee-internationale-de-la-femme-rurale#primaryimage\"},\"thumbnailUrl\":\"https:\/\/static.africa-press.net\/cameroun\/sites\/57\/2022\/10\/img-6348583ba9268.jpg\",\"datePublished\":\"2022-10-13T16:37:08+00:00\",\"dateModified\":\"2022-10-13T18:26:23+00:00\",\"author\":{\"@id\":\"https:\/\/www.africa-press.net\/cameroun\/#\/schema\/person\/2b1cf3cd81a31e3cd26889ca66d677f1\"},\"description\":\"La 27e\u0300 e\u0301dition a lieu le samedi 15 octobre 2022. Le ministre de la Promotion de la Femme et de la Famille va pre\u0301sider ...\",\"breadcrumb\":{\"@id\":\"https:\/\/www.africa-press.net\/cameroun\/toutes-les-actualites\/le-cameroun-celebre-la-journee-internationale-de-la-femme-rurale#breadcrumb\"},\"inLanguage\":\"fr-FR\",\"potentialAction\":[{\"@type\":\"ReadAction\",\"target\":[\"https:\/\/www.africa-press.net\/cameroun\/toutes-les-actualites\/le-cameroun-celebre-la-journee-internationale-de-la-femme-rurale\"]}]},{\"@type\":\"ImageObject\",\"inLanguage\":\"fr-FR\",\"@id\":\"https:\/\/www.africa-press.net\/cameroun\/toutes-les-actualites\/le-cameroun-celebre-la-journee-internationale-de-la-femme-rurale#primaryimage\",\"url\":\"https:\/\/static.africa-press.net\/cameroun\/sites\/57\/2022\/10\/img-6348583ba9268.jpg\",\"contentUrl\":\"https:\/\/static.africa-press.net\/cameroun\/sites\/57\/2022\/10\/img-6348583ba9268.jpg\",\"width\":720,\"height\":338,\"caption\":\"Le Cameroun c\u00e9l\u00e8bre la journ\u00e9e internationale de la femme rurale\"},{\"@type\":\"BreadcrumbList\",\"@id\":\"https:\/\/www.africa-press.net\/cameroun\/toutes-les-actualites\/le-cameroun-celebre-la-journee-internationale-de-la-femme-rurale#breadcrumb\",\"itemListElement\":[{\"@type\":\"ListItem\",\"position\":1,\"name\":\"Accueil\",\"item\":\"https:\/\/www.africa-press.net\/cameroun\/\"},{\"@type\":\"ListItem\",\"position\":2,\"name\":\"Le Cameroun c\u00e9l\u00e8bre la journ\u00e9e internationale de la femme rurale\"}]},{\"@type\":\"WebSite\",\"@id\":\"https:\/\/www.africa-press.net\/cameroun\/#website\",\"url\":\"https:\/\/www.africa-press.net\/cameroun\/\",\"name\":\"Cameroun\",\"description\":\"Just another Africa News Agency Sites site\",\"potentialAction\":[{\"@type\":\"SearchAction\",\"target\":{\"@type\":\"EntryPoint\",\"urlTemplate\":\"https:\/\/www.africa-press.net\/cameroun\/?s={search_term_string}\"},\"query-input\":{\"@type\":\"PropertyValueSpecification\",\"valueRequired\":true,\"valueName\":\"search_term_string\"}}],\"inLanguage\":\"fr-FR\"},{\"@type\":\"Person\",\"@id\":\"https:\/\/www.africa-press.net\/cameroun\/#\/schema\/person\/2b1cf3cd81a31e3cd26889ca66d677f1\",\"name\":\"cfeditorfr\"}]}<\/script>\n<!-- \/ Yoast SEO Premium plugin. -->","yoast_head_json":{"title":"Le Cameroun c\u00e9l\u00e8bre la journ\u00e9e internationale de la femme rurale - Cameroun","description":"La 27e\u0300 e\u0301dition a lieu le samedi 15 octobre 2022. Le ministre de la Promotion de la Femme et de la Famille va pre\u0301sider ...","robots":{"index":"index","follow":"follow","max-snippet":"max-snippet:-1","max-image-preview":"max-image-preview:large","max-video-preview":"max-video-preview:-1"},"canonical":"https:\/\/www.africa-press.net\/cameroun\/toutes-les-actualites\/le-cameroun-celebre-la-journee-internationale-de-la-femme-rurale","og_locale":"fr_FR","og_type":"article","og_title":"Le Cameroun c\u00e9l\u00e8bre la journ\u00e9e internationale de la femme rurale","og_description":"La 27e\u0300 e\u0301dition a lieu le samedi 15 octobre 2022. Le ministre de la Promotion de la Femme et de la Famille va pre\u0301sider ...","og_url":"https:\/\/www.africa-press.net\/cameroun\/toutes-les-actualites\/le-cameroun-celebre-la-journee-internationale-de-la-femme-rurale","og_site_name":"Cameroun","article_published_time":"2022-10-13T16:37:08+00:00","article_modified_time":"2022-10-13T18:26:23+00:00","og_image":[{"width":720,"height":338,"url":"https:\/\/static.africa-press.net\/cameroun\/sites\/57\/2022\/10\/img-6348583ba9268.jpg","type":"image\/jpeg"}],"author":"cfeditorfr","twitter_card":"summary_large_image","twitter_misc":{"\u00c9crit par":"cfeditorfr","Dur\u00e9e de lecture estim\u00e9e":"2 minutes"},"schema":{"@context":"https:\/\/schema.org","@graph":[{"@type":"Article","@id":"https:\/\/www.africa-press.net\/cameroun\/toutes-les-actualites\/le-cameroun-celebre-la-journee-internationale-de-la-femme-rurale#article","isPartOf":{"@id":"https:\/\/www.africa-press.net\/cameroun\/toutes-les-actualites\/le-cameroun-celebre-la-journee-internationale-de-la-femme-rurale"},"author":{"name":"cfeditorfr","@id":"https:\/\/www.africa-press.net\/cameroun\/#\/schema\/person\/2b1cf3cd81a31e3cd26889ca66d677f1"},"headline":"Le Cameroun c\u00e9l\u00e8bre la journ\u00e9e internationale de la femme rurale","datePublished":"2022-10-13T16:37:08+00:00","dateModified":"2022-10-13T18:26:23+00:00","mainEntityOfPage":{"@id":"https:\/\/www.africa-press.net\/cameroun\/toutes-les-actualites\/le-cameroun-celebre-la-journee-internationale-de-la-femme-rurale"},"wordCount":447,"commentCount":0,"image":{"@id":"https:\/\/www.africa-press.net\/cameroun\/toutes-les-actualites\/le-cameroun-celebre-la-journee-internationale-de-la-femme-rurale#primaryimage"},"thumbnailUrl":"https:\/\/static.africa-press.net\/cameroun\/sites\/57\/2022\/10\/img-6348583ba9268.jpg","keywords":["Africa Press","Africa Press-Cameroun","Cameroun"],"articleSection":["Communaut\u00e9","Toutes les actualit\u00e9s"],"inLanguage":"fr-FR","potentialAction":[{"@type":"CommentAction","name":"Comment","target":["https:\/\/www.africa-press.net\/cameroun\/toutes-les-actualites\/le-cameroun-celebre-la-journee-internationale-de-la-femme-rurale#respond"]}]},{"@type":"WebPage","@id":"https:\/\/www.africa-press.net\/cameroun\/toutes-les-actualites\/le-cameroun-celebre-la-journee-internationale-de-la-femme-rurale","url":"https:\/\/www.africa-press.net\/cameroun\/toutes-les-actualites\/le-cameroun-celebre-la-journee-internationale-de-la-femme-rurale","name":"Le Cameroun c\u00e9l\u00e8bre la journ\u00e9e internationale de la femme rurale - Cameroun","isPartOf":{"@id":"https:\/\/www.africa-press.net\/cameroun\/#website"},"primaryImageOfPage":{"@id":"https:\/\/www.africa-press.net\/cameroun\/toutes-les-actualites\/le-cameroun-celebre-la-journee-internationale-de-la-femme-rurale#primaryimage"},"image":{"@id":"https:\/\/www.africa-press.net\/cameroun\/toutes-les-actualites\/le-cameroun-celebre-la-journee-internationale-de-la-femme-rurale#primaryimage"},"thumbnailUrl":"https:\/\/static.africa-press.net\/cameroun\/sites\/57\/2022\/10\/img-6348583ba9268.jpg","datePublished":"2022-10-13T16:37:08+00:00","dateModified":"2022-10-13T18:26:23+00:00","author":{"@id":"https:\/\/www.africa-press.net\/cameroun\/#\/schema\/person\/2b1cf3cd81a31e3cd26889ca66d677f1"},"description":"La 27e\u0300 e\u0301dition a lieu le samedi 15 octobre 2022. Le ministre de la Promotion de la Femme et de la Famille va pre\u0301sider ...","breadcrumb":{"@id":"https:\/\/www.africa-press.net\/cameroun\/toutes-les-actualites\/le-cameroun-celebre-la-journee-internationale-de-la-femme-rurale#breadcrumb"},"inLanguage":"fr-FR","potentialAction":[{"@type":"ReadAction","target":["https:\/\/www.africa-press.net\/cameroun\/toutes-les-actualites\/le-cameroun-celebre-la-journee-internationale-de-la-femme-rurale"]}]},{"@type":"ImageObject","inLanguage":"fr-FR","@id":"https:\/\/www.africa-press.net\/cameroun\/toutes-les-actualites\/le-cameroun-celebre-la-journee-internationale-de-la-femme-rurale#primaryimage","url":"https:\/\/static.africa-press.net\/cameroun\/sites\/57\/2022\/10\/img-6348583ba9268.jpg","contentUrl":"https:\/\/static.africa-press.net\/cameroun\/sites\/57\/2022\/10\/img-6348583ba9268.jpg","width":720,"height":338,"caption":"Le Cameroun c\u00e9l\u00e8bre la journ\u00e9e internationale de la femme rurale"},{"@type":"BreadcrumbList","@id":"https:\/\/www.africa-press.net\/cameroun\/toutes-les-actualites\/le-cameroun-celebre-la-journee-internationale-de-la-femme-rurale#breadcrumb","itemListElement":[{"@type":"ListItem","position":1,"name":"Accueil","item":"https:\/\/www.africa-press.net\/cameroun\/"},{"@type":"ListItem","position":2,"name":"Le Cameroun c\u00e9l\u00e8bre la journ\u00e9e internationale de la femme rurale"}]},{"@type":"WebSite","@id":"https:\/\/www.africa-press.net\/cameroun\/#website","url":"https:\/\/www.africa-press.net\/cameroun\/","name":"Cameroun","description":"Just another Africa News Agency Sites site","potentialAction":[{"@type":"SearchAction","target":{"@type":"EntryPoint","urlTemplate":"https:\/\/www.africa-press.net\/cameroun\/?s={search_term_string}"},"query-input":{"@type":"PropertyValueSpecification","valueRequired":true,"valueName":"search_term_string"}}],"inLanguage":"fr-FR"},{"@type":"Person","@id":"https:\/\/www.africa-press.net\/cameroun\/#\/schema\/person\/2b1cf3cd81a31e3cd26889ca66d677f1","name":"cfeditorfr"}]}},"_links":{"self":[{"href":"https:\/\/www.africa-press.net\/cameroun\/wp-json\/wp\/v2\/posts\/29357","targetHints":{"allow":["GET"]}}],"collection":[{"href":"https:\/\/www.africa-press.net\/cameroun\/wp-json\/wp\/v2\/posts"}],"about":[{"href":"https:\/\/www.africa-press.net\/cameroun\/wp-json\/wp\/v2\/types\/post"}],"author":[{"embeddable":true,"href":"https:\/\/www.africa-press.net\/cameroun\/wp-json\/wp\/v2\/users\/82"}],"replies":[{"embeddable":true,"href":"https:\/\/www.africa-press.net\/cameroun\/wp-json\/wp\/v2\/comments?post=29357"}],"version-history":[{"count":0,"href":"https:\/\/www.africa-press.net\/cameroun\/wp-json\/wp\/v2\/posts\/29357\/revisions"}],"wp:featuredmedia":[{"embeddable":true,"href":"https:\/\/www.africa-press.net\/cameroun\/wp-json\/wp\/v2\/media\/29356"}],"wp:attachment":[{"href":"https:\/\/www.africa-press.net\/cameroun\/wp-json\/wp\/v2\/media?parent=29357"}],"wp:term":[{"taxonomy":"category","embeddable":true,"href":"https:\/\/www.africa-press.net\/cameroun\/wp-json\/wp\/v2\/categories?post=29357"},{"taxonomy":"post_tag","embeddable":true,"href":"https:\/\/www.africa-press.net\/cameroun\/wp-json\/wp\/v2\/tags?post=29357"}],"curies":[{"name":"wp","href":"https:\/\/api.w.org\/{rel}","templated":true}]}}