{"id":2937,"date":"2021-05-01T17:21:50","date_gmt":"2021-05-01T17:21:50","guid":{"rendered":"https:\/\/www.africa-press.net\/cameroun\/politique\/assassinat-de-idriss-deby-itno-voici-les-prochaines-victimes-sur-la-liste"},"modified":"2021-05-01T19:45:00","modified_gmt":"2021-05-01T19:45:00","slug":"assassinat-de-idriss-deby-itno-voici-les-prochaines-victimes-sur-la-liste","status":"publish","type":"post","link":"https:\/\/www.africa-press.net\/cameroun\/politique\/assassinat-de-idriss-deby-itno-voici-les-prochaines-victimes-sur-la-liste","title":{"rendered":"Assassinat de Idriss Deby Itno: voici les prochaines victimes sur la liste"},"content":{"rendered":"<p><span style=\"color: #ff6600\"><strong><a href=\"https:\/\/www.africa-press.net\/\">Africa-Press<\/a> &#8211; <a href=\"https:\/\/www.africa-press.net\/cameroun\">Cameroun<\/a>. <\/strong><\/span>La mort par balles re\u00e7us au front du mar\u00e9chal Idriss Dedy Itno a tenu en emoi toute l&rsquo;Afrique et au-del\u00e0 de ses fronti\u00e8res. D&rsquo;aucuns parlent de l&rsquo;assassinat par sa garde rapproch\u00e9e aid\u00e9e par &lsquo;la France, tandis que d&rsquo;autres croient comme fer qu&rsquo;il a re\u00e7u les balles provenant des rebelles.<\/p>\n<p>Des th\u00e8ses confondues qui laissent entrevoir difficilement la v\u00e9rit\u00e9. Mais une chose est rassure, Patrice Nouma, ceci n&rsquo;est qu&rsquo;un d\u00e9but d&rsquo;une s\u00e9rie d&rsquo;assassinat des pr\u00e9sidents francophones r\u00e9calcitrants qui se r\u00e9voltent \u00e0 obeir et \u00e0 respecter les int\u00e9r\u00eats de le n\u00e9o-colonialisme. Il cite le nom de Paul Biya , pr\u00e9sident camerounais comme prochain de la liste pour faire asseoir son Franck Biya comme le cas actuellement au Tchad du fils Mahamat Deby Itno.<\/p>\n<p>Suivez les d\u00e9tails dans ces vid\u00e9os ci-dessous<\/p>\n<p><iframe loading=\"lazy\" title=\"APRES L&#039;ASSASSINAT DE DEBY LES PROCHAINS SONT OBIANG&amp;FILS TEODORO,ALI BONGO,BIYA &amp;SA FEMME,SASSOU\/5\" width=\"696\" height=\"392\" src=\"https:\/\/www.youtube.com\/embed\/6VK41-KUlyw?feature=oembed\" frameborder=\"0\" allow=\"accelerometer; autoplay; clipboard-write; encrypted-media; gyroscope; picture-in-picture\" allowfullscreen><\/iframe><\/p>\n<p><iframe loading=\"lazy\" title=\"APRES L&#039;ASSASSINAT DE DEBY LES PROCHAINS SONT OBIANG&amp;FILS TEODORO,ALI BONGO,BIYA &amp;SA FEMME,SASSOU\/4\" width=\"696\" height=\"392\" src=\"https:\/\/www.youtube.com\/embed\/tE-q0iqcMus?feature=oembed\" frameborder=\"0\" allow=\"accelerometer; autoplay; clipboard-write; encrypted-media; gyroscope; picture-in-picture\" allowfullscreen><\/iframe><\/p>\n<p><iframe loading=\"lazy\" title=\"ASSASSINAT DU PRESIDENT IDRISS DEBY, AGENT FRANCAIS EN MISSION AU TCHAD DEVENUE TROP BAVARD\/PART1\" width=\"696\" height=\"392\" src=\"https:\/\/www.youtube.com\/embed\/KB0r587WZiE?feature=oembed\" frameborder=\"0\" allow=\"accelerometer; autoplay; clipboard-write; encrypted-media; gyroscope; picture-in-picture\" allowfullscreen><\/iframe><\/p>\n","protected":false},"excerpt":{"rendered":"<p>Africa-Press &#8211; Cameroun. La mort par balles re\u00e7us au front du mar\u00e9chal Idriss Dedy Itno a tenu en emoi toute l&rsquo;Afrique et au-del\u00e0 de ses fronti\u00e8res. D&rsquo;aucuns parlent de l&rsquo;assassinat par sa garde rapproch\u00e9e aid\u00e9e par &lsquo;la France, tandis que d&rsquo;autres croient comme fer qu&rsquo;il a re\u00e7u les balles provenant des rebelles. Des th\u00e8ses confondues [&hellip;]<\/p>\n","protected":false},"author":82,"featured_media":2936,"comment_status":"open","ping_status":"closed","sticky":false,"template":"","format":"standard","meta":{"footnotes":""},"categories":[11,2,10,9],"tags":[36,50,49],"class_list":["post-2937","post","type-post","status-publish","format-standard","has-post-thumbnail","hentry","category-homepage-french","category-politique","category-toutes-les-actualites","category-video","tag-africa-press","tag-africa-press-cameroun","tag-cameroun"],"yoast_head":"<!-- This site is optimized with the Yoast SEO Premium plugin v26.1 (Yoast SEO v27.0) - https:\/\/yoast.com\/product\/yoast-seo-premium-wordpress\/ -->\n<title>Assassinat de Idriss Deby Itno: voici les prochaines victimes sur la liste - Cameroun<\/title>\n<meta name=\"description\" content=\"La mort par balles re\u00e7us au front du mar\u00e9chal Idriss Dedy Itno a tenu en emoi toute l&#039;Afrique et au-del\u00e0 de ses fronti\u00e8r ...\" \/>\n<meta name=\"robots\" content=\"index, follow, max-snippet:-1, max-image-preview:large, max-video-preview:-1\" \/>\n<link rel=\"canonical\" href=\"https:\/\/www.africa-press.net\/cameroun\/politique\/assassinat-de-idriss-deby-itno-voici-les-prochaines-victimes-sur-la-liste\" \/>\n<meta property=\"og:locale\" content=\"fr_FR\" \/>\n<meta property=\"og:type\" content=\"article\" \/>\n<meta property=\"og:title\" content=\"Assassinat de Idriss Deby Itno: voici les prochaines victimes sur la liste\" \/>\n<meta property=\"og:description\" content=\"La mort par balles re\u00e7us au front du mar\u00e9chal Idriss Dedy Itno a tenu en emoi toute l&#039;Afrique et au-del\u00e0 de ses fronti\u00e8r ...\" \/>\n<meta property=\"og:url\" content=\"https:\/\/www.africa-press.net\/cameroun\/politique\/assassinat-de-idriss-deby-itno-voici-les-prochaines-victimes-sur-la-liste\" \/>\n<meta property=\"og:site_name\" content=\"Cameroun\" \/>\n<meta property=\"article:published_time\" content=\"2021-05-01T17:21:50+00:00\" \/>\n<meta property=\"article:modified_time\" content=\"2021-05-01T19:45:00+00:00\" \/>\n<meta property=\"og:image\" content=\"https:\/\/static.africa-press.net\/cameroun\/sites\/57\/2021\/05\/img-608dafa7a3ca4.jpg\" \/>\n\t<meta property=\"og:image:width\" content=\"777\" \/>\n\t<meta property=\"og:image:height\" content=\"472\" \/>\n\t<meta property=\"og:image:type\" content=\"image\/jpeg\" \/>\n<meta name=\"author\" content=\"cfeditorfr\" \/>\n<meta name=\"twitter:card\" content=\"summary_large_image\" \/>\n<meta name=\"twitter:label1\" content=\"\u00c9crit par\" \/>\n\t<meta name=\"twitter:data1\" content=\"cfeditorfr\" \/>\n\t<meta name=\"twitter:label2\" content=\"Dur\u00e9e de lecture estim\u00e9e\" \/>\n\t<meta name=\"twitter:data2\" content=\"1 minute\" \/>\n<script type=\"application\/ld+json\" class=\"yoast-schema-graph\">{\"@context\":\"https:\/\/schema.org\",\"@graph\":[{\"@type\":\"Article\",\"@id\":\"https:\/\/www.africa-press.net\/cameroun\/politique\/assassinat-de-idriss-deby-itno-voici-les-prochaines-victimes-sur-la-liste#article\",\"isPartOf\":{\"@id\":\"https:\/\/www.africa-press.net\/cameroun\/politique\/assassinat-de-idriss-deby-itno-voici-les-prochaines-victimes-sur-la-liste\"},\"author\":{\"name\":\"cfeditorfr\",\"@id\":\"https:\/\/www.africa-press.net\/cameroun\/#\/schema\/person\/2b1cf3cd81a31e3cd26889ca66d677f1\"},\"headline\":\"Assassinat de Idriss Deby Itno: voici les prochaines victimes sur la liste\",\"datePublished\":\"2021-05-01T17:21:50+00:00\",\"dateModified\":\"2021-05-01T19:45:00+00:00\",\"mainEntityOfPage\":{\"@id\":\"https:\/\/www.africa-press.net\/cameroun\/politique\/assassinat-de-idriss-deby-itno-voici-les-prochaines-victimes-sur-la-liste\"},\"wordCount\":193,\"commentCount\":0,\"image\":{\"@id\":\"https:\/\/www.africa-press.net\/cameroun\/politique\/assassinat-de-idriss-deby-itno-voici-les-prochaines-victimes-sur-la-liste#primaryimage\"},\"thumbnailUrl\":\"https:\/\/static.africa-press.net\/cameroun\/sites\/57\/2021\/05\/img-608dafa7a3ca4.jpg\",\"keywords\":[\"Africa Press\",\"Africa Press-Cameroun\",\"Cameroun\"],\"articleSection\":[\"homepage-french\",\"Politique\",\"Toutes les actualit\u00e9s\",\"vid\u00e9o\"],\"inLanguage\":\"fr-FR\",\"potentialAction\":[{\"@type\":\"CommentAction\",\"name\":\"Comment\",\"target\":[\"https:\/\/www.africa-press.net\/cameroun\/politique\/assassinat-de-idriss-deby-itno-voici-les-prochaines-victimes-sur-la-liste#respond\"]}]},{\"@type\":\"WebPage\",\"@id\":\"https:\/\/www.africa-press.net\/cameroun\/politique\/assassinat-de-idriss-deby-itno-voici-les-prochaines-victimes-sur-la-liste\",\"url\":\"https:\/\/www.africa-press.net\/cameroun\/politique\/assassinat-de-idriss-deby-itno-voici-les-prochaines-victimes-sur-la-liste\",\"name\":\"Assassinat de Idriss Deby Itno: voici les prochaines victimes sur la liste - Cameroun\",\"isPartOf\":{\"@id\":\"https:\/\/www.africa-press.net\/cameroun\/#website\"},\"primaryImageOfPage\":{\"@id\":\"https:\/\/www.africa-press.net\/cameroun\/politique\/assassinat-de-idriss-deby-itno-voici-les-prochaines-victimes-sur-la-liste#primaryimage\"},\"image\":{\"@id\":\"https:\/\/www.africa-press.net\/cameroun\/politique\/assassinat-de-idriss-deby-itno-voici-les-prochaines-victimes-sur-la-liste#primaryimage\"},\"thumbnailUrl\":\"https:\/\/static.africa-press.net\/cameroun\/sites\/57\/2021\/05\/img-608dafa7a3ca4.jpg\",\"datePublished\":\"2021-05-01T17:21:50+00:00\",\"dateModified\":\"2021-05-01T19:45:00+00:00\",\"author\":{\"@id\":\"https:\/\/www.africa-press.net\/cameroun\/#\/schema\/person\/2b1cf3cd81a31e3cd26889ca66d677f1\"},\"description\":\"La mort par balles re\u00e7us au front du mar\u00e9chal Idriss Dedy Itno a tenu en emoi toute l'Afrique et au-del\u00e0 de ses fronti\u00e8r ...\",\"breadcrumb\":{\"@id\":\"https:\/\/www.africa-press.net\/cameroun\/politique\/assassinat-de-idriss-deby-itno-voici-les-prochaines-victimes-sur-la-liste#breadcrumb\"},\"inLanguage\":\"fr-FR\",\"potentialAction\":[{\"@type\":\"ReadAction\",\"target\":[\"https:\/\/www.africa-press.net\/cameroun\/politique\/assassinat-de-idriss-deby-itno-voici-les-prochaines-victimes-sur-la-liste\"]}]},{\"@type\":\"ImageObject\",\"inLanguage\":\"fr-FR\",\"@id\":\"https:\/\/www.africa-press.net\/cameroun\/politique\/assassinat-de-idriss-deby-itno-voici-les-prochaines-victimes-sur-la-liste#primaryimage\",\"url\":\"https:\/\/static.africa-press.net\/cameroun\/sites\/57\/2021\/05\/img-608dafa7a3ca4.jpg\",\"contentUrl\":\"https:\/\/static.africa-press.net\/cameroun\/sites\/57\/2021\/05\/img-608dafa7a3ca4.jpg\",\"width\":777,\"height\":472,\"caption\":\"Assassinat de Idriss Deby Itno: voici les prochaines victimes sur la liste\"},{\"@type\":\"BreadcrumbList\",\"@id\":\"https:\/\/www.africa-press.net\/cameroun\/politique\/assassinat-de-idriss-deby-itno-voici-les-prochaines-victimes-sur-la-liste#breadcrumb\",\"itemListElement\":[{\"@type\":\"ListItem\",\"position\":1,\"name\":\"Accueil\",\"item\":\"https:\/\/www.africa-press.net\/cameroun\/\"},{\"@type\":\"ListItem\",\"position\":2,\"name\":\"Assassinat de Idriss Deby Itno: voici les prochaines victimes sur la liste\"}]},{\"@type\":\"WebSite\",\"@id\":\"https:\/\/www.africa-press.net\/cameroun\/#website\",\"url\":\"https:\/\/www.africa-press.net\/cameroun\/\",\"name\":\"Cameroun\",\"description\":\"Just another Africa News Agency Sites site\",\"potentialAction\":[{\"@type\":\"SearchAction\",\"target\":{\"@type\":\"EntryPoint\",\"urlTemplate\":\"https:\/\/www.africa-press.net\/cameroun\/?s={search_term_string}\"},\"query-input\":{\"@type\":\"PropertyValueSpecification\",\"valueRequired\":true,\"valueName\":\"search_term_string\"}}],\"inLanguage\":\"fr-FR\"},{\"@type\":\"Person\",\"@id\":\"https:\/\/www.africa-press.net\/cameroun\/#\/schema\/person\/2b1cf3cd81a31e3cd26889ca66d677f1\",\"name\":\"cfeditorfr\"}]}<\/script>\n<!-- \/ Yoast SEO Premium plugin. -->","yoast_head_json":{"title":"Assassinat de Idriss Deby Itno: voici les prochaines victimes sur la liste - Cameroun","description":"La mort par balles re\u00e7us au front du mar\u00e9chal Idriss Dedy Itno a tenu en emoi toute l'Afrique et au-del\u00e0 de ses fronti\u00e8r ...","robots":{"index":"index","follow":"follow","max-snippet":"max-snippet:-1","max-image-preview":"max-image-preview:large","max-video-preview":"max-video-preview:-1"},"canonical":"https:\/\/www.africa-press.net\/cameroun\/politique\/assassinat-de-idriss-deby-itno-voici-les-prochaines-victimes-sur-la-liste","og_locale":"fr_FR","og_type":"article","og_title":"Assassinat de Idriss Deby Itno: voici les prochaines victimes sur la liste","og_description":"La mort par balles re\u00e7us au front du mar\u00e9chal Idriss Dedy Itno a tenu en emoi toute l'Afrique et au-del\u00e0 de ses fronti\u00e8r ...","og_url":"https:\/\/www.africa-press.net\/cameroun\/politique\/assassinat-de-idriss-deby-itno-voici-les-prochaines-victimes-sur-la-liste","og_site_name":"Cameroun","article_published_time":"2021-05-01T17:21:50+00:00","article_modified_time":"2021-05-01T19:45:00+00:00","og_image":[{"width":777,"height":472,"url":"https:\/\/static.africa-press.net\/cameroun\/sites\/57\/2021\/05\/img-608dafa7a3ca4.jpg","type":"image\/jpeg"}],"author":"cfeditorfr","twitter_card":"summary_large_image","twitter_misc":{"\u00c9crit par":"cfeditorfr","Dur\u00e9e de lecture estim\u00e9e":"1 minute"},"schema":{"@context":"https:\/\/schema.org","@graph":[{"@type":"Article","@id":"https:\/\/www.africa-press.net\/cameroun\/politique\/assassinat-de-idriss-deby-itno-voici-les-prochaines-victimes-sur-la-liste#article","isPartOf":{"@id":"https:\/\/www.africa-press.net\/cameroun\/politique\/assassinat-de-idriss-deby-itno-voici-les-prochaines-victimes-sur-la-liste"},"author":{"name":"cfeditorfr","@id":"https:\/\/www.africa-press.net\/cameroun\/#\/schema\/person\/2b1cf3cd81a31e3cd26889ca66d677f1"},"headline":"Assassinat de Idriss Deby Itno: voici les prochaines victimes sur la liste","datePublished":"2021-05-01T17:21:50+00:00","dateModified":"2021-05-01T19:45:00+00:00","mainEntityOfPage":{"@id":"https:\/\/www.africa-press.net\/cameroun\/politique\/assassinat-de-idriss-deby-itno-voici-les-prochaines-victimes-sur-la-liste"},"wordCount":193,"commentCount":0,"image":{"@id":"https:\/\/www.africa-press.net\/cameroun\/politique\/assassinat-de-idriss-deby-itno-voici-les-prochaines-victimes-sur-la-liste#primaryimage"},"thumbnailUrl":"https:\/\/static.africa-press.net\/cameroun\/sites\/57\/2021\/05\/img-608dafa7a3ca4.jpg","keywords":["Africa Press","Africa Press-Cameroun","Cameroun"],"articleSection":["homepage-french","Politique","Toutes les actualit\u00e9s","vid\u00e9o"],"inLanguage":"fr-FR","potentialAction":[{"@type":"CommentAction","name":"Comment","target":["https:\/\/www.africa-press.net\/cameroun\/politique\/assassinat-de-idriss-deby-itno-voici-les-prochaines-victimes-sur-la-liste#respond"]}]},{"@type":"WebPage","@id":"https:\/\/www.africa-press.net\/cameroun\/politique\/assassinat-de-idriss-deby-itno-voici-les-prochaines-victimes-sur-la-liste","url":"https:\/\/www.africa-press.net\/cameroun\/politique\/assassinat-de-idriss-deby-itno-voici-les-prochaines-victimes-sur-la-liste","name":"Assassinat de Idriss Deby Itno: voici les prochaines victimes sur la liste - Cameroun","isPartOf":{"@id":"https:\/\/www.africa-press.net\/cameroun\/#website"},"primaryImageOfPage":{"@id":"https:\/\/www.africa-press.net\/cameroun\/politique\/assassinat-de-idriss-deby-itno-voici-les-prochaines-victimes-sur-la-liste#primaryimage"},"image":{"@id":"https:\/\/www.africa-press.net\/cameroun\/politique\/assassinat-de-idriss-deby-itno-voici-les-prochaines-victimes-sur-la-liste#primaryimage"},"thumbnailUrl":"https:\/\/static.africa-press.net\/cameroun\/sites\/57\/2021\/05\/img-608dafa7a3ca4.jpg","datePublished":"2021-05-01T17:21:50+00:00","dateModified":"2021-05-01T19:45:00+00:00","author":{"@id":"https:\/\/www.africa-press.net\/cameroun\/#\/schema\/person\/2b1cf3cd81a31e3cd26889ca66d677f1"},"description":"La mort par balles re\u00e7us au front du mar\u00e9chal Idriss Dedy Itno a tenu en emoi toute l'Afrique et au-del\u00e0 de ses fronti\u00e8r ...","breadcrumb":{"@id":"https:\/\/www.africa-press.net\/cameroun\/politique\/assassinat-de-idriss-deby-itno-voici-les-prochaines-victimes-sur-la-liste#breadcrumb"},"inLanguage":"fr-FR","potentialAction":[{"@type":"ReadAction","target":["https:\/\/www.africa-press.net\/cameroun\/politique\/assassinat-de-idriss-deby-itno-voici-les-prochaines-victimes-sur-la-liste"]}]},{"@type":"ImageObject","inLanguage":"fr-FR","@id":"https:\/\/www.africa-press.net\/cameroun\/politique\/assassinat-de-idriss-deby-itno-voici-les-prochaines-victimes-sur-la-liste#primaryimage","url":"https:\/\/static.africa-press.net\/cameroun\/sites\/57\/2021\/05\/img-608dafa7a3ca4.jpg","contentUrl":"https:\/\/static.africa-press.net\/cameroun\/sites\/57\/2021\/05\/img-608dafa7a3ca4.jpg","width":777,"height":472,"caption":"Assassinat de Idriss Deby Itno: voici les prochaines victimes sur la liste"},{"@type":"BreadcrumbList","@id":"https:\/\/www.africa-press.net\/cameroun\/politique\/assassinat-de-idriss-deby-itno-voici-les-prochaines-victimes-sur-la-liste#breadcrumb","itemListElement":[{"@type":"ListItem","position":1,"name":"Accueil","item":"https:\/\/www.africa-press.net\/cameroun\/"},{"@type":"ListItem","position":2,"name":"Assassinat de Idriss Deby Itno: voici les prochaines victimes sur la liste"}]},{"@type":"WebSite","@id":"https:\/\/www.africa-press.net\/cameroun\/#website","url":"https:\/\/www.africa-press.net\/cameroun\/","name":"Cameroun","description":"Just another Africa News Agency Sites site","potentialAction":[{"@type":"SearchAction","target":{"@type":"EntryPoint","urlTemplate":"https:\/\/www.africa-press.net\/cameroun\/?s={search_term_string}"},"query-input":{"@type":"PropertyValueSpecification","valueRequired":true,"valueName":"search_term_string"}}],"inLanguage":"fr-FR"},{"@type":"Person","@id":"https:\/\/www.africa-press.net\/cameroun\/#\/schema\/person\/2b1cf3cd81a31e3cd26889ca66d677f1","name":"cfeditorfr"}]}},"_links":{"self":[{"href":"https:\/\/www.africa-press.net\/cameroun\/wp-json\/wp\/v2\/posts\/2937","targetHints":{"allow":["GET"]}}],"collection":[{"href":"https:\/\/www.africa-press.net\/cameroun\/wp-json\/wp\/v2\/posts"}],"about":[{"href":"https:\/\/www.africa-press.net\/cameroun\/wp-json\/wp\/v2\/types\/post"}],"author":[{"embeddable":true,"href":"https:\/\/www.africa-press.net\/cameroun\/wp-json\/wp\/v2\/users\/82"}],"replies":[{"embeddable":true,"href":"https:\/\/www.africa-press.net\/cameroun\/wp-json\/wp\/v2\/comments?post=2937"}],"version-history":[{"count":0,"href":"https:\/\/www.africa-press.net\/cameroun\/wp-json\/wp\/v2\/posts\/2937\/revisions"}],"wp:featuredmedia":[{"embeddable":true,"href":"https:\/\/www.africa-press.net\/cameroun\/wp-json\/wp\/v2\/media\/2936"}],"wp:attachment":[{"href":"https:\/\/www.africa-press.net\/cameroun\/wp-json\/wp\/v2\/media?parent=2937"}],"wp:term":[{"taxonomy":"category","embeddable":true,"href":"https:\/\/www.africa-press.net\/cameroun\/wp-json\/wp\/v2\/categories?post=2937"},{"taxonomy":"post_tag","embeddable":true,"href":"https:\/\/www.africa-press.net\/cameroun\/wp-json\/wp\/v2\/tags?post=2937"}],"curies":[{"name":"wp","href":"https:\/\/api.w.org\/{rel}","templated":true}]}}