{"id":29384,"date":"2022-10-13T18:16:00","date_gmt":"2022-10-13T18:16:00","guid":{"rendered":"https:\/\/www.africa-press.net\/cameroun\/politique\/lignes-65-et-94-le-ciel-tombe-sur-la-tete-de-mebe-ngoo"},"modified":"2022-10-13T19:03:26","modified_gmt":"2022-10-13T19:03:26","slug":"lignes-65-et-94-le-ciel-tombe-sur-la-tete-de-mebe-ngoo","status":"publish","type":"post","link":"https:\/\/www.africa-press.net\/cameroun\/toutes-les-actualites\/lignes-65-et-94-le-ciel-tombe-sur-la-tete-de-mebe-ngoo","title":{"rendered":"Lignes 65 et 94 : le ciel tombe sur la t\u00eate de Mebe Ngo&rsquo;o"},"content":{"rendered":"<p><span style=\"color: #ff6600\"><strong>Africa-Press &#8211; Cameroun. <\/strong><\/span>Apre\u0300s avoir fait feu de tout bois pour couler l\u2019ex ministre de\u0301le\u0301gue\u0301 a\u0300 la pre\u0301sidence de la Re\u0301publique charge\u0301 de la De\u0301fense au Tribunal criminel spe\u0301cial, des personnes tapies dans l&rsquo;ombre profitent de l\u2019actualite\u0301 autour de la gestion chaotique de ces lignes de souverainete\u0301 pour livrer l\u2019infortune\u0301 a\u0300 la vindicte populaire.<\/p>\n<p>Il ne manquait plus que c\u0327a ! Le nom d\u2019Edgard Alain Mebe Ngo\u2019o figure dans la liste des personnels du ministe\u0300re des Finances attendus a\u0300 la Division des inspections et de contro\u0302le des administrations publiques au ministe\u0300re de\u0301le\u0301gue\u0301 a\u0300 la pre\u0301sidence de la Re\u0301publique charge\u0301 du contro\u0302le supe\u0301rieur de l\u2019Etat (CONSUPE) dans le cadre de l\u2019audit de la gestion des ressources issues des chapitres 65 (de\u0301penses communes de fonctionnement) et 94 (interventions en investissements) au titre des exercices allant de 2010 a\u0300 2021. L\u2019ex ministre de\u0301le\u0301gue\u0301 a\u0300 la pre\u0301sidence de la Re\u0301publique charge\u0301 de la De\u0301fense re\u0301pertorie\u0301 au nume\u0301ro 396, est attendu, muni des pie\u0300ces justificatives des ope\u0301rations budge\u0301taires et comptables de l\u2019Etat du moment ou\u0300 il e\u0301tait en fonction.<\/p>\n<p>Le plus intrigant dans ce document c\u2019est que ve\u0301rifications faites, le nom de l\u2019ancien ministre des Transports n&rsquo;aurait pas du\u0302 y figurer n&rsquo;ayant jamais servi au MINFI. Serait-ce donc une nouvelle trouvaille en date qui consiste a\u0300 inscrire subrepticement son nom, assorti de son matricule solde dans liste des personnels du MINFI devant se pre\u0301senter devant la mission du CONSUPE commise a\u0300 l&rsquo;audit des lignes 65 et 94 ? Fallait-il absolument imputer a\u0300 l&rsquo;ancien MINDEF des malversations imaginaires ? A qui profite cette sale besogne ?<\/p>\n<p>N\u2019est-ce une nouvelle forfaiture qui vient se greffer a\u0300 d&rsquo;autres faits aussi rocambolesques qu\u2019invraisemblables a\u0300 reverser pre\u0301tentieusement dans le dossier Mebe Ngo\u2019o ? En mars 2019, l&rsquo;affaire des montagnes de billets de banques diffuse\u0301e par France 24, une oeuvre de l&rsquo;artiste espagnol Alejandro Monge lors d&rsquo;une exposition a\u0300 Madrid mais pre\u0301sente\u0301e comme le fruit des perquisitions effectue\u0301es au domicile de l&rsquo;ancien MINDEF et pactole auquel madame Bernadette Mebe Ngo\u2019o aurait tente\u0301 de mettre le feu a\u0300 l&rsquo;arrive\u0301e de la police, avait de\u0301fraye\u0301 la chronique. L\u2019histoire totalement cousue de fil blanc, mais confirme\u0301e par de hauts responsables, de la pre\u0301tendue arrestation du Colonel Elie Mboutou, porteur d&rsquo;une mallette contenant 2 millions d&rsquo;euros a\u0300 lui remise par Mebe Ngo\u2019o pour l&rsquo;achat d&rsquo;un appartement a\u0300 Paris et le soutien destine\u0301 a\u0300 une haute personnalite\u0301 favorite a\u0300 l&rsquo;e\u0301lection pre\u0301sidentielle franc\u0327aise, rajoutait de l\u2019huile sur le feu.<\/p>\n<p>Acharnement et manipulation Que dire du de\u0301tournement absurde et insense\u0301 de 196 milliards 800 millions Fcfa repre\u0301sentant le montant inte\u0301gral d&rsquo;une Convention de pre\u0302t signe\u0301e entre le Cameroun et la Chine pour l&rsquo;e\u0301quipement de l&rsquo;arme\u0301e camerounaise ? Tous les mate\u0301riels militaires pre\u0301vus ont e\u0301te\u0301 livre\u0301s par la Chine, tandis que la dette y affe\u0301rente est en cours de remboursement par le Cameroun. Au me\u0301pris des Commissions rogatoires envoye\u0301es en France, en Belgique et au Maroc, Mebe Ngo\u2019o est accuse\u0301 par des mains noires, d&rsquo;e\u0302tre poursuivi par la Justice franc\u0327aise, d&rsquo;y disposer d&rsquo;une multitude de comptes bancaires dont certains, jamais identifie\u0301s et retrace\u0301s, dans des paradis fiscaux et autres comptes offshore.<\/p>\n<p>Jusqu&rsquo;ou\u0300 et jusqu\u2019a\u0300 quand prospe\u0300reront l&rsquo;acharnement et la manipulation ? Et dire que cela fait 23 ans que toutes les missions des ministres a\u0300 l&rsquo;e\u0301tranger sont soumises a\u0300 la sanction positive ou ne\u0301gative du chef de l&rsquo;E\u0301tat. Le Messager avait sans doute vu juste lorsqu\u2019il mentionnait dans son e\u0301dition du lundi 10 octobre 2022 que la de\u0301cision de Ferdinand Ngoh Ngoh, ministre d\u2019Etat\/Secre\u0301taire ge\u0301ne\u0301ral de la pre\u0301sidence de la Re\u0301publique, d\u2019inviter des agents du ministe\u0300re des Finances a\u0300 justifier devant le CONSUPE entre autres, les frais de mission perc\u0327us au cours de la pe\u0301riode allant de 2010 a\u0300 2021 sur la ligne 65, cacherait mal des man\u0153uvres souterraines inscrites dans la perspective des batailles successorales a\u0300 la veille de 2025.<\/p>\n<p>Tel un cha\u0302teau de cartes, les arguments (ou ce qui en tiennent lieu) de la partie civile au proce\u0300s Mebe Ngo\u2019o ne tombent-ils pas au fil des proce\u0300s ? C\u2019est a\u0300 croire que la machine a\u0300 broyer qui se de\u0301ploie contre le natif du Dja et Lobo perd progressivement de sa puissance, confortant dans leur postulat, ceux qui estiment que l\u2019ex MINDEF n\u2019est que la victime d\u2019un odieux montage dont les ficelles sont tire\u0301es par des mains tapies dans l\u2019ombre.<\/p>\n<p><strong>Pour plus d&rsquo;informations et d&rsquo;analyses sur la <a href=\"https:\/\/www.africa-press.net\/cameroun\">Cameroun<\/a>, suivez <a href=\"https:\/\/www.africa-press.net\/\">Africa-Press<\/a><\/strong><\/p>\n","protected":false},"excerpt":{"rendered":"<p>Africa-Press &#8211; Cameroun. Apre\u0300s avoir fait feu de tout bois pour couler l\u2019ex ministre de\u0301le\u0301gue\u0301 a\u0300 la pre\u0301sidence de la Re\u0301publique charge\u0301 de la De\u0301fense au Tribunal criminel spe\u0301cial, des personnes tapies dans l&rsquo;ombre profitent de l\u2019actualite\u0301 autour de la gestion chaotique de ces lignes de souverainete\u0301 pour livrer l\u2019infortune\u0301 a\u0300 la vindicte populaire. Il [&hellip;]<\/p>\n","protected":false},"author":82,"featured_media":29383,"comment_status":"open","ping_status":"closed","sticky":false,"template":"","format":"standard","meta":{"footnotes":""},"categories":[21,10],"tags":[36,50,49],"class_list":["post-29384","post","type-post","status-publish","format-standard","has-post-thumbnail","hentry","category-communaute","category-toutes-les-actualites","tag-africa-press","tag-africa-press-cameroun","tag-cameroun"],"yoast_head":"<!-- This site is optimized with the Yoast SEO Premium plugin v26.1 (Yoast SEO v27.0) - https:\/\/yoast.com\/product\/yoast-seo-premium-wordpress\/ -->\n<title>Lignes 65 et 94 : le ciel tombe sur la t\u00eate de Mebe Ngo&#039;o - Cameroun<\/title>\n<meta name=\"description\" content=\"Apre\u0300s avoir fait feu de tout bois pour couler l\u2019ex ministre de\u0301le\u0301gue\u0301 a\u0300 la pre\u0301sidence de la Re\u0301publique charge\u0301 de l ...\" \/>\n<meta name=\"robots\" content=\"index, follow, max-snippet:-1, max-image-preview:large, max-video-preview:-1\" \/>\n<link rel=\"canonical\" href=\"https:\/\/www.africa-press.net\/cameroun\/toutes-les-actualites\/lignes-65-et-94-le-ciel-tombe-sur-la-tete-de-mebe-ngoo\" \/>\n<meta property=\"og:locale\" content=\"fr_FR\" \/>\n<meta property=\"og:type\" content=\"article\" \/>\n<meta property=\"og:title\" content=\"Lignes 65 et 94 : le ciel tombe sur la t\u00eate de Mebe Ngo&#039;o\" \/>\n<meta property=\"og:description\" content=\"Apre\u0300s avoir fait feu de tout bois pour couler l\u2019ex ministre de\u0301le\u0301gue\u0301 a\u0300 la pre\u0301sidence de la Re\u0301publique charge\u0301 de l ...\" \/>\n<meta property=\"og:url\" content=\"https:\/\/www.africa-press.net\/cameroun\/toutes-les-actualites\/lignes-65-et-94-le-ciel-tombe-sur-la-tete-de-mebe-ngoo\" \/>\n<meta property=\"og:site_name\" content=\"Cameroun\" \/>\n<meta property=\"article:published_time\" content=\"2022-10-13T18:16:00+00:00\" \/>\n<meta property=\"article:modified_time\" content=\"2022-10-13T19:03:26+00:00\" \/>\n<meta property=\"og:image\" content=\"https:\/\/static.africa-press.net\/cameroun\/sites\/57\/2022\/10\/postQueueImg_7-634860eb72c43.jpg\" \/>\n\t<meta property=\"og:image:width\" content=\"720\" \/>\n\t<meta property=\"og:image:height\" content=\"550\" \/>\n\t<meta property=\"og:image:type\" content=\"image\/jpeg\" \/>\n<meta name=\"author\" content=\"cfeditorfr\" \/>\n<meta name=\"twitter:card\" content=\"summary_large_image\" \/>\n<meta name=\"twitter:label1\" content=\"\u00c9crit par\" \/>\n\t<meta name=\"twitter:data1\" content=\"cfeditorfr\" \/>\n\t<meta name=\"twitter:label2\" content=\"Dur\u00e9e de lecture estim\u00e9e\" \/>\n\t<meta name=\"twitter:data2\" content=\"4 minutes\" \/>\n<script type=\"application\/ld+json\" class=\"yoast-schema-graph\">{\"@context\":\"https:\/\/schema.org\",\"@graph\":[{\"@type\":\"Article\",\"@id\":\"https:\/\/www.africa-press.net\/cameroun\/toutes-les-actualites\/lignes-65-et-94-le-ciel-tombe-sur-la-tete-de-mebe-ngoo#article\",\"isPartOf\":{\"@id\":\"https:\/\/www.africa-press.net\/cameroun\/toutes-les-actualites\/lignes-65-et-94-le-ciel-tombe-sur-la-tete-de-mebe-ngoo\"},\"author\":{\"name\":\"cfeditorfr\",\"@id\":\"https:\/\/www.africa-press.net\/cameroun\/#\/schema\/person\/2b1cf3cd81a31e3cd26889ca66d677f1\"},\"headline\":\"Lignes 65 et 94 : le ciel tombe sur la t\u00eate de Mebe Ngo&rsquo;o\",\"datePublished\":\"2022-10-13T18:16:00+00:00\",\"dateModified\":\"2022-10-13T19:03:26+00:00\",\"mainEntityOfPage\":{\"@id\":\"https:\/\/www.africa-press.net\/cameroun\/toutes-les-actualites\/lignes-65-et-94-le-ciel-tombe-sur-la-tete-de-mebe-ngoo\"},\"wordCount\":847,\"commentCount\":0,\"image\":{\"@id\":\"https:\/\/www.africa-press.net\/cameroun\/toutes-les-actualites\/lignes-65-et-94-le-ciel-tombe-sur-la-tete-de-mebe-ngoo#primaryimage\"},\"thumbnailUrl\":\"https:\/\/static.africa-press.net\/cameroun\/sites\/57\/2022\/10\/postQueueImg_7-634860eb72c43.jpg\",\"keywords\":[\"Africa Press\",\"Africa Press-Cameroun\",\"Cameroun\"],\"articleSection\":[\"Communaut\u00e9\",\"Toutes les actualit\u00e9s\"],\"inLanguage\":\"fr-FR\",\"potentialAction\":[{\"@type\":\"CommentAction\",\"name\":\"Comment\",\"target\":[\"https:\/\/www.africa-press.net\/cameroun\/toutes-les-actualites\/lignes-65-et-94-le-ciel-tombe-sur-la-tete-de-mebe-ngoo#respond\"]}]},{\"@type\":\"WebPage\",\"@id\":\"https:\/\/www.africa-press.net\/cameroun\/toutes-les-actualites\/lignes-65-et-94-le-ciel-tombe-sur-la-tete-de-mebe-ngoo\",\"url\":\"https:\/\/www.africa-press.net\/cameroun\/toutes-les-actualites\/lignes-65-et-94-le-ciel-tombe-sur-la-tete-de-mebe-ngoo\",\"name\":\"Lignes 65 et 94 : le ciel tombe sur la t\u00eate de Mebe Ngo'o - Cameroun\",\"isPartOf\":{\"@id\":\"https:\/\/www.africa-press.net\/cameroun\/#website\"},\"primaryImageOfPage\":{\"@id\":\"https:\/\/www.africa-press.net\/cameroun\/toutes-les-actualites\/lignes-65-et-94-le-ciel-tombe-sur-la-tete-de-mebe-ngoo#primaryimage\"},\"image\":{\"@id\":\"https:\/\/www.africa-press.net\/cameroun\/toutes-les-actualites\/lignes-65-et-94-le-ciel-tombe-sur-la-tete-de-mebe-ngoo#primaryimage\"},\"thumbnailUrl\":\"https:\/\/static.africa-press.net\/cameroun\/sites\/57\/2022\/10\/postQueueImg_7-634860eb72c43.jpg\",\"datePublished\":\"2022-10-13T18:16:00+00:00\",\"dateModified\":\"2022-10-13T19:03:26+00:00\",\"author\":{\"@id\":\"https:\/\/www.africa-press.net\/cameroun\/#\/schema\/person\/2b1cf3cd81a31e3cd26889ca66d677f1\"},\"description\":\"Apre\u0300s avoir fait feu de tout bois pour couler l\u2019ex ministre de\u0301le\u0301gue\u0301 a\u0300 la pre\u0301sidence de la Re\u0301publique charge\u0301 de l ...\",\"breadcrumb\":{\"@id\":\"https:\/\/www.africa-press.net\/cameroun\/toutes-les-actualites\/lignes-65-et-94-le-ciel-tombe-sur-la-tete-de-mebe-ngoo#breadcrumb\"},\"inLanguage\":\"fr-FR\",\"potentialAction\":[{\"@type\":\"ReadAction\",\"target\":[\"https:\/\/www.africa-press.net\/cameroun\/toutes-les-actualites\/lignes-65-et-94-le-ciel-tombe-sur-la-tete-de-mebe-ngoo\"]}]},{\"@type\":\"ImageObject\",\"inLanguage\":\"fr-FR\",\"@id\":\"https:\/\/www.africa-press.net\/cameroun\/toutes-les-actualites\/lignes-65-et-94-le-ciel-tombe-sur-la-tete-de-mebe-ngoo#primaryimage\",\"url\":\"https:\/\/static.africa-press.net\/cameroun\/sites\/57\/2022\/10\/postQueueImg_7-634860eb72c43.jpg\",\"contentUrl\":\"https:\/\/static.africa-press.net\/cameroun\/sites\/57\/2022\/10\/postQueueImg_7-634860eb72c43.jpg\",\"width\":720,\"height\":550,\"caption\":\"Lignes 65 et 94 : le ciel tombe sur la t\u00eate de Mebe Ngo'o\"},{\"@type\":\"BreadcrumbList\",\"@id\":\"https:\/\/www.africa-press.net\/cameroun\/toutes-les-actualites\/lignes-65-et-94-le-ciel-tombe-sur-la-tete-de-mebe-ngoo#breadcrumb\",\"itemListElement\":[{\"@type\":\"ListItem\",\"position\":1,\"name\":\"Accueil\",\"item\":\"https:\/\/www.africa-press.net\/cameroun\/\"},{\"@type\":\"ListItem\",\"position\":2,\"name\":\"Lignes 65 et 94 : le ciel tombe sur la t\u00eate de Mebe Ngo&#8217;o\"}]},{\"@type\":\"WebSite\",\"@id\":\"https:\/\/www.africa-press.net\/cameroun\/#website\",\"url\":\"https:\/\/www.africa-press.net\/cameroun\/\",\"name\":\"Cameroun\",\"description\":\"Just another Africa News Agency Sites site\",\"potentialAction\":[{\"@type\":\"SearchAction\",\"target\":{\"@type\":\"EntryPoint\",\"urlTemplate\":\"https:\/\/www.africa-press.net\/cameroun\/?s={search_term_string}\"},\"query-input\":{\"@type\":\"PropertyValueSpecification\",\"valueRequired\":true,\"valueName\":\"search_term_string\"}}],\"inLanguage\":\"fr-FR\"},{\"@type\":\"Person\",\"@id\":\"https:\/\/www.africa-press.net\/cameroun\/#\/schema\/person\/2b1cf3cd81a31e3cd26889ca66d677f1\",\"name\":\"cfeditorfr\"}]}<\/script>\n<!-- \/ Yoast SEO Premium plugin. -->","yoast_head_json":{"title":"Lignes 65 et 94 : le ciel tombe sur la t\u00eate de Mebe Ngo'o - Cameroun","description":"Apre\u0300s avoir fait feu de tout bois pour couler l\u2019ex ministre de\u0301le\u0301gue\u0301 a\u0300 la pre\u0301sidence de la Re\u0301publique charge\u0301 de l ...","robots":{"index":"index","follow":"follow","max-snippet":"max-snippet:-1","max-image-preview":"max-image-preview:large","max-video-preview":"max-video-preview:-1"},"canonical":"https:\/\/www.africa-press.net\/cameroun\/toutes-les-actualites\/lignes-65-et-94-le-ciel-tombe-sur-la-tete-de-mebe-ngoo","og_locale":"fr_FR","og_type":"article","og_title":"Lignes 65 et 94 : le ciel tombe sur la t\u00eate de Mebe Ngo'o","og_description":"Apre\u0300s avoir fait feu de tout bois pour couler l\u2019ex ministre de\u0301le\u0301gue\u0301 a\u0300 la pre\u0301sidence de la Re\u0301publique charge\u0301 de l ...","og_url":"https:\/\/www.africa-press.net\/cameroun\/toutes-les-actualites\/lignes-65-et-94-le-ciel-tombe-sur-la-tete-de-mebe-ngoo","og_site_name":"Cameroun","article_published_time":"2022-10-13T18:16:00+00:00","article_modified_time":"2022-10-13T19:03:26+00:00","og_image":[{"width":720,"height":550,"url":"https:\/\/static.africa-press.net\/cameroun\/sites\/57\/2022\/10\/postQueueImg_7-634860eb72c43.jpg","type":"image\/jpeg"}],"author":"cfeditorfr","twitter_card":"summary_large_image","twitter_misc":{"\u00c9crit par":"cfeditorfr","Dur\u00e9e de lecture estim\u00e9e":"4 minutes"},"schema":{"@context":"https:\/\/schema.org","@graph":[{"@type":"Article","@id":"https:\/\/www.africa-press.net\/cameroun\/toutes-les-actualites\/lignes-65-et-94-le-ciel-tombe-sur-la-tete-de-mebe-ngoo#article","isPartOf":{"@id":"https:\/\/www.africa-press.net\/cameroun\/toutes-les-actualites\/lignes-65-et-94-le-ciel-tombe-sur-la-tete-de-mebe-ngoo"},"author":{"name":"cfeditorfr","@id":"https:\/\/www.africa-press.net\/cameroun\/#\/schema\/person\/2b1cf3cd81a31e3cd26889ca66d677f1"},"headline":"Lignes 65 et 94 : le ciel tombe sur la t\u00eate de Mebe Ngo&rsquo;o","datePublished":"2022-10-13T18:16:00+00:00","dateModified":"2022-10-13T19:03:26+00:00","mainEntityOfPage":{"@id":"https:\/\/www.africa-press.net\/cameroun\/toutes-les-actualites\/lignes-65-et-94-le-ciel-tombe-sur-la-tete-de-mebe-ngoo"},"wordCount":847,"commentCount":0,"image":{"@id":"https:\/\/www.africa-press.net\/cameroun\/toutes-les-actualites\/lignes-65-et-94-le-ciel-tombe-sur-la-tete-de-mebe-ngoo#primaryimage"},"thumbnailUrl":"https:\/\/static.africa-press.net\/cameroun\/sites\/57\/2022\/10\/postQueueImg_7-634860eb72c43.jpg","keywords":["Africa Press","Africa Press-Cameroun","Cameroun"],"articleSection":["Communaut\u00e9","Toutes les actualit\u00e9s"],"inLanguage":"fr-FR","potentialAction":[{"@type":"CommentAction","name":"Comment","target":["https:\/\/www.africa-press.net\/cameroun\/toutes-les-actualites\/lignes-65-et-94-le-ciel-tombe-sur-la-tete-de-mebe-ngoo#respond"]}]},{"@type":"WebPage","@id":"https:\/\/www.africa-press.net\/cameroun\/toutes-les-actualites\/lignes-65-et-94-le-ciel-tombe-sur-la-tete-de-mebe-ngoo","url":"https:\/\/www.africa-press.net\/cameroun\/toutes-les-actualites\/lignes-65-et-94-le-ciel-tombe-sur-la-tete-de-mebe-ngoo","name":"Lignes 65 et 94 : le ciel tombe sur la t\u00eate de Mebe Ngo'o - Cameroun","isPartOf":{"@id":"https:\/\/www.africa-press.net\/cameroun\/#website"},"primaryImageOfPage":{"@id":"https:\/\/www.africa-press.net\/cameroun\/toutes-les-actualites\/lignes-65-et-94-le-ciel-tombe-sur-la-tete-de-mebe-ngoo#primaryimage"},"image":{"@id":"https:\/\/www.africa-press.net\/cameroun\/toutes-les-actualites\/lignes-65-et-94-le-ciel-tombe-sur-la-tete-de-mebe-ngoo#primaryimage"},"thumbnailUrl":"https:\/\/static.africa-press.net\/cameroun\/sites\/57\/2022\/10\/postQueueImg_7-634860eb72c43.jpg","datePublished":"2022-10-13T18:16:00+00:00","dateModified":"2022-10-13T19:03:26+00:00","author":{"@id":"https:\/\/www.africa-press.net\/cameroun\/#\/schema\/person\/2b1cf3cd81a31e3cd26889ca66d677f1"},"description":"Apre\u0300s avoir fait feu de tout bois pour couler l\u2019ex ministre de\u0301le\u0301gue\u0301 a\u0300 la pre\u0301sidence de la Re\u0301publique charge\u0301 de l ...","breadcrumb":{"@id":"https:\/\/www.africa-press.net\/cameroun\/toutes-les-actualites\/lignes-65-et-94-le-ciel-tombe-sur-la-tete-de-mebe-ngoo#breadcrumb"},"inLanguage":"fr-FR","potentialAction":[{"@type":"ReadAction","target":["https:\/\/www.africa-press.net\/cameroun\/toutes-les-actualites\/lignes-65-et-94-le-ciel-tombe-sur-la-tete-de-mebe-ngoo"]}]},{"@type":"ImageObject","inLanguage":"fr-FR","@id":"https:\/\/www.africa-press.net\/cameroun\/toutes-les-actualites\/lignes-65-et-94-le-ciel-tombe-sur-la-tete-de-mebe-ngoo#primaryimage","url":"https:\/\/static.africa-press.net\/cameroun\/sites\/57\/2022\/10\/postQueueImg_7-634860eb72c43.jpg","contentUrl":"https:\/\/static.africa-press.net\/cameroun\/sites\/57\/2022\/10\/postQueueImg_7-634860eb72c43.jpg","width":720,"height":550,"caption":"Lignes 65 et 94 : le ciel tombe sur la t\u00eate de Mebe Ngo'o"},{"@type":"BreadcrumbList","@id":"https:\/\/www.africa-press.net\/cameroun\/toutes-les-actualites\/lignes-65-et-94-le-ciel-tombe-sur-la-tete-de-mebe-ngoo#breadcrumb","itemListElement":[{"@type":"ListItem","position":1,"name":"Accueil","item":"https:\/\/www.africa-press.net\/cameroun\/"},{"@type":"ListItem","position":2,"name":"Lignes 65 et 94 : le ciel tombe sur la t\u00eate de Mebe Ngo&#8217;o"}]},{"@type":"WebSite","@id":"https:\/\/www.africa-press.net\/cameroun\/#website","url":"https:\/\/www.africa-press.net\/cameroun\/","name":"Cameroun","description":"Just another Africa News Agency Sites site","potentialAction":[{"@type":"SearchAction","target":{"@type":"EntryPoint","urlTemplate":"https:\/\/www.africa-press.net\/cameroun\/?s={search_term_string}"},"query-input":{"@type":"PropertyValueSpecification","valueRequired":true,"valueName":"search_term_string"}}],"inLanguage":"fr-FR"},{"@type":"Person","@id":"https:\/\/www.africa-press.net\/cameroun\/#\/schema\/person\/2b1cf3cd81a31e3cd26889ca66d677f1","name":"cfeditorfr"}]}},"_links":{"self":[{"href":"https:\/\/www.africa-press.net\/cameroun\/wp-json\/wp\/v2\/posts\/29384","targetHints":{"allow":["GET"]}}],"collection":[{"href":"https:\/\/www.africa-press.net\/cameroun\/wp-json\/wp\/v2\/posts"}],"about":[{"href":"https:\/\/www.africa-press.net\/cameroun\/wp-json\/wp\/v2\/types\/post"}],"author":[{"embeddable":true,"href":"https:\/\/www.africa-press.net\/cameroun\/wp-json\/wp\/v2\/users\/82"}],"replies":[{"embeddable":true,"href":"https:\/\/www.africa-press.net\/cameroun\/wp-json\/wp\/v2\/comments?post=29384"}],"version-history":[{"count":0,"href":"https:\/\/www.africa-press.net\/cameroun\/wp-json\/wp\/v2\/posts\/29384\/revisions"}],"wp:featuredmedia":[{"embeddable":true,"href":"https:\/\/www.africa-press.net\/cameroun\/wp-json\/wp\/v2\/media\/29383"}],"wp:attachment":[{"href":"https:\/\/www.africa-press.net\/cameroun\/wp-json\/wp\/v2\/media?parent=29384"}],"wp:term":[{"taxonomy":"category","embeddable":true,"href":"https:\/\/www.africa-press.net\/cameroun\/wp-json\/wp\/v2\/categories?post=29384"},{"taxonomy":"post_tag","embeddable":true,"href":"https:\/\/www.africa-press.net\/cameroun\/wp-json\/wp\/v2\/tags?post=29384"}],"curies":[{"name":"wp","href":"https:\/\/api.w.org\/{rel}","templated":true}]}}