{"id":29413,"date":"2022-10-14T14:30:08","date_gmt":"2022-10-14T14:30:08","guid":{"rendered":"https:\/\/www.africa-press.net\/cameroun\/politique\/traque-des-fonctionnaires-fictifs-le-ministre-joseph-le-devoile-une-liste-de-915-agents-publics-rayes-des-effectifs-de-la-fonction-publique"},"modified":"2022-10-14T16:50:31","modified_gmt":"2022-10-14T16:50:31","slug":"traque-des-fonctionnaires-fictifs-le-ministre-joseph-le-devoile-une-liste-de-915-agents-publics-rayes-des-effectifs-de-la-fonction-publique","status":"publish","type":"post","link":"https:\/\/www.africa-press.net\/cameroun\/toutes-les-actualites\/traque-des-fonctionnaires-fictifs-le-ministre-joseph-le-devoile-une-liste-de-915-agents-publics-rayes-des-effectifs-de-la-fonction-publique","title":{"rendered":"Traque des fonctionnaires fictifs\u00a0: Le Ministre Joseph L\u00e9\u00a0d\u00e9voile une liste de\u00a0915 agents publics ray\u00e9s des effectifs de la Fonction Publique"},"content":{"rendered":"<p><span style=\"color: #ff6600\"><strong>Africa-Press &#8211; Cameroun. <\/strong><\/span>Comme Cameroon-info.net l\u2019a annonce\u0301 dans un pre\u0301ce\u0301dent article, les effectifs de la Fonction publique camerounaise sont conside\u0301rablement en train de s\u2019amenuiser, gra\u0302ce l\u2019ope\u0301ration de Comptage physique des personnels de l\u2019Etat (COPPE), pilote\u0301e par le ministre de la Fonction Publique et de la Re\u0301forme Administrative, Joseph Le\u0301.<\/p>\n<p>Faisant le point de la traque engage\u0301e depuis biento\u0302t deux ans contre des fonctionnaires fictifs, le membre du gouvernement a de\u0301voile\u0301 ce vendredi 14 octobre 2022, une nouvelle liste des 915 agents publics raye\u0301s des effectifs de la Fonction Publique de l\u2019Etat disponible sur le site web du MINFOPRA.<\/p>\n<p>\u00abLe ministre de la Fonction publique et de la Re\u0301forme administrative de\u0301plore que durant les proce\u0301dures, certaines personnes convoque\u0301es par le Conseil permanent de discipline de la fonction publique n\u2019aient pas juge\u0301 utile de de\u0301fe\u0301rer a\u0300 leurs convocations\u00bb peut-on lire dans la note d&rsquo;information du Minfopra.<\/p>\n<p>Ci-dessous, la liste officielle des 915 agents publics raye\u0301s des effectifs de la Fonction Publique de l\u2019Etat<\/p>\n<p><strong>Pour plus d&rsquo;informations et d&rsquo;analyses sur la <a href=\"https:\/\/www.africa-press.net\/cameroun\">Cameroun<\/a>, suivez <a href=\"https:\/\/www.africa-press.net\/\">Africa-Press<\/a><\/strong><\/p>\n","protected":false},"excerpt":{"rendered":"<p>Africa-Press &#8211; Cameroun. Comme Cameroon-info.net l\u2019a annonce\u0301 dans un pre\u0301ce\u0301dent article, les effectifs de la Fonction publique camerounaise sont conside\u0301rablement en train de s\u2019amenuiser, gra\u0302ce l\u2019ope\u0301ration de Comptage physique des personnels de l\u2019Etat (COPPE), pilote\u0301e par le ministre de la Fonction Publique et de la Re\u0301forme Administrative, Joseph Le\u0301. Faisant le point de la traque [&hellip;]<\/p>\n","protected":false},"author":82,"featured_media":29412,"comment_status":"open","ping_status":"closed","sticky":false,"template":"","format":"standard","meta":{"footnotes":""},"categories":[21,10],"tags":[36,50,49],"class_list":["post-29413","post","type-post","status-publish","format-standard","has-post-thumbnail","hentry","category-communaute","category-toutes-les-actualites","tag-africa-press","tag-africa-press-cameroun","tag-cameroun"],"yoast_head":"<!-- This site is optimized with the Yoast SEO Premium plugin v26.1 (Yoast SEO v27.0) - https:\/\/yoast.com\/product\/yoast-seo-premium-wordpress\/ -->\n<title>Traque des fonctionnaires fictifs\u00a0: Le Ministre Joseph L\u00e9\u00a0d\u00e9voile une liste de\u00a0915 agents publics ray\u00e9s des effectifs de la Fonction Publique - Cameroun<\/title>\n<meta name=\"description\" content=\"Comme Cameroon-info.net l\u2019a annonce\u0301 dans un pre\u0301ce\u0301dent article, les effectifs de la Fonction publique camerounaise son ...\" \/>\n<meta name=\"robots\" content=\"index, follow, max-snippet:-1, max-image-preview:large, max-video-preview:-1\" \/>\n<link rel=\"canonical\" href=\"https:\/\/www.africa-press.net\/cameroun\/toutes-les-actualites\/traque-des-fonctionnaires-fictifs-le-ministre-joseph-le-devoile-une-liste-de-915-agents-publics-rayes-des-effectifs-de-la-fonction-publique\" \/>\n<meta property=\"og:locale\" content=\"fr_FR\" \/>\n<meta property=\"og:type\" content=\"article\" \/>\n<meta property=\"og:title\" content=\"Traque des fonctionnaires fictifs\u00a0: Le Ministre Joseph L\u00e9\u00a0d\u00e9voile une liste de\u00a0915 agents publics ray\u00e9s des effectifs de la Fonction Publique\" \/>\n<meta property=\"og:description\" content=\"Comme Cameroon-info.net l\u2019a annonce\u0301 dans un pre\u0301ce\u0301dent article, les effectifs de la Fonction publique camerounaise son ...\" \/>\n<meta property=\"og:url\" content=\"https:\/\/www.africa-press.net\/cameroun\/toutes-les-actualites\/traque-des-fonctionnaires-fictifs-le-ministre-joseph-le-devoile-une-liste-de-915-agents-publics-rayes-des-effectifs-de-la-fonction-publique\" \/>\n<meta property=\"og:site_name\" content=\"Cameroun\" \/>\n<meta property=\"article:published_time\" content=\"2022-10-14T14:30:08+00:00\" \/>\n<meta property=\"article:modified_time\" content=\"2022-10-14T16:50:31+00:00\" \/>\n<meta property=\"og:image\" content=\"https:\/\/static.africa-press.net\/cameroun\/sites\/57\/2022\/10\/img-6349933ba471d.jpg\" \/>\n\t<meta property=\"og:image:width\" content=\"800\" \/>\n\t<meta property=\"og:image:height\" content=\"500\" \/>\n\t<meta property=\"og:image:type\" content=\"image\/jpeg\" \/>\n<meta name=\"author\" content=\"cfeditorfr\" \/>\n<meta name=\"twitter:card\" content=\"summary_large_image\" \/>\n<meta name=\"twitter:label1\" content=\"\u00c9crit par\" \/>\n\t<meta name=\"twitter:data1\" content=\"cfeditorfr\" \/>\n\t<meta name=\"twitter:label2\" content=\"Dur\u00e9e de lecture estim\u00e9e\" \/>\n\t<meta name=\"twitter:data2\" content=\"1 minute\" \/>\n<script type=\"application\/ld+json\" class=\"yoast-schema-graph\">{\"@context\":\"https:\/\/schema.org\",\"@graph\":[{\"@type\":\"Article\",\"@id\":\"https:\/\/www.africa-press.net\/cameroun\/toutes-les-actualites\/traque-des-fonctionnaires-fictifs-le-ministre-joseph-le-devoile-une-liste-de-915-agents-publics-rayes-des-effectifs-de-la-fonction-publique#article\",\"isPartOf\":{\"@id\":\"https:\/\/www.africa-press.net\/cameroun\/toutes-les-actualites\/traque-des-fonctionnaires-fictifs-le-ministre-joseph-le-devoile-une-liste-de-915-agents-publics-rayes-des-effectifs-de-la-fonction-publique\"},\"author\":{\"name\":\"cfeditorfr\",\"@id\":\"https:\/\/www.africa-press.net\/cameroun\/#\/schema\/person\/2b1cf3cd81a31e3cd26889ca66d677f1\"},\"headline\":\"Traque des fonctionnaires fictifs\u00a0: Le Ministre Joseph L\u00e9\u00a0d\u00e9voile une liste de\u00a0915 agents publics ray\u00e9s des effectifs de la Fonction Publique\",\"datePublished\":\"2022-10-14T14:30:08+00:00\",\"dateModified\":\"2022-10-14T16:50:31+00:00\",\"mainEntityOfPage\":{\"@id\":\"https:\/\/www.africa-press.net\/cameroun\/toutes-les-actualites\/traque-des-fonctionnaires-fictifs-le-ministre-joseph-le-devoile-une-liste-de-915-agents-publics-rayes-des-effectifs-de-la-fonction-publique\"},\"wordCount\":219,\"commentCount\":0,\"image\":{\"@id\":\"https:\/\/www.africa-press.net\/cameroun\/toutes-les-actualites\/traque-des-fonctionnaires-fictifs-le-ministre-joseph-le-devoile-une-liste-de-915-agents-publics-rayes-des-effectifs-de-la-fonction-publique#primaryimage\"},\"thumbnailUrl\":\"https:\/\/static.africa-press.net\/cameroun\/sites\/57\/2022\/10\/img-6349933ba471d.jpg\",\"keywords\":[\"Africa Press\",\"Africa Press-Cameroun\",\"Cameroun\"],\"articleSection\":[\"Communaut\u00e9\",\"Toutes les actualit\u00e9s\"],\"inLanguage\":\"fr-FR\",\"potentialAction\":[{\"@type\":\"CommentAction\",\"name\":\"Comment\",\"target\":[\"https:\/\/www.africa-press.net\/cameroun\/toutes-les-actualites\/traque-des-fonctionnaires-fictifs-le-ministre-joseph-le-devoile-une-liste-de-915-agents-publics-rayes-des-effectifs-de-la-fonction-publique#respond\"]}]},{\"@type\":\"WebPage\",\"@id\":\"https:\/\/www.africa-press.net\/cameroun\/toutes-les-actualites\/traque-des-fonctionnaires-fictifs-le-ministre-joseph-le-devoile-une-liste-de-915-agents-publics-rayes-des-effectifs-de-la-fonction-publique\",\"url\":\"https:\/\/www.africa-press.net\/cameroun\/toutes-les-actualites\/traque-des-fonctionnaires-fictifs-le-ministre-joseph-le-devoile-une-liste-de-915-agents-publics-rayes-des-effectifs-de-la-fonction-publique\",\"name\":\"Traque des fonctionnaires fictifs\u00a0: Le Ministre Joseph L\u00e9\u00a0d\u00e9voile une liste de\u00a0915 agents publics ray\u00e9s des effectifs de la Fonction Publique - Cameroun\",\"isPartOf\":{\"@id\":\"https:\/\/www.africa-press.net\/cameroun\/#website\"},\"primaryImageOfPage\":{\"@id\":\"https:\/\/www.africa-press.net\/cameroun\/toutes-les-actualites\/traque-des-fonctionnaires-fictifs-le-ministre-joseph-le-devoile-une-liste-de-915-agents-publics-rayes-des-effectifs-de-la-fonction-publique#primaryimage\"},\"image\":{\"@id\":\"https:\/\/www.africa-press.net\/cameroun\/toutes-les-actualites\/traque-des-fonctionnaires-fictifs-le-ministre-joseph-le-devoile-une-liste-de-915-agents-publics-rayes-des-effectifs-de-la-fonction-publique#primaryimage\"},\"thumbnailUrl\":\"https:\/\/static.africa-press.net\/cameroun\/sites\/57\/2022\/10\/img-6349933ba471d.jpg\",\"datePublished\":\"2022-10-14T14:30:08+00:00\",\"dateModified\":\"2022-10-14T16:50:31+00:00\",\"author\":{\"@id\":\"https:\/\/www.africa-press.net\/cameroun\/#\/schema\/person\/2b1cf3cd81a31e3cd26889ca66d677f1\"},\"description\":\"Comme Cameroon-info.net l\u2019a annonce\u0301 dans un pre\u0301ce\u0301dent article, les effectifs de la Fonction publique camerounaise son ...\",\"breadcrumb\":{\"@id\":\"https:\/\/www.africa-press.net\/cameroun\/toutes-les-actualites\/traque-des-fonctionnaires-fictifs-le-ministre-joseph-le-devoile-une-liste-de-915-agents-publics-rayes-des-effectifs-de-la-fonction-publique#breadcrumb\"},\"inLanguage\":\"fr-FR\",\"potentialAction\":[{\"@type\":\"ReadAction\",\"target\":[\"https:\/\/www.africa-press.net\/cameroun\/toutes-les-actualites\/traque-des-fonctionnaires-fictifs-le-ministre-joseph-le-devoile-une-liste-de-915-agents-publics-rayes-des-effectifs-de-la-fonction-publique\"]}]},{\"@type\":\"ImageObject\",\"inLanguage\":\"fr-FR\",\"@id\":\"https:\/\/www.africa-press.net\/cameroun\/toutes-les-actualites\/traque-des-fonctionnaires-fictifs-le-ministre-joseph-le-devoile-une-liste-de-915-agents-publics-rayes-des-effectifs-de-la-fonction-publique#primaryimage\",\"url\":\"https:\/\/static.africa-press.net\/cameroun\/sites\/57\/2022\/10\/img-6349933ba471d.jpg\",\"contentUrl\":\"https:\/\/static.africa-press.net\/cameroun\/sites\/57\/2022\/10\/img-6349933ba471d.jpg\",\"width\":800,\"height\":500,\"caption\":\"Traque des fonctionnaires fictifs\u00a0: Le Ministre Joseph L\u00e9\u00a0d\u00e9voile une liste de\u00a0915 agents publics ray\u00e9s des effectifs de la Fonction Publique\"},{\"@type\":\"BreadcrumbList\",\"@id\":\"https:\/\/www.africa-press.net\/cameroun\/toutes-les-actualites\/traque-des-fonctionnaires-fictifs-le-ministre-joseph-le-devoile-une-liste-de-915-agents-publics-rayes-des-effectifs-de-la-fonction-publique#breadcrumb\",\"itemListElement\":[{\"@type\":\"ListItem\",\"position\":1,\"name\":\"Accueil\",\"item\":\"https:\/\/www.africa-press.net\/cameroun\/\"},{\"@type\":\"ListItem\",\"position\":2,\"name\":\"Traque des fonctionnaires fictifs\u00a0: Le Ministre Joseph L\u00e9\u00a0d\u00e9voile une liste de\u00a0915 agents publics ray\u00e9s des effectifs de la Fonction Publique\"}]},{\"@type\":\"WebSite\",\"@id\":\"https:\/\/www.africa-press.net\/cameroun\/#website\",\"url\":\"https:\/\/www.africa-press.net\/cameroun\/\",\"name\":\"Cameroun\",\"description\":\"Just another Africa News Agency Sites site\",\"potentialAction\":[{\"@type\":\"SearchAction\",\"target\":{\"@type\":\"EntryPoint\",\"urlTemplate\":\"https:\/\/www.africa-press.net\/cameroun\/?s={search_term_string}\"},\"query-input\":{\"@type\":\"PropertyValueSpecification\",\"valueRequired\":true,\"valueName\":\"search_term_string\"}}],\"inLanguage\":\"fr-FR\"},{\"@type\":\"Person\",\"@id\":\"https:\/\/www.africa-press.net\/cameroun\/#\/schema\/person\/2b1cf3cd81a31e3cd26889ca66d677f1\",\"name\":\"cfeditorfr\"}]}<\/script>\n<!-- \/ Yoast SEO Premium plugin. -->","yoast_head_json":{"title":"Traque des fonctionnaires fictifs\u00a0: Le Ministre Joseph L\u00e9\u00a0d\u00e9voile une liste de\u00a0915 agents publics ray\u00e9s des effectifs de la Fonction Publique - Cameroun","description":"Comme Cameroon-info.net l\u2019a annonce\u0301 dans un pre\u0301ce\u0301dent article, les effectifs de la Fonction publique camerounaise son ...","robots":{"index":"index","follow":"follow","max-snippet":"max-snippet:-1","max-image-preview":"max-image-preview:large","max-video-preview":"max-video-preview:-1"},"canonical":"https:\/\/www.africa-press.net\/cameroun\/toutes-les-actualites\/traque-des-fonctionnaires-fictifs-le-ministre-joseph-le-devoile-une-liste-de-915-agents-publics-rayes-des-effectifs-de-la-fonction-publique","og_locale":"fr_FR","og_type":"article","og_title":"Traque des fonctionnaires fictifs\u00a0: Le Ministre Joseph L\u00e9\u00a0d\u00e9voile une liste de\u00a0915 agents publics ray\u00e9s des effectifs de la Fonction Publique","og_description":"Comme Cameroon-info.net l\u2019a annonce\u0301 dans un pre\u0301ce\u0301dent article, les effectifs de la Fonction publique camerounaise son ...","og_url":"https:\/\/www.africa-press.net\/cameroun\/toutes-les-actualites\/traque-des-fonctionnaires-fictifs-le-ministre-joseph-le-devoile-une-liste-de-915-agents-publics-rayes-des-effectifs-de-la-fonction-publique","og_site_name":"Cameroun","article_published_time":"2022-10-14T14:30:08+00:00","article_modified_time":"2022-10-14T16:50:31+00:00","og_image":[{"width":800,"height":500,"url":"https:\/\/static.africa-press.net\/cameroun\/sites\/57\/2022\/10\/img-6349933ba471d.jpg","type":"image\/jpeg"}],"author":"cfeditorfr","twitter_card":"summary_large_image","twitter_misc":{"\u00c9crit par":"cfeditorfr","Dur\u00e9e de lecture estim\u00e9e":"1 minute"},"schema":{"@context":"https:\/\/schema.org","@graph":[{"@type":"Article","@id":"https:\/\/www.africa-press.net\/cameroun\/toutes-les-actualites\/traque-des-fonctionnaires-fictifs-le-ministre-joseph-le-devoile-une-liste-de-915-agents-publics-rayes-des-effectifs-de-la-fonction-publique#article","isPartOf":{"@id":"https:\/\/www.africa-press.net\/cameroun\/toutes-les-actualites\/traque-des-fonctionnaires-fictifs-le-ministre-joseph-le-devoile-une-liste-de-915-agents-publics-rayes-des-effectifs-de-la-fonction-publique"},"author":{"name":"cfeditorfr","@id":"https:\/\/www.africa-press.net\/cameroun\/#\/schema\/person\/2b1cf3cd81a31e3cd26889ca66d677f1"},"headline":"Traque des fonctionnaires fictifs\u00a0: Le Ministre Joseph L\u00e9\u00a0d\u00e9voile une liste de\u00a0915 agents publics ray\u00e9s des effectifs de la Fonction Publique","datePublished":"2022-10-14T14:30:08+00:00","dateModified":"2022-10-14T16:50:31+00:00","mainEntityOfPage":{"@id":"https:\/\/www.africa-press.net\/cameroun\/toutes-les-actualites\/traque-des-fonctionnaires-fictifs-le-ministre-joseph-le-devoile-une-liste-de-915-agents-publics-rayes-des-effectifs-de-la-fonction-publique"},"wordCount":219,"commentCount":0,"image":{"@id":"https:\/\/www.africa-press.net\/cameroun\/toutes-les-actualites\/traque-des-fonctionnaires-fictifs-le-ministre-joseph-le-devoile-une-liste-de-915-agents-publics-rayes-des-effectifs-de-la-fonction-publique#primaryimage"},"thumbnailUrl":"https:\/\/static.africa-press.net\/cameroun\/sites\/57\/2022\/10\/img-6349933ba471d.jpg","keywords":["Africa Press","Africa Press-Cameroun","Cameroun"],"articleSection":["Communaut\u00e9","Toutes les actualit\u00e9s"],"inLanguage":"fr-FR","potentialAction":[{"@type":"CommentAction","name":"Comment","target":["https:\/\/www.africa-press.net\/cameroun\/toutes-les-actualites\/traque-des-fonctionnaires-fictifs-le-ministre-joseph-le-devoile-une-liste-de-915-agents-publics-rayes-des-effectifs-de-la-fonction-publique#respond"]}]},{"@type":"WebPage","@id":"https:\/\/www.africa-press.net\/cameroun\/toutes-les-actualites\/traque-des-fonctionnaires-fictifs-le-ministre-joseph-le-devoile-une-liste-de-915-agents-publics-rayes-des-effectifs-de-la-fonction-publique","url":"https:\/\/www.africa-press.net\/cameroun\/toutes-les-actualites\/traque-des-fonctionnaires-fictifs-le-ministre-joseph-le-devoile-une-liste-de-915-agents-publics-rayes-des-effectifs-de-la-fonction-publique","name":"Traque des fonctionnaires fictifs\u00a0: Le Ministre Joseph L\u00e9\u00a0d\u00e9voile une liste de\u00a0915 agents publics ray\u00e9s des effectifs de la Fonction Publique - Cameroun","isPartOf":{"@id":"https:\/\/www.africa-press.net\/cameroun\/#website"},"primaryImageOfPage":{"@id":"https:\/\/www.africa-press.net\/cameroun\/toutes-les-actualites\/traque-des-fonctionnaires-fictifs-le-ministre-joseph-le-devoile-une-liste-de-915-agents-publics-rayes-des-effectifs-de-la-fonction-publique#primaryimage"},"image":{"@id":"https:\/\/www.africa-press.net\/cameroun\/toutes-les-actualites\/traque-des-fonctionnaires-fictifs-le-ministre-joseph-le-devoile-une-liste-de-915-agents-publics-rayes-des-effectifs-de-la-fonction-publique#primaryimage"},"thumbnailUrl":"https:\/\/static.africa-press.net\/cameroun\/sites\/57\/2022\/10\/img-6349933ba471d.jpg","datePublished":"2022-10-14T14:30:08+00:00","dateModified":"2022-10-14T16:50:31+00:00","author":{"@id":"https:\/\/www.africa-press.net\/cameroun\/#\/schema\/person\/2b1cf3cd81a31e3cd26889ca66d677f1"},"description":"Comme Cameroon-info.net l\u2019a annonce\u0301 dans un pre\u0301ce\u0301dent article, les effectifs de la Fonction publique camerounaise son ...","breadcrumb":{"@id":"https:\/\/www.africa-press.net\/cameroun\/toutes-les-actualites\/traque-des-fonctionnaires-fictifs-le-ministre-joseph-le-devoile-une-liste-de-915-agents-publics-rayes-des-effectifs-de-la-fonction-publique#breadcrumb"},"inLanguage":"fr-FR","potentialAction":[{"@type":"ReadAction","target":["https:\/\/www.africa-press.net\/cameroun\/toutes-les-actualites\/traque-des-fonctionnaires-fictifs-le-ministre-joseph-le-devoile-une-liste-de-915-agents-publics-rayes-des-effectifs-de-la-fonction-publique"]}]},{"@type":"ImageObject","inLanguage":"fr-FR","@id":"https:\/\/www.africa-press.net\/cameroun\/toutes-les-actualites\/traque-des-fonctionnaires-fictifs-le-ministre-joseph-le-devoile-une-liste-de-915-agents-publics-rayes-des-effectifs-de-la-fonction-publique#primaryimage","url":"https:\/\/static.africa-press.net\/cameroun\/sites\/57\/2022\/10\/img-6349933ba471d.jpg","contentUrl":"https:\/\/static.africa-press.net\/cameroun\/sites\/57\/2022\/10\/img-6349933ba471d.jpg","width":800,"height":500,"caption":"Traque des fonctionnaires fictifs\u00a0: Le Ministre Joseph L\u00e9\u00a0d\u00e9voile une liste de\u00a0915 agents publics ray\u00e9s des effectifs de la Fonction Publique"},{"@type":"BreadcrumbList","@id":"https:\/\/www.africa-press.net\/cameroun\/toutes-les-actualites\/traque-des-fonctionnaires-fictifs-le-ministre-joseph-le-devoile-une-liste-de-915-agents-publics-rayes-des-effectifs-de-la-fonction-publique#breadcrumb","itemListElement":[{"@type":"ListItem","position":1,"name":"Accueil","item":"https:\/\/www.africa-press.net\/cameroun\/"},{"@type":"ListItem","position":2,"name":"Traque des fonctionnaires fictifs\u00a0: Le Ministre Joseph L\u00e9\u00a0d\u00e9voile une liste de\u00a0915 agents publics ray\u00e9s des effectifs de la Fonction Publique"}]},{"@type":"WebSite","@id":"https:\/\/www.africa-press.net\/cameroun\/#website","url":"https:\/\/www.africa-press.net\/cameroun\/","name":"Cameroun","description":"Just another Africa News Agency Sites site","potentialAction":[{"@type":"SearchAction","target":{"@type":"EntryPoint","urlTemplate":"https:\/\/www.africa-press.net\/cameroun\/?s={search_term_string}"},"query-input":{"@type":"PropertyValueSpecification","valueRequired":true,"valueName":"search_term_string"}}],"inLanguage":"fr-FR"},{"@type":"Person","@id":"https:\/\/www.africa-press.net\/cameroun\/#\/schema\/person\/2b1cf3cd81a31e3cd26889ca66d677f1","name":"cfeditorfr"}]}},"_links":{"self":[{"href":"https:\/\/www.africa-press.net\/cameroun\/wp-json\/wp\/v2\/posts\/29413","targetHints":{"allow":["GET"]}}],"collection":[{"href":"https:\/\/www.africa-press.net\/cameroun\/wp-json\/wp\/v2\/posts"}],"about":[{"href":"https:\/\/www.africa-press.net\/cameroun\/wp-json\/wp\/v2\/types\/post"}],"author":[{"embeddable":true,"href":"https:\/\/www.africa-press.net\/cameroun\/wp-json\/wp\/v2\/users\/82"}],"replies":[{"embeddable":true,"href":"https:\/\/www.africa-press.net\/cameroun\/wp-json\/wp\/v2\/comments?post=29413"}],"version-history":[{"count":0,"href":"https:\/\/www.africa-press.net\/cameroun\/wp-json\/wp\/v2\/posts\/29413\/revisions"}],"wp:featuredmedia":[{"embeddable":true,"href":"https:\/\/www.africa-press.net\/cameroun\/wp-json\/wp\/v2\/media\/29412"}],"wp:attachment":[{"href":"https:\/\/www.africa-press.net\/cameroun\/wp-json\/wp\/v2\/media?parent=29413"}],"wp:term":[{"taxonomy":"category","embeddable":true,"href":"https:\/\/www.africa-press.net\/cameroun\/wp-json\/wp\/v2\/categories?post=29413"},{"taxonomy":"post_tag","embeddable":true,"href":"https:\/\/www.africa-press.net\/cameroun\/wp-json\/wp\/v2\/tags?post=29413"}],"curies":[{"name":"wp","href":"https:\/\/api.w.org\/{rel}","templated":true}]}}