{"id":29419,"date":"2022-10-14T14:44:22","date_gmt":"2022-10-14T14:44:22","guid":{"rendered":"https:\/\/www.africa-press.net\/cameroun\/politique\/cameroun-etienne-etoo-commence-par-une-defaite-avec-les-lions"},"modified":"2022-10-14T16:51:45","modified_gmt":"2022-10-14T16:51:45","slug":"cameroun-etienne-etoo-commence-par-une-defaite-avec-les-lions","status":"publish","type":"post","link":"https:\/\/www.africa-press.net\/cameroun\/sports\/cameroun-etienne-etoo-commence-par-une-defaite-avec-les-lions","title":{"rendered":"Cameroun\u00a0: Etienne Eto\u2019o commence par une d\u00e9faite avec les Lions"},"content":{"rendered":"<p><span style=\"color: #ff6600\"><strong>Africa-Press &#8211; Cameroun. <\/strong><\/span><b>Convoque\u0301 chez les U23 pour les e\u0301liminatoires de la CAN, l\u2019attaquant n\u2019a pas pu aider son e\u0301quipe a\u0300 remporter son match de pre\u0301paration.<\/b><\/p>\n<p>C\u2019est par une de\u0301faite qu\u2019<b>Etienne Eto\u2019o Pineda<\/b> a fait ses de\u0301buts avec les <b>Lions U23<\/b>. Entre\u0301 en seconde pe\u0301riode lors du match amical qui opposait l\u2019e\u0301quipe a\u0300 <b>Renaissance de Ngoumou FC<\/b>, club du championnat national, il n\u2019a pas pu aider les Lions qui se sont incline\u0301s 2-1. Ceci sous le regard dans les gradins du <b>pre\u0301sident de la Fe\u0301cafoot, Samuel Eto\u2019o Fils<\/b> et <b>du manager se\u0301lectionneur des Lions indomptables, Rigobert Song.<\/b><\/p>\n<p>Ce match joue\u0301 le 13 octobre dernier s\u2019inscrit dans le cadre de la pre\u0301paration pour les e\u0301liminatoires de la <b>Coupe d\u2019Afrique des moins de 23 ans.<\/b><\/p>\n<p>La se\u0301lection nationale des <b>Lions<\/b> de <b>U23<\/b> veut assurer sa participation a\u0300 la prochaine <b>CAN-U23<\/b> de sa cate\u0301gorie qui se jouera au Maroc. Sur le chemin du Cameroun se trouve\u0301 l\u2019Angola.<\/p>\n<p>Pour se de\u0301faire des Angolais, l\u2019entraineur des Lions U23, Guy Feutchine a de\u0301cide\u0301 de convoquer un ensemble de joueurs locaux et ceux e\u0301voluant a\u0300 l\u2019e\u0301tranger ce qui justifie la pre\u0301sence <b>d\u2019Etienne Eto\u2019o<\/b> dans la tanie\u0300re.<\/p>\n<p>Bien que les joueurs locaux aient de\u0301ja\u0300 rejoint l\u2019e\u0301quipe au Centre de pre\u0301paration d\u2019excellence de la CAF a\u0300 Mbankomo, d\u2019autres renforts e\u0301voluant dans les championnats africains et europe\u0301ens sont en perspective.<\/p>\n<p>C\u2019est a\u0300 la suite de 16 pre\u0301-convocations adresse\u0301es aux e\u0301curies hors du pays. Il y a notamment l\u2019attaquant d\u2019Al Masry en Egypte, <b>Franck Etouga Mbella<\/b> et le gardien de but de l\u2019e\u0301quipe de re\u0301serve de l\u2019OGC Nice en France<b>, Jacques Mbiandjeu Mbeubap<\/b>.<\/p>\n<p>Les <b>LionsU23<\/b> ont rec\u0327u dimanche dernier la visite du Manager se\u0301lectionneur de l\u2019e\u0301quipe fanion, <b>Rigobert Song<\/b> qui n\u2019a pas manque\u0301 de les encourager, \u00ab sachez que vous e\u0302tes suivis a\u0300 la lettre, parce que avons besoins de mettre sur pied cette continuite\u0301 qui voudrait que vous laissiez la place aux plus jeunes, qui vont arriver, et que vous montiez chez les grands Lions. Vous savez que nous avons beaucoup d\u2019e\u0301che\u0301ances a\u0300 venir ou\u0300 nous aurons besoin de vous \u00bb, a-t-il indique\u0301.<\/p>\n<p><strong>Pour plus d&rsquo;informations et d&rsquo;analyses sur la <a href=\"https:\/\/www.africa-press.net\/cameroun\">Cameroun<\/a>, suivez <a href=\"https:\/\/www.africa-press.net\/\">Africa-Press<\/a><\/strong><\/p>\n","protected":false},"excerpt":{"rendered":"<p>Africa-Press &#8211; Cameroun. Convoque\u0301 chez les U23 pour les e\u0301liminatoires de la CAN, l\u2019attaquant n\u2019a pas pu aider son e\u0301quipe a\u0300 remporter son match de pre\u0301paration. C\u2019est par une de\u0301faite qu\u2019Etienne Eto\u2019o Pineda a fait ses de\u0301buts avec les Lions U23. Entre\u0301 en seconde pe\u0301riode lors du match amical qui opposait l\u2019e\u0301quipe a\u0300 Renaissance de [&hellip;]<\/p>\n","protected":false},"author":82,"featured_media":29418,"comment_status":"open","ping_status":"closed","sticky":false,"template":"","format":"standard","meta":{"footnotes":""},"categories":[6,10],"tags":[36,50,49],"class_list":["post-29419","post","type-post","status-publish","format-standard","has-post-thumbnail","hentry","category-sports","category-toutes-les-actualites","tag-africa-press","tag-africa-press-cameroun","tag-cameroun"],"yoast_head":"<!-- This site is optimized with the Yoast SEO Premium plugin v26.1 (Yoast SEO v27.0) - https:\/\/yoast.com\/product\/yoast-seo-premium-wordpress\/ -->\n<title>Cameroun\u00a0: Etienne Eto\u2019o commence par une d\u00e9faite avec les Lions - Cameroun<\/title>\n<meta name=\"description\" content=\"Convoque\u0301 chez les U23 pour les e\u0301liminatoires de la CAN, l\u2019attaquant n\u2019a pas pu aider son e\u0301quipe a\u0300 remporter son m ...\" \/>\n<meta name=\"robots\" content=\"index, follow, max-snippet:-1, max-image-preview:large, max-video-preview:-1\" \/>\n<link rel=\"canonical\" href=\"https:\/\/www.africa-press.net\/cameroun\/sports\/cameroun-etienne-etoo-commence-par-une-defaite-avec-les-lions\" \/>\n<meta property=\"og:locale\" content=\"fr_FR\" \/>\n<meta property=\"og:type\" content=\"article\" \/>\n<meta property=\"og:title\" content=\"Cameroun\u00a0: Etienne Eto\u2019o commence par une d\u00e9faite avec les Lions\" \/>\n<meta property=\"og:description\" content=\"Convoque\u0301 chez les U23 pour les e\u0301liminatoires de la CAN, l\u2019attaquant n\u2019a pas pu aider son e\u0301quipe a\u0300 remporter son m ...\" \/>\n<meta property=\"og:url\" content=\"https:\/\/www.africa-press.net\/cameroun\/sports\/cameroun-etienne-etoo-commence-par-une-defaite-avec-les-lions\" \/>\n<meta property=\"og:site_name\" content=\"Cameroun\" \/>\n<meta property=\"article:published_time\" content=\"2022-10-14T14:44:22+00:00\" \/>\n<meta property=\"article:modified_time\" content=\"2022-10-14T16:51:45+00:00\" \/>\n<meta property=\"og:image\" content=\"https:\/\/static.africa-press.net\/cameroun\/sites\/57\/2022\/10\/img-634993871a146.jpg\" \/>\n\t<meta property=\"og:image:width\" content=\"720\" \/>\n\t<meta property=\"og:image:height\" content=\"404\" \/>\n\t<meta property=\"og:image:type\" content=\"image\/jpeg\" \/>\n<meta name=\"author\" content=\"cfeditorfr\" \/>\n<meta name=\"twitter:card\" content=\"summary_large_image\" \/>\n<meta name=\"twitter:label1\" content=\"\u00c9crit par\" \/>\n\t<meta name=\"twitter:data1\" content=\"cfeditorfr\" \/>\n\t<meta name=\"twitter:label2\" content=\"Dur\u00e9e de lecture estim\u00e9e\" \/>\n\t<meta name=\"twitter:data2\" content=\"2 minutes\" \/>\n<script type=\"application\/ld+json\" class=\"yoast-schema-graph\">{\"@context\":\"https:\/\/schema.org\",\"@graph\":[{\"@type\":\"Article\",\"@id\":\"https:\/\/www.africa-press.net\/cameroun\/sports\/cameroun-etienne-etoo-commence-par-une-defaite-avec-les-lions#article\",\"isPartOf\":{\"@id\":\"https:\/\/www.africa-press.net\/cameroun\/sports\/cameroun-etienne-etoo-commence-par-une-defaite-avec-les-lions\"},\"author\":{\"name\":\"cfeditorfr\",\"@id\":\"https:\/\/www.africa-press.net\/cameroun\/#\/schema\/person\/2b1cf3cd81a31e3cd26889ca66d677f1\"},\"headline\":\"Cameroun\u00a0: Etienne Eto\u2019o commence par une d\u00e9faite avec les Lions\",\"datePublished\":\"2022-10-14T14:44:22+00:00\",\"dateModified\":\"2022-10-14T16:51:45+00:00\",\"mainEntityOfPage\":{\"@id\":\"https:\/\/www.africa-press.net\/cameroun\/sports\/cameroun-etienne-etoo-commence-par-une-defaite-avec-les-lions\"},\"wordCount\":425,\"commentCount\":0,\"image\":{\"@id\":\"https:\/\/www.africa-press.net\/cameroun\/sports\/cameroun-etienne-etoo-commence-par-une-defaite-avec-les-lions#primaryimage\"},\"thumbnailUrl\":\"https:\/\/static.africa-press.net\/cameroun\/sites\/57\/2022\/10\/img-634993871a146.jpg\",\"keywords\":[\"Africa Press\",\"Africa Press-Cameroun\",\"Cameroun\"],\"articleSection\":[\"Sports\",\"Toutes les actualit\u00e9s\"],\"inLanguage\":\"fr-FR\",\"potentialAction\":[{\"@type\":\"CommentAction\",\"name\":\"Comment\",\"target\":[\"https:\/\/www.africa-press.net\/cameroun\/sports\/cameroun-etienne-etoo-commence-par-une-defaite-avec-les-lions#respond\"]}]},{\"@type\":\"WebPage\",\"@id\":\"https:\/\/www.africa-press.net\/cameroun\/sports\/cameroun-etienne-etoo-commence-par-une-defaite-avec-les-lions\",\"url\":\"https:\/\/www.africa-press.net\/cameroun\/sports\/cameroun-etienne-etoo-commence-par-une-defaite-avec-les-lions\",\"name\":\"Cameroun\u00a0: Etienne Eto\u2019o commence par une d\u00e9faite avec les Lions - Cameroun\",\"isPartOf\":{\"@id\":\"https:\/\/www.africa-press.net\/cameroun\/#website\"},\"primaryImageOfPage\":{\"@id\":\"https:\/\/www.africa-press.net\/cameroun\/sports\/cameroun-etienne-etoo-commence-par-une-defaite-avec-les-lions#primaryimage\"},\"image\":{\"@id\":\"https:\/\/www.africa-press.net\/cameroun\/sports\/cameroun-etienne-etoo-commence-par-une-defaite-avec-les-lions#primaryimage\"},\"thumbnailUrl\":\"https:\/\/static.africa-press.net\/cameroun\/sites\/57\/2022\/10\/img-634993871a146.jpg\",\"datePublished\":\"2022-10-14T14:44:22+00:00\",\"dateModified\":\"2022-10-14T16:51:45+00:00\",\"author\":{\"@id\":\"https:\/\/www.africa-press.net\/cameroun\/#\/schema\/person\/2b1cf3cd81a31e3cd26889ca66d677f1\"},\"description\":\"Convoque\u0301 chez les U23 pour les e\u0301liminatoires de la CAN, l\u2019attaquant n\u2019a pas pu aider son e\u0301quipe a\u0300 remporter son m ...\",\"breadcrumb\":{\"@id\":\"https:\/\/www.africa-press.net\/cameroun\/sports\/cameroun-etienne-etoo-commence-par-une-defaite-avec-les-lions#breadcrumb\"},\"inLanguage\":\"fr-FR\",\"potentialAction\":[{\"@type\":\"ReadAction\",\"target\":[\"https:\/\/www.africa-press.net\/cameroun\/sports\/cameroun-etienne-etoo-commence-par-une-defaite-avec-les-lions\"]}]},{\"@type\":\"ImageObject\",\"inLanguage\":\"fr-FR\",\"@id\":\"https:\/\/www.africa-press.net\/cameroun\/sports\/cameroun-etienne-etoo-commence-par-une-defaite-avec-les-lions#primaryimage\",\"url\":\"https:\/\/static.africa-press.net\/cameroun\/sites\/57\/2022\/10\/img-634993871a146.jpg\",\"contentUrl\":\"https:\/\/static.africa-press.net\/cameroun\/sites\/57\/2022\/10\/img-634993871a146.jpg\",\"width\":720,\"height\":404,\"caption\":\"Cameroun\u00a0: Etienne Eto\u2019o commence par une d\u00e9faite avec les Lions\"},{\"@type\":\"BreadcrumbList\",\"@id\":\"https:\/\/www.africa-press.net\/cameroun\/sports\/cameroun-etienne-etoo-commence-par-une-defaite-avec-les-lions#breadcrumb\",\"itemListElement\":[{\"@type\":\"ListItem\",\"position\":1,\"name\":\"Accueil\",\"item\":\"https:\/\/www.africa-press.net\/cameroun\/\"},{\"@type\":\"ListItem\",\"position\":2,\"name\":\"Cameroun\u00a0: Etienne Eto\u2019o commence par une d\u00e9faite avec les Lions\"}]},{\"@type\":\"WebSite\",\"@id\":\"https:\/\/www.africa-press.net\/cameroun\/#website\",\"url\":\"https:\/\/www.africa-press.net\/cameroun\/\",\"name\":\"Cameroun\",\"description\":\"Just another Africa News Agency Sites site\",\"potentialAction\":[{\"@type\":\"SearchAction\",\"target\":{\"@type\":\"EntryPoint\",\"urlTemplate\":\"https:\/\/www.africa-press.net\/cameroun\/?s={search_term_string}\"},\"query-input\":{\"@type\":\"PropertyValueSpecification\",\"valueRequired\":true,\"valueName\":\"search_term_string\"}}],\"inLanguage\":\"fr-FR\"},{\"@type\":\"Person\",\"@id\":\"https:\/\/www.africa-press.net\/cameroun\/#\/schema\/person\/2b1cf3cd81a31e3cd26889ca66d677f1\",\"name\":\"cfeditorfr\"}]}<\/script>\n<!-- \/ Yoast SEO Premium plugin. -->","yoast_head_json":{"title":"Cameroun\u00a0: Etienne Eto\u2019o commence par une d\u00e9faite avec les Lions - Cameroun","description":"Convoque\u0301 chez les U23 pour les e\u0301liminatoires de la CAN, l\u2019attaquant n\u2019a pas pu aider son e\u0301quipe a\u0300 remporter son m ...","robots":{"index":"index","follow":"follow","max-snippet":"max-snippet:-1","max-image-preview":"max-image-preview:large","max-video-preview":"max-video-preview:-1"},"canonical":"https:\/\/www.africa-press.net\/cameroun\/sports\/cameroun-etienne-etoo-commence-par-une-defaite-avec-les-lions","og_locale":"fr_FR","og_type":"article","og_title":"Cameroun\u00a0: Etienne Eto\u2019o commence par une d\u00e9faite avec les Lions","og_description":"Convoque\u0301 chez les U23 pour les e\u0301liminatoires de la CAN, l\u2019attaquant n\u2019a pas pu aider son e\u0301quipe a\u0300 remporter son m ...","og_url":"https:\/\/www.africa-press.net\/cameroun\/sports\/cameroun-etienne-etoo-commence-par-une-defaite-avec-les-lions","og_site_name":"Cameroun","article_published_time":"2022-10-14T14:44:22+00:00","article_modified_time":"2022-10-14T16:51:45+00:00","og_image":[{"width":720,"height":404,"url":"https:\/\/static.africa-press.net\/cameroun\/sites\/57\/2022\/10\/img-634993871a146.jpg","type":"image\/jpeg"}],"author":"cfeditorfr","twitter_card":"summary_large_image","twitter_misc":{"\u00c9crit par":"cfeditorfr","Dur\u00e9e de lecture estim\u00e9e":"2 minutes"},"schema":{"@context":"https:\/\/schema.org","@graph":[{"@type":"Article","@id":"https:\/\/www.africa-press.net\/cameroun\/sports\/cameroun-etienne-etoo-commence-par-une-defaite-avec-les-lions#article","isPartOf":{"@id":"https:\/\/www.africa-press.net\/cameroun\/sports\/cameroun-etienne-etoo-commence-par-une-defaite-avec-les-lions"},"author":{"name":"cfeditorfr","@id":"https:\/\/www.africa-press.net\/cameroun\/#\/schema\/person\/2b1cf3cd81a31e3cd26889ca66d677f1"},"headline":"Cameroun\u00a0: Etienne Eto\u2019o commence par une d\u00e9faite avec les Lions","datePublished":"2022-10-14T14:44:22+00:00","dateModified":"2022-10-14T16:51:45+00:00","mainEntityOfPage":{"@id":"https:\/\/www.africa-press.net\/cameroun\/sports\/cameroun-etienne-etoo-commence-par-une-defaite-avec-les-lions"},"wordCount":425,"commentCount":0,"image":{"@id":"https:\/\/www.africa-press.net\/cameroun\/sports\/cameroun-etienne-etoo-commence-par-une-defaite-avec-les-lions#primaryimage"},"thumbnailUrl":"https:\/\/static.africa-press.net\/cameroun\/sites\/57\/2022\/10\/img-634993871a146.jpg","keywords":["Africa Press","Africa Press-Cameroun","Cameroun"],"articleSection":["Sports","Toutes les actualit\u00e9s"],"inLanguage":"fr-FR","potentialAction":[{"@type":"CommentAction","name":"Comment","target":["https:\/\/www.africa-press.net\/cameroun\/sports\/cameroun-etienne-etoo-commence-par-une-defaite-avec-les-lions#respond"]}]},{"@type":"WebPage","@id":"https:\/\/www.africa-press.net\/cameroun\/sports\/cameroun-etienne-etoo-commence-par-une-defaite-avec-les-lions","url":"https:\/\/www.africa-press.net\/cameroun\/sports\/cameroun-etienne-etoo-commence-par-une-defaite-avec-les-lions","name":"Cameroun\u00a0: Etienne Eto\u2019o commence par une d\u00e9faite avec les Lions - Cameroun","isPartOf":{"@id":"https:\/\/www.africa-press.net\/cameroun\/#website"},"primaryImageOfPage":{"@id":"https:\/\/www.africa-press.net\/cameroun\/sports\/cameroun-etienne-etoo-commence-par-une-defaite-avec-les-lions#primaryimage"},"image":{"@id":"https:\/\/www.africa-press.net\/cameroun\/sports\/cameroun-etienne-etoo-commence-par-une-defaite-avec-les-lions#primaryimage"},"thumbnailUrl":"https:\/\/static.africa-press.net\/cameroun\/sites\/57\/2022\/10\/img-634993871a146.jpg","datePublished":"2022-10-14T14:44:22+00:00","dateModified":"2022-10-14T16:51:45+00:00","author":{"@id":"https:\/\/www.africa-press.net\/cameroun\/#\/schema\/person\/2b1cf3cd81a31e3cd26889ca66d677f1"},"description":"Convoque\u0301 chez les U23 pour les e\u0301liminatoires de la CAN, l\u2019attaquant n\u2019a pas pu aider son e\u0301quipe a\u0300 remporter son m ...","breadcrumb":{"@id":"https:\/\/www.africa-press.net\/cameroun\/sports\/cameroun-etienne-etoo-commence-par-une-defaite-avec-les-lions#breadcrumb"},"inLanguage":"fr-FR","potentialAction":[{"@type":"ReadAction","target":["https:\/\/www.africa-press.net\/cameroun\/sports\/cameroun-etienne-etoo-commence-par-une-defaite-avec-les-lions"]}]},{"@type":"ImageObject","inLanguage":"fr-FR","@id":"https:\/\/www.africa-press.net\/cameroun\/sports\/cameroun-etienne-etoo-commence-par-une-defaite-avec-les-lions#primaryimage","url":"https:\/\/static.africa-press.net\/cameroun\/sites\/57\/2022\/10\/img-634993871a146.jpg","contentUrl":"https:\/\/static.africa-press.net\/cameroun\/sites\/57\/2022\/10\/img-634993871a146.jpg","width":720,"height":404,"caption":"Cameroun\u00a0: Etienne Eto\u2019o commence par une d\u00e9faite avec les Lions"},{"@type":"BreadcrumbList","@id":"https:\/\/www.africa-press.net\/cameroun\/sports\/cameroun-etienne-etoo-commence-par-une-defaite-avec-les-lions#breadcrumb","itemListElement":[{"@type":"ListItem","position":1,"name":"Accueil","item":"https:\/\/www.africa-press.net\/cameroun\/"},{"@type":"ListItem","position":2,"name":"Cameroun\u00a0: Etienne Eto\u2019o commence par une d\u00e9faite avec les Lions"}]},{"@type":"WebSite","@id":"https:\/\/www.africa-press.net\/cameroun\/#website","url":"https:\/\/www.africa-press.net\/cameroun\/","name":"Cameroun","description":"Just another Africa News Agency Sites site","potentialAction":[{"@type":"SearchAction","target":{"@type":"EntryPoint","urlTemplate":"https:\/\/www.africa-press.net\/cameroun\/?s={search_term_string}"},"query-input":{"@type":"PropertyValueSpecification","valueRequired":true,"valueName":"search_term_string"}}],"inLanguage":"fr-FR"},{"@type":"Person","@id":"https:\/\/www.africa-press.net\/cameroun\/#\/schema\/person\/2b1cf3cd81a31e3cd26889ca66d677f1","name":"cfeditorfr"}]}},"_links":{"self":[{"href":"https:\/\/www.africa-press.net\/cameroun\/wp-json\/wp\/v2\/posts\/29419","targetHints":{"allow":["GET"]}}],"collection":[{"href":"https:\/\/www.africa-press.net\/cameroun\/wp-json\/wp\/v2\/posts"}],"about":[{"href":"https:\/\/www.africa-press.net\/cameroun\/wp-json\/wp\/v2\/types\/post"}],"author":[{"embeddable":true,"href":"https:\/\/www.africa-press.net\/cameroun\/wp-json\/wp\/v2\/users\/82"}],"replies":[{"embeddable":true,"href":"https:\/\/www.africa-press.net\/cameroun\/wp-json\/wp\/v2\/comments?post=29419"}],"version-history":[{"count":0,"href":"https:\/\/www.africa-press.net\/cameroun\/wp-json\/wp\/v2\/posts\/29419\/revisions"}],"wp:featuredmedia":[{"embeddable":true,"href":"https:\/\/www.africa-press.net\/cameroun\/wp-json\/wp\/v2\/media\/29418"}],"wp:attachment":[{"href":"https:\/\/www.africa-press.net\/cameroun\/wp-json\/wp\/v2\/media?parent=29419"}],"wp:term":[{"taxonomy":"category","embeddable":true,"href":"https:\/\/www.africa-press.net\/cameroun\/wp-json\/wp\/v2\/categories?post=29419"},{"taxonomy":"post_tag","embeddable":true,"href":"https:\/\/www.africa-press.net\/cameroun\/wp-json\/wp\/v2\/tags?post=29419"}],"curies":[{"name":"wp","href":"https:\/\/api.w.org\/{rel}","templated":true}]}}