{"id":29425,"date":"2022-10-14T15:00:29","date_gmt":"2022-10-14T15:00:29","guid":{"rendered":"https:\/\/www.africa-press.net\/cameroun\/politique\/cameroun-915-nouveaux-agents-publics-rayes-des-effectifs"},"modified":"2022-10-14T16:52:53","modified_gmt":"2022-10-14T16:52:53","slug":"cameroun-915-nouveaux-agents-publics-rayes-des-effectifs","status":"publish","type":"post","link":"https:\/\/www.africa-press.net\/cameroun\/politique\/cameroun-915-nouveaux-agents-publics-rayes-des-effectifs","title":{"rendered":"Cameroun : 915 nouveaux agents publics ray\u00e9s des effectifs"},"content":{"rendered":"<p><span style=\"color: #ff6600\"><strong>Africa-Press &#8211; Cameroun. <\/strong><\/span>La de\u0301cision s\u2019inscrit dans le cadre de la phase contentieuse de l\u2019ope\u0301ration du comptage physique des personnels de l\u2019Etat.<\/p>\n<p>Ce sont au total 915 agents publics. Soit 56 fonctionnaires et 859 agents de l\u2019Etat relevant du code du travail. Les premiers sont re\u0301voque\u0301s et les seconds licencie\u0301s. De\u0301sormais, ils ne font plus partie des effectifs de la fonction publique de l\u2019Etat. Cependant, ils ont la possibilite\u0301 de saisir en dernier ressort le conseil supe\u0301rieur de la fonction publique. Le ministre de la Fonction publique et de la Re\u0301forme administrative (Minfopra) a porte\u0301 l\u2019information a\u0300 la connaissance du public par voie de communique\u0301 le jeudi 13 octobre 2022.<\/p>\n<p>Selon Joseph LE, \u00ab ces nouvelles sanctions qui portent a\u0300 1 408 le nombre d\u2019agents publics de\u0301ja\u0300 raye\u0301s des effectifs, dans le cadre de l\u2019Ope\u0301ration COPPE, sont prises conforme\u0301ment aux dispositions du de\u0301cret N\u00b094\/199 du 7 octobre 1994 modifie\u0301 et comple\u0301te\u0301 par le de\u0301cret N\u00b02000\/287 du 12 octobre 2000 et du de\u0301cret N\u00b078\/484 du 9 novembre 1978 portant respectivement Statut ge\u0301ne\u0301ral de la fonction publique et Code du travail \u00bb, peut-on lire.<\/p>\n<p>A en croire le communique\u0301 du ministre, les sanctions ont e\u0301te\u0301 prononce\u0301es suite a\u0300 une proce\u0301dure disciplinaire. \u00ab Nonobstant de nombreux communique\u0301s et mises en demeure du ministre de la Fonction publique et de la Re\u0301forme administrative a\u0300 l\u2019adresse des mis en cause, seuls 601 personnels sur 8 766 concerne\u0301s ont daigne\u0301 de\u0301fe\u0301rer aux convocations du conseil de discipline (&#8230;) Au terme de leur audition, 177 mis en cause ont e\u0301te\u0301 re\u0301habilite\u0301s au travers des reprises en solde simples ou assorties d\u2019avertissement, bla\u0302me, abaissement d\u2019e\u0301chelon, etc. \u00bb, explique le Minfopra.<\/p>\n<p>Pour rappel, l\u2019ope\u0301ration du comptage physique du personnel de l\u2019Etat a pour but de lutter contre \u00ab l\u2019absente\u0301isme chronique des agents publics \u00bb. en 2021, plus de 480 agents publics ont e\u0301te\u0301 revoque\u0301s ou licencie\u0301s. Avec la nouvelle vague, le nombre total d\u2019agent raye\u0301s est de 1 408.<\/p>\n<p><strong>Pour plus d&rsquo;informations et d&rsquo;analyses sur la <a href=\"https:\/\/www.africa-press.net\/cameroun\">Cameroun<\/a>, suivez <a href=\"https:\/\/www.africa-press.net\/\">Africa-Press<\/a><\/strong><\/p>\n","protected":false},"excerpt":{"rendered":"<p>Africa-Press &#8211; Cameroun. La de\u0301cision s\u2019inscrit dans le cadre de la phase contentieuse de l\u2019ope\u0301ration du comptage physique des personnels de l\u2019Etat. Ce sont au total 915 agents publics. Soit 56 fonctionnaires et 859 agents de l\u2019Etat relevant du code du travail. Les premiers sont re\u0301voque\u0301s et les seconds licencie\u0301s. De\u0301sormais, ils ne font plus [&hellip;]<\/p>\n","protected":false},"author":82,"featured_media":29424,"comment_status":"open","ping_status":"closed","sticky":false,"template":"","format":"standard","meta":{"footnotes":""},"categories":[2,20,10],"tags":[36,50,49],"class_list":["post-29425","post","type-post","status-publish","format-standard","has-post-thumbnail","hentry","category-politique","category-top-nouvelles","category-toutes-les-actualites","tag-africa-press","tag-africa-press-cameroun","tag-cameroun"],"yoast_head":"<!-- This site is optimized with the Yoast SEO Premium plugin v26.1 (Yoast SEO v27.0) - https:\/\/yoast.com\/product\/yoast-seo-premium-wordpress\/ -->\n<title>Cameroun : 915 nouveaux agents publics ray\u00e9s des effectifs - Cameroun<\/title>\n<meta name=\"description\" content=\"La de\u0301cision s\u2019inscrit dans le cadre de la phase contentieuse de l\u2019ope\u0301ration du comptage physique des personnels de l\u2019E ...\" \/>\n<meta name=\"robots\" content=\"index, follow, max-snippet:-1, max-image-preview:large, max-video-preview:-1\" \/>\n<link rel=\"canonical\" href=\"https:\/\/www.africa-press.net\/cameroun\/politique\/cameroun-915-nouveaux-agents-publics-rayes-des-effectifs\" \/>\n<meta property=\"og:locale\" content=\"fr_FR\" \/>\n<meta property=\"og:type\" content=\"article\" \/>\n<meta property=\"og:title\" content=\"Cameroun : 915 nouveaux agents publics ray\u00e9s des effectifs\" \/>\n<meta property=\"og:description\" content=\"La de\u0301cision s\u2019inscrit dans le cadre de la phase contentieuse de l\u2019ope\u0301ration du comptage physique des personnels de l\u2019E ...\" \/>\n<meta property=\"og:url\" content=\"https:\/\/www.africa-press.net\/cameroun\/politique\/cameroun-915-nouveaux-agents-publics-rayes-des-effectifs\" \/>\n<meta property=\"og:site_name\" content=\"Cameroun\" \/>\n<meta property=\"article:published_time\" content=\"2022-10-14T15:00:29+00:00\" \/>\n<meta property=\"article:modified_time\" content=\"2022-10-14T16:52:53+00:00\" \/>\n<meta property=\"og:image\" content=\"https:\/\/static.africa-press.net\/cameroun\/sites\/57\/2022\/10\/img-634993c8dc51a.jpg\" \/>\n\t<meta property=\"og:image:width\" content=\"720\" \/>\n\t<meta property=\"og:image:height\" content=\"405\" \/>\n\t<meta property=\"og:image:type\" content=\"image\/jpeg\" \/>\n<meta name=\"author\" content=\"cfeditorfr\" \/>\n<meta name=\"twitter:card\" content=\"summary_large_image\" \/>\n<meta name=\"twitter:label1\" content=\"\u00c9crit par\" \/>\n\t<meta name=\"twitter:data1\" content=\"cfeditorfr\" \/>\n\t<meta name=\"twitter:label2\" content=\"Dur\u00e9e de lecture estim\u00e9e\" \/>\n\t<meta name=\"twitter:data2\" content=\"2 minutes\" \/>\n<script type=\"application\/ld+json\" class=\"yoast-schema-graph\">{\"@context\":\"https:\/\/schema.org\",\"@graph\":[{\"@type\":\"Article\",\"@id\":\"https:\/\/www.africa-press.net\/cameroun\/politique\/cameroun-915-nouveaux-agents-publics-rayes-des-effectifs#article\",\"isPartOf\":{\"@id\":\"https:\/\/www.africa-press.net\/cameroun\/politique\/cameroun-915-nouveaux-agents-publics-rayes-des-effectifs\"},\"author\":{\"name\":\"cfeditorfr\",\"@id\":\"https:\/\/www.africa-press.net\/cameroun\/#\/schema\/person\/2b1cf3cd81a31e3cd26889ca66d677f1\"},\"headline\":\"Cameroun : 915 nouveaux agents publics ray\u00e9s des effectifs\",\"datePublished\":\"2022-10-14T15:00:29+00:00\",\"dateModified\":\"2022-10-14T16:52:53+00:00\",\"mainEntityOfPage\":{\"@id\":\"https:\/\/www.africa-press.net\/cameroun\/politique\/cameroun-915-nouveaux-agents-publics-rayes-des-effectifs\"},\"wordCount\":364,\"commentCount\":0,\"image\":{\"@id\":\"https:\/\/www.africa-press.net\/cameroun\/politique\/cameroun-915-nouveaux-agents-publics-rayes-des-effectifs#primaryimage\"},\"thumbnailUrl\":\"https:\/\/static.africa-press.net\/cameroun\/sites\/57\/2022\/10\/img-634993c8dc51a.jpg\",\"keywords\":[\"Africa Press\",\"Africa Press-Cameroun\",\"Cameroun\"],\"articleSection\":[\"Politique\",\"Top Nouvelles\",\"Toutes les actualit\u00e9s\"],\"inLanguage\":\"fr-FR\",\"potentialAction\":[{\"@type\":\"CommentAction\",\"name\":\"Comment\",\"target\":[\"https:\/\/www.africa-press.net\/cameroun\/politique\/cameroun-915-nouveaux-agents-publics-rayes-des-effectifs#respond\"]}]},{\"@type\":\"WebPage\",\"@id\":\"https:\/\/www.africa-press.net\/cameroun\/politique\/cameroun-915-nouveaux-agents-publics-rayes-des-effectifs\",\"url\":\"https:\/\/www.africa-press.net\/cameroun\/politique\/cameroun-915-nouveaux-agents-publics-rayes-des-effectifs\",\"name\":\"Cameroun : 915 nouveaux agents publics ray\u00e9s des effectifs - Cameroun\",\"isPartOf\":{\"@id\":\"https:\/\/www.africa-press.net\/cameroun\/#website\"},\"primaryImageOfPage\":{\"@id\":\"https:\/\/www.africa-press.net\/cameroun\/politique\/cameroun-915-nouveaux-agents-publics-rayes-des-effectifs#primaryimage\"},\"image\":{\"@id\":\"https:\/\/www.africa-press.net\/cameroun\/politique\/cameroun-915-nouveaux-agents-publics-rayes-des-effectifs#primaryimage\"},\"thumbnailUrl\":\"https:\/\/static.africa-press.net\/cameroun\/sites\/57\/2022\/10\/img-634993c8dc51a.jpg\",\"datePublished\":\"2022-10-14T15:00:29+00:00\",\"dateModified\":\"2022-10-14T16:52:53+00:00\",\"author\":{\"@id\":\"https:\/\/www.africa-press.net\/cameroun\/#\/schema\/person\/2b1cf3cd81a31e3cd26889ca66d677f1\"},\"description\":\"La de\u0301cision s\u2019inscrit dans le cadre de la phase contentieuse de l\u2019ope\u0301ration du comptage physique des personnels de l\u2019E ...\",\"breadcrumb\":{\"@id\":\"https:\/\/www.africa-press.net\/cameroun\/politique\/cameroun-915-nouveaux-agents-publics-rayes-des-effectifs#breadcrumb\"},\"inLanguage\":\"fr-FR\",\"potentialAction\":[{\"@type\":\"ReadAction\",\"target\":[\"https:\/\/www.africa-press.net\/cameroun\/politique\/cameroun-915-nouveaux-agents-publics-rayes-des-effectifs\"]}]},{\"@type\":\"ImageObject\",\"inLanguage\":\"fr-FR\",\"@id\":\"https:\/\/www.africa-press.net\/cameroun\/politique\/cameroun-915-nouveaux-agents-publics-rayes-des-effectifs#primaryimage\",\"url\":\"https:\/\/static.africa-press.net\/cameroun\/sites\/57\/2022\/10\/img-634993c8dc51a.jpg\",\"contentUrl\":\"https:\/\/static.africa-press.net\/cameroun\/sites\/57\/2022\/10\/img-634993c8dc51a.jpg\",\"width\":720,\"height\":405,\"caption\":\"Cameroun : 915 nouveaux agents publics ray\u00e9s des effectifs\"},{\"@type\":\"BreadcrumbList\",\"@id\":\"https:\/\/www.africa-press.net\/cameroun\/politique\/cameroun-915-nouveaux-agents-publics-rayes-des-effectifs#breadcrumb\",\"itemListElement\":[{\"@type\":\"ListItem\",\"position\":1,\"name\":\"Accueil\",\"item\":\"https:\/\/www.africa-press.net\/cameroun\/\"},{\"@type\":\"ListItem\",\"position\":2,\"name\":\"Cameroun : 915 nouveaux agents publics ray\u00e9s des effectifs\"}]},{\"@type\":\"WebSite\",\"@id\":\"https:\/\/www.africa-press.net\/cameroun\/#website\",\"url\":\"https:\/\/www.africa-press.net\/cameroun\/\",\"name\":\"Cameroun\",\"description\":\"Just another Africa News Agency Sites site\",\"potentialAction\":[{\"@type\":\"SearchAction\",\"target\":{\"@type\":\"EntryPoint\",\"urlTemplate\":\"https:\/\/www.africa-press.net\/cameroun\/?s={search_term_string}\"},\"query-input\":{\"@type\":\"PropertyValueSpecification\",\"valueRequired\":true,\"valueName\":\"search_term_string\"}}],\"inLanguage\":\"fr-FR\"},{\"@type\":\"Person\",\"@id\":\"https:\/\/www.africa-press.net\/cameroun\/#\/schema\/person\/2b1cf3cd81a31e3cd26889ca66d677f1\",\"name\":\"cfeditorfr\"}]}<\/script>\n<!-- \/ Yoast SEO Premium plugin. -->","yoast_head_json":{"title":"Cameroun : 915 nouveaux agents publics ray\u00e9s des effectifs - Cameroun","description":"La de\u0301cision s\u2019inscrit dans le cadre de la phase contentieuse de l\u2019ope\u0301ration du comptage physique des personnels de l\u2019E ...","robots":{"index":"index","follow":"follow","max-snippet":"max-snippet:-1","max-image-preview":"max-image-preview:large","max-video-preview":"max-video-preview:-1"},"canonical":"https:\/\/www.africa-press.net\/cameroun\/politique\/cameroun-915-nouveaux-agents-publics-rayes-des-effectifs","og_locale":"fr_FR","og_type":"article","og_title":"Cameroun : 915 nouveaux agents publics ray\u00e9s des effectifs","og_description":"La de\u0301cision s\u2019inscrit dans le cadre de la phase contentieuse de l\u2019ope\u0301ration du comptage physique des personnels de l\u2019E ...","og_url":"https:\/\/www.africa-press.net\/cameroun\/politique\/cameroun-915-nouveaux-agents-publics-rayes-des-effectifs","og_site_name":"Cameroun","article_published_time":"2022-10-14T15:00:29+00:00","article_modified_time":"2022-10-14T16:52:53+00:00","og_image":[{"width":720,"height":405,"url":"https:\/\/static.africa-press.net\/cameroun\/sites\/57\/2022\/10\/img-634993c8dc51a.jpg","type":"image\/jpeg"}],"author":"cfeditorfr","twitter_card":"summary_large_image","twitter_misc":{"\u00c9crit par":"cfeditorfr","Dur\u00e9e de lecture estim\u00e9e":"2 minutes"},"schema":{"@context":"https:\/\/schema.org","@graph":[{"@type":"Article","@id":"https:\/\/www.africa-press.net\/cameroun\/politique\/cameroun-915-nouveaux-agents-publics-rayes-des-effectifs#article","isPartOf":{"@id":"https:\/\/www.africa-press.net\/cameroun\/politique\/cameroun-915-nouveaux-agents-publics-rayes-des-effectifs"},"author":{"name":"cfeditorfr","@id":"https:\/\/www.africa-press.net\/cameroun\/#\/schema\/person\/2b1cf3cd81a31e3cd26889ca66d677f1"},"headline":"Cameroun : 915 nouveaux agents publics ray\u00e9s des effectifs","datePublished":"2022-10-14T15:00:29+00:00","dateModified":"2022-10-14T16:52:53+00:00","mainEntityOfPage":{"@id":"https:\/\/www.africa-press.net\/cameroun\/politique\/cameroun-915-nouveaux-agents-publics-rayes-des-effectifs"},"wordCount":364,"commentCount":0,"image":{"@id":"https:\/\/www.africa-press.net\/cameroun\/politique\/cameroun-915-nouveaux-agents-publics-rayes-des-effectifs#primaryimage"},"thumbnailUrl":"https:\/\/static.africa-press.net\/cameroun\/sites\/57\/2022\/10\/img-634993c8dc51a.jpg","keywords":["Africa Press","Africa Press-Cameroun","Cameroun"],"articleSection":["Politique","Top Nouvelles","Toutes les actualit\u00e9s"],"inLanguage":"fr-FR","potentialAction":[{"@type":"CommentAction","name":"Comment","target":["https:\/\/www.africa-press.net\/cameroun\/politique\/cameroun-915-nouveaux-agents-publics-rayes-des-effectifs#respond"]}]},{"@type":"WebPage","@id":"https:\/\/www.africa-press.net\/cameroun\/politique\/cameroun-915-nouveaux-agents-publics-rayes-des-effectifs","url":"https:\/\/www.africa-press.net\/cameroun\/politique\/cameroun-915-nouveaux-agents-publics-rayes-des-effectifs","name":"Cameroun : 915 nouveaux agents publics ray\u00e9s des effectifs - Cameroun","isPartOf":{"@id":"https:\/\/www.africa-press.net\/cameroun\/#website"},"primaryImageOfPage":{"@id":"https:\/\/www.africa-press.net\/cameroun\/politique\/cameroun-915-nouveaux-agents-publics-rayes-des-effectifs#primaryimage"},"image":{"@id":"https:\/\/www.africa-press.net\/cameroun\/politique\/cameroun-915-nouveaux-agents-publics-rayes-des-effectifs#primaryimage"},"thumbnailUrl":"https:\/\/static.africa-press.net\/cameroun\/sites\/57\/2022\/10\/img-634993c8dc51a.jpg","datePublished":"2022-10-14T15:00:29+00:00","dateModified":"2022-10-14T16:52:53+00:00","author":{"@id":"https:\/\/www.africa-press.net\/cameroun\/#\/schema\/person\/2b1cf3cd81a31e3cd26889ca66d677f1"},"description":"La de\u0301cision s\u2019inscrit dans le cadre de la phase contentieuse de l\u2019ope\u0301ration du comptage physique des personnels de l\u2019E ...","breadcrumb":{"@id":"https:\/\/www.africa-press.net\/cameroun\/politique\/cameroun-915-nouveaux-agents-publics-rayes-des-effectifs#breadcrumb"},"inLanguage":"fr-FR","potentialAction":[{"@type":"ReadAction","target":["https:\/\/www.africa-press.net\/cameroun\/politique\/cameroun-915-nouveaux-agents-publics-rayes-des-effectifs"]}]},{"@type":"ImageObject","inLanguage":"fr-FR","@id":"https:\/\/www.africa-press.net\/cameroun\/politique\/cameroun-915-nouveaux-agents-publics-rayes-des-effectifs#primaryimage","url":"https:\/\/static.africa-press.net\/cameroun\/sites\/57\/2022\/10\/img-634993c8dc51a.jpg","contentUrl":"https:\/\/static.africa-press.net\/cameroun\/sites\/57\/2022\/10\/img-634993c8dc51a.jpg","width":720,"height":405,"caption":"Cameroun : 915 nouveaux agents publics ray\u00e9s des effectifs"},{"@type":"BreadcrumbList","@id":"https:\/\/www.africa-press.net\/cameroun\/politique\/cameroun-915-nouveaux-agents-publics-rayes-des-effectifs#breadcrumb","itemListElement":[{"@type":"ListItem","position":1,"name":"Accueil","item":"https:\/\/www.africa-press.net\/cameroun\/"},{"@type":"ListItem","position":2,"name":"Cameroun : 915 nouveaux agents publics ray\u00e9s des effectifs"}]},{"@type":"WebSite","@id":"https:\/\/www.africa-press.net\/cameroun\/#website","url":"https:\/\/www.africa-press.net\/cameroun\/","name":"Cameroun","description":"Just another Africa News Agency Sites site","potentialAction":[{"@type":"SearchAction","target":{"@type":"EntryPoint","urlTemplate":"https:\/\/www.africa-press.net\/cameroun\/?s={search_term_string}"},"query-input":{"@type":"PropertyValueSpecification","valueRequired":true,"valueName":"search_term_string"}}],"inLanguage":"fr-FR"},{"@type":"Person","@id":"https:\/\/www.africa-press.net\/cameroun\/#\/schema\/person\/2b1cf3cd81a31e3cd26889ca66d677f1","name":"cfeditorfr"}]}},"_links":{"self":[{"href":"https:\/\/www.africa-press.net\/cameroun\/wp-json\/wp\/v2\/posts\/29425","targetHints":{"allow":["GET"]}}],"collection":[{"href":"https:\/\/www.africa-press.net\/cameroun\/wp-json\/wp\/v2\/posts"}],"about":[{"href":"https:\/\/www.africa-press.net\/cameroun\/wp-json\/wp\/v2\/types\/post"}],"author":[{"embeddable":true,"href":"https:\/\/www.africa-press.net\/cameroun\/wp-json\/wp\/v2\/users\/82"}],"replies":[{"embeddable":true,"href":"https:\/\/www.africa-press.net\/cameroun\/wp-json\/wp\/v2\/comments?post=29425"}],"version-history":[{"count":0,"href":"https:\/\/www.africa-press.net\/cameroun\/wp-json\/wp\/v2\/posts\/29425\/revisions"}],"wp:featuredmedia":[{"embeddable":true,"href":"https:\/\/www.africa-press.net\/cameroun\/wp-json\/wp\/v2\/media\/29424"}],"wp:attachment":[{"href":"https:\/\/www.africa-press.net\/cameroun\/wp-json\/wp\/v2\/media?parent=29425"}],"wp:term":[{"taxonomy":"category","embeddable":true,"href":"https:\/\/www.africa-press.net\/cameroun\/wp-json\/wp\/v2\/categories?post=29425"},{"taxonomy":"post_tag","embeddable":true,"href":"https:\/\/www.africa-press.net\/cameroun\/wp-json\/wp\/v2\/tags?post=29425"}],"curies":[{"name":"wp","href":"https:\/\/api.w.org\/{rel}","templated":true}]}}