{"id":29431,"date":"2022-10-14T15:15:48","date_gmt":"2022-10-14T15:15:48","guid":{"rendered":"https:\/\/www.africa-press.net\/cameroun\/politique\/fonction-publique-letat-du-cameroun-radie-un-millier-dagents-pour-abandon-de-poste"},"modified":"2022-10-14T17:19:21","modified_gmt":"2022-10-14T17:19:21","slug":"fonction-publique-letat-du-cameroun-radie-un-millier-dagents-pour-abandon-de-poste","status":"publish","type":"post","link":"https:\/\/www.africa-press.net\/cameroun\/toutes-les-actualites\/fonction-publique-letat-du-cameroun-radie-un-millier-dagents-pour-abandon-de-poste","title":{"rendered":"Fonction publique\u00a0: l\u2019\u00c9tat du Cameroun radie un millier d\u2019agents pour abandon de poste"},"content":{"rendered":"<p><span style=\"color: #ff6600\"><strong>Africa-Press &#8211; Cameroun. <\/strong><\/span>Investir au Cameroun) &#8211; Dans une note d\u2019information publie\u0301e le 13 octobre 2022, le ministre de la Fonction publique et de la Re\u0301forme administrative (Minfopra), Joseph Le\u0301, annonce \u00ab la radiation d\u2019office de 56 fonctionnaires et le licenciement de 859 agents de l\u2019E\u0301tat relevant du Code du travail \u00bb, soit 915 personnels au total. Selon le ministre, cette de\u0301cision qui porte a\u0300 plus de 1400 le nombre d\u2019agents radie\u0301s de la Fonction publique depuis un an, s\u2019inscrit dans le cadre \u00ab de la phase contentieuse de l\u2019ope\u0301ration de comptage physique des personnels de l\u2019E\u0301tat (Coppe) \u00bb.<\/p>\n<p>\u00ab Nonobstant de nombreux communique\u0301s et mises en demeure du ministre des Finances et du Minfopra a\u0300 l\u2019adresse des mis en cause, seuls 601 personnels sur 8 766 concerne\u0301s ont daigne\u0301 de\u0301fe\u0301rer aux convocations du Conseil permanent de discipline de la Fonction publique \u00bb, indique le membre du gouvernement dans sa note. The\u0301oriquement, il reste a\u0300 examiner les cas de plus de 8 100 autres agents publics, qui continuent, depuis plusieurs mois, de bouder les convocations du Conseil permanent de discipline de la Fonction publique.<\/p>\n<p>L\u2019on peut remarquer que cet effectif est de\u0301sormais revu a\u0300 la hausse, en comparaison avec les chiffres re\u0301ve\u0301le\u0301s par le me\u0302me membre du gouvernement le 26 mai 2021, au cours d\u2019un point de presse a\u0300 Yaounde\u0301, la capitale du pays. \u00ab 7622 agents publics sont demeure\u0301s en position d\u2019abandon de poste et n\u2019ont pas cru devoir re\u0301pondre a\u0300 nos multiples mises en demeure \u00bb. De ce fait, avait tempe\u0302te\u0301 le ministre, \u00ab ils sont, ipso facto, a\u0300 radier des effectifs de la Fonction publique \u00bb. Sur la base de cette de\u0301claration, les radiations devraient se poursuivre.<\/p>\n<p>Pour rappel, initie\u0301 par le gouvernement camerounais en 2018, le Coppe avait pour but d\u2019assainir le fichier solde de l\u2019E\u0301tat, en y extirpant les personnels qui y e\u0301margent indu\u0302ment. A\u0300 la faveur de cette ope\u0301ration, l\u2019E\u0301tat du Cameroun a re\u0301alise\u0301 des e\u0301conomies de 40 milliards de FCFA sur la masse salariale des agents publics en 2020. Ce chiffre a e\u0301te\u0301 re\u0301ve\u0301le\u0301 par le Premier ministre, Joseph Dion Ngute, lors de la pre\u0301sentation du programme e\u0301conomique, financier, social et culturel du gouvernement pour l\u2019anne\u0301e 2021. C\u2019e\u0301tait le 25 novembre 2020 devant les de\u0301pute\u0301s.<\/p>\n<p>Par ailleurs, cette ope\u0301ration, apprend-on officiellement, a permis de recouvrer, en 2020, une enveloppe de 12 milliards de FCFA de salaires et pensions vire\u0301s dans les comptes des personnes de\u0301ce\u0301de\u0301es.<\/p>\n<p><strong>Pour plus d&rsquo;informations et d&rsquo;analyses sur la <a href=\"https:\/\/www.africa-press.net\/cameroun\">Cameroun<\/a>, suivez <a href=\"https:\/\/www.africa-press.net\/\">Africa-Press<\/a><\/strong><\/p>\n","protected":false},"excerpt":{"rendered":"<p>Africa-Press &#8211; Cameroun. Investir au Cameroun) &#8211; Dans une note d\u2019information publie\u0301e le 13 octobre 2022, le ministre de la Fonction publique et de la Re\u0301forme administrative (Minfopra), Joseph Le\u0301, annonce \u00ab la radiation d\u2019office de 56 fonctionnaires et le licenciement de 859 agents de l\u2019E\u0301tat relevant du Code du travail \u00bb, soit 915 personnels [&hellip;]<\/p>\n","protected":false},"author":82,"featured_media":29430,"comment_status":"open","ping_status":"closed","sticky":false,"template":"","format":"standard","meta":{"footnotes":""},"categories":[21,10],"tags":[36,50,49],"class_list":["post-29431","post","type-post","status-publish","format-standard","has-post-thumbnail","hentry","category-communaute","category-toutes-les-actualites","tag-africa-press","tag-africa-press-cameroun","tag-cameroun"],"yoast_head":"<!-- This site is optimized with the Yoast SEO Premium plugin v26.1 (Yoast SEO v27.0) - https:\/\/yoast.com\/product\/yoast-seo-premium-wordpress\/ -->\n<title>Fonction publique\u00a0: l\u2019\u00c9tat du Cameroun radie un millier d\u2019agents pour abandon de poste - Cameroun<\/title>\n<meta name=\"description\" content=\"Investir au Cameroun) - Dans une note d\u2019information publie\u0301e le 13 octobre 2022, le ministre de la Fonction publique et ...\" \/>\n<meta name=\"robots\" content=\"index, follow, max-snippet:-1, max-image-preview:large, max-video-preview:-1\" \/>\n<link rel=\"canonical\" href=\"https:\/\/www.africa-press.net\/cameroun\/toutes-les-actualites\/fonction-publique-letat-du-cameroun-radie-un-millier-dagents-pour-abandon-de-poste\" \/>\n<meta property=\"og:locale\" content=\"fr_FR\" \/>\n<meta property=\"og:type\" content=\"article\" \/>\n<meta property=\"og:title\" content=\"Fonction publique\u00a0: l\u2019\u00c9tat du Cameroun radie un millier d\u2019agents pour abandon de poste\" \/>\n<meta property=\"og:description\" content=\"Investir au Cameroun) - Dans une note d\u2019information publie\u0301e le 13 octobre 2022, le ministre de la Fonction publique et ...\" \/>\n<meta property=\"og:url\" content=\"https:\/\/www.africa-press.net\/cameroun\/toutes-les-actualites\/fonction-publique-letat-du-cameroun-radie-un-millier-dagents-pour-abandon-de-poste\" \/>\n<meta property=\"og:site_name\" content=\"Cameroun\" \/>\n<meta property=\"article:published_time\" content=\"2022-10-14T15:15:48+00:00\" \/>\n<meta property=\"article:modified_time\" content=\"2022-10-14T17:19:21+00:00\" \/>\n<meta property=\"og:image\" content=\"https:\/\/static.africa-press.net\/cameroun\/sites\/57\/2022\/10\/img-63499418d4f17.jpg\" \/>\n\t<meta property=\"og:image:width\" content=\"720\" \/>\n\t<meta property=\"og:image:height\" content=\"453\" \/>\n\t<meta property=\"og:image:type\" content=\"image\/jpeg\" \/>\n<meta name=\"author\" content=\"cfeditorfr\" \/>\n<meta name=\"twitter:card\" content=\"summary_large_image\" \/>\n<meta name=\"twitter:label1\" content=\"\u00c9crit par\" \/>\n\t<meta name=\"twitter:data1\" content=\"cfeditorfr\" \/>\n\t<meta name=\"twitter:label2\" content=\"Dur\u00e9e de lecture estim\u00e9e\" \/>\n\t<meta name=\"twitter:data2\" content=\"3 minutes\" \/>\n<script type=\"application\/ld+json\" class=\"yoast-schema-graph\">{\"@context\":\"https:\/\/schema.org\",\"@graph\":[{\"@type\":\"Article\",\"@id\":\"https:\/\/www.africa-press.net\/cameroun\/toutes-les-actualites\/fonction-publique-letat-du-cameroun-radie-un-millier-dagents-pour-abandon-de-poste#article\",\"isPartOf\":{\"@id\":\"https:\/\/www.africa-press.net\/cameroun\/toutes-les-actualites\/fonction-publique-letat-du-cameroun-radie-un-millier-dagents-pour-abandon-de-poste\"},\"author\":{\"name\":\"cfeditorfr\",\"@id\":\"https:\/\/www.africa-press.net\/cameroun\/#\/schema\/person\/2b1cf3cd81a31e3cd26889ca66d677f1\"},\"headline\":\"Fonction publique\u00a0: l\u2019\u00c9tat du Cameroun radie un millier d\u2019agents pour abandon de poste\",\"datePublished\":\"2022-10-14T15:15:48+00:00\",\"dateModified\":\"2022-10-14T17:19:21+00:00\",\"mainEntityOfPage\":{\"@id\":\"https:\/\/www.africa-press.net\/cameroun\/toutes-les-actualites\/fonction-publique-letat-du-cameroun-radie-un-millier-dagents-pour-abandon-de-poste\"},\"wordCount\":456,\"commentCount\":0,\"image\":{\"@id\":\"https:\/\/www.africa-press.net\/cameroun\/toutes-les-actualites\/fonction-publique-letat-du-cameroun-radie-un-millier-dagents-pour-abandon-de-poste#primaryimage\"},\"thumbnailUrl\":\"https:\/\/static.africa-press.net\/cameroun\/sites\/57\/2022\/10\/img-63499418d4f17.jpg\",\"keywords\":[\"Africa Press\",\"Africa Press-Cameroun\",\"Cameroun\"],\"articleSection\":[\"Communaut\u00e9\",\"Toutes les actualit\u00e9s\"],\"inLanguage\":\"fr-FR\",\"potentialAction\":[{\"@type\":\"CommentAction\",\"name\":\"Comment\",\"target\":[\"https:\/\/www.africa-press.net\/cameroun\/toutes-les-actualites\/fonction-publique-letat-du-cameroun-radie-un-millier-dagents-pour-abandon-de-poste#respond\"]}]},{\"@type\":\"WebPage\",\"@id\":\"https:\/\/www.africa-press.net\/cameroun\/toutes-les-actualites\/fonction-publique-letat-du-cameroun-radie-un-millier-dagents-pour-abandon-de-poste\",\"url\":\"https:\/\/www.africa-press.net\/cameroun\/toutes-les-actualites\/fonction-publique-letat-du-cameroun-radie-un-millier-dagents-pour-abandon-de-poste\",\"name\":\"Fonction publique\u00a0: l\u2019\u00c9tat du Cameroun radie un millier d\u2019agents pour abandon de poste - Cameroun\",\"isPartOf\":{\"@id\":\"https:\/\/www.africa-press.net\/cameroun\/#website\"},\"primaryImageOfPage\":{\"@id\":\"https:\/\/www.africa-press.net\/cameroun\/toutes-les-actualites\/fonction-publique-letat-du-cameroun-radie-un-millier-dagents-pour-abandon-de-poste#primaryimage\"},\"image\":{\"@id\":\"https:\/\/www.africa-press.net\/cameroun\/toutes-les-actualites\/fonction-publique-letat-du-cameroun-radie-un-millier-dagents-pour-abandon-de-poste#primaryimage\"},\"thumbnailUrl\":\"https:\/\/static.africa-press.net\/cameroun\/sites\/57\/2022\/10\/img-63499418d4f17.jpg\",\"datePublished\":\"2022-10-14T15:15:48+00:00\",\"dateModified\":\"2022-10-14T17:19:21+00:00\",\"author\":{\"@id\":\"https:\/\/www.africa-press.net\/cameroun\/#\/schema\/person\/2b1cf3cd81a31e3cd26889ca66d677f1\"},\"description\":\"Investir au Cameroun) - Dans une note d\u2019information publie\u0301e le 13 octobre 2022, le ministre de la Fonction publique et ...\",\"breadcrumb\":{\"@id\":\"https:\/\/www.africa-press.net\/cameroun\/toutes-les-actualites\/fonction-publique-letat-du-cameroun-radie-un-millier-dagents-pour-abandon-de-poste#breadcrumb\"},\"inLanguage\":\"fr-FR\",\"potentialAction\":[{\"@type\":\"ReadAction\",\"target\":[\"https:\/\/www.africa-press.net\/cameroun\/toutes-les-actualites\/fonction-publique-letat-du-cameroun-radie-un-millier-dagents-pour-abandon-de-poste\"]}]},{\"@type\":\"ImageObject\",\"inLanguage\":\"fr-FR\",\"@id\":\"https:\/\/www.africa-press.net\/cameroun\/toutes-les-actualites\/fonction-publique-letat-du-cameroun-radie-un-millier-dagents-pour-abandon-de-poste#primaryimage\",\"url\":\"https:\/\/static.africa-press.net\/cameroun\/sites\/57\/2022\/10\/img-63499418d4f17.jpg\",\"contentUrl\":\"https:\/\/static.africa-press.net\/cameroun\/sites\/57\/2022\/10\/img-63499418d4f17.jpg\",\"width\":720,\"height\":453,\"caption\":\"Fonction publique\u00a0: l\u2019\u00c9tat du Cameroun radie un millier d\u2019agents pour abandon de poste\"},{\"@type\":\"BreadcrumbList\",\"@id\":\"https:\/\/www.africa-press.net\/cameroun\/toutes-les-actualites\/fonction-publique-letat-du-cameroun-radie-un-millier-dagents-pour-abandon-de-poste#breadcrumb\",\"itemListElement\":[{\"@type\":\"ListItem\",\"position\":1,\"name\":\"Accueil\",\"item\":\"https:\/\/www.africa-press.net\/cameroun\/\"},{\"@type\":\"ListItem\",\"position\":2,\"name\":\"Fonction publique\u00a0: l\u2019\u00c9tat du Cameroun radie un millier d\u2019agents pour abandon de poste\"}]},{\"@type\":\"WebSite\",\"@id\":\"https:\/\/www.africa-press.net\/cameroun\/#website\",\"url\":\"https:\/\/www.africa-press.net\/cameroun\/\",\"name\":\"Cameroun\",\"description\":\"Just another Africa News Agency Sites site\",\"potentialAction\":[{\"@type\":\"SearchAction\",\"target\":{\"@type\":\"EntryPoint\",\"urlTemplate\":\"https:\/\/www.africa-press.net\/cameroun\/?s={search_term_string}\"},\"query-input\":{\"@type\":\"PropertyValueSpecification\",\"valueRequired\":true,\"valueName\":\"search_term_string\"}}],\"inLanguage\":\"fr-FR\"},{\"@type\":\"Person\",\"@id\":\"https:\/\/www.africa-press.net\/cameroun\/#\/schema\/person\/2b1cf3cd81a31e3cd26889ca66d677f1\",\"name\":\"cfeditorfr\"}]}<\/script>\n<!-- \/ Yoast SEO Premium plugin. -->","yoast_head_json":{"title":"Fonction publique\u00a0: l\u2019\u00c9tat du Cameroun radie un millier d\u2019agents pour abandon de poste - Cameroun","description":"Investir au Cameroun) - Dans une note d\u2019information publie\u0301e le 13 octobre 2022, le ministre de la Fonction publique et ...","robots":{"index":"index","follow":"follow","max-snippet":"max-snippet:-1","max-image-preview":"max-image-preview:large","max-video-preview":"max-video-preview:-1"},"canonical":"https:\/\/www.africa-press.net\/cameroun\/toutes-les-actualites\/fonction-publique-letat-du-cameroun-radie-un-millier-dagents-pour-abandon-de-poste","og_locale":"fr_FR","og_type":"article","og_title":"Fonction publique\u00a0: l\u2019\u00c9tat du Cameroun radie un millier d\u2019agents pour abandon de poste","og_description":"Investir au Cameroun) - Dans une note d\u2019information publie\u0301e le 13 octobre 2022, le ministre de la Fonction publique et ...","og_url":"https:\/\/www.africa-press.net\/cameroun\/toutes-les-actualites\/fonction-publique-letat-du-cameroun-radie-un-millier-dagents-pour-abandon-de-poste","og_site_name":"Cameroun","article_published_time":"2022-10-14T15:15:48+00:00","article_modified_time":"2022-10-14T17:19:21+00:00","og_image":[{"width":720,"height":453,"url":"https:\/\/static.africa-press.net\/cameroun\/sites\/57\/2022\/10\/img-63499418d4f17.jpg","type":"image\/jpeg"}],"author":"cfeditorfr","twitter_card":"summary_large_image","twitter_misc":{"\u00c9crit par":"cfeditorfr","Dur\u00e9e de lecture estim\u00e9e":"3 minutes"},"schema":{"@context":"https:\/\/schema.org","@graph":[{"@type":"Article","@id":"https:\/\/www.africa-press.net\/cameroun\/toutes-les-actualites\/fonction-publique-letat-du-cameroun-radie-un-millier-dagents-pour-abandon-de-poste#article","isPartOf":{"@id":"https:\/\/www.africa-press.net\/cameroun\/toutes-les-actualites\/fonction-publique-letat-du-cameroun-radie-un-millier-dagents-pour-abandon-de-poste"},"author":{"name":"cfeditorfr","@id":"https:\/\/www.africa-press.net\/cameroun\/#\/schema\/person\/2b1cf3cd81a31e3cd26889ca66d677f1"},"headline":"Fonction publique\u00a0: l\u2019\u00c9tat du Cameroun radie un millier d\u2019agents pour abandon de poste","datePublished":"2022-10-14T15:15:48+00:00","dateModified":"2022-10-14T17:19:21+00:00","mainEntityOfPage":{"@id":"https:\/\/www.africa-press.net\/cameroun\/toutes-les-actualites\/fonction-publique-letat-du-cameroun-radie-un-millier-dagents-pour-abandon-de-poste"},"wordCount":456,"commentCount":0,"image":{"@id":"https:\/\/www.africa-press.net\/cameroun\/toutes-les-actualites\/fonction-publique-letat-du-cameroun-radie-un-millier-dagents-pour-abandon-de-poste#primaryimage"},"thumbnailUrl":"https:\/\/static.africa-press.net\/cameroun\/sites\/57\/2022\/10\/img-63499418d4f17.jpg","keywords":["Africa Press","Africa Press-Cameroun","Cameroun"],"articleSection":["Communaut\u00e9","Toutes les actualit\u00e9s"],"inLanguage":"fr-FR","potentialAction":[{"@type":"CommentAction","name":"Comment","target":["https:\/\/www.africa-press.net\/cameroun\/toutes-les-actualites\/fonction-publique-letat-du-cameroun-radie-un-millier-dagents-pour-abandon-de-poste#respond"]}]},{"@type":"WebPage","@id":"https:\/\/www.africa-press.net\/cameroun\/toutes-les-actualites\/fonction-publique-letat-du-cameroun-radie-un-millier-dagents-pour-abandon-de-poste","url":"https:\/\/www.africa-press.net\/cameroun\/toutes-les-actualites\/fonction-publique-letat-du-cameroun-radie-un-millier-dagents-pour-abandon-de-poste","name":"Fonction publique\u00a0: l\u2019\u00c9tat du Cameroun radie un millier d\u2019agents pour abandon de poste - Cameroun","isPartOf":{"@id":"https:\/\/www.africa-press.net\/cameroun\/#website"},"primaryImageOfPage":{"@id":"https:\/\/www.africa-press.net\/cameroun\/toutes-les-actualites\/fonction-publique-letat-du-cameroun-radie-un-millier-dagents-pour-abandon-de-poste#primaryimage"},"image":{"@id":"https:\/\/www.africa-press.net\/cameroun\/toutes-les-actualites\/fonction-publique-letat-du-cameroun-radie-un-millier-dagents-pour-abandon-de-poste#primaryimage"},"thumbnailUrl":"https:\/\/static.africa-press.net\/cameroun\/sites\/57\/2022\/10\/img-63499418d4f17.jpg","datePublished":"2022-10-14T15:15:48+00:00","dateModified":"2022-10-14T17:19:21+00:00","author":{"@id":"https:\/\/www.africa-press.net\/cameroun\/#\/schema\/person\/2b1cf3cd81a31e3cd26889ca66d677f1"},"description":"Investir au Cameroun) - Dans une note d\u2019information publie\u0301e le 13 octobre 2022, le ministre de la Fonction publique et ...","breadcrumb":{"@id":"https:\/\/www.africa-press.net\/cameroun\/toutes-les-actualites\/fonction-publique-letat-du-cameroun-radie-un-millier-dagents-pour-abandon-de-poste#breadcrumb"},"inLanguage":"fr-FR","potentialAction":[{"@type":"ReadAction","target":["https:\/\/www.africa-press.net\/cameroun\/toutes-les-actualites\/fonction-publique-letat-du-cameroun-radie-un-millier-dagents-pour-abandon-de-poste"]}]},{"@type":"ImageObject","inLanguage":"fr-FR","@id":"https:\/\/www.africa-press.net\/cameroun\/toutes-les-actualites\/fonction-publique-letat-du-cameroun-radie-un-millier-dagents-pour-abandon-de-poste#primaryimage","url":"https:\/\/static.africa-press.net\/cameroun\/sites\/57\/2022\/10\/img-63499418d4f17.jpg","contentUrl":"https:\/\/static.africa-press.net\/cameroun\/sites\/57\/2022\/10\/img-63499418d4f17.jpg","width":720,"height":453,"caption":"Fonction publique\u00a0: l\u2019\u00c9tat du Cameroun radie un millier d\u2019agents pour abandon de poste"},{"@type":"BreadcrumbList","@id":"https:\/\/www.africa-press.net\/cameroun\/toutes-les-actualites\/fonction-publique-letat-du-cameroun-radie-un-millier-dagents-pour-abandon-de-poste#breadcrumb","itemListElement":[{"@type":"ListItem","position":1,"name":"Accueil","item":"https:\/\/www.africa-press.net\/cameroun\/"},{"@type":"ListItem","position":2,"name":"Fonction publique\u00a0: l\u2019\u00c9tat du Cameroun radie un millier d\u2019agents pour abandon de poste"}]},{"@type":"WebSite","@id":"https:\/\/www.africa-press.net\/cameroun\/#website","url":"https:\/\/www.africa-press.net\/cameroun\/","name":"Cameroun","description":"Just another Africa News Agency Sites site","potentialAction":[{"@type":"SearchAction","target":{"@type":"EntryPoint","urlTemplate":"https:\/\/www.africa-press.net\/cameroun\/?s={search_term_string}"},"query-input":{"@type":"PropertyValueSpecification","valueRequired":true,"valueName":"search_term_string"}}],"inLanguage":"fr-FR"},{"@type":"Person","@id":"https:\/\/www.africa-press.net\/cameroun\/#\/schema\/person\/2b1cf3cd81a31e3cd26889ca66d677f1","name":"cfeditorfr"}]}},"_links":{"self":[{"href":"https:\/\/www.africa-press.net\/cameroun\/wp-json\/wp\/v2\/posts\/29431","targetHints":{"allow":["GET"]}}],"collection":[{"href":"https:\/\/www.africa-press.net\/cameroun\/wp-json\/wp\/v2\/posts"}],"about":[{"href":"https:\/\/www.africa-press.net\/cameroun\/wp-json\/wp\/v2\/types\/post"}],"author":[{"embeddable":true,"href":"https:\/\/www.africa-press.net\/cameroun\/wp-json\/wp\/v2\/users\/82"}],"replies":[{"embeddable":true,"href":"https:\/\/www.africa-press.net\/cameroun\/wp-json\/wp\/v2\/comments?post=29431"}],"version-history":[{"count":0,"href":"https:\/\/www.africa-press.net\/cameroun\/wp-json\/wp\/v2\/posts\/29431\/revisions"}],"wp:featuredmedia":[{"embeddable":true,"href":"https:\/\/www.africa-press.net\/cameroun\/wp-json\/wp\/v2\/media\/29430"}],"wp:attachment":[{"href":"https:\/\/www.africa-press.net\/cameroun\/wp-json\/wp\/v2\/media?parent=29431"}],"wp:term":[{"taxonomy":"category","embeddable":true,"href":"https:\/\/www.africa-press.net\/cameroun\/wp-json\/wp\/v2\/categories?post=29431"},{"taxonomy":"post_tag","embeddable":true,"href":"https:\/\/www.africa-press.net\/cameroun\/wp-json\/wp\/v2\/tags?post=29431"}],"curies":[{"name":"wp","href":"https:\/\/api.w.org\/{rel}","templated":true}]}}