{"id":29907,"date":"2022-10-21T19:10:34","date_gmt":"2022-10-21T19:10:34","guid":{"rendered":"https:\/\/www.africa-press.net\/cameroun\/politique\/la-lutte-pour-la-liberation-du-cameroun-est-abandonnee-au-president-elu-maurice-kamto-sebastien-ebala"},"modified":"2022-10-21T19:52:37","modified_gmt":"2022-10-21T19:52:37","slug":"la-lutte-pour-la-liberation-du-cameroun-est-abandonnee-au-president-elu-maurice-kamto-sebastien-ebala","status":"publish","type":"post","link":"https:\/\/www.africa-press.net\/cameroun\/toutes-les-actualites\/la-lutte-pour-la-liberation-du-cameroun-est-abandonnee-au-president-elu-maurice-kamto-sebastien-ebala","title":{"rendered":"\u00ab\u00a0La lutte pour la lib\u00e9ration du Cameroun est abandonn\u00e9e au pr\u00e9sident \u00e9lu Maurice Kamto\u00a0\u00bb &#8211; S\u00e9bastien Ebala"},"content":{"rendered":"<p><span style=\"color: #ff6600\"><strong>Africa-Press &#8211; Cameroun. <\/strong><\/span>L\u2019activiste Se\u0301bastien Ebala trouve que la jeunesse et me\u0302me les Organisations non gouvernementales de de\u0301fense des droits de l\u2019homme au Cameroun ne participent pas a\u0300 la lutte pour la libe\u0301ration du pays.<\/p>\n<p>Pour l\u2019activiste Se\u0301bastien Ebala, il n\u2019y a que Maurice Kamto le pre\u0301sident du Mouvement pour la renaissance du Cameroun (MRC) qui lutte ve\u0301ritablement pour la libe\u0301ration du pays.<\/p>\n<p>Les Organisations non gouvernementales (ONG) qui disent de\u0301fendre les droits de l\u2019homme au Cameroun de son point de vue, sont corrompues. \u00abLa lutte pour la libe\u0301ration du Cameroun est abandonne\u0301e au pre\u0301sident e\u0301lu Maurice Kamto qui est le seul opposant cre\u0301dible dans notre pays.<\/p>\n<p>Regarde me\u0302me les ONGS qui disent de\u0301fendre les droits de l\u2019homme au Cameroun. Toutes sont compromises a\u0300 cause des actes de corruption dans lesquels ils sont implique\u0301s.<\/p>\n<p>Certains comme le Redhac qui a fait de cette histoire son fonds de commerce absolu personne n\u2019est pre\u0302te a\u0300 assumer ses responsabilite\u0301s ou\u0300 alors se battre dans le but de sauver le bateau Cameroun qui est de\u0301ja\u0300 comple\u0300tement abi\u0302me\u0301 par une clique de vampires qui n\u2019ont que pour mode de fonctionnement la me\u0301chancete\u0301, la torture physique sur les humains que nous sommes le tribalisme comme fond de compe\u0301tition pour manipuler les a\u0302mes inconscientes laisser prospe\u0300re la me\u0301diocrite\u0301, le banditisme intellectuels de certains petits diplo\u0302mes de notre cher et beau pays le Cameroun.<\/p>\n<p>Voila\u0300 pourquoi lorsque tu es incorruptible, on te pre\u0301sente comme un danger pour la Re\u0301publique ou\u0300 alors on te diabolise d\u2019e\u0302tre Bamileke ou Anglophone.<\/p>\n<p>A de\u0301faut d\u2019e\u0302tre corrompu, on t\u2019envoie en prison apre\u0300s la prison, cest ta mort qui est programme\u0301e a\u0300 longueur de journe\u0301e dans certaines officines\u00bb, a e\u0301crit Se\u0301bastien Ebala.<\/p>\n<p>L\u2019activiste Ebala affirme que la jeunesse camerounaise aussi est inconsciente. Elle ne participe pas au combat. Cependant, il reconnai\u0302t qu\u2019il y a des jeunes qui se battent pour le changement. Il les recommande de fe\u0301de\u0301rer leurs efforts avec Maurice Kamto.<\/p>\n<p><strong>Pour plus d&rsquo;informations et d&rsquo;analyses sur la <a href=\"https:\/\/www.africa-press.net\/cameroun\">Cameroun<\/a>, suivez <a href=\"https:\/\/www.africa-press.net\/\">Africa-Press<\/a><\/strong><\/p>\n","protected":false},"excerpt":{"rendered":"<p>Africa-Press &#8211; Cameroun. L\u2019activiste Se\u0301bastien Ebala trouve que la jeunesse et me\u0302me les Organisations non gouvernementales de de\u0301fense des droits de l\u2019homme au Cameroun ne participent pas a\u0300 la lutte pour la libe\u0301ration du pays. Pour l\u2019activiste Se\u0301bastien Ebala, il n\u2019y a que Maurice Kamto le pre\u0301sident du Mouvement pour la renaissance du Cameroun (MRC) [&hellip;]<\/p>\n","protected":false},"author":82,"featured_media":29906,"comment_status":"open","ping_status":"closed","sticky":false,"template":"","format":"standard","meta":{"footnotes":""},"categories":[21,10],"tags":[36,50,49],"class_list":["post-29907","post","type-post","status-publish","format-standard","has-post-thumbnail","hentry","category-communaute","category-toutes-les-actualites","tag-africa-press","tag-africa-press-cameroun","tag-cameroun"],"yoast_head":"<!-- This site is optimized with the Yoast SEO Premium plugin v26.1 (Yoast SEO v27.0) - https:\/\/yoast.com\/product\/yoast-seo-premium-wordpress\/ -->\n<title>&quot;La lutte pour la lib\u00e9ration du Cameroun est abandonn\u00e9e au pr\u00e9sident \u00e9lu Maurice Kamto&quot; - S\u00e9bastien Ebala - Cameroun<\/title>\n<meta name=\"description\" content=\"L\u2019activiste Se\u0301bastien Ebala trouve que la jeunesse et me\u0302me les Organisations non gouvernementales de de\u0301fense des droi ...\" \/>\n<meta name=\"robots\" content=\"index, follow, max-snippet:-1, max-image-preview:large, max-video-preview:-1\" \/>\n<link rel=\"canonical\" href=\"https:\/\/www.africa-press.net\/cameroun\/toutes-les-actualites\/la-lutte-pour-la-liberation-du-cameroun-est-abandonnee-au-president-elu-maurice-kamto-sebastien-ebala\" \/>\n<meta property=\"og:locale\" content=\"fr_FR\" \/>\n<meta property=\"og:type\" content=\"article\" \/>\n<meta property=\"og:title\" content=\"&quot;La lutte pour la lib\u00e9ration du Cameroun est abandonn\u00e9e au pr\u00e9sident \u00e9lu Maurice Kamto&quot; - S\u00e9bastien Ebala\" \/>\n<meta property=\"og:description\" content=\"L\u2019activiste Se\u0301bastien Ebala trouve que la jeunesse et me\u0302me les Organisations non gouvernementales de de\u0301fense des droi ...\" \/>\n<meta property=\"og:url\" content=\"https:\/\/www.africa-press.net\/cameroun\/toutes-les-actualites\/la-lutte-pour-la-liberation-du-cameroun-est-abandonnee-au-president-elu-maurice-kamto-sebastien-ebala\" \/>\n<meta property=\"og:site_name\" content=\"Cameroun\" \/>\n<meta property=\"article:published_time\" content=\"2022-10-21T19:10:34+00:00\" \/>\n<meta property=\"article:modified_time\" content=\"2022-10-21T19:52:37+00:00\" \/>\n<meta property=\"og:image\" content=\"https:\/\/static.africa-press.net\/cameroun\/sites\/57\/2022\/10\/postQueueImg_11-6352f8213fae7.jpg\" \/>\n\t<meta property=\"og:image:width\" content=\"720\" \/>\n\t<meta property=\"og:image:height\" content=\"720\" \/>\n\t<meta property=\"og:image:type\" content=\"image\/jpeg\" \/>\n<meta name=\"author\" content=\"cfeditorfr\" \/>\n<meta name=\"twitter:card\" content=\"summary_large_image\" \/>\n<meta name=\"twitter:label1\" content=\"\u00c9crit par\" \/>\n\t<meta name=\"twitter:data1\" content=\"cfeditorfr\" \/>\n\t<meta name=\"twitter:label2\" content=\"Dur\u00e9e de lecture estim\u00e9e\" \/>\n\t<meta name=\"twitter:data2\" content=\"2 minutes\" \/>\n<script type=\"application\/ld+json\" class=\"yoast-schema-graph\">{\"@context\":\"https:\/\/schema.org\",\"@graph\":[{\"@type\":\"Article\",\"@id\":\"https:\/\/www.africa-press.net\/cameroun\/toutes-les-actualites\/la-lutte-pour-la-liberation-du-cameroun-est-abandonnee-au-president-elu-maurice-kamto-sebastien-ebala#article\",\"isPartOf\":{\"@id\":\"https:\/\/www.africa-press.net\/cameroun\/toutes-les-actualites\/la-lutte-pour-la-liberation-du-cameroun-est-abandonnee-au-president-elu-maurice-kamto-sebastien-ebala\"},\"author\":{\"name\":\"cfeditorfr\",\"@id\":\"https:\/\/www.africa-press.net\/cameroun\/#\/schema\/person\/2b1cf3cd81a31e3cd26889ca66d677f1\"},\"headline\":\"\u00ab\u00a0La lutte pour la lib\u00e9ration du Cameroun est abandonn\u00e9e au pr\u00e9sident \u00e9lu Maurice Kamto\u00a0\u00bb &#8211; S\u00e9bastien Ebala\",\"datePublished\":\"2022-10-21T19:10:34+00:00\",\"dateModified\":\"2022-10-21T19:52:37+00:00\",\"mainEntityOfPage\":{\"@id\":\"https:\/\/www.africa-press.net\/cameroun\/toutes-les-actualites\/la-lutte-pour-la-liberation-du-cameroun-est-abandonnee-au-president-elu-maurice-kamto-sebastien-ebala\"},\"wordCount\":405,\"commentCount\":0,\"image\":{\"@id\":\"https:\/\/www.africa-press.net\/cameroun\/toutes-les-actualites\/la-lutte-pour-la-liberation-du-cameroun-est-abandonnee-au-president-elu-maurice-kamto-sebastien-ebala#primaryimage\"},\"thumbnailUrl\":\"https:\/\/static.africa-press.net\/cameroun\/sites\/57\/2022\/10\/postQueueImg_11-6352f8213fae7.jpg\",\"keywords\":[\"Africa Press\",\"Africa Press-Cameroun\",\"Cameroun\"],\"articleSection\":[\"Communaut\u00e9\",\"Toutes les actualit\u00e9s\"],\"inLanguage\":\"fr-FR\",\"potentialAction\":[{\"@type\":\"CommentAction\",\"name\":\"Comment\",\"target\":[\"https:\/\/www.africa-press.net\/cameroun\/toutes-les-actualites\/la-lutte-pour-la-liberation-du-cameroun-est-abandonnee-au-president-elu-maurice-kamto-sebastien-ebala#respond\"]}]},{\"@type\":\"WebPage\",\"@id\":\"https:\/\/www.africa-press.net\/cameroun\/toutes-les-actualites\/la-lutte-pour-la-liberation-du-cameroun-est-abandonnee-au-president-elu-maurice-kamto-sebastien-ebala\",\"url\":\"https:\/\/www.africa-press.net\/cameroun\/toutes-les-actualites\/la-lutte-pour-la-liberation-du-cameroun-est-abandonnee-au-president-elu-maurice-kamto-sebastien-ebala\",\"name\":\"\\\"La lutte pour la lib\u00e9ration du Cameroun est abandonn\u00e9e au pr\u00e9sident \u00e9lu Maurice Kamto\\\" - S\u00e9bastien Ebala - Cameroun\",\"isPartOf\":{\"@id\":\"https:\/\/www.africa-press.net\/cameroun\/#website\"},\"primaryImageOfPage\":{\"@id\":\"https:\/\/www.africa-press.net\/cameroun\/toutes-les-actualites\/la-lutte-pour-la-liberation-du-cameroun-est-abandonnee-au-president-elu-maurice-kamto-sebastien-ebala#primaryimage\"},\"image\":{\"@id\":\"https:\/\/www.africa-press.net\/cameroun\/toutes-les-actualites\/la-lutte-pour-la-liberation-du-cameroun-est-abandonnee-au-president-elu-maurice-kamto-sebastien-ebala#primaryimage\"},\"thumbnailUrl\":\"https:\/\/static.africa-press.net\/cameroun\/sites\/57\/2022\/10\/postQueueImg_11-6352f8213fae7.jpg\",\"datePublished\":\"2022-10-21T19:10:34+00:00\",\"dateModified\":\"2022-10-21T19:52:37+00:00\",\"author\":{\"@id\":\"https:\/\/www.africa-press.net\/cameroun\/#\/schema\/person\/2b1cf3cd81a31e3cd26889ca66d677f1\"},\"description\":\"L\u2019activiste Se\u0301bastien Ebala trouve que la jeunesse et me\u0302me les Organisations non gouvernementales de de\u0301fense des droi ...\",\"breadcrumb\":{\"@id\":\"https:\/\/www.africa-press.net\/cameroun\/toutes-les-actualites\/la-lutte-pour-la-liberation-du-cameroun-est-abandonnee-au-president-elu-maurice-kamto-sebastien-ebala#breadcrumb\"},\"inLanguage\":\"fr-FR\",\"potentialAction\":[{\"@type\":\"ReadAction\",\"target\":[\"https:\/\/www.africa-press.net\/cameroun\/toutes-les-actualites\/la-lutte-pour-la-liberation-du-cameroun-est-abandonnee-au-president-elu-maurice-kamto-sebastien-ebala\"]}]},{\"@type\":\"ImageObject\",\"inLanguage\":\"fr-FR\",\"@id\":\"https:\/\/www.africa-press.net\/cameroun\/toutes-les-actualites\/la-lutte-pour-la-liberation-du-cameroun-est-abandonnee-au-president-elu-maurice-kamto-sebastien-ebala#primaryimage\",\"url\":\"https:\/\/static.africa-press.net\/cameroun\/sites\/57\/2022\/10\/postQueueImg_11-6352f8213fae7.jpg\",\"contentUrl\":\"https:\/\/static.africa-press.net\/cameroun\/sites\/57\/2022\/10\/postQueueImg_11-6352f8213fae7.jpg\",\"width\":720,\"height\":720,\"caption\":\"\\\"La lutte pour la lib\u00e9ration du Cameroun est abandonn\u00e9e au pr\u00e9sident \u00e9lu Maurice Kamto\\\" - S\u00e9bastien Ebala\"},{\"@type\":\"BreadcrumbList\",\"@id\":\"https:\/\/www.africa-press.net\/cameroun\/toutes-les-actualites\/la-lutte-pour-la-liberation-du-cameroun-est-abandonnee-au-president-elu-maurice-kamto-sebastien-ebala#breadcrumb\",\"itemListElement\":[{\"@type\":\"ListItem\",\"position\":1,\"name\":\"Accueil\",\"item\":\"https:\/\/www.africa-press.net\/cameroun\/\"},{\"@type\":\"ListItem\",\"position\":2,\"name\":\"&#8220;La lutte pour la lib\u00e9ration du Cameroun est abandonn\u00e9e au pr\u00e9sident \u00e9lu Maurice Kamto&#8221; &#8211; S\u00e9bastien Ebala\"}]},{\"@type\":\"WebSite\",\"@id\":\"https:\/\/www.africa-press.net\/cameroun\/#website\",\"url\":\"https:\/\/www.africa-press.net\/cameroun\/\",\"name\":\"Cameroun\",\"description\":\"Just another Africa News Agency Sites site\",\"potentialAction\":[{\"@type\":\"SearchAction\",\"target\":{\"@type\":\"EntryPoint\",\"urlTemplate\":\"https:\/\/www.africa-press.net\/cameroun\/?s={search_term_string}\"},\"query-input\":{\"@type\":\"PropertyValueSpecification\",\"valueRequired\":true,\"valueName\":\"search_term_string\"}}],\"inLanguage\":\"fr-FR\"},{\"@type\":\"Person\",\"@id\":\"https:\/\/www.africa-press.net\/cameroun\/#\/schema\/person\/2b1cf3cd81a31e3cd26889ca66d677f1\",\"name\":\"cfeditorfr\"}]}<\/script>\n<!-- \/ Yoast SEO Premium plugin. -->","yoast_head_json":{"title":"\"La lutte pour la lib\u00e9ration du Cameroun est abandonn\u00e9e au pr\u00e9sident \u00e9lu Maurice Kamto\" - S\u00e9bastien Ebala - Cameroun","description":"L\u2019activiste Se\u0301bastien Ebala trouve que la jeunesse et me\u0302me les Organisations non gouvernementales de de\u0301fense des droi ...","robots":{"index":"index","follow":"follow","max-snippet":"max-snippet:-1","max-image-preview":"max-image-preview:large","max-video-preview":"max-video-preview:-1"},"canonical":"https:\/\/www.africa-press.net\/cameroun\/toutes-les-actualites\/la-lutte-pour-la-liberation-du-cameroun-est-abandonnee-au-president-elu-maurice-kamto-sebastien-ebala","og_locale":"fr_FR","og_type":"article","og_title":"\"La lutte pour la lib\u00e9ration du Cameroun est abandonn\u00e9e au pr\u00e9sident \u00e9lu Maurice Kamto\" - S\u00e9bastien Ebala","og_description":"L\u2019activiste Se\u0301bastien Ebala trouve que la jeunesse et me\u0302me les Organisations non gouvernementales de de\u0301fense des droi ...","og_url":"https:\/\/www.africa-press.net\/cameroun\/toutes-les-actualites\/la-lutte-pour-la-liberation-du-cameroun-est-abandonnee-au-president-elu-maurice-kamto-sebastien-ebala","og_site_name":"Cameroun","article_published_time":"2022-10-21T19:10:34+00:00","article_modified_time":"2022-10-21T19:52:37+00:00","og_image":[{"width":720,"height":720,"url":"https:\/\/static.africa-press.net\/cameroun\/sites\/57\/2022\/10\/postQueueImg_11-6352f8213fae7.jpg","type":"image\/jpeg"}],"author":"cfeditorfr","twitter_card":"summary_large_image","twitter_misc":{"\u00c9crit par":"cfeditorfr","Dur\u00e9e de lecture estim\u00e9e":"2 minutes"},"schema":{"@context":"https:\/\/schema.org","@graph":[{"@type":"Article","@id":"https:\/\/www.africa-press.net\/cameroun\/toutes-les-actualites\/la-lutte-pour-la-liberation-du-cameroun-est-abandonnee-au-president-elu-maurice-kamto-sebastien-ebala#article","isPartOf":{"@id":"https:\/\/www.africa-press.net\/cameroun\/toutes-les-actualites\/la-lutte-pour-la-liberation-du-cameroun-est-abandonnee-au-president-elu-maurice-kamto-sebastien-ebala"},"author":{"name":"cfeditorfr","@id":"https:\/\/www.africa-press.net\/cameroun\/#\/schema\/person\/2b1cf3cd81a31e3cd26889ca66d677f1"},"headline":"\u00ab\u00a0La lutte pour la lib\u00e9ration du Cameroun est abandonn\u00e9e au pr\u00e9sident \u00e9lu Maurice Kamto\u00a0\u00bb &#8211; S\u00e9bastien Ebala","datePublished":"2022-10-21T19:10:34+00:00","dateModified":"2022-10-21T19:52:37+00:00","mainEntityOfPage":{"@id":"https:\/\/www.africa-press.net\/cameroun\/toutes-les-actualites\/la-lutte-pour-la-liberation-du-cameroun-est-abandonnee-au-president-elu-maurice-kamto-sebastien-ebala"},"wordCount":405,"commentCount":0,"image":{"@id":"https:\/\/www.africa-press.net\/cameroun\/toutes-les-actualites\/la-lutte-pour-la-liberation-du-cameroun-est-abandonnee-au-president-elu-maurice-kamto-sebastien-ebala#primaryimage"},"thumbnailUrl":"https:\/\/static.africa-press.net\/cameroun\/sites\/57\/2022\/10\/postQueueImg_11-6352f8213fae7.jpg","keywords":["Africa Press","Africa Press-Cameroun","Cameroun"],"articleSection":["Communaut\u00e9","Toutes les actualit\u00e9s"],"inLanguage":"fr-FR","potentialAction":[{"@type":"CommentAction","name":"Comment","target":["https:\/\/www.africa-press.net\/cameroun\/toutes-les-actualites\/la-lutte-pour-la-liberation-du-cameroun-est-abandonnee-au-president-elu-maurice-kamto-sebastien-ebala#respond"]}]},{"@type":"WebPage","@id":"https:\/\/www.africa-press.net\/cameroun\/toutes-les-actualites\/la-lutte-pour-la-liberation-du-cameroun-est-abandonnee-au-president-elu-maurice-kamto-sebastien-ebala","url":"https:\/\/www.africa-press.net\/cameroun\/toutes-les-actualites\/la-lutte-pour-la-liberation-du-cameroun-est-abandonnee-au-president-elu-maurice-kamto-sebastien-ebala","name":"\"La lutte pour la lib\u00e9ration du Cameroun est abandonn\u00e9e au pr\u00e9sident \u00e9lu Maurice Kamto\" - S\u00e9bastien Ebala - Cameroun","isPartOf":{"@id":"https:\/\/www.africa-press.net\/cameroun\/#website"},"primaryImageOfPage":{"@id":"https:\/\/www.africa-press.net\/cameroun\/toutes-les-actualites\/la-lutte-pour-la-liberation-du-cameroun-est-abandonnee-au-president-elu-maurice-kamto-sebastien-ebala#primaryimage"},"image":{"@id":"https:\/\/www.africa-press.net\/cameroun\/toutes-les-actualites\/la-lutte-pour-la-liberation-du-cameroun-est-abandonnee-au-president-elu-maurice-kamto-sebastien-ebala#primaryimage"},"thumbnailUrl":"https:\/\/static.africa-press.net\/cameroun\/sites\/57\/2022\/10\/postQueueImg_11-6352f8213fae7.jpg","datePublished":"2022-10-21T19:10:34+00:00","dateModified":"2022-10-21T19:52:37+00:00","author":{"@id":"https:\/\/www.africa-press.net\/cameroun\/#\/schema\/person\/2b1cf3cd81a31e3cd26889ca66d677f1"},"description":"L\u2019activiste Se\u0301bastien Ebala trouve que la jeunesse et me\u0302me les Organisations non gouvernementales de de\u0301fense des droi ...","breadcrumb":{"@id":"https:\/\/www.africa-press.net\/cameroun\/toutes-les-actualites\/la-lutte-pour-la-liberation-du-cameroun-est-abandonnee-au-president-elu-maurice-kamto-sebastien-ebala#breadcrumb"},"inLanguage":"fr-FR","potentialAction":[{"@type":"ReadAction","target":["https:\/\/www.africa-press.net\/cameroun\/toutes-les-actualites\/la-lutte-pour-la-liberation-du-cameroun-est-abandonnee-au-president-elu-maurice-kamto-sebastien-ebala"]}]},{"@type":"ImageObject","inLanguage":"fr-FR","@id":"https:\/\/www.africa-press.net\/cameroun\/toutes-les-actualites\/la-lutte-pour-la-liberation-du-cameroun-est-abandonnee-au-president-elu-maurice-kamto-sebastien-ebala#primaryimage","url":"https:\/\/static.africa-press.net\/cameroun\/sites\/57\/2022\/10\/postQueueImg_11-6352f8213fae7.jpg","contentUrl":"https:\/\/static.africa-press.net\/cameroun\/sites\/57\/2022\/10\/postQueueImg_11-6352f8213fae7.jpg","width":720,"height":720,"caption":"\"La lutte pour la lib\u00e9ration du Cameroun est abandonn\u00e9e au pr\u00e9sident \u00e9lu Maurice Kamto\" - S\u00e9bastien Ebala"},{"@type":"BreadcrumbList","@id":"https:\/\/www.africa-press.net\/cameroun\/toutes-les-actualites\/la-lutte-pour-la-liberation-du-cameroun-est-abandonnee-au-president-elu-maurice-kamto-sebastien-ebala#breadcrumb","itemListElement":[{"@type":"ListItem","position":1,"name":"Accueil","item":"https:\/\/www.africa-press.net\/cameroun\/"},{"@type":"ListItem","position":2,"name":"&#8220;La lutte pour la lib\u00e9ration du Cameroun est abandonn\u00e9e au pr\u00e9sident \u00e9lu Maurice Kamto&#8221; &#8211; S\u00e9bastien Ebala"}]},{"@type":"WebSite","@id":"https:\/\/www.africa-press.net\/cameroun\/#website","url":"https:\/\/www.africa-press.net\/cameroun\/","name":"Cameroun","description":"Just another Africa News Agency Sites site","potentialAction":[{"@type":"SearchAction","target":{"@type":"EntryPoint","urlTemplate":"https:\/\/www.africa-press.net\/cameroun\/?s={search_term_string}"},"query-input":{"@type":"PropertyValueSpecification","valueRequired":true,"valueName":"search_term_string"}}],"inLanguage":"fr-FR"},{"@type":"Person","@id":"https:\/\/www.africa-press.net\/cameroun\/#\/schema\/person\/2b1cf3cd81a31e3cd26889ca66d677f1","name":"cfeditorfr"}]}},"_links":{"self":[{"href":"https:\/\/www.africa-press.net\/cameroun\/wp-json\/wp\/v2\/posts\/29907","targetHints":{"allow":["GET"]}}],"collection":[{"href":"https:\/\/www.africa-press.net\/cameroun\/wp-json\/wp\/v2\/posts"}],"about":[{"href":"https:\/\/www.africa-press.net\/cameroun\/wp-json\/wp\/v2\/types\/post"}],"author":[{"embeddable":true,"href":"https:\/\/www.africa-press.net\/cameroun\/wp-json\/wp\/v2\/users\/82"}],"replies":[{"embeddable":true,"href":"https:\/\/www.africa-press.net\/cameroun\/wp-json\/wp\/v2\/comments?post=29907"}],"version-history":[{"count":0,"href":"https:\/\/www.africa-press.net\/cameroun\/wp-json\/wp\/v2\/posts\/29907\/revisions"}],"wp:featuredmedia":[{"embeddable":true,"href":"https:\/\/www.africa-press.net\/cameroun\/wp-json\/wp\/v2\/media\/29906"}],"wp:attachment":[{"href":"https:\/\/www.africa-press.net\/cameroun\/wp-json\/wp\/v2\/media?parent=29907"}],"wp:term":[{"taxonomy":"category","embeddable":true,"href":"https:\/\/www.africa-press.net\/cameroun\/wp-json\/wp\/v2\/categories?post=29907"},{"taxonomy":"post_tag","embeddable":true,"href":"https:\/\/www.africa-press.net\/cameroun\/wp-json\/wp\/v2\/tags?post=29907"}],"curies":[{"name":"wp","href":"https:\/\/api.w.org\/{rel}","templated":true}]}}