{"id":3262,"date":"2021-05-06T17:56:59","date_gmt":"2021-05-06T17:56:59","guid":{"rendered":"https:\/\/www.africa-press.net\/cameroun\/politique\/cameroun-football-la-premiere-journee-des-eliminatoires-zone-afrique-de-la-coupe-du-monde-2022-reportee"},"modified":"2021-05-06T21:21:48","modified_gmt":"2021-05-06T21:21:48","slug":"cameroun-football-la-premiere-journee-des-eliminatoires-zone-afrique-de-la-coupe-du-monde-2022-reportee","status":"publish","type":"post","link":"https:\/\/www.africa-press.net\/cameroun\/sports\/cameroun-football-la-premiere-journee-des-eliminatoires-zone-afrique-de-la-coupe-du-monde-2022-reportee","title":{"rendered":"Cameroun &#8211; Football: La premi\u00e8re journ\u00e9e des \u00e9liminatoires zone Afrique de la Coupe du monde 2022 report\u00e9e"},"content":{"rendered":"<p><span style=\"color: #ff6600\"><strong><a href=\"https:\/\/www.africa-press.net\/\">Africa-Press<\/a> &#8211; <a href=\"https:\/\/www.africa-press.net\/cameroun\">Cameroun<\/a>. <\/strong><\/span>Initialement pr\u00e9vu au mois de juin prochain, le d\u00e9but des \u00e9liminatoires de la Coupe du monde de football \u00abQatar 2022\u00bb a \u00e9t\u00e9 report\u00e9 par la Conf\u00e9d\u00e9ration Africaine de football (CAF), d\u2019un commun accord avec la F\u00e9d\u00e9ration Internationale de Football Association (FIFA). La F\u00e9d\u00e9ration Camerounaise de Football (FECAFOOT) a officialis\u00e9 cette nouvelle ce jeudi 6 mai 2021 sur son compte certifi\u00e9 Facebook.<\/p>\n<p><b>\u00abLa FIFA conjointement avec la CAF est en mesure de confirmer qu\u2019au vu des perturbations caus\u00e9es par la pand\u00e9mie de Covid19 et de la n\u00e9cessit\u00e9 de garantir des conditions de jeu optimales pour l\u2019ensemble des \u00e9quipes, il a \u00e9t\u00e9 d\u00e9cid\u00e9 de repousser les matches des qualifications africaines pour la Coupe du Monde de la FIFA, Qatar 2022 qui devaient avoir lieu en juin 2021<\/b><\/p>\n<p>\u00bb, rapporte la FECAFOOT.<\/p>\n<p>Par cons\u00e9quent, les rencontres de la premi\u00e8re journ\u00e9e de la campagne qualificative zone Afrique de ce mondial sont d\u00e9sormais reprogramm\u00e9es \u00e0 compter du mois de septembre 2021. Ceci vient confirmer la rumeur du report du d\u00e9but de ces \u00e9liminatoires qui se faisait d\u00e9j\u00e0 persistante. Nos confr\u00e8res du journal \u00abL\u2019Equipe\u00bb avaient \u00e9voqu\u00e9 l\u2019absence de stades aux normes dans certains pays africains pour justifier le report. Un alibi tout aussi plausible car, la CAF a r\u00e9cemment publi\u00e9 une liste de stades aux normes par pays, \u00e0 m\u00eame d\u2019abriter les rencontres internationales.<\/p>\n<p>Il importe de pr\u00e9ciser que la prochaine fen\u00eatre FIFA est pr\u00e9vue du 31 mai au 15 juin 2021. A l\u2019occasion, le s\u00e9lectionneur des Lions Indomptables, Antonio Concei\u00e7ao, a pr\u00e9s\u00e9lectionn\u00e9 36 joueurs, lesquels vont d\u00e9sormais se contenter de disputer les matchs amicaux pour meubler la tr\u00eave internationale de juin prochain.<b><\/b><b><\/b><\/p>\n","protected":false},"excerpt":{"rendered":"<p>Africa-Press &#8211; Cameroun. Initialement pr\u00e9vu au mois de juin prochain, le d\u00e9but des \u00e9liminatoires de la Coupe du monde de football \u00abQatar 2022\u00bb a \u00e9t\u00e9 report\u00e9 par la Conf\u00e9d\u00e9ration Africaine de football (CAF), d\u2019un commun accord avec la F\u00e9d\u00e9ration Internationale de Football Association (FIFA). La F\u00e9d\u00e9ration Camerounaise de Football (FECAFOOT) a officialis\u00e9 cette nouvelle ce [&hellip;]<\/p>\n","protected":false},"author":82,"featured_media":3261,"comment_status":"open","ping_status":"closed","sticky":false,"template":"","format":"standard","meta":{"footnotes":""},"categories":[11,6,10],"tags":[36,50,49],"class_list":["post-3262","post","type-post","status-publish","format-standard","has-post-thumbnail","hentry","category-homepage-french","category-sports","category-toutes-les-actualites","tag-africa-press","tag-africa-press-cameroun","tag-cameroun"],"yoast_head":"<!-- This site is optimized with the Yoast SEO Premium plugin v26.1 (Yoast SEO v27.0) - https:\/\/yoast.com\/product\/yoast-seo-premium-wordpress\/ -->\n<title>Cameroun - Football: La premi\u00e8re journ\u00e9e des \u00e9liminatoires zone Afrique de la Coupe du monde 2022 report\u00e9e - Cameroun<\/title>\n<meta name=\"description\" content=\"Initialement pr\u00e9vu au mois de juin prochain, le d\u00e9but des \u00e9liminatoires de la Coupe du monde de football \u00abQatar 2022\u00bb a ...\" \/>\n<meta name=\"robots\" content=\"index, follow, max-snippet:-1, max-image-preview:large, max-video-preview:-1\" \/>\n<link rel=\"canonical\" href=\"https:\/\/www.africa-press.net\/cameroun\/sports\/cameroun-football-la-premiere-journee-des-eliminatoires-zone-afrique-de-la-coupe-du-monde-2022-reportee\" \/>\n<meta property=\"og:locale\" content=\"fr_FR\" \/>\n<meta property=\"og:type\" content=\"article\" \/>\n<meta property=\"og:title\" content=\"Cameroun - Football: La premi\u00e8re journ\u00e9e des \u00e9liminatoires zone Afrique de la Coupe du monde 2022 report\u00e9e\" \/>\n<meta property=\"og:description\" content=\"Initialement pr\u00e9vu au mois de juin prochain, le d\u00e9but des \u00e9liminatoires de la Coupe du monde de football \u00abQatar 2022\u00bb a ...\" \/>\n<meta property=\"og:url\" content=\"https:\/\/www.africa-press.net\/cameroun\/sports\/cameroun-football-la-premiere-journee-des-eliminatoires-zone-afrique-de-la-coupe-du-monde-2022-reportee\" \/>\n<meta property=\"og:site_name\" content=\"Cameroun\" \/>\n<meta property=\"article:published_time\" content=\"2021-05-06T17:56:59+00:00\" \/>\n<meta property=\"article:modified_time\" content=\"2021-05-06T21:21:48+00:00\" \/>\n<meta property=\"og:image\" content=\"https:\/\/static.africa-press.net\/cameroun\/sites\/57\/2021\/05\/img-609453d88d6a2.jpg\" \/>\n\t<meta property=\"og:image:width\" content=\"800\" \/>\n\t<meta property=\"og:image:height\" content=\"450\" \/>\n\t<meta property=\"og:image:type\" content=\"image\/jpeg\" \/>\n<meta name=\"author\" content=\"cfeditorfr\" \/>\n<meta name=\"twitter:card\" content=\"summary_large_image\" \/>\n<meta name=\"twitter:label1\" content=\"\u00c9crit par\" \/>\n\t<meta name=\"twitter:data1\" content=\"cfeditorfr\" \/>\n\t<meta name=\"twitter:label2\" content=\"Dur\u00e9e de lecture estim\u00e9e\" \/>\n\t<meta name=\"twitter:data2\" content=\"2 minutes\" \/>\n<script type=\"application\/ld+json\" class=\"yoast-schema-graph\">{\"@context\":\"https:\/\/schema.org\",\"@graph\":[{\"@type\":\"Article\",\"@id\":\"https:\/\/www.africa-press.net\/cameroun\/sports\/cameroun-football-la-premiere-journee-des-eliminatoires-zone-afrique-de-la-coupe-du-monde-2022-reportee#article\",\"isPartOf\":{\"@id\":\"https:\/\/www.africa-press.net\/cameroun\/sports\/cameroun-football-la-premiere-journee-des-eliminatoires-zone-afrique-de-la-coupe-du-monde-2022-reportee\"},\"author\":{\"name\":\"cfeditorfr\",\"@id\":\"https:\/\/www.africa-press.net\/cameroun\/#\/schema\/person\/2b1cf3cd81a31e3cd26889ca66d677f1\"},\"headline\":\"Cameroun &#8211; Football: La premi\u00e8re journ\u00e9e des \u00e9liminatoires zone Afrique de la Coupe du monde 2022 report\u00e9e\",\"datePublished\":\"2021-05-06T17:56:59+00:00\",\"dateModified\":\"2021-05-06T21:21:48+00:00\",\"mainEntityOfPage\":{\"@id\":\"https:\/\/www.africa-press.net\/cameroun\/sports\/cameroun-football-la-premiere-journee-des-eliminatoires-zone-afrique-de-la-coupe-du-monde-2022-reportee\"},\"wordCount\":314,\"commentCount\":0,\"image\":{\"@id\":\"https:\/\/www.africa-press.net\/cameroun\/sports\/cameroun-football-la-premiere-journee-des-eliminatoires-zone-afrique-de-la-coupe-du-monde-2022-reportee#primaryimage\"},\"thumbnailUrl\":\"https:\/\/static.africa-press.net\/cameroun\/sites\/57\/2021\/05\/img-609453d88d6a2.jpg\",\"keywords\":[\"Africa Press\",\"Africa Press-Cameroun\",\"Cameroun\"],\"articleSection\":[\"homepage-french\",\"Sports\",\"Toutes les actualit\u00e9s\"],\"inLanguage\":\"fr-FR\",\"potentialAction\":[{\"@type\":\"CommentAction\",\"name\":\"Comment\",\"target\":[\"https:\/\/www.africa-press.net\/cameroun\/sports\/cameroun-football-la-premiere-journee-des-eliminatoires-zone-afrique-de-la-coupe-du-monde-2022-reportee#respond\"]}]},{\"@type\":\"WebPage\",\"@id\":\"https:\/\/www.africa-press.net\/cameroun\/sports\/cameroun-football-la-premiere-journee-des-eliminatoires-zone-afrique-de-la-coupe-du-monde-2022-reportee\",\"url\":\"https:\/\/www.africa-press.net\/cameroun\/sports\/cameroun-football-la-premiere-journee-des-eliminatoires-zone-afrique-de-la-coupe-du-monde-2022-reportee\",\"name\":\"Cameroun - Football: La premi\u00e8re journ\u00e9e des \u00e9liminatoires zone Afrique de la Coupe du monde 2022 report\u00e9e - Cameroun\",\"isPartOf\":{\"@id\":\"https:\/\/www.africa-press.net\/cameroun\/#website\"},\"primaryImageOfPage\":{\"@id\":\"https:\/\/www.africa-press.net\/cameroun\/sports\/cameroun-football-la-premiere-journee-des-eliminatoires-zone-afrique-de-la-coupe-du-monde-2022-reportee#primaryimage\"},\"image\":{\"@id\":\"https:\/\/www.africa-press.net\/cameroun\/sports\/cameroun-football-la-premiere-journee-des-eliminatoires-zone-afrique-de-la-coupe-du-monde-2022-reportee#primaryimage\"},\"thumbnailUrl\":\"https:\/\/static.africa-press.net\/cameroun\/sites\/57\/2021\/05\/img-609453d88d6a2.jpg\",\"datePublished\":\"2021-05-06T17:56:59+00:00\",\"dateModified\":\"2021-05-06T21:21:48+00:00\",\"author\":{\"@id\":\"https:\/\/www.africa-press.net\/cameroun\/#\/schema\/person\/2b1cf3cd81a31e3cd26889ca66d677f1\"},\"description\":\"Initialement pr\u00e9vu au mois de juin prochain, le d\u00e9but des \u00e9liminatoires de la Coupe du monde de football \u00abQatar 2022\u00bb a ...\",\"breadcrumb\":{\"@id\":\"https:\/\/www.africa-press.net\/cameroun\/sports\/cameroun-football-la-premiere-journee-des-eliminatoires-zone-afrique-de-la-coupe-du-monde-2022-reportee#breadcrumb\"},\"inLanguage\":\"fr-FR\",\"potentialAction\":[{\"@type\":\"ReadAction\",\"target\":[\"https:\/\/www.africa-press.net\/cameroun\/sports\/cameroun-football-la-premiere-journee-des-eliminatoires-zone-afrique-de-la-coupe-du-monde-2022-reportee\"]}]},{\"@type\":\"ImageObject\",\"inLanguage\":\"fr-FR\",\"@id\":\"https:\/\/www.africa-press.net\/cameroun\/sports\/cameroun-football-la-premiere-journee-des-eliminatoires-zone-afrique-de-la-coupe-du-monde-2022-reportee#primaryimage\",\"url\":\"https:\/\/static.africa-press.net\/cameroun\/sites\/57\/2021\/05\/img-609453d88d6a2.jpg\",\"contentUrl\":\"https:\/\/static.africa-press.net\/cameroun\/sites\/57\/2021\/05\/img-609453d88d6a2.jpg\",\"width\":800,\"height\":450,\"caption\":\"Cameroun - Football: La premi\u00e8re journ\u00e9e des \u00e9liminatoires zone Afrique de la Coupe du monde 2022 report\u00e9e\"},{\"@type\":\"BreadcrumbList\",\"@id\":\"https:\/\/www.africa-press.net\/cameroun\/sports\/cameroun-football-la-premiere-journee-des-eliminatoires-zone-afrique-de-la-coupe-du-monde-2022-reportee#breadcrumb\",\"itemListElement\":[{\"@type\":\"ListItem\",\"position\":1,\"name\":\"Accueil\",\"item\":\"https:\/\/www.africa-press.net\/cameroun\/\"},{\"@type\":\"ListItem\",\"position\":2,\"name\":\"Cameroun &#8211; Football: La premi\u00e8re journ\u00e9e des \u00e9liminatoires zone Afrique de la Coupe du monde 2022 report\u00e9e\"}]},{\"@type\":\"WebSite\",\"@id\":\"https:\/\/www.africa-press.net\/cameroun\/#website\",\"url\":\"https:\/\/www.africa-press.net\/cameroun\/\",\"name\":\"Cameroun\",\"description\":\"Just another Africa News Agency Sites site\",\"potentialAction\":[{\"@type\":\"SearchAction\",\"target\":{\"@type\":\"EntryPoint\",\"urlTemplate\":\"https:\/\/www.africa-press.net\/cameroun\/?s={search_term_string}\"},\"query-input\":{\"@type\":\"PropertyValueSpecification\",\"valueRequired\":true,\"valueName\":\"search_term_string\"}}],\"inLanguage\":\"fr-FR\"},{\"@type\":\"Person\",\"@id\":\"https:\/\/www.africa-press.net\/cameroun\/#\/schema\/person\/2b1cf3cd81a31e3cd26889ca66d677f1\",\"name\":\"cfeditorfr\"}]}<\/script>\n<!-- \/ Yoast SEO Premium plugin. -->","yoast_head_json":{"title":"Cameroun - Football: La premi\u00e8re journ\u00e9e des \u00e9liminatoires zone Afrique de la Coupe du monde 2022 report\u00e9e - Cameroun","description":"Initialement pr\u00e9vu au mois de juin prochain, le d\u00e9but des \u00e9liminatoires de la Coupe du monde de football \u00abQatar 2022\u00bb a ...","robots":{"index":"index","follow":"follow","max-snippet":"max-snippet:-1","max-image-preview":"max-image-preview:large","max-video-preview":"max-video-preview:-1"},"canonical":"https:\/\/www.africa-press.net\/cameroun\/sports\/cameroun-football-la-premiere-journee-des-eliminatoires-zone-afrique-de-la-coupe-du-monde-2022-reportee","og_locale":"fr_FR","og_type":"article","og_title":"Cameroun - Football: La premi\u00e8re journ\u00e9e des \u00e9liminatoires zone Afrique de la Coupe du monde 2022 report\u00e9e","og_description":"Initialement pr\u00e9vu au mois de juin prochain, le d\u00e9but des \u00e9liminatoires de la Coupe du monde de football \u00abQatar 2022\u00bb a ...","og_url":"https:\/\/www.africa-press.net\/cameroun\/sports\/cameroun-football-la-premiere-journee-des-eliminatoires-zone-afrique-de-la-coupe-du-monde-2022-reportee","og_site_name":"Cameroun","article_published_time":"2021-05-06T17:56:59+00:00","article_modified_time":"2021-05-06T21:21:48+00:00","og_image":[{"width":800,"height":450,"url":"https:\/\/static.africa-press.net\/cameroun\/sites\/57\/2021\/05\/img-609453d88d6a2.jpg","type":"image\/jpeg"}],"author":"cfeditorfr","twitter_card":"summary_large_image","twitter_misc":{"\u00c9crit par":"cfeditorfr","Dur\u00e9e de lecture estim\u00e9e":"2 minutes"},"schema":{"@context":"https:\/\/schema.org","@graph":[{"@type":"Article","@id":"https:\/\/www.africa-press.net\/cameroun\/sports\/cameroun-football-la-premiere-journee-des-eliminatoires-zone-afrique-de-la-coupe-du-monde-2022-reportee#article","isPartOf":{"@id":"https:\/\/www.africa-press.net\/cameroun\/sports\/cameroun-football-la-premiere-journee-des-eliminatoires-zone-afrique-de-la-coupe-du-monde-2022-reportee"},"author":{"name":"cfeditorfr","@id":"https:\/\/www.africa-press.net\/cameroun\/#\/schema\/person\/2b1cf3cd81a31e3cd26889ca66d677f1"},"headline":"Cameroun &#8211; Football: La premi\u00e8re journ\u00e9e des \u00e9liminatoires zone Afrique de la Coupe du monde 2022 report\u00e9e","datePublished":"2021-05-06T17:56:59+00:00","dateModified":"2021-05-06T21:21:48+00:00","mainEntityOfPage":{"@id":"https:\/\/www.africa-press.net\/cameroun\/sports\/cameroun-football-la-premiere-journee-des-eliminatoires-zone-afrique-de-la-coupe-du-monde-2022-reportee"},"wordCount":314,"commentCount":0,"image":{"@id":"https:\/\/www.africa-press.net\/cameroun\/sports\/cameroun-football-la-premiere-journee-des-eliminatoires-zone-afrique-de-la-coupe-du-monde-2022-reportee#primaryimage"},"thumbnailUrl":"https:\/\/static.africa-press.net\/cameroun\/sites\/57\/2021\/05\/img-609453d88d6a2.jpg","keywords":["Africa Press","Africa Press-Cameroun","Cameroun"],"articleSection":["homepage-french","Sports","Toutes les actualit\u00e9s"],"inLanguage":"fr-FR","potentialAction":[{"@type":"CommentAction","name":"Comment","target":["https:\/\/www.africa-press.net\/cameroun\/sports\/cameroun-football-la-premiere-journee-des-eliminatoires-zone-afrique-de-la-coupe-du-monde-2022-reportee#respond"]}]},{"@type":"WebPage","@id":"https:\/\/www.africa-press.net\/cameroun\/sports\/cameroun-football-la-premiere-journee-des-eliminatoires-zone-afrique-de-la-coupe-du-monde-2022-reportee","url":"https:\/\/www.africa-press.net\/cameroun\/sports\/cameroun-football-la-premiere-journee-des-eliminatoires-zone-afrique-de-la-coupe-du-monde-2022-reportee","name":"Cameroun - Football: La premi\u00e8re journ\u00e9e des \u00e9liminatoires zone Afrique de la Coupe du monde 2022 report\u00e9e - Cameroun","isPartOf":{"@id":"https:\/\/www.africa-press.net\/cameroun\/#website"},"primaryImageOfPage":{"@id":"https:\/\/www.africa-press.net\/cameroun\/sports\/cameroun-football-la-premiere-journee-des-eliminatoires-zone-afrique-de-la-coupe-du-monde-2022-reportee#primaryimage"},"image":{"@id":"https:\/\/www.africa-press.net\/cameroun\/sports\/cameroun-football-la-premiere-journee-des-eliminatoires-zone-afrique-de-la-coupe-du-monde-2022-reportee#primaryimage"},"thumbnailUrl":"https:\/\/static.africa-press.net\/cameroun\/sites\/57\/2021\/05\/img-609453d88d6a2.jpg","datePublished":"2021-05-06T17:56:59+00:00","dateModified":"2021-05-06T21:21:48+00:00","author":{"@id":"https:\/\/www.africa-press.net\/cameroun\/#\/schema\/person\/2b1cf3cd81a31e3cd26889ca66d677f1"},"description":"Initialement pr\u00e9vu au mois de juin prochain, le d\u00e9but des \u00e9liminatoires de la Coupe du monde de football \u00abQatar 2022\u00bb a ...","breadcrumb":{"@id":"https:\/\/www.africa-press.net\/cameroun\/sports\/cameroun-football-la-premiere-journee-des-eliminatoires-zone-afrique-de-la-coupe-du-monde-2022-reportee#breadcrumb"},"inLanguage":"fr-FR","potentialAction":[{"@type":"ReadAction","target":["https:\/\/www.africa-press.net\/cameroun\/sports\/cameroun-football-la-premiere-journee-des-eliminatoires-zone-afrique-de-la-coupe-du-monde-2022-reportee"]}]},{"@type":"ImageObject","inLanguage":"fr-FR","@id":"https:\/\/www.africa-press.net\/cameroun\/sports\/cameroun-football-la-premiere-journee-des-eliminatoires-zone-afrique-de-la-coupe-du-monde-2022-reportee#primaryimage","url":"https:\/\/static.africa-press.net\/cameroun\/sites\/57\/2021\/05\/img-609453d88d6a2.jpg","contentUrl":"https:\/\/static.africa-press.net\/cameroun\/sites\/57\/2021\/05\/img-609453d88d6a2.jpg","width":800,"height":450,"caption":"Cameroun - Football: La premi\u00e8re journ\u00e9e des \u00e9liminatoires zone Afrique de la Coupe du monde 2022 report\u00e9e"},{"@type":"BreadcrumbList","@id":"https:\/\/www.africa-press.net\/cameroun\/sports\/cameroun-football-la-premiere-journee-des-eliminatoires-zone-afrique-de-la-coupe-du-monde-2022-reportee#breadcrumb","itemListElement":[{"@type":"ListItem","position":1,"name":"Accueil","item":"https:\/\/www.africa-press.net\/cameroun\/"},{"@type":"ListItem","position":2,"name":"Cameroun &#8211; Football: La premi\u00e8re journ\u00e9e des \u00e9liminatoires zone Afrique de la Coupe du monde 2022 report\u00e9e"}]},{"@type":"WebSite","@id":"https:\/\/www.africa-press.net\/cameroun\/#website","url":"https:\/\/www.africa-press.net\/cameroun\/","name":"Cameroun","description":"Just another Africa News Agency Sites site","potentialAction":[{"@type":"SearchAction","target":{"@type":"EntryPoint","urlTemplate":"https:\/\/www.africa-press.net\/cameroun\/?s={search_term_string}"},"query-input":{"@type":"PropertyValueSpecification","valueRequired":true,"valueName":"search_term_string"}}],"inLanguage":"fr-FR"},{"@type":"Person","@id":"https:\/\/www.africa-press.net\/cameroun\/#\/schema\/person\/2b1cf3cd81a31e3cd26889ca66d677f1","name":"cfeditorfr"}]}},"_links":{"self":[{"href":"https:\/\/www.africa-press.net\/cameroun\/wp-json\/wp\/v2\/posts\/3262","targetHints":{"allow":["GET"]}}],"collection":[{"href":"https:\/\/www.africa-press.net\/cameroun\/wp-json\/wp\/v2\/posts"}],"about":[{"href":"https:\/\/www.africa-press.net\/cameroun\/wp-json\/wp\/v2\/types\/post"}],"author":[{"embeddable":true,"href":"https:\/\/www.africa-press.net\/cameroun\/wp-json\/wp\/v2\/users\/82"}],"replies":[{"embeddable":true,"href":"https:\/\/www.africa-press.net\/cameroun\/wp-json\/wp\/v2\/comments?post=3262"}],"version-history":[{"count":0,"href":"https:\/\/www.africa-press.net\/cameroun\/wp-json\/wp\/v2\/posts\/3262\/revisions"}],"wp:featuredmedia":[{"embeddable":true,"href":"https:\/\/www.africa-press.net\/cameroun\/wp-json\/wp\/v2\/media\/3261"}],"wp:attachment":[{"href":"https:\/\/www.africa-press.net\/cameroun\/wp-json\/wp\/v2\/media?parent=3262"}],"wp:term":[{"taxonomy":"category","embeddable":true,"href":"https:\/\/www.africa-press.net\/cameroun\/wp-json\/wp\/v2\/categories?post=3262"},{"taxonomy":"post_tag","embeddable":true,"href":"https:\/\/www.africa-press.net\/cameroun\/wp-json\/wp\/v2\/tags?post=3262"}],"curies":[{"name":"wp","href":"https:\/\/api.w.org\/{rel}","templated":true}]}}