{"id":3640,"date":"2021-05-11T18:54:35","date_gmt":"2021-05-11T18:54:35","guid":{"rendered":"https:\/\/www.africa-press.net\/cameroun\/politique\/cameroun-coronavirus-le-ministre-de-la-recherche-scientifique-madeleine-tchuente-desavoue-un-de-ses-collaborateurs-au-sujet-du-caractere-obligatoire-du-vaccin-anti-covid-19"},"modified":"2021-05-12T03:14:49","modified_gmt":"2021-05-12T03:14:49","slug":"cameroun-coronavirus-le-ministre-de-la-recherche-scientifique-madeleine-tchuente-desavoue-un-de-ses-collaborateurs-au-sujet-du-caractere-obligatoire-du-vaccin-anti-covid-19","status":"publish","type":"post","link":"https:\/\/www.africa-press.net\/cameroun\/politique\/cameroun-coronavirus-le-ministre-de-la-recherche-scientifique-madeleine-tchuente-desavoue-un-de-ses-collaborateurs-au-sujet-du-caractere-obligatoire-du-vaccin-anti-covid-19","title":{"rendered":"Cameroun &#8211; Coronavirus: Le ministre de la Recherche Scientifique, Madeleine Tchuente, d\u00e9savoue un de ses collaborateurs au sujet du caract\u00e8re obligatoire du vaccin anti-Covid 19"},"content":{"rendered":"<p><span style=\"color: #ff6600\"><strong><a href=\"https:\/\/www.africa-press.net\/\">Africa-Press<\/a> &#8211; <a href=\"https:\/\/www.africa-press.net\/cameroun\">Cameroun<\/a>. <\/strong><\/span>Dans un communiqu\u00e9 datant du 6 mai 2021, le chef du Centre National d\u2019Education (CNE), Stephen Ambo, croyant r\u00e9percuter les directives de sa tutelle hi\u00e9rarchique, en l\u2019occurrence le ministre de la Recherche Scientifique et de l\u2019Innovation, Madeleine Tchuente, a conditionn\u00e9 l\u2019acc\u00e8s au centre \u00e0 son personnel et aux usagers par la pr\u00e9sentation des \u00abr\u00e9sultats de test de la Covid-19 n\u00e9gatifs \u00e0 renouveler tous les 14 jours; {et} d\u2019une carte vaccinale attestant de la prise du vaccin contre la Covid -19\u00bb.<\/p>\n<p>La conditionnalit\u00e9 li\u00e9e au caract\u00e8re obligatoire du vaccin lui a valu des remontrances de sa hi\u00e9rarchie, et il s\u2019est imm\u00e9diatement rebiff\u00e9 le m\u00eame jour dans un \u00abcommuniqu\u00e9 rectificatif\u00bb valant mise au point. \u00abEn rectificatif de son communiqu\u00e9 dat\u00e9 du 06 mai 2021, le Chef du Centre National d\u2019Education informe son personnel et les usagers qu\u2019en ex\u00e9cution des hautes instructions de Madame le ministre de la Recherche Scientifique et de l\u2019Innovation, l\u2019acc\u00e8s dans le centre dont il a la charge n\u2019est nullement subordonn\u00e9 \u00e0 la pr\u00e9sentation d\u2019une carte vaccinale contre la Covid-19, ladite vaccination \u00e9tant facultative, conform\u00e9ment aux tr\u00e8s hautes directives du pr\u00e9sident de la R\u00e9publique\u00bb, s\u2019est repenti Stephen Ambo.<\/p>\n<p>Le Cameroun a adopt\u00e9 la solution vaccinale pour tenter d\u2019\u00e9radiquer la pand\u00e9mie de Coronavirus sur son sol. Une option qui a fait des gorges chaudes au sein de la population, et dont le processus continue d\u2019\u00eatre sujet \u00e0 caution, y compris au sein de l\u2019administration camerounaise. D\u00e8s l\u2019arriv\u00e9e des premi\u00e8res doses au Cameroun, notamment le vaccin chinois Sinopharm, le ministre de la Sant\u00e9 Publique, Malachie Manaouda, a tenu \u00e0 pr\u00e9ciser que la prise du vaccin n\u2019\u00e9tait nullement obligatoire et relevait de la seule volont\u00e9 du citoyen.<\/p>\n","protected":false},"excerpt":{"rendered":"<p>Africa-Press &#8211; Cameroun. Dans un communiqu\u00e9 datant du 6 mai 2021, le chef du Centre National d\u2019Education (CNE), Stephen Ambo, croyant r\u00e9percuter les directives de sa tutelle hi\u00e9rarchique, en l\u2019occurrence le ministre de la Recherche Scientifique et de l\u2019Innovation, Madeleine Tchuente, a conditionn\u00e9 l\u2019acc\u00e8s au centre \u00e0 son personnel et aux usagers par la pr\u00e9sentation [&hellip;]<\/p>\n","protected":false},"author":82,"featured_media":3639,"comment_status":"open","ping_status":"closed","sticky":false,"template":"","format":"standard","meta":{"footnotes":""},"categories":[11,2,10],"tags":[36,50,49],"class_list":["post-3640","post","type-post","status-publish","format-standard","has-post-thumbnail","hentry","category-homepage-french","category-politique","category-toutes-les-actualites","tag-africa-press","tag-africa-press-cameroun","tag-cameroun"],"yoast_head":"<!-- This site is optimized with the Yoast SEO Premium plugin v26.1 (Yoast SEO v27.0) - https:\/\/yoast.com\/product\/yoast-seo-premium-wordpress\/ -->\n<title>Cameroun - Coronavirus: Le ministre de la Recherche Scientifique, Madeleine Tchuente, d\u00e9savoue un de ses collaborateurs au sujet du caract\u00e8re obligatoire du vaccin anti-Covid 19 - Cameroun<\/title>\n<meta name=\"description\" content=\"Dans un communiqu\u00e9 datant du 6 mai 2021, le chef du Centre National d\u2019Education (CNE), Stephen Ambo, croyant r\u00e9percuter ...\" \/>\n<meta name=\"robots\" content=\"index, follow, max-snippet:-1, max-image-preview:large, max-video-preview:-1\" \/>\n<link rel=\"canonical\" href=\"https:\/\/www.africa-press.net\/cameroun\/politique\/cameroun-coronavirus-le-ministre-de-la-recherche-scientifique-madeleine-tchuente-desavoue-un-de-ses-collaborateurs-au-sujet-du-caractere-obligatoire-du-vaccin-anti-covid-19\" \/>\n<meta property=\"og:locale\" content=\"fr_FR\" \/>\n<meta property=\"og:type\" content=\"article\" \/>\n<meta property=\"og:title\" content=\"Cameroun - Coronavirus: Le ministre de la Recherche Scientifique, Madeleine Tchuente, d\u00e9savoue un de ses collaborateurs au sujet du caract\u00e8re obligatoire du vaccin anti-Covid 19\" \/>\n<meta property=\"og:description\" content=\"Dans un communiqu\u00e9 datant du 6 mai 2021, le chef du Centre National d\u2019Education (CNE), Stephen Ambo, croyant r\u00e9percuter ...\" \/>\n<meta property=\"og:url\" content=\"https:\/\/www.africa-press.net\/cameroun\/politique\/cameroun-coronavirus-le-ministre-de-la-recherche-scientifique-madeleine-tchuente-desavoue-un-de-ses-collaborateurs-au-sujet-du-caractere-obligatoire-du-vaccin-anti-covid-19\" \/>\n<meta property=\"og:site_name\" content=\"Cameroun\" \/>\n<meta property=\"article:published_time\" content=\"2021-05-11T18:54:35+00:00\" \/>\n<meta property=\"article:modified_time\" content=\"2021-05-12T03:14:49+00:00\" \/>\n<meta property=\"og:image\" content=\"https:\/\/static.africa-press.net\/cameroun\/sites\/57\/2021\/05\/img-609b481152c20.jpg\" \/>\n\t<meta property=\"og:image:width\" content=\"800\" \/>\n\t<meta property=\"og:image:height\" content=\"500\" \/>\n\t<meta property=\"og:image:type\" content=\"image\/jpeg\" \/>\n<meta name=\"author\" content=\"cfeditorfr\" \/>\n<meta name=\"twitter:card\" content=\"summary_large_image\" \/>\n<meta name=\"twitter:label1\" content=\"\u00c9crit par\" \/>\n\t<meta name=\"twitter:data1\" content=\"cfeditorfr\" \/>\n\t<meta name=\"twitter:label2\" content=\"Dur\u00e9e de lecture estim\u00e9e\" \/>\n\t<meta name=\"twitter:data2\" content=\"2 minutes\" \/>\n<script type=\"application\/ld+json\" class=\"yoast-schema-graph\">{\"@context\":\"https:\/\/schema.org\",\"@graph\":[{\"@type\":\"Article\",\"@id\":\"https:\/\/www.africa-press.net\/cameroun\/politique\/cameroun-coronavirus-le-ministre-de-la-recherche-scientifique-madeleine-tchuente-desavoue-un-de-ses-collaborateurs-au-sujet-du-caractere-obligatoire-du-vaccin-anti-covid-19#article\",\"isPartOf\":{\"@id\":\"https:\/\/www.africa-press.net\/cameroun\/politique\/cameroun-coronavirus-le-ministre-de-la-recherche-scientifique-madeleine-tchuente-desavoue-un-de-ses-collaborateurs-au-sujet-du-caractere-obligatoire-du-vaccin-anti-covid-19\"},\"author\":{\"name\":\"cfeditorfr\",\"@id\":\"https:\/\/www.africa-press.net\/cameroun\/#\/schema\/person\/2b1cf3cd81a31e3cd26889ca66d677f1\"},\"headline\":\"Cameroun &#8211; Coronavirus: Le ministre de la Recherche Scientifique, Madeleine Tchuente, d\u00e9savoue un de ses collaborateurs au sujet du caract\u00e8re obligatoire du vaccin anti-Covid 19\",\"datePublished\":\"2021-05-11T18:54:35+00:00\",\"dateModified\":\"2021-05-12T03:14:49+00:00\",\"mainEntityOfPage\":{\"@id\":\"https:\/\/www.africa-press.net\/cameroun\/politique\/cameroun-coronavirus-le-ministre-de-la-recherche-scientifique-madeleine-tchuente-desavoue-un-de-ses-collaborateurs-au-sujet-du-caractere-obligatoire-du-vaccin-anti-covid-19\"},\"wordCount\":335,\"commentCount\":0,\"image\":{\"@id\":\"https:\/\/www.africa-press.net\/cameroun\/politique\/cameroun-coronavirus-le-ministre-de-la-recherche-scientifique-madeleine-tchuente-desavoue-un-de-ses-collaborateurs-au-sujet-du-caractere-obligatoire-du-vaccin-anti-covid-19#primaryimage\"},\"thumbnailUrl\":\"https:\/\/static.africa-press.net\/cameroun\/sites\/57\/2021\/05\/img-609b481152c20.jpg\",\"keywords\":[\"Africa Press\",\"Africa Press-Cameroun\",\"Cameroun\"],\"articleSection\":[\"homepage-french\",\"Politique\",\"Toutes les actualit\u00e9s\"],\"inLanguage\":\"fr-FR\",\"potentialAction\":[{\"@type\":\"CommentAction\",\"name\":\"Comment\",\"target\":[\"https:\/\/www.africa-press.net\/cameroun\/politique\/cameroun-coronavirus-le-ministre-de-la-recherche-scientifique-madeleine-tchuente-desavoue-un-de-ses-collaborateurs-au-sujet-du-caractere-obligatoire-du-vaccin-anti-covid-19#respond\"]}]},{\"@type\":\"WebPage\",\"@id\":\"https:\/\/www.africa-press.net\/cameroun\/politique\/cameroun-coronavirus-le-ministre-de-la-recherche-scientifique-madeleine-tchuente-desavoue-un-de-ses-collaborateurs-au-sujet-du-caractere-obligatoire-du-vaccin-anti-covid-19\",\"url\":\"https:\/\/www.africa-press.net\/cameroun\/politique\/cameroun-coronavirus-le-ministre-de-la-recherche-scientifique-madeleine-tchuente-desavoue-un-de-ses-collaborateurs-au-sujet-du-caractere-obligatoire-du-vaccin-anti-covid-19\",\"name\":\"Cameroun - Coronavirus: Le ministre de la Recherche Scientifique, Madeleine Tchuente, d\u00e9savoue un de ses collaborateurs au sujet du caract\u00e8re obligatoire du vaccin anti-Covid 19 - Cameroun\",\"isPartOf\":{\"@id\":\"https:\/\/www.africa-press.net\/cameroun\/#website\"},\"primaryImageOfPage\":{\"@id\":\"https:\/\/www.africa-press.net\/cameroun\/politique\/cameroun-coronavirus-le-ministre-de-la-recherche-scientifique-madeleine-tchuente-desavoue-un-de-ses-collaborateurs-au-sujet-du-caractere-obligatoire-du-vaccin-anti-covid-19#primaryimage\"},\"image\":{\"@id\":\"https:\/\/www.africa-press.net\/cameroun\/politique\/cameroun-coronavirus-le-ministre-de-la-recherche-scientifique-madeleine-tchuente-desavoue-un-de-ses-collaborateurs-au-sujet-du-caractere-obligatoire-du-vaccin-anti-covid-19#primaryimage\"},\"thumbnailUrl\":\"https:\/\/static.africa-press.net\/cameroun\/sites\/57\/2021\/05\/img-609b481152c20.jpg\",\"datePublished\":\"2021-05-11T18:54:35+00:00\",\"dateModified\":\"2021-05-12T03:14:49+00:00\",\"author\":{\"@id\":\"https:\/\/www.africa-press.net\/cameroun\/#\/schema\/person\/2b1cf3cd81a31e3cd26889ca66d677f1\"},\"description\":\"Dans un communiqu\u00e9 datant du 6 mai 2021, le chef du Centre National d\u2019Education (CNE), Stephen Ambo, croyant r\u00e9percuter ...\",\"breadcrumb\":{\"@id\":\"https:\/\/www.africa-press.net\/cameroun\/politique\/cameroun-coronavirus-le-ministre-de-la-recherche-scientifique-madeleine-tchuente-desavoue-un-de-ses-collaborateurs-au-sujet-du-caractere-obligatoire-du-vaccin-anti-covid-19#breadcrumb\"},\"inLanguage\":\"fr-FR\",\"potentialAction\":[{\"@type\":\"ReadAction\",\"target\":[\"https:\/\/www.africa-press.net\/cameroun\/politique\/cameroun-coronavirus-le-ministre-de-la-recherche-scientifique-madeleine-tchuente-desavoue-un-de-ses-collaborateurs-au-sujet-du-caractere-obligatoire-du-vaccin-anti-covid-19\"]}]},{\"@type\":\"ImageObject\",\"inLanguage\":\"fr-FR\",\"@id\":\"https:\/\/www.africa-press.net\/cameroun\/politique\/cameroun-coronavirus-le-ministre-de-la-recherche-scientifique-madeleine-tchuente-desavoue-un-de-ses-collaborateurs-au-sujet-du-caractere-obligatoire-du-vaccin-anti-covid-19#primaryimage\",\"url\":\"https:\/\/static.africa-press.net\/cameroun\/sites\/57\/2021\/05\/img-609b481152c20.jpg\",\"contentUrl\":\"https:\/\/static.africa-press.net\/cameroun\/sites\/57\/2021\/05\/img-609b481152c20.jpg\",\"width\":800,\"height\":500,\"caption\":\"Cameroun - Coronavirus: Le ministre de la Recherche Scientifique, Madeleine Tchuente, d\u00e9savoue un de ses collaborateurs au sujet du caract\u00e8re obligatoire du vaccin anti-Covid 19\"},{\"@type\":\"BreadcrumbList\",\"@id\":\"https:\/\/www.africa-press.net\/cameroun\/politique\/cameroun-coronavirus-le-ministre-de-la-recherche-scientifique-madeleine-tchuente-desavoue-un-de-ses-collaborateurs-au-sujet-du-caractere-obligatoire-du-vaccin-anti-covid-19#breadcrumb\",\"itemListElement\":[{\"@type\":\"ListItem\",\"position\":1,\"name\":\"Accueil\",\"item\":\"https:\/\/www.africa-press.net\/cameroun\/\"},{\"@type\":\"ListItem\",\"position\":2,\"name\":\"Cameroun &#8211; Coronavirus: Le ministre de la Recherche Scientifique, Madeleine Tchuente, d\u00e9savoue un de ses collaborateurs au sujet du caract\u00e8re obligatoire du vaccin anti-Covid 19\"}]},{\"@type\":\"WebSite\",\"@id\":\"https:\/\/www.africa-press.net\/cameroun\/#website\",\"url\":\"https:\/\/www.africa-press.net\/cameroun\/\",\"name\":\"Cameroun\",\"description\":\"Just another Africa News Agency Sites site\",\"potentialAction\":[{\"@type\":\"SearchAction\",\"target\":{\"@type\":\"EntryPoint\",\"urlTemplate\":\"https:\/\/www.africa-press.net\/cameroun\/?s={search_term_string}\"},\"query-input\":{\"@type\":\"PropertyValueSpecification\",\"valueRequired\":true,\"valueName\":\"search_term_string\"}}],\"inLanguage\":\"fr-FR\"},{\"@type\":\"Person\",\"@id\":\"https:\/\/www.africa-press.net\/cameroun\/#\/schema\/person\/2b1cf3cd81a31e3cd26889ca66d677f1\",\"name\":\"cfeditorfr\"}]}<\/script>\n<!-- \/ Yoast SEO Premium plugin. -->","yoast_head_json":{"title":"Cameroun - Coronavirus: Le ministre de la Recherche Scientifique, Madeleine Tchuente, d\u00e9savoue un de ses collaborateurs au sujet du caract\u00e8re obligatoire du vaccin anti-Covid 19 - Cameroun","description":"Dans un communiqu\u00e9 datant du 6 mai 2021, le chef du Centre National d\u2019Education (CNE), Stephen Ambo, croyant r\u00e9percuter ...","robots":{"index":"index","follow":"follow","max-snippet":"max-snippet:-1","max-image-preview":"max-image-preview:large","max-video-preview":"max-video-preview:-1"},"canonical":"https:\/\/www.africa-press.net\/cameroun\/politique\/cameroun-coronavirus-le-ministre-de-la-recherche-scientifique-madeleine-tchuente-desavoue-un-de-ses-collaborateurs-au-sujet-du-caractere-obligatoire-du-vaccin-anti-covid-19","og_locale":"fr_FR","og_type":"article","og_title":"Cameroun - Coronavirus: Le ministre de la Recherche Scientifique, Madeleine Tchuente, d\u00e9savoue un de ses collaborateurs au sujet du caract\u00e8re obligatoire du vaccin anti-Covid 19","og_description":"Dans un communiqu\u00e9 datant du 6 mai 2021, le chef du Centre National d\u2019Education (CNE), Stephen Ambo, croyant r\u00e9percuter ...","og_url":"https:\/\/www.africa-press.net\/cameroun\/politique\/cameroun-coronavirus-le-ministre-de-la-recherche-scientifique-madeleine-tchuente-desavoue-un-de-ses-collaborateurs-au-sujet-du-caractere-obligatoire-du-vaccin-anti-covid-19","og_site_name":"Cameroun","article_published_time":"2021-05-11T18:54:35+00:00","article_modified_time":"2021-05-12T03:14:49+00:00","og_image":[{"width":800,"height":500,"url":"https:\/\/static.africa-press.net\/cameroun\/sites\/57\/2021\/05\/img-609b481152c20.jpg","type":"image\/jpeg"}],"author":"cfeditorfr","twitter_card":"summary_large_image","twitter_misc":{"\u00c9crit par":"cfeditorfr","Dur\u00e9e de lecture estim\u00e9e":"2 minutes"},"schema":{"@context":"https:\/\/schema.org","@graph":[{"@type":"Article","@id":"https:\/\/www.africa-press.net\/cameroun\/politique\/cameroun-coronavirus-le-ministre-de-la-recherche-scientifique-madeleine-tchuente-desavoue-un-de-ses-collaborateurs-au-sujet-du-caractere-obligatoire-du-vaccin-anti-covid-19#article","isPartOf":{"@id":"https:\/\/www.africa-press.net\/cameroun\/politique\/cameroun-coronavirus-le-ministre-de-la-recherche-scientifique-madeleine-tchuente-desavoue-un-de-ses-collaborateurs-au-sujet-du-caractere-obligatoire-du-vaccin-anti-covid-19"},"author":{"name":"cfeditorfr","@id":"https:\/\/www.africa-press.net\/cameroun\/#\/schema\/person\/2b1cf3cd81a31e3cd26889ca66d677f1"},"headline":"Cameroun &#8211; Coronavirus: Le ministre de la Recherche Scientifique, Madeleine Tchuente, d\u00e9savoue un de ses collaborateurs au sujet du caract\u00e8re obligatoire du vaccin anti-Covid 19","datePublished":"2021-05-11T18:54:35+00:00","dateModified":"2021-05-12T03:14:49+00:00","mainEntityOfPage":{"@id":"https:\/\/www.africa-press.net\/cameroun\/politique\/cameroun-coronavirus-le-ministre-de-la-recherche-scientifique-madeleine-tchuente-desavoue-un-de-ses-collaborateurs-au-sujet-du-caractere-obligatoire-du-vaccin-anti-covid-19"},"wordCount":335,"commentCount":0,"image":{"@id":"https:\/\/www.africa-press.net\/cameroun\/politique\/cameroun-coronavirus-le-ministre-de-la-recherche-scientifique-madeleine-tchuente-desavoue-un-de-ses-collaborateurs-au-sujet-du-caractere-obligatoire-du-vaccin-anti-covid-19#primaryimage"},"thumbnailUrl":"https:\/\/static.africa-press.net\/cameroun\/sites\/57\/2021\/05\/img-609b481152c20.jpg","keywords":["Africa Press","Africa Press-Cameroun","Cameroun"],"articleSection":["homepage-french","Politique","Toutes les actualit\u00e9s"],"inLanguage":"fr-FR","potentialAction":[{"@type":"CommentAction","name":"Comment","target":["https:\/\/www.africa-press.net\/cameroun\/politique\/cameroun-coronavirus-le-ministre-de-la-recherche-scientifique-madeleine-tchuente-desavoue-un-de-ses-collaborateurs-au-sujet-du-caractere-obligatoire-du-vaccin-anti-covid-19#respond"]}]},{"@type":"WebPage","@id":"https:\/\/www.africa-press.net\/cameroun\/politique\/cameroun-coronavirus-le-ministre-de-la-recherche-scientifique-madeleine-tchuente-desavoue-un-de-ses-collaborateurs-au-sujet-du-caractere-obligatoire-du-vaccin-anti-covid-19","url":"https:\/\/www.africa-press.net\/cameroun\/politique\/cameroun-coronavirus-le-ministre-de-la-recherche-scientifique-madeleine-tchuente-desavoue-un-de-ses-collaborateurs-au-sujet-du-caractere-obligatoire-du-vaccin-anti-covid-19","name":"Cameroun - Coronavirus: Le ministre de la Recherche Scientifique, Madeleine Tchuente, d\u00e9savoue un de ses collaborateurs au sujet du caract\u00e8re obligatoire du vaccin anti-Covid 19 - Cameroun","isPartOf":{"@id":"https:\/\/www.africa-press.net\/cameroun\/#website"},"primaryImageOfPage":{"@id":"https:\/\/www.africa-press.net\/cameroun\/politique\/cameroun-coronavirus-le-ministre-de-la-recherche-scientifique-madeleine-tchuente-desavoue-un-de-ses-collaborateurs-au-sujet-du-caractere-obligatoire-du-vaccin-anti-covid-19#primaryimage"},"image":{"@id":"https:\/\/www.africa-press.net\/cameroun\/politique\/cameroun-coronavirus-le-ministre-de-la-recherche-scientifique-madeleine-tchuente-desavoue-un-de-ses-collaborateurs-au-sujet-du-caractere-obligatoire-du-vaccin-anti-covid-19#primaryimage"},"thumbnailUrl":"https:\/\/static.africa-press.net\/cameroun\/sites\/57\/2021\/05\/img-609b481152c20.jpg","datePublished":"2021-05-11T18:54:35+00:00","dateModified":"2021-05-12T03:14:49+00:00","author":{"@id":"https:\/\/www.africa-press.net\/cameroun\/#\/schema\/person\/2b1cf3cd81a31e3cd26889ca66d677f1"},"description":"Dans un communiqu\u00e9 datant du 6 mai 2021, le chef du Centre National d\u2019Education (CNE), Stephen Ambo, croyant r\u00e9percuter ...","breadcrumb":{"@id":"https:\/\/www.africa-press.net\/cameroun\/politique\/cameroun-coronavirus-le-ministre-de-la-recherche-scientifique-madeleine-tchuente-desavoue-un-de-ses-collaborateurs-au-sujet-du-caractere-obligatoire-du-vaccin-anti-covid-19#breadcrumb"},"inLanguage":"fr-FR","potentialAction":[{"@type":"ReadAction","target":["https:\/\/www.africa-press.net\/cameroun\/politique\/cameroun-coronavirus-le-ministre-de-la-recherche-scientifique-madeleine-tchuente-desavoue-un-de-ses-collaborateurs-au-sujet-du-caractere-obligatoire-du-vaccin-anti-covid-19"]}]},{"@type":"ImageObject","inLanguage":"fr-FR","@id":"https:\/\/www.africa-press.net\/cameroun\/politique\/cameroun-coronavirus-le-ministre-de-la-recherche-scientifique-madeleine-tchuente-desavoue-un-de-ses-collaborateurs-au-sujet-du-caractere-obligatoire-du-vaccin-anti-covid-19#primaryimage","url":"https:\/\/static.africa-press.net\/cameroun\/sites\/57\/2021\/05\/img-609b481152c20.jpg","contentUrl":"https:\/\/static.africa-press.net\/cameroun\/sites\/57\/2021\/05\/img-609b481152c20.jpg","width":800,"height":500,"caption":"Cameroun - Coronavirus: Le ministre de la Recherche Scientifique, Madeleine Tchuente, d\u00e9savoue un de ses collaborateurs au sujet du caract\u00e8re obligatoire du vaccin anti-Covid 19"},{"@type":"BreadcrumbList","@id":"https:\/\/www.africa-press.net\/cameroun\/politique\/cameroun-coronavirus-le-ministre-de-la-recherche-scientifique-madeleine-tchuente-desavoue-un-de-ses-collaborateurs-au-sujet-du-caractere-obligatoire-du-vaccin-anti-covid-19#breadcrumb","itemListElement":[{"@type":"ListItem","position":1,"name":"Accueil","item":"https:\/\/www.africa-press.net\/cameroun\/"},{"@type":"ListItem","position":2,"name":"Cameroun &#8211; Coronavirus: Le ministre de la Recherche Scientifique, Madeleine Tchuente, d\u00e9savoue un de ses collaborateurs au sujet du caract\u00e8re obligatoire du vaccin anti-Covid 19"}]},{"@type":"WebSite","@id":"https:\/\/www.africa-press.net\/cameroun\/#website","url":"https:\/\/www.africa-press.net\/cameroun\/","name":"Cameroun","description":"Just another Africa News Agency Sites site","potentialAction":[{"@type":"SearchAction","target":{"@type":"EntryPoint","urlTemplate":"https:\/\/www.africa-press.net\/cameroun\/?s={search_term_string}"},"query-input":{"@type":"PropertyValueSpecification","valueRequired":true,"valueName":"search_term_string"}}],"inLanguage":"fr-FR"},{"@type":"Person","@id":"https:\/\/www.africa-press.net\/cameroun\/#\/schema\/person\/2b1cf3cd81a31e3cd26889ca66d677f1","name":"cfeditorfr"}]}},"_links":{"self":[{"href":"https:\/\/www.africa-press.net\/cameroun\/wp-json\/wp\/v2\/posts\/3640","targetHints":{"allow":["GET"]}}],"collection":[{"href":"https:\/\/www.africa-press.net\/cameroun\/wp-json\/wp\/v2\/posts"}],"about":[{"href":"https:\/\/www.africa-press.net\/cameroun\/wp-json\/wp\/v2\/types\/post"}],"author":[{"embeddable":true,"href":"https:\/\/www.africa-press.net\/cameroun\/wp-json\/wp\/v2\/users\/82"}],"replies":[{"embeddable":true,"href":"https:\/\/www.africa-press.net\/cameroun\/wp-json\/wp\/v2\/comments?post=3640"}],"version-history":[{"count":0,"href":"https:\/\/www.africa-press.net\/cameroun\/wp-json\/wp\/v2\/posts\/3640\/revisions"}],"wp:featuredmedia":[{"embeddable":true,"href":"https:\/\/www.africa-press.net\/cameroun\/wp-json\/wp\/v2\/media\/3639"}],"wp:attachment":[{"href":"https:\/\/www.africa-press.net\/cameroun\/wp-json\/wp\/v2\/media?parent=3640"}],"wp:term":[{"taxonomy":"category","embeddable":true,"href":"https:\/\/www.africa-press.net\/cameroun\/wp-json\/wp\/v2\/categories?post=3640"},{"taxonomy":"post_tag","embeddable":true,"href":"https:\/\/www.africa-press.net\/cameroun\/wp-json\/wp\/v2\/tags?post=3640"}],"curies":[{"name":"wp","href":"https:\/\/api.w.org\/{rel}","templated":true}]}}