{"id":37332,"date":"2023-02-21T18:40:15","date_gmt":"2023-02-21T18:40:15","guid":{"rendered":"https:\/\/www.africa-press.net\/cameroun\/politique\/60-minutes-de-tete-a-tete-ce-que-le-chef-dinterpol-et-ferdinand-ngoh-ngoh-se-sont-dit"},"modified":"2023-02-21T19:26:20","modified_gmt":"2023-02-21T19:26:20","slug":"60-minutes-de-tete-a-tete-ce-que-le-chef-dinterpol-et-ferdinand-ngoh-ngoh-se-sont-dit","status":"publish","type":"post","link":"https:\/\/www.africa-press.net\/cameroun\/politique\/60-minutes-de-tete-a-tete-ce-que-le-chef-dinterpol-et-ferdinand-ngoh-ngoh-se-sont-dit","title":{"rendered":"60 minutes de t\u00eate-\u00e0-t\u00eate: ce que le chef d&rsquo;Interpol et Ferdinand Ngoh Ngoh se sont dit"},"content":{"rendered":"<p><span style=\"color: #ff6600\"><strong>Africa-Press &#8211; Cameroun. <\/strong><\/span>Le ge\u0301ne\u0301ral de division Ahmed Naser al-Raisi, a eu un entretien de plus de 60 minutes avec le SGPR, Ferdinand Ngoh Ngoh. Le quotidien d\u2019Etat Cameroon Tribune de\u0301voile le contenu de cette rencontre.<\/p>\n<p>Dans un entretien a\u0300 lui accorde\u0301, au nom du chef de l&rsquo;Etat, par le ministre d\u2019Etat, secre\u0301taire ge\u0301ne\u0301ral de la pre\u0301sidence de la Re\u0301publique, Ferdinand Ngoh Ngoh, le pre\u0301sident de cette organisation intergouvernementale, le ge\u0301ne\u0301ral de division Ahmed Naser al-Raisi, a exprime\u0301 sa reconnaissance au chef de l&rsquo;Etat camerounais pour son soutien et son engagement pour la lutte contre les crimes organise\u0301s.<\/p>\n<p>Yaounde\u0301 e\u0301tait la dernie\u0300re e\u0301tape de la tourne\u0301e africaine du pre\u0301sident de l&rsquo;Organisation internationale de Police criminelle (Oipc) plus connue sous le nom d&rsquo;Interpol. Apre\u0300s le Zimbabwe, le Kenya et la Co\u0302te d\u2019Ivoire, le ge\u0301ne\u0301ral de division e\u0301mirati Ahmed Naser al-Raisi e\u0301tait au Cameroun les jeudi et vendredi derniers pour une visite de travail. Apre\u0300s une se\u0301ance de travail au sie\u0300ge du bureau re\u0301gional pour l\u2019Afrique centrale a\u0300 Yaounde\u0301 et une concertation avec le De\u0301le\u0301gue\u0301 ge\u0301ne\u0301ral a\u0300 la Su\u0302rete\u0301 nationale (Dgsn), le patron de l\u2019Oipc (a\u0300 ne pas confondre avec l&rsquo;organisation internationale de la protection civile) a e\u0301te\u0301 rec\u0327u en audience vendredi apre\u0300s-midi, au nom du chef de l\u2019Etat, par le ministre d\u2019Etat, secre\u0301taire ge\u0301ne\u0301ral de la pre\u0301sidence de la Re\u0301publique.<\/p>\n<p>Pendant plus de soixante minutes, le patron d\u2019Interpol et Ferdinand Ngoh Ngoh ont, derrie\u0300re les portes closes, passe\u0301 en revue la coope\u0301ration entre cet organisme et le Cameroun. L&rsquo;ho\u0302te du Cameroun e\u0301tait accompagne\u0301 au Palais de l&rsquo;Unite\u0301 par le Dgsn, Martin Mbarga Nguele.<\/p>\n<p>Au sortir de l&rsquo;entretien avec le Sgpr, le pre\u0301sident d&rsquo;Interpol a exprime\u0301 sa satisfaction pour les e\u0301changes fructueux qu\u2019il a eus avec le repre\u0301sentant du chef de l\u2019Etat. Le ge\u0301ne\u0301ral de division Ahmed Naser al-Raisi a surtout exprime\u0301 sa gratitude au pre\u0301sident de la Re\u0301publique pour avoir accepte\u0301 d\u2019abriter sur le sol camerounais le sie\u0300ge du bureau re\u0301gional d\u2019Interpol pour l\u2019Afrique centrale. Cet acte de\u0301montre, selon lui, l\u2019engagement et le soutien du dirigeant camerounais au combat contre les crimes organise\u0301s dans la sous-re\u0301gion.<\/p>\n<p>Le Cameroun, poursuit-il, est un maillon-cle\u0301 dans le dispositif d\u2019Interpol pour asseoir un environnement su\u0302r dans le monde. Divers autres sujets ont e\u0301te\u0301 au menu de cet entretien, notamment la question de la re\u0301partition des postes au sein de l\u2019Oipc.<\/p>\n<p>Cette visite intervient dans un contexte ou\u0300 la criminalite\u0301 transfrontalie\u0300re, le terrorisme, la cybercriminalite\u0301 et le trafic de stupe\u0301fiants se pre\u0301sentent comme les nouvelles formes de de\u0301fis se\u0301curitaires pour tous les Etats du monde. Avec 195 pays membres, Interpol a pour mission de permettre aux polices du monde entier de travailler ensemble pour pre\u0301venir et combattre la criminalite\u0301. Outre le Secre\u0301tariat ge\u0301ne\u0301ral base\u0301 a\u0300 Lyon en France, l\u2019Oipc dispose de six bureaux re\u0301gionaux (en Argentine, au Cameroun, en Co\u0302te d\u2019Ivoire, a\u0300 El Salvador, au Kenya et au Zimbabwe), d\u2019un bureau de liaison en Autriche et de trois bureaux de repre\u0301sentation aupre\u0300s des Nations Unies a\u0300 New York, de l\u2019Union africaine a\u0300 Addis Ababa, et de l\u2019Union europe\u0301enne a\u0300 Bruxelles.<\/p>\n<p>Le Complexe mondial pour l\u2019innovation installe\u0301 a\u0300 Singapour assure le rayonnement mondial de l\u2019organisation et renforce son expertise dans le domaine de la lutte contre la cybercriminalite\u0301. L\u2019actuel pre\u0301sident d\u2019Interpol, ancien inspecteur ge\u0301ne\u0301ral au ministe\u0300re de l\u2019Inte\u0301rieur des E\u0301mirats arabes unis, a e\u0301te\u0301 e\u0301lu lors de la 89e\u0300me Assemble\u0301e ge\u0301ne\u0301rale a\u0300 Istanbul, en novembre 2021, et son mandat court jusqu\u2019en 2025.<\/p>\n<p><strong>Pour plus d&rsquo;informations et d&rsquo;analyses sur la <a href=\"https:\/\/www.africa-press.net\/cameroun\">Cameroun<\/a>, suivez <a href=\"https:\/\/www.africa-press.net\/\">Africa-Press<\/a><\/strong><\/p>\n","protected":false},"excerpt":{"rendered":"<p>Africa-Press &#8211; Cameroun. Le ge\u0301ne\u0301ral de division Ahmed Naser al-Raisi, a eu un entretien de plus de 60 minutes avec le SGPR, Ferdinand Ngoh Ngoh. Le quotidien d\u2019Etat Cameroon Tribune de\u0301voile le contenu de cette rencontre. Dans un entretien a\u0300 lui accorde\u0301, au nom du chef de l&rsquo;Etat, par le ministre d\u2019Etat, secre\u0301taire ge\u0301ne\u0301ral de [&hellip;]<\/p>\n","protected":false},"author":82,"featured_media":37331,"comment_status":"open","ping_status":"closed","sticky":false,"template":"","format":"standard","meta":{"footnotes":""},"categories":[2,10],"tags":[36,50,49],"class_list":["post-37332","post","type-post","status-publish","format-standard","has-post-thumbnail","hentry","category-politique","category-toutes-les-actualites","tag-africa-press","tag-africa-press-cameroun","tag-cameroun"],"yoast_head":"<!-- This site is optimized with the Yoast SEO Premium plugin v26.1 (Yoast SEO v27.0) - https:\/\/yoast.com\/product\/yoast-seo-premium-wordpress\/ -->\n<title>60 minutes de t\u00eate-\u00e0-t\u00eate: ce que le chef d&#039;Interpol et Ferdinand Ngoh Ngoh se sont dit - Cameroun<\/title>\n<meta name=\"description\" content=\"Le ge\u0301ne\u0301ral de division Ahmed Naser al-Raisi, a eu un entretien de plus de 60 minutes avec le SGPR, Ferdinand Ngoh Ngoh ...\" \/>\n<meta name=\"robots\" content=\"index, follow, max-snippet:-1, max-image-preview:large, max-video-preview:-1\" \/>\n<link rel=\"canonical\" href=\"https:\/\/www.africa-press.net\/cameroun\/politique\/60-minutes-de-tete-a-tete-ce-que-le-chef-dinterpol-et-ferdinand-ngoh-ngoh-se-sont-dit\" \/>\n<meta property=\"og:locale\" content=\"fr_FR\" \/>\n<meta property=\"og:type\" content=\"article\" \/>\n<meta property=\"og:title\" content=\"60 minutes de t\u00eate-\u00e0-t\u00eate: ce que le chef d&#039;Interpol et Ferdinand Ngoh Ngoh se sont dit\" \/>\n<meta property=\"og:description\" content=\"Le ge\u0301ne\u0301ral de division Ahmed Naser al-Raisi, a eu un entretien de plus de 60 minutes avec le SGPR, Ferdinand Ngoh Ngoh ...\" \/>\n<meta property=\"og:url\" content=\"https:\/\/www.africa-press.net\/cameroun\/politique\/60-minutes-de-tete-a-tete-ce-que-le-chef-dinterpol-et-ferdinand-ngoh-ngoh-se-sont-dit\" \/>\n<meta property=\"og:site_name\" content=\"Cameroun\" \/>\n<meta property=\"article:published_time\" content=\"2023-02-21T18:40:15+00:00\" \/>\n<meta property=\"article:modified_time\" content=\"2023-02-21T19:26:20+00:00\" \/>\n<meta property=\"og:image\" content=\"https:\/\/static.africa-press.net\/cameroun\/sites\/57\/2023\/02\/postQueueImg_1676992219.81.jpg\" \/>\n\t<meta property=\"og:image:width\" content=\"720\" \/>\n\t<meta property=\"og:image:height\" content=\"390\" \/>\n\t<meta property=\"og:image:type\" content=\"image\/jpeg\" \/>\n<meta name=\"author\" content=\"cfeditorfr\" \/>\n<meta name=\"twitter:card\" content=\"summary_large_image\" \/>\n<meta name=\"twitter:label1\" content=\"\u00c9crit par\" \/>\n\t<meta name=\"twitter:data1\" content=\"cfeditorfr\" \/>\n\t<meta name=\"twitter:label2\" content=\"Dur\u00e9e de lecture estim\u00e9e\" \/>\n\t<meta name=\"twitter:data2\" content=\"3 minutes\" \/>\n<script type=\"application\/ld+json\" class=\"yoast-schema-graph\">{\"@context\":\"https:\/\/schema.org\",\"@graph\":[{\"@type\":\"Article\",\"@id\":\"https:\/\/www.africa-press.net\/cameroun\/politique\/60-minutes-de-tete-a-tete-ce-que-le-chef-dinterpol-et-ferdinand-ngoh-ngoh-se-sont-dit#article\",\"isPartOf\":{\"@id\":\"https:\/\/www.africa-press.net\/cameroun\/politique\/60-minutes-de-tete-a-tete-ce-que-le-chef-dinterpol-et-ferdinand-ngoh-ngoh-se-sont-dit\"},\"author\":{\"name\":\"cfeditorfr\",\"@id\":\"https:\/\/www.africa-press.net\/cameroun\/#\/schema\/person\/2b1cf3cd81a31e3cd26889ca66d677f1\"},\"headline\":\"60 minutes de t\u00eate-\u00e0-t\u00eate: ce que le chef d&rsquo;Interpol et Ferdinand Ngoh Ngoh se sont dit\",\"datePublished\":\"2023-02-21T18:40:15+00:00\",\"dateModified\":\"2023-02-21T19:26:20+00:00\",\"mainEntityOfPage\":{\"@id\":\"https:\/\/www.africa-press.net\/cameroun\/politique\/60-minutes-de-tete-a-tete-ce-que-le-chef-dinterpol-et-ferdinand-ngoh-ngoh-se-sont-dit\"},\"wordCount\":713,\"commentCount\":0,\"image\":{\"@id\":\"https:\/\/www.africa-press.net\/cameroun\/politique\/60-minutes-de-tete-a-tete-ce-que-le-chef-dinterpol-et-ferdinand-ngoh-ngoh-se-sont-dit#primaryimage\"},\"thumbnailUrl\":\"https:\/\/static.africa-press.net\/cameroun\/sites\/57\/2023\/02\/postQueueImg_1676992219.81.jpg\",\"keywords\":[\"Africa Press\",\"Africa Press-Cameroun\",\"Cameroun\"],\"articleSection\":[\"Politique\",\"Toutes les actualit\u00e9s\"],\"inLanguage\":\"fr-FR\",\"potentialAction\":[{\"@type\":\"CommentAction\",\"name\":\"Comment\",\"target\":[\"https:\/\/www.africa-press.net\/cameroun\/politique\/60-minutes-de-tete-a-tete-ce-que-le-chef-dinterpol-et-ferdinand-ngoh-ngoh-se-sont-dit#respond\"]}]},{\"@type\":\"WebPage\",\"@id\":\"https:\/\/www.africa-press.net\/cameroun\/politique\/60-minutes-de-tete-a-tete-ce-que-le-chef-dinterpol-et-ferdinand-ngoh-ngoh-se-sont-dit\",\"url\":\"https:\/\/www.africa-press.net\/cameroun\/politique\/60-minutes-de-tete-a-tete-ce-que-le-chef-dinterpol-et-ferdinand-ngoh-ngoh-se-sont-dit\",\"name\":\"60 minutes de t\u00eate-\u00e0-t\u00eate: ce que le chef d'Interpol et Ferdinand Ngoh Ngoh se sont dit - Cameroun\",\"isPartOf\":{\"@id\":\"https:\/\/www.africa-press.net\/cameroun\/#website\"},\"primaryImageOfPage\":{\"@id\":\"https:\/\/www.africa-press.net\/cameroun\/politique\/60-minutes-de-tete-a-tete-ce-que-le-chef-dinterpol-et-ferdinand-ngoh-ngoh-se-sont-dit#primaryimage\"},\"image\":{\"@id\":\"https:\/\/www.africa-press.net\/cameroun\/politique\/60-minutes-de-tete-a-tete-ce-que-le-chef-dinterpol-et-ferdinand-ngoh-ngoh-se-sont-dit#primaryimage\"},\"thumbnailUrl\":\"https:\/\/static.africa-press.net\/cameroun\/sites\/57\/2023\/02\/postQueueImg_1676992219.81.jpg\",\"datePublished\":\"2023-02-21T18:40:15+00:00\",\"dateModified\":\"2023-02-21T19:26:20+00:00\",\"author\":{\"@id\":\"https:\/\/www.africa-press.net\/cameroun\/#\/schema\/person\/2b1cf3cd81a31e3cd26889ca66d677f1\"},\"description\":\"Le ge\u0301ne\u0301ral de division Ahmed Naser al-Raisi, a eu un entretien de plus de 60 minutes avec le SGPR, Ferdinand Ngoh Ngoh ...\",\"breadcrumb\":{\"@id\":\"https:\/\/www.africa-press.net\/cameroun\/politique\/60-minutes-de-tete-a-tete-ce-que-le-chef-dinterpol-et-ferdinand-ngoh-ngoh-se-sont-dit#breadcrumb\"},\"inLanguage\":\"fr-FR\",\"potentialAction\":[{\"@type\":\"ReadAction\",\"target\":[\"https:\/\/www.africa-press.net\/cameroun\/politique\/60-minutes-de-tete-a-tete-ce-que-le-chef-dinterpol-et-ferdinand-ngoh-ngoh-se-sont-dit\"]}]},{\"@type\":\"ImageObject\",\"inLanguage\":\"fr-FR\",\"@id\":\"https:\/\/www.africa-press.net\/cameroun\/politique\/60-minutes-de-tete-a-tete-ce-que-le-chef-dinterpol-et-ferdinand-ngoh-ngoh-se-sont-dit#primaryimage\",\"url\":\"https:\/\/static.africa-press.net\/cameroun\/sites\/57\/2023\/02\/postQueueImg_1676992219.81.jpg\",\"contentUrl\":\"https:\/\/static.africa-press.net\/cameroun\/sites\/57\/2023\/02\/postQueueImg_1676992219.81.jpg\",\"width\":720,\"height\":390,\"caption\":\"60 minutes de t\u00eate-\u00e0-t\u00eate: ce que le chef d'Interpol et Ferdinand Ngoh Ngoh se sont dit\"},{\"@type\":\"BreadcrumbList\",\"@id\":\"https:\/\/www.africa-press.net\/cameroun\/politique\/60-minutes-de-tete-a-tete-ce-que-le-chef-dinterpol-et-ferdinand-ngoh-ngoh-se-sont-dit#breadcrumb\",\"itemListElement\":[{\"@type\":\"ListItem\",\"position\":1,\"name\":\"Accueil\",\"item\":\"https:\/\/www.africa-press.net\/cameroun\/\"},{\"@type\":\"ListItem\",\"position\":2,\"name\":\"60 minutes de t\u00eate-\u00e0-t\u00eate: ce que le chef d&rsquo;Interpol et Ferdinand Ngoh Ngoh se sont dit\"}]},{\"@type\":\"WebSite\",\"@id\":\"https:\/\/www.africa-press.net\/cameroun\/#website\",\"url\":\"https:\/\/www.africa-press.net\/cameroun\/\",\"name\":\"Cameroun\",\"description\":\"Just another Africa News Agency Sites site\",\"potentialAction\":[{\"@type\":\"SearchAction\",\"target\":{\"@type\":\"EntryPoint\",\"urlTemplate\":\"https:\/\/www.africa-press.net\/cameroun\/?s={search_term_string}\"},\"query-input\":{\"@type\":\"PropertyValueSpecification\",\"valueRequired\":true,\"valueName\":\"search_term_string\"}}],\"inLanguage\":\"fr-FR\"},{\"@type\":\"Person\",\"@id\":\"https:\/\/www.africa-press.net\/cameroun\/#\/schema\/person\/2b1cf3cd81a31e3cd26889ca66d677f1\",\"name\":\"cfeditorfr\"}]}<\/script>\n<!-- \/ Yoast SEO Premium plugin. -->","yoast_head_json":{"title":"60 minutes de t\u00eate-\u00e0-t\u00eate: ce que le chef d'Interpol et Ferdinand Ngoh Ngoh se sont dit - Cameroun","description":"Le ge\u0301ne\u0301ral de division Ahmed Naser al-Raisi, a eu un entretien de plus de 60 minutes avec le SGPR, Ferdinand Ngoh Ngoh ...","robots":{"index":"index","follow":"follow","max-snippet":"max-snippet:-1","max-image-preview":"max-image-preview:large","max-video-preview":"max-video-preview:-1"},"canonical":"https:\/\/www.africa-press.net\/cameroun\/politique\/60-minutes-de-tete-a-tete-ce-que-le-chef-dinterpol-et-ferdinand-ngoh-ngoh-se-sont-dit","og_locale":"fr_FR","og_type":"article","og_title":"60 minutes de t\u00eate-\u00e0-t\u00eate: ce que le chef d'Interpol et Ferdinand Ngoh Ngoh se sont dit","og_description":"Le ge\u0301ne\u0301ral de division Ahmed Naser al-Raisi, a eu un entretien de plus de 60 minutes avec le SGPR, Ferdinand Ngoh Ngoh ...","og_url":"https:\/\/www.africa-press.net\/cameroun\/politique\/60-minutes-de-tete-a-tete-ce-que-le-chef-dinterpol-et-ferdinand-ngoh-ngoh-se-sont-dit","og_site_name":"Cameroun","article_published_time":"2023-02-21T18:40:15+00:00","article_modified_time":"2023-02-21T19:26:20+00:00","og_image":[{"width":720,"height":390,"url":"https:\/\/static.africa-press.net\/cameroun\/sites\/57\/2023\/02\/postQueueImg_1676992219.81.jpg","type":"image\/jpeg"}],"author":"cfeditorfr","twitter_card":"summary_large_image","twitter_misc":{"\u00c9crit par":"cfeditorfr","Dur\u00e9e de lecture estim\u00e9e":"3 minutes"},"schema":{"@context":"https:\/\/schema.org","@graph":[{"@type":"Article","@id":"https:\/\/www.africa-press.net\/cameroun\/politique\/60-minutes-de-tete-a-tete-ce-que-le-chef-dinterpol-et-ferdinand-ngoh-ngoh-se-sont-dit#article","isPartOf":{"@id":"https:\/\/www.africa-press.net\/cameroun\/politique\/60-minutes-de-tete-a-tete-ce-que-le-chef-dinterpol-et-ferdinand-ngoh-ngoh-se-sont-dit"},"author":{"name":"cfeditorfr","@id":"https:\/\/www.africa-press.net\/cameroun\/#\/schema\/person\/2b1cf3cd81a31e3cd26889ca66d677f1"},"headline":"60 minutes de t\u00eate-\u00e0-t\u00eate: ce que le chef d&rsquo;Interpol et Ferdinand Ngoh Ngoh se sont dit","datePublished":"2023-02-21T18:40:15+00:00","dateModified":"2023-02-21T19:26:20+00:00","mainEntityOfPage":{"@id":"https:\/\/www.africa-press.net\/cameroun\/politique\/60-minutes-de-tete-a-tete-ce-que-le-chef-dinterpol-et-ferdinand-ngoh-ngoh-se-sont-dit"},"wordCount":713,"commentCount":0,"image":{"@id":"https:\/\/www.africa-press.net\/cameroun\/politique\/60-minutes-de-tete-a-tete-ce-que-le-chef-dinterpol-et-ferdinand-ngoh-ngoh-se-sont-dit#primaryimage"},"thumbnailUrl":"https:\/\/static.africa-press.net\/cameroun\/sites\/57\/2023\/02\/postQueueImg_1676992219.81.jpg","keywords":["Africa Press","Africa Press-Cameroun","Cameroun"],"articleSection":["Politique","Toutes les actualit\u00e9s"],"inLanguage":"fr-FR","potentialAction":[{"@type":"CommentAction","name":"Comment","target":["https:\/\/www.africa-press.net\/cameroun\/politique\/60-minutes-de-tete-a-tete-ce-que-le-chef-dinterpol-et-ferdinand-ngoh-ngoh-se-sont-dit#respond"]}]},{"@type":"WebPage","@id":"https:\/\/www.africa-press.net\/cameroun\/politique\/60-minutes-de-tete-a-tete-ce-que-le-chef-dinterpol-et-ferdinand-ngoh-ngoh-se-sont-dit","url":"https:\/\/www.africa-press.net\/cameroun\/politique\/60-minutes-de-tete-a-tete-ce-que-le-chef-dinterpol-et-ferdinand-ngoh-ngoh-se-sont-dit","name":"60 minutes de t\u00eate-\u00e0-t\u00eate: ce que le chef d'Interpol et Ferdinand Ngoh Ngoh se sont dit - Cameroun","isPartOf":{"@id":"https:\/\/www.africa-press.net\/cameroun\/#website"},"primaryImageOfPage":{"@id":"https:\/\/www.africa-press.net\/cameroun\/politique\/60-minutes-de-tete-a-tete-ce-que-le-chef-dinterpol-et-ferdinand-ngoh-ngoh-se-sont-dit#primaryimage"},"image":{"@id":"https:\/\/www.africa-press.net\/cameroun\/politique\/60-minutes-de-tete-a-tete-ce-que-le-chef-dinterpol-et-ferdinand-ngoh-ngoh-se-sont-dit#primaryimage"},"thumbnailUrl":"https:\/\/static.africa-press.net\/cameroun\/sites\/57\/2023\/02\/postQueueImg_1676992219.81.jpg","datePublished":"2023-02-21T18:40:15+00:00","dateModified":"2023-02-21T19:26:20+00:00","author":{"@id":"https:\/\/www.africa-press.net\/cameroun\/#\/schema\/person\/2b1cf3cd81a31e3cd26889ca66d677f1"},"description":"Le ge\u0301ne\u0301ral de division Ahmed Naser al-Raisi, a eu un entretien de plus de 60 minutes avec le SGPR, Ferdinand Ngoh Ngoh ...","breadcrumb":{"@id":"https:\/\/www.africa-press.net\/cameroun\/politique\/60-minutes-de-tete-a-tete-ce-que-le-chef-dinterpol-et-ferdinand-ngoh-ngoh-se-sont-dit#breadcrumb"},"inLanguage":"fr-FR","potentialAction":[{"@type":"ReadAction","target":["https:\/\/www.africa-press.net\/cameroun\/politique\/60-minutes-de-tete-a-tete-ce-que-le-chef-dinterpol-et-ferdinand-ngoh-ngoh-se-sont-dit"]}]},{"@type":"ImageObject","inLanguage":"fr-FR","@id":"https:\/\/www.africa-press.net\/cameroun\/politique\/60-minutes-de-tete-a-tete-ce-que-le-chef-dinterpol-et-ferdinand-ngoh-ngoh-se-sont-dit#primaryimage","url":"https:\/\/static.africa-press.net\/cameroun\/sites\/57\/2023\/02\/postQueueImg_1676992219.81.jpg","contentUrl":"https:\/\/static.africa-press.net\/cameroun\/sites\/57\/2023\/02\/postQueueImg_1676992219.81.jpg","width":720,"height":390,"caption":"60 minutes de t\u00eate-\u00e0-t\u00eate: ce que le chef d'Interpol et Ferdinand Ngoh Ngoh se sont dit"},{"@type":"BreadcrumbList","@id":"https:\/\/www.africa-press.net\/cameroun\/politique\/60-minutes-de-tete-a-tete-ce-que-le-chef-dinterpol-et-ferdinand-ngoh-ngoh-se-sont-dit#breadcrumb","itemListElement":[{"@type":"ListItem","position":1,"name":"Accueil","item":"https:\/\/www.africa-press.net\/cameroun\/"},{"@type":"ListItem","position":2,"name":"60 minutes de t\u00eate-\u00e0-t\u00eate: ce que le chef d&rsquo;Interpol et Ferdinand Ngoh Ngoh se sont dit"}]},{"@type":"WebSite","@id":"https:\/\/www.africa-press.net\/cameroun\/#website","url":"https:\/\/www.africa-press.net\/cameroun\/","name":"Cameroun","description":"Just another Africa News Agency Sites site","potentialAction":[{"@type":"SearchAction","target":{"@type":"EntryPoint","urlTemplate":"https:\/\/www.africa-press.net\/cameroun\/?s={search_term_string}"},"query-input":{"@type":"PropertyValueSpecification","valueRequired":true,"valueName":"search_term_string"}}],"inLanguage":"fr-FR"},{"@type":"Person","@id":"https:\/\/www.africa-press.net\/cameroun\/#\/schema\/person\/2b1cf3cd81a31e3cd26889ca66d677f1","name":"cfeditorfr"}]}},"_links":{"self":[{"href":"https:\/\/www.africa-press.net\/cameroun\/wp-json\/wp\/v2\/posts\/37332","targetHints":{"allow":["GET"]}}],"collection":[{"href":"https:\/\/www.africa-press.net\/cameroun\/wp-json\/wp\/v2\/posts"}],"about":[{"href":"https:\/\/www.africa-press.net\/cameroun\/wp-json\/wp\/v2\/types\/post"}],"author":[{"embeddable":true,"href":"https:\/\/www.africa-press.net\/cameroun\/wp-json\/wp\/v2\/users\/82"}],"replies":[{"embeddable":true,"href":"https:\/\/www.africa-press.net\/cameroun\/wp-json\/wp\/v2\/comments?post=37332"}],"version-history":[{"count":0,"href":"https:\/\/www.africa-press.net\/cameroun\/wp-json\/wp\/v2\/posts\/37332\/revisions"}],"wp:featuredmedia":[{"embeddable":true,"href":"https:\/\/www.africa-press.net\/cameroun\/wp-json\/wp\/v2\/media\/37331"}],"wp:attachment":[{"href":"https:\/\/www.africa-press.net\/cameroun\/wp-json\/wp\/v2\/media?parent=37332"}],"wp:term":[{"taxonomy":"category","embeddable":true,"href":"https:\/\/www.africa-press.net\/cameroun\/wp-json\/wp\/v2\/categories?post=37332"},{"taxonomy":"post_tag","embeddable":true,"href":"https:\/\/www.africa-press.net\/cameroun\/wp-json\/wp\/v2\/tags?post=37332"}],"curies":[{"name":"wp","href":"https:\/\/api.w.org\/{rel}","templated":true}]}}