{"id":37335,"date":"2023-02-21T18:40:34","date_gmt":"2023-02-21T18:40:34","guid":{"rendered":"https:\/\/www.africa-press.net\/cameroun\/politique\/la-bad-et-la-bid-sur-le-front-du-developpement-lindustrie-pharmaceutique-en-afrique"},"modified":"2023-02-21T19:26:50","modified_gmt":"2023-02-21T19:26:50","slug":"la-bad-et-la-bid-sur-le-front-du-developpement-lindustrie-pharmaceutique-en-afrique","status":"publish","type":"post","link":"https:\/\/www.africa-press.net\/cameroun\/politique\/la-bad-et-la-bid-sur-le-front-du-developpement-lindustrie-pharmaceutique-en-afrique","title":{"rendered":"La BAD et la BID sur le front du d\u00e9veloppement l\u2019industrie pharmaceutique en Afrique"},"content":{"rendered":"<p><span style=\"color: #ff6600\"><strong>Africa-Press &#8211; Cameroun. <\/strong><\/span><b>Le financement des deux banques permettra aux pays africains de stimuler la production locale de me\u0301dicaments et de re\u0301duire ainsi les importations.<\/b><\/p>\n<p>Dans le cadre d\u2019une convention signe\u0301e le 16 fe\u0301vrier 2023 a\u0300 Djeddah, en Arabie Saoudite, la Banque africaine de de\u0301veloppement (<b>BAD<\/b>) et la Banque islamique de de\u0301veloppement (<b>BID<\/b>) se sont engage\u0301es a\u0300 renforcer les <b>syste\u0300mes de protection de la sante\u0301<\/b> par le de\u0301veloppement de l\u2019industrie pharmaceutique dans les pays africains.<\/p>\n<p>Les institutions bancaires sont lie\u0301es par un plan d\u2019action conjoint qui leur permet de de\u0301velopper un pipeline commun de projets bancables, autour d\u2019axes cle\u0301s comple\u0301mentaires auxquels chacune apporterait son avantage comparatif. Le plan pour la Banque Africaine de De\u0301veloppement \u00ab couvre des pre\u0302ts pour des projets du secteur public et prive\u0301 et des projets de de\u0301veloppement pharmaceutique avec une approche re\u0301gionale \u00bb,.<\/p>\n<p>L\u2019accord qui vient d\u2019e\u0302tre signe\u0301 par la <b>BAD <\/b>et la <b>BID <\/b>cache un souci de dynamiser la production locale de me\u0301dicaments et de limiter les importations. Dans la zone <b>CEMAC<\/b>, le Cameroun a exprime\u0301 en janvier 2022, sa volonte\u0301 de relancer cette dynamique au regard de la faible productivite\u0301 du secteur pharmaceutique.<\/p>\n<p>Selon la Direction de la pharmacie, du me\u0301dicament et des laboratoires du ministe\u0300re de la Sante\u0301 du Cameroun, 2% des produits pharmaceutiques disponibles sur le marche\u0301 national sont locaux, contre 98% issus des importations. Pour sa part, l\u2019Institut national de la statistique (INS) du Cameroun informe que le pays a importe\u0301 en 2021 ; 22 374 tonnes de produits pharmaceutiques pour 188,311 milliards de francs CFA dont 15,1% en provenance de la France.<\/p>\n<p>Aussi, les accords signe\u0301s le 16 fe\u0301vrier dernier sont une extension d\u2019un protocole d\u2019accord signe\u0301 en 2017 entre la BAD et la BID et prolonge\u0301 jusqu\u2019en 2023. L\u2019enveloppe de 2 milliards de dollars (plus de 1 228 milliards de francs CFA) alloue\u0301e visait a\u0300 intensifier le cofinancement dans des secteurs strate\u0301giques tels que les infrastructures, le de\u0301veloppement humain, le de\u0301veloppement du secteur prive\u0301 et la promotion des investissements.<\/p>\n<p>Pour l\u2019avenir, le Groupe de la Banque africaine de de\u0301veloppement et la Banque islamique de de\u0301veloppement coope\u0301reront e\u0301galement a\u0300 l\u2019organisation d\u2019un forum mondial des entreprises pharmaceutiques en mai 2023.<\/p>\n<p><strong>Pour plus d&rsquo;informations et d&rsquo;analyses sur la <a href=\"https:\/\/www.africa-press.net\/cameroun\">Cameroun<\/a>, suivez <a href=\"https:\/\/www.africa-press.net\/\">Africa-Press<\/a><\/strong><\/p>\n","protected":false},"excerpt":{"rendered":"<p>Africa-Press &#8211; Cameroun. Le financement des deux banques permettra aux pays africains de stimuler la production locale de me\u0301dicaments et de re\u0301duire ainsi les importations. Dans le cadre d\u2019une convention signe\u0301e le 16 fe\u0301vrier 2023 a\u0300 Djeddah, en Arabie Saoudite, la Banque africaine de de\u0301veloppement (BAD) et la Banque islamique de de\u0301veloppement (BID) se sont [&hellip;]<\/p>\n","protected":false},"author":82,"featured_media":37333,"comment_status":"open","ping_status":"closed","sticky":false,"template":"","format":"standard","meta":{"footnotes":""},"categories":[2,10],"tags":[36,50,49],"class_list":["post-37335","post","type-post","status-publish","format-standard","has-post-thumbnail","hentry","category-politique","category-toutes-les-actualites","tag-africa-press","tag-africa-press-cameroun","tag-cameroun"],"yoast_head":"<!-- This site is optimized with the Yoast SEO Premium plugin v26.1 (Yoast SEO v27.0) - https:\/\/yoast.com\/product\/yoast-seo-premium-wordpress\/ -->\n<title>La BAD et la BID sur le front du d\u00e9veloppement l\u2019industrie pharmaceutique en Afrique - Cameroun<\/title>\n<meta name=\"description\" content=\"Le financement des deux banques permettra aux pays africains de stimuler la production locale de me\u0301dicaments et de r ...\" \/>\n<meta name=\"robots\" content=\"index, follow, max-snippet:-1, max-image-preview:large, max-video-preview:-1\" \/>\n<link rel=\"canonical\" href=\"https:\/\/www.africa-press.net\/cameroun\/politique\/la-bad-et-la-bid-sur-le-front-du-developpement-lindustrie-pharmaceutique-en-afrique\" \/>\n<meta property=\"og:locale\" content=\"fr_FR\" \/>\n<meta property=\"og:type\" content=\"article\" \/>\n<meta property=\"og:title\" content=\"La BAD et la BID sur le front du d\u00e9veloppement l\u2019industrie pharmaceutique en Afrique\" \/>\n<meta property=\"og:description\" content=\"Le financement des deux banques permettra aux pays africains de stimuler la production locale de me\u0301dicaments et de r ...\" \/>\n<meta property=\"og:url\" content=\"https:\/\/www.africa-press.net\/cameroun\/politique\/la-bad-et-la-bid-sur-le-front-du-developpement-lindustrie-pharmaceutique-en-afrique\" \/>\n<meta property=\"og:site_name\" content=\"Cameroun\" \/>\n<meta property=\"article:published_time\" content=\"2023-02-21T18:40:34+00:00\" \/>\n<meta property=\"article:modified_time\" content=\"2023-02-21T19:26:50+00:00\" \/>\n<meta property=\"og:image\" content=\"https:\/\/static.africa-press.net\/cameroun\/sites\/57\/2023\/02\/postQueueImg_1676992240.69.jpg\" \/>\n\t<meta property=\"og:image:width\" content=\"1500\" \/>\n\t<meta property=\"og:image:height\" content=\"617\" \/>\n\t<meta property=\"og:image:type\" content=\"image\/jpeg\" \/>\n<meta name=\"author\" content=\"cfeditorfr\" \/>\n<meta name=\"twitter:card\" content=\"summary_large_image\" \/>\n<meta name=\"twitter:label1\" content=\"\u00c9crit par\" \/>\n\t<meta name=\"twitter:data1\" content=\"cfeditorfr\" \/>\n\t<meta name=\"twitter:label2\" content=\"Dur\u00e9e de lecture estim\u00e9e\" \/>\n\t<meta name=\"twitter:data2\" content=\"2 minutes\" \/>\n<script type=\"application\/ld+json\" class=\"yoast-schema-graph\">{\"@context\":\"https:\/\/schema.org\",\"@graph\":[{\"@type\":\"Article\",\"@id\":\"https:\/\/www.africa-press.net\/cameroun\/politique\/la-bad-et-la-bid-sur-le-front-du-developpement-lindustrie-pharmaceutique-en-afrique#article\",\"isPartOf\":{\"@id\":\"https:\/\/www.africa-press.net\/cameroun\/politique\/la-bad-et-la-bid-sur-le-front-du-developpement-lindustrie-pharmaceutique-en-afrique\"},\"author\":{\"name\":\"cfeditorfr\",\"@id\":\"https:\/\/www.africa-press.net\/cameroun\/#\/schema\/person\/2b1cf3cd81a31e3cd26889ca66d677f1\"},\"headline\":\"La BAD et la BID sur le front du d\u00e9veloppement l\u2019industrie pharmaceutique en Afrique\",\"datePublished\":\"2023-02-21T18:40:34+00:00\",\"dateModified\":\"2023-02-21T19:26:50+00:00\",\"mainEntityOfPage\":{\"@id\":\"https:\/\/www.africa-press.net\/cameroun\/politique\/la-bad-et-la-bid-sur-le-front-du-developpement-lindustrie-pharmaceutique-en-afrique\"},\"wordCount\":412,\"commentCount\":0,\"image\":{\"@id\":\"https:\/\/www.africa-press.net\/cameroun\/politique\/la-bad-et-la-bid-sur-le-front-du-developpement-lindustrie-pharmaceutique-en-afrique#primaryimage\"},\"thumbnailUrl\":\"https:\/\/static.africa-press.net\/cameroun\/sites\/57\/2023\/02\/postQueueImg_1676992240.69.jpg\",\"keywords\":[\"Africa Press\",\"Africa Press-Cameroun\",\"Cameroun\"],\"articleSection\":[\"Politique\",\"Toutes les actualit\u00e9s\"],\"inLanguage\":\"fr-FR\",\"potentialAction\":[{\"@type\":\"CommentAction\",\"name\":\"Comment\",\"target\":[\"https:\/\/www.africa-press.net\/cameroun\/politique\/la-bad-et-la-bid-sur-le-front-du-developpement-lindustrie-pharmaceutique-en-afrique#respond\"]}]},{\"@type\":\"WebPage\",\"@id\":\"https:\/\/www.africa-press.net\/cameroun\/politique\/la-bad-et-la-bid-sur-le-front-du-developpement-lindustrie-pharmaceutique-en-afrique\",\"url\":\"https:\/\/www.africa-press.net\/cameroun\/politique\/la-bad-et-la-bid-sur-le-front-du-developpement-lindustrie-pharmaceutique-en-afrique\",\"name\":\"La BAD et la BID sur le front du d\u00e9veloppement l\u2019industrie pharmaceutique en Afrique - Cameroun\",\"isPartOf\":{\"@id\":\"https:\/\/www.africa-press.net\/cameroun\/#website\"},\"primaryImageOfPage\":{\"@id\":\"https:\/\/www.africa-press.net\/cameroun\/politique\/la-bad-et-la-bid-sur-le-front-du-developpement-lindustrie-pharmaceutique-en-afrique#primaryimage\"},\"image\":{\"@id\":\"https:\/\/www.africa-press.net\/cameroun\/politique\/la-bad-et-la-bid-sur-le-front-du-developpement-lindustrie-pharmaceutique-en-afrique#primaryimage\"},\"thumbnailUrl\":\"https:\/\/static.africa-press.net\/cameroun\/sites\/57\/2023\/02\/postQueueImg_1676992240.69.jpg\",\"datePublished\":\"2023-02-21T18:40:34+00:00\",\"dateModified\":\"2023-02-21T19:26:50+00:00\",\"author\":{\"@id\":\"https:\/\/www.africa-press.net\/cameroun\/#\/schema\/person\/2b1cf3cd81a31e3cd26889ca66d677f1\"},\"description\":\"Le financement des deux banques permettra aux pays africains de stimuler la production locale de me\u0301dicaments et de r ...\",\"breadcrumb\":{\"@id\":\"https:\/\/www.africa-press.net\/cameroun\/politique\/la-bad-et-la-bid-sur-le-front-du-developpement-lindustrie-pharmaceutique-en-afrique#breadcrumb\"},\"inLanguage\":\"fr-FR\",\"potentialAction\":[{\"@type\":\"ReadAction\",\"target\":[\"https:\/\/www.africa-press.net\/cameroun\/politique\/la-bad-et-la-bid-sur-le-front-du-developpement-lindustrie-pharmaceutique-en-afrique\"]}]},{\"@type\":\"ImageObject\",\"inLanguage\":\"fr-FR\",\"@id\":\"https:\/\/www.africa-press.net\/cameroun\/politique\/la-bad-et-la-bid-sur-le-front-du-developpement-lindustrie-pharmaceutique-en-afrique#primaryimage\",\"url\":\"https:\/\/static.africa-press.net\/cameroun\/sites\/57\/2023\/02\/postQueueImg_1676992240.69.jpg\",\"contentUrl\":\"https:\/\/static.africa-press.net\/cameroun\/sites\/57\/2023\/02\/postQueueImg_1676992240.69.jpg\",\"width\":1500,\"height\":617,\"caption\":\"La BAD et la BID sur le front du d\u00e9veloppement l\u2019industrie pharmaceutique en Afrique\"},{\"@type\":\"BreadcrumbList\",\"@id\":\"https:\/\/www.africa-press.net\/cameroun\/politique\/la-bad-et-la-bid-sur-le-front-du-developpement-lindustrie-pharmaceutique-en-afrique#breadcrumb\",\"itemListElement\":[{\"@type\":\"ListItem\",\"position\":1,\"name\":\"Accueil\",\"item\":\"https:\/\/www.africa-press.net\/cameroun\/\"},{\"@type\":\"ListItem\",\"position\":2,\"name\":\"La BAD et la BID sur le front du d\u00e9veloppement l\u2019industrie pharmaceutique en Afrique\"}]},{\"@type\":\"WebSite\",\"@id\":\"https:\/\/www.africa-press.net\/cameroun\/#website\",\"url\":\"https:\/\/www.africa-press.net\/cameroun\/\",\"name\":\"Cameroun\",\"description\":\"Just another Africa News Agency Sites site\",\"potentialAction\":[{\"@type\":\"SearchAction\",\"target\":{\"@type\":\"EntryPoint\",\"urlTemplate\":\"https:\/\/www.africa-press.net\/cameroun\/?s={search_term_string}\"},\"query-input\":{\"@type\":\"PropertyValueSpecification\",\"valueRequired\":true,\"valueName\":\"search_term_string\"}}],\"inLanguage\":\"fr-FR\"},{\"@type\":\"Person\",\"@id\":\"https:\/\/www.africa-press.net\/cameroun\/#\/schema\/person\/2b1cf3cd81a31e3cd26889ca66d677f1\",\"name\":\"cfeditorfr\"}]}<\/script>\n<!-- \/ Yoast SEO Premium plugin. -->","yoast_head_json":{"title":"La BAD et la BID sur le front du d\u00e9veloppement l\u2019industrie pharmaceutique en Afrique - Cameroun","description":"Le financement des deux banques permettra aux pays africains de stimuler la production locale de me\u0301dicaments et de r ...","robots":{"index":"index","follow":"follow","max-snippet":"max-snippet:-1","max-image-preview":"max-image-preview:large","max-video-preview":"max-video-preview:-1"},"canonical":"https:\/\/www.africa-press.net\/cameroun\/politique\/la-bad-et-la-bid-sur-le-front-du-developpement-lindustrie-pharmaceutique-en-afrique","og_locale":"fr_FR","og_type":"article","og_title":"La BAD et la BID sur le front du d\u00e9veloppement l\u2019industrie pharmaceutique en Afrique","og_description":"Le financement des deux banques permettra aux pays africains de stimuler la production locale de me\u0301dicaments et de r ...","og_url":"https:\/\/www.africa-press.net\/cameroun\/politique\/la-bad-et-la-bid-sur-le-front-du-developpement-lindustrie-pharmaceutique-en-afrique","og_site_name":"Cameroun","article_published_time":"2023-02-21T18:40:34+00:00","article_modified_time":"2023-02-21T19:26:50+00:00","og_image":[{"width":1500,"height":617,"url":"https:\/\/static.africa-press.net\/cameroun\/sites\/57\/2023\/02\/postQueueImg_1676992240.69.jpg","type":"image\/jpeg"}],"author":"cfeditorfr","twitter_card":"summary_large_image","twitter_misc":{"\u00c9crit par":"cfeditorfr","Dur\u00e9e de lecture estim\u00e9e":"2 minutes"},"schema":{"@context":"https:\/\/schema.org","@graph":[{"@type":"Article","@id":"https:\/\/www.africa-press.net\/cameroun\/politique\/la-bad-et-la-bid-sur-le-front-du-developpement-lindustrie-pharmaceutique-en-afrique#article","isPartOf":{"@id":"https:\/\/www.africa-press.net\/cameroun\/politique\/la-bad-et-la-bid-sur-le-front-du-developpement-lindustrie-pharmaceutique-en-afrique"},"author":{"name":"cfeditorfr","@id":"https:\/\/www.africa-press.net\/cameroun\/#\/schema\/person\/2b1cf3cd81a31e3cd26889ca66d677f1"},"headline":"La BAD et la BID sur le front du d\u00e9veloppement l\u2019industrie pharmaceutique en Afrique","datePublished":"2023-02-21T18:40:34+00:00","dateModified":"2023-02-21T19:26:50+00:00","mainEntityOfPage":{"@id":"https:\/\/www.africa-press.net\/cameroun\/politique\/la-bad-et-la-bid-sur-le-front-du-developpement-lindustrie-pharmaceutique-en-afrique"},"wordCount":412,"commentCount":0,"image":{"@id":"https:\/\/www.africa-press.net\/cameroun\/politique\/la-bad-et-la-bid-sur-le-front-du-developpement-lindustrie-pharmaceutique-en-afrique#primaryimage"},"thumbnailUrl":"https:\/\/static.africa-press.net\/cameroun\/sites\/57\/2023\/02\/postQueueImg_1676992240.69.jpg","keywords":["Africa Press","Africa Press-Cameroun","Cameroun"],"articleSection":["Politique","Toutes les actualit\u00e9s"],"inLanguage":"fr-FR","potentialAction":[{"@type":"CommentAction","name":"Comment","target":["https:\/\/www.africa-press.net\/cameroun\/politique\/la-bad-et-la-bid-sur-le-front-du-developpement-lindustrie-pharmaceutique-en-afrique#respond"]}]},{"@type":"WebPage","@id":"https:\/\/www.africa-press.net\/cameroun\/politique\/la-bad-et-la-bid-sur-le-front-du-developpement-lindustrie-pharmaceutique-en-afrique","url":"https:\/\/www.africa-press.net\/cameroun\/politique\/la-bad-et-la-bid-sur-le-front-du-developpement-lindustrie-pharmaceutique-en-afrique","name":"La BAD et la BID sur le front du d\u00e9veloppement l\u2019industrie pharmaceutique en Afrique - Cameroun","isPartOf":{"@id":"https:\/\/www.africa-press.net\/cameroun\/#website"},"primaryImageOfPage":{"@id":"https:\/\/www.africa-press.net\/cameroun\/politique\/la-bad-et-la-bid-sur-le-front-du-developpement-lindustrie-pharmaceutique-en-afrique#primaryimage"},"image":{"@id":"https:\/\/www.africa-press.net\/cameroun\/politique\/la-bad-et-la-bid-sur-le-front-du-developpement-lindustrie-pharmaceutique-en-afrique#primaryimage"},"thumbnailUrl":"https:\/\/static.africa-press.net\/cameroun\/sites\/57\/2023\/02\/postQueueImg_1676992240.69.jpg","datePublished":"2023-02-21T18:40:34+00:00","dateModified":"2023-02-21T19:26:50+00:00","author":{"@id":"https:\/\/www.africa-press.net\/cameroun\/#\/schema\/person\/2b1cf3cd81a31e3cd26889ca66d677f1"},"description":"Le financement des deux banques permettra aux pays africains de stimuler la production locale de me\u0301dicaments et de r ...","breadcrumb":{"@id":"https:\/\/www.africa-press.net\/cameroun\/politique\/la-bad-et-la-bid-sur-le-front-du-developpement-lindustrie-pharmaceutique-en-afrique#breadcrumb"},"inLanguage":"fr-FR","potentialAction":[{"@type":"ReadAction","target":["https:\/\/www.africa-press.net\/cameroun\/politique\/la-bad-et-la-bid-sur-le-front-du-developpement-lindustrie-pharmaceutique-en-afrique"]}]},{"@type":"ImageObject","inLanguage":"fr-FR","@id":"https:\/\/www.africa-press.net\/cameroun\/politique\/la-bad-et-la-bid-sur-le-front-du-developpement-lindustrie-pharmaceutique-en-afrique#primaryimage","url":"https:\/\/static.africa-press.net\/cameroun\/sites\/57\/2023\/02\/postQueueImg_1676992240.69.jpg","contentUrl":"https:\/\/static.africa-press.net\/cameroun\/sites\/57\/2023\/02\/postQueueImg_1676992240.69.jpg","width":1500,"height":617,"caption":"La BAD et la BID sur le front du d\u00e9veloppement l\u2019industrie pharmaceutique en Afrique"},{"@type":"BreadcrumbList","@id":"https:\/\/www.africa-press.net\/cameroun\/politique\/la-bad-et-la-bid-sur-le-front-du-developpement-lindustrie-pharmaceutique-en-afrique#breadcrumb","itemListElement":[{"@type":"ListItem","position":1,"name":"Accueil","item":"https:\/\/www.africa-press.net\/cameroun\/"},{"@type":"ListItem","position":2,"name":"La BAD et la BID sur le front du d\u00e9veloppement l\u2019industrie pharmaceutique en Afrique"}]},{"@type":"WebSite","@id":"https:\/\/www.africa-press.net\/cameroun\/#website","url":"https:\/\/www.africa-press.net\/cameroun\/","name":"Cameroun","description":"Just another Africa News Agency Sites site","potentialAction":[{"@type":"SearchAction","target":{"@type":"EntryPoint","urlTemplate":"https:\/\/www.africa-press.net\/cameroun\/?s={search_term_string}"},"query-input":{"@type":"PropertyValueSpecification","valueRequired":true,"valueName":"search_term_string"}}],"inLanguage":"fr-FR"},{"@type":"Person","@id":"https:\/\/www.africa-press.net\/cameroun\/#\/schema\/person\/2b1cf3cd81a31e3cd26889ca66d677f1","name":"cfeditorfr"}]}},"_links":{"self":[{"href":"https:\/\/www.africa-press.net\/cameroun\/wp-json\/wp\/v2\/posts\/37335","targetHints":{"allow":["GET"]}}],"collection":[{"href":"https:\/\/www.africa-press.net\/cameroun\/wp-json\/wp\/v2\/posts"}],"about":[{"href":"https:\/\/www.africa-press.net\/cameroun\/wp-json\/wp\/v2\/types\/post"}],"author":[{"embeddable":true,"href":"https:\/\/www.africa-press.net\/cameroun\/wp-json\/wp\/v2\/users\/82"}],"replies":[{"embeddable":true,"href":"https:\/\/www.africa-press.net\/cameroun\/wp-json\/wp\/v2\/comments?post=37335"}],"version-history":[{"count":0,"href":"https:\/\/www.africa-press.net\/cameroun\/wp-json\/wp\/v2\/posts\/37335\/revisions"}],"wp:featuredmedia":[{"embeddable":true,"href":"https:\/\/www.africa-press.net\/cameroun\/wp-json\/wp\/v2\/media\/37333"}],"wp:attachment":[{"href":"https:\/\/www.africa-press.net\/cameroun\/wp-json\/wp\/v2\/media?parent=37335"}],"wp:term":[{"taxonomy":"category","embeddable":true,"href":"https:\/\/www.africa-press.net\/cameroun\/wp-json\/wp\/v2\/categories?post=37335"},{"taxonomy":"post_tag","embeddable":true,"href":"https:\/\/www.africa-press.net\/cameroun\/wp-json\/wp\/v2\/tags?post=37335"}],"curies":[{"name":"wp","href":"https:\/\/api.w.org\/{rel}","templated":true}]}}