{"id":37356,"date":"2023-02-21T18:42:41","date_gmt":"2023-02-21T18:42:41","guid":{"rendered":"https:\/\/www.africa-press.net\/cameroun\/politique\/envois-de-fonds-des-migrants-le-fonds-dequipement-de-lonu-sengage-a-appuyer-la-beac-pour-reduire-les-couts"},"modified":"2023-02-21T19:31:13","modified_gmt":"2023-02-21T19:31:13","slug":"envois-de-fonds-des-migrants-le-fonds-dequipement-de-lonu-sengage-a-appuyer-la-beac-pour-reduire-les-couts","status":"publish","type":"post","link":"https:\/\/www.africa-press.net\/cameroun\/economie\/envois-de-fonds-des-migrants-le-fonds-dequipement-de-lonu-sengage-a-appuyer-la-beac-pour-reduire-les-couts","title":{"rendered":"Envois de fonds des migrants\u00a0: le Fonds d\u2019\u00e9quipement de l\u2019ONU s\u2019engage \u00e0 appuyer la Beac pour r\u00e9duire les co\u00fbts"},"content":{"rendered":"<p><span style=\"color: #ff6600\"><strong>Africa-Press &#8211; Cameroun. <\/strong><\/span>Investir au Cameroun) &#8211; Le Fonds d\u2019e\u0301quipement des Nations unies (UNCDF en anglais) annonce qu\u2019il vient de conclure un protocole d\u2019accord avec la Banque des E\u0301tats de l\u2019Afrique centrale (Beac), en vue de l\u2019ame\u0301lioration de l\u2019environnement politique et re\u0301glementaire des services financiers nume\u0301riques (SFD) dans la re\u0301gion de la Cemac (Cameroun, Congo, Gabon, Tchad, RCA et Guine\u0301e e\u0301quatoriale).<\/p>\n<p>\u00ab E\u0301tant donne\u0301 qu\u2019une part de plus en plus importante de la migration se produit dans les couloirs re\u0301gionaux, il est impe\u0301ratif d\u2019augmenter le flux des envois de fonds par des canaux formels a\u0300 des cou\u0302ts abordables pour les pays de la re\u0301gion Cemac \u00bb, explique l\u2019UNCDF. Pour atteindre cet objectif, apprend-on, \u00ab l\u2019UNCDF fournira une assistance technique a\u0300 la Beac sur le cadre juridique et les options re\u0301glementaires relatifs aux SFN dans la re\u0301gion Cemac, conforme\u0301ment aux pratiques internationales et a\u0300 l\u2019objectif strate\u0301gique de la Cemac \u00bb, apprend-on.<\/p>\n<p>En outre, il s\u2019agira pour l\u2019organisme onusien d\u2019aider a\u0300 conduire le changement dans la mise en \u0153uvre de la strate\u0301gie re\u0301gionale d\u2019inclusion financie\u0300re, en tenant compte de ses propositions du groupe consultatif sur les femmes et les services financiers nume\u0301riques dans la re\u0301gion Cemac et de lancer des dialogues secteur public-prive\u0301, pour fe\u0301de\u0301rer les acteurs de l\u2019e\u0301cosyste\u0300me de la finance nume\u0301rique autour du cadre re\u0301glementaire Cemac sur les SFN.<\/p>\n<p>\u00ab Les envois de fonds sont une source indispensable et durable de financement du de\u0301veloppement. Les envois de fonds sont plus importants et plus stables que les investissements e\u0301trangers directs pour de nombreux pays et, dans la plupart des cas, supe\u0301rieurs me\u0302me a\u0300 l\u2019aide publique au de\u0301veloppement. Les envois de fonds sont e\u0301galement une source financie\u0300re cruciale pour les familles des migrants. Lorsqu\u2019ils sont envoye\u0301s nume\u0301riquement, les envois de fonds pre\u0301sentent un moyen d\u2019accroi\u0302tre l\u2019impact social et l\u2019inclusion financie\u0300re des migrants et de leurs familles qui les envoient et les de\u0301pensent dans l\u2019e\u0301conomie re\u0301elle. La re\u0301gion Cemac n\u2019y e\u0301chappe pas \u00bb, soutient Xavier Michon, secre\u0301taire exe\u0301cutif adjoint de l\u2019UNCDF, pour montrer l\u2019importance des SFN dans l\u2019inclusion financie\u0300re et le de\u0301veloppement e\u0301conomique.<\/p>\n<p>Pour rappel, le Fonds d\u2019e\u0301quipement des Nations unies a e\u0301te\u0301 mis en place pour contribuer a\u0300 l\u2019atteinte des Objectifs du mille\u0301naire pour le de\u0301veloppement (OMD) dans les pays les moins avance\u0301s. Son action s\u2019e\u0301tend a\u0300 la microfinance, a\u0300 travers la fourniture aux me\u0301nages et entreprises de services concourant a\u0300 un meilleur acce\u0300s a\u0300 une large gamme de services financiers.<\/p>\n<p><strong>Pour plus d&rsquo;informations et d&rsquo;analyses sur la <a href=\"https:\/\/www.africa-press.net\/cameroun\">Cameroun<\/a>, suivez <a href=\"https:\/\/www.africa-press.net\/\">Africa-Press<\/a><\/strong><\/p>\n","protected":false},"excerpt":{"rendered":"<p>Africa-Press &#8211; Cameroun. Investir au Cameroun) &#8211; Le Fonds d\u2019e\u0301quipement des Nations unies (UNCDF en anglais) annonce qu\u2019il vient de conclure un protocole d\u2019accord avec la Banque des E\u0301tats de l\u2019Afrique centrale (Beac), en vue de l\u2019ame\u0301lioration de l\u2019environnement politique et re\u0301glementaire des services financiers nume\u0301riques (SFD) dans la re\u0301gion de la Cemac (Cameroun, Congo, [&hellip;]<\/p>\n","protected":false},"author":82,"featured_media":37355,"comment_status":"open","ping_status":"closed","sticky":false,"template":"","format":"standard","meta":{"footnotes":""},"categories":[3,10],"tags":[36,50,49],"class_list":["post-37356","post","type-post","status-publish","format-standard","has-post-thumbnail","hentry","category-economie","category-toutes-les-actualites","tag-africa-press","tag-africa-press-cameroun","tag-cameroun"],"yoast_head":"<!-- This site is optimized with the Yoast SEO Premium plugin v26.1 (Yoast SEO v27.0) - https:\/\/yoast.com\/product\/yoast-seo-premium-wordpress\/ -->\n<title>Envois de fonds des migrants\u00a0: le Fonds d\u2019\u00e9quipement de l\u2019ONU s\u2019engage \u00e0 appuyer la Beac pour r\u00e9duire les co\u00fbts - Cameroun<\/title>\n<meta name=\"description\" content=\"Investir au Cameroun) - Le Fonds d\u2019e\u0301quipement des Nations unies (UNCDF en anglais) annonce qu\u2019il vient de conclure un p ...\" \/>\n<meta name=\"robots\" content=\"index, follow, max-snippet:-1, max-image-preview:large, max-video-preview:-1\" \/>\n<link rel=\"canonical\" href=\"https:\/\/www.africa-press.net\/cameroun\/economie\/envois-de-fonds-des-migrants-le-fonds-dequipement-de-lonu-sengage-a-appuyer-la-beac-pour-reduire-les-couts\" \/>\n<meta property=\"og:locale\" content=\"fr_FR\" \/>\n<meta property=\"og:type\" content=\"article\" \/>\n<meta property=\"og:title\" content=\"Envois de fonds des migrants\u00a0: le Fonds d\u2019\u00e9quipement de l\u2019ONU s\u2019engage \u00e0 appuyer la Beac pour r\u00e9duire les co\u00fbts\" \/>\n<meta property=\"og:description\" content=\"Investir au Cameroun) - Le Fonds d\u2019e\u0301quipement des Nations unies (UNCDF en anglais) annonce qu\u2019il vient de conclure un p ...\" \/>\n<meta property=\"og:url\" content=\"https:\/\/www.africa-press.net\/cameroun\/economie\/envois-de-fonds-des-migrants-le-fonds-dequipement-de-lonu-sengage-a-appuyer-la-beac-pour-reduire-les-couts\" \/>\n<meta property=\"og:site_name\" content=\"Cameroun\" \/>\n<meta property=\"article:published_time\" content=\"2023-02-21T18:42:41+00:00\" \/>\n<meta property=\"article:modified_time\" content=\"2023-02-21T19:31:13+00:00\" \/>\n<meta property=\"og:image\" content=\"https:\/\/static.africa-press.net\/cameroun\/sites\/57\/2023\/02\/postQueueImg_1676992365.59.jpg\" \/>\n\t<meta property=\"og:image:width\" content=\"720\" \/>\n\t<meta property=\"og:image:height\" content=\"479\" \/>\n\t<meta property=\"og:image:type\" content=\"image\/jpeg\" \/>\n<meta name=\"author\" content=\"cfeditorfr\" \/>\n<meta name=\"twitter:card\" content=\"summary_large_image\" \/>\n<meta name=\"twitter:label1\" content=\"\u00c9crit par\" \/>\n\t<meta name=\"twitter:data1\" content=\"cfeditorfr\" \/>\n\t<meta name=\"twitter:label2\" content=\"Dur\u00e9e de lecture estim\u00e9e\" \/>\n\t<meta name=\"twitter:data2\" content=\"3 minutes\" \/>\n<script type=\"application\/ld+json\" class=\"yoast-schema-graph\">{\"@context\":\"https:\/\/schema.org\",\"@graph\":[{\"@type\":\"Article\",\"@id\":\"https:\/\/www.africa-press.net\/cameroun\/economie\/envois-de-fonds-des-migrants-le-fonds-dequipement-de-lonu-sengage-a-appuyer-la-beac-pour-reduire-les-couts#article\",\"isPartOf\":{\"@id\":\"https:\/\/www.africa-press.net\/cameroun\/economie\/envois-de-fonds-des-migrants-le-fonds-dequipement-de-lonu-sengage-a-appuyer-la-beac-pour-reduire-les-couts\"},\"author\":{\"name\":\"cfeditorfr\",\"@id\":\"https:\/\/www.africa-press.net\/cameroun\/#\/schema\/person\/2b1cf3cd81a31e3cd26889ca66d677f1\"},\"headline\":\"Envois de fonds des migrants\u00a0: le Fonds d\u2019\u00e9quipement de l\u2019ONU s\u2019engage \u00e0 appuyer la Beac pour r\u00e9duire les co\u00fbts\",\"datePublished\":\"2023-02-21T18:42:41+00:00\",\"dateModified\":\"2023-02-21T19:31:13+00:00\",\"mainEntityOfPage\":{\"@id\":\"https:\/\/www.africa-press.net\/cameroun\/economie\/envois-de-fonds-des-migrants-le-fonds-dequipement-de-lonu-sengage-a-appuyer-la-beac-pour-reduire-les-couts\"},\"wordCount\":515,\"commentCount\":0,\"image\":{\"@id\":\"https:\/\/www.africa-press.net\/cameroun\/economie\/envois-de-fonds-des-migrants-le-fonds-dequipement-de-lonu-sengage-a-appuyer-la-beac-pour-reduire-les-couts#primaryimage\"},\"thumbnailUrl\":\"https:\/\/static.africa-press.net\/cameroun\/sites\/57\/2023\/02\/postQueueImg_1676992365.59.jpg\",\"keywords\":[\"Africa Press\",\"Africa Press-Cameroun\",\"Cameroun\"],\"articleSection\":[\"\u00c9conomie\",\"Toutes les actualit\u00e9s\"],\"inLanguage\":\"fr-FR\",\"potentialAction\":[{\"@type\":\"CommentAction\",\"name\":\"Comment\",\"target\":[\"https:\/\/www.africa-press.net\/cameroun\/economie\/envois-de-fonds-des-migrants-le-fonds-dequipement-de-lonu-sengage-a-appuyer-la-beac-pour-reduire-les-couts#respond\"]}]},{\"@type\":\"WebPage\",\"@id\":\"https:\/\/www.africa-press.net\/cameroun\/economie\/envois-de-fonds-des-migrants-le-fonds-dequipement-de-lonu-sengage-a-appuyer-la-beac-pour-reduire-les-couts\",\"url\":\"https:\/\/www.africa-press.net\/cameroun\/economie\/envois-de-fonds-des-migrants-le-fonds-dequipement-de-lonu-sengage-a-appuyer-la-beac-pour-reduire-les-couts\",\"name\":\"Envois de fonds des migrants\u00a0: le Fonds d\u2019\u00e9quipement de l\u2019ONU s\u2019engage \u00e0 appuyer la Beac pour r\u00e9duire les co\u00fbts - Cameroun\",\"isPartOf\":{\"@id\":\"https:\/\/www.africa-press.net\/cameroun\/#website\"},\"primaryImageOfPage\":{\"@id\":\"https:\/\/www.africa-press.net\/cameroun\/economie\/envois-de-fonds-des-migrants-le-fonds-dequipement-de-lonu-sengage-a-appuyer-la-beac-pour-reduire-les-couts#primaryimage\"},\"image\":{\"@id\":\"https:\/\/www.africa-press.net\/cameroun\/economie\/envois-de-fonds-des-migrants-le-fonds-dequipement-de-lonu-sengage-a-appuyer-la-beac-pour-reduire-les-couts#primaryimage\"},\"thumbnailUrl\":\"https:\/\/static.africa-press.net\/cameroun\/sites\/57\/2023\/02\/postQueueImg_1676992365.59.jpg\",\"datePublished\":\"2023-02-21T18:42:41+00:00\",\"dateModified\":\"2023-02-21T19:31:13+00:00\",\"author\":{\"@id\":\"https:\/\/www.africa-press.net\/cameroun\/#\/schema\/person\/2b1cf3cd81a31e3cd26889ca66d677f1\"},\"description\":\"Investir au Cameroun) - Le Fonds d\u2019e\u0301quipement des Nations unies (UNCDF en anglais) annonce qu\u2019il vient de conclure un p ...\",\"breadcrumb\":{\"@id\":\"https:\/\/www.africa-press.net\/cameroun\/economie\/envois-de-fonds-des-migrants-le-fonds-dequipement-de-lonu-sengage-a-appuyer-la-beac-pour-reduire-les-couts#breadcrumb\"},\"inLanguage\":\"fr-FR\",\"potentialAction\":[{\"@type\":\"ReadAction\",\"target\":[\"https:\/\/www.africa-press.net\/cameroun\/economie\/envois-de-fonds-des-migrants-le-fonds-dequipement-de-lonu-sengage-a-appuyer-la-beac-pour-reduire-les-couts\"]}]},{\"@type\":\"ImageObject\",\"inLanguage\":\"fr-FR\",\"@id\":\"https:\/\/www.africa-press.net\/cameroun\/economie\/envois-de-fonds-des-migrants-le-fonds-dequipement-de-lonu-sengage-a-appuyer-la-beac-pour-reduire-les-couts#primaryimage\",\"url\":\"https:\/\/static.africa-press.net\/cameroun\/sites\/57\/2023\/02\/postQueueImg_1676992365.59.jpg\",\"contentUrl\":\"https:\/\/static.africa-press.net\/cameroun\/sites\/57\/2023\/02\/postQueueImg_1676992365.59.jpg\",\"width\":720,\"height\":479,\"caption\":\"Envois de fonds des migrants\u00a0: le Fonds d\u2019\u00e9quipement de l\u2019ONU s\u2019engage \u00e0 appuyer la Beac pour r\u00e9duire les co\u00fbts\"},{\"@type\":\"BreadcrumbList\",\"@id\":\"https:\/\/www.africa-press.net\/cameroun\/economie\/envois-de-fonds-des-migrants-le-fonds-dequipement-de-lonu-sengage-a-appuyer-la-beac-pour-reduire-les-couts#breadcrumb\",\"itemListElement\":[{\"@type\":\"ListItem\",\"position\":1,\"name\":\"Accueil\",\"item\":\"https:\/\/www.africa-press.net\/cameroun\/\"},{\"@type\":\"ListItem\",\"position\":2,\"name\":\"Envois de fonds des migrants\u00a0: le Fonds d\u2019\u00e9quipement de l\u2019ONU s\u2019engage \u00e0 appuyer la Beac pour r\u00e9duire les co\u00fbts\"}]},{\"@type\":\"WebSite\",\"@id\":\"https:\/\/www.africa-press.net\/cameroun\/#website\",\"url\":\"https:\/\/www.africa-press.net\/cameroun\/\",\"name\":\"Cameroun\",\"description\":\"Just another Africa News Agency Sites site\",\"potentialAction\":[{\"@type\":\"SearchAction\",\"target\":{\"@type\":\"EntryPoint\",\"urlTemplate\":\"https:\/\/www.africa-press.net\/cameroun\/?s={search_term_string}\"},\"query-input\":{\"@type\":\"PropertyValueSpecification\",\"valueRequired\":true,\"valueName\":\"search_term_string\"}}],\"inLanguage\":\"fr-FR\"},{\"@type\":\"Person\",\"@id\":\"https:\/\/www.africa-press.net\/cameroun\/#\/schema\/person\/2b1cf3cd81a31e3cd26889ca66d677f1\",\"name\":\"cfeditorfr\"}]}<\/script>\n<!-- \/ Yoast SEO Premium plugin. -->","yoast_head_json":{"title":"Envois de fonds des migrants\u00a0: le Fonds d\u2019\u00e9quipement de l\u2019ONU s\u2019engage \u00e0 appuyer la Beac pour r\u00e9duire les co\u00fbts - Cameroun","description":"Investir au Cameroun) - Le Fonds d\u2019e\u0301quipement des Nations unies (UNCDF en anglais) annonce qu\u2019il vient de conclure un p ...","robots":{"index":"index","follow":"follow","max-snippet":"max-snippet:-1","max-image-preview":"max-image-preview:large","max-video-preview":"max-video-preview:-1"},"canonical":"https:\/\/www.africa-press.net\/cameroun\/economie\/envois-de-fonds-des-migrants-le-fonds-dequipement-de-lonu-sengage-a-appuyer-la-beac-pour-reduire-les-couts","og_locale":"fr_FR","og_type":"article","og_title":"Envois de fonds des migrants\u00a0: le Fonds d\u2019\u00e9quipement de l\u2019ONU s\u2019engage \u00e0 appuyer la Beac pour r\u00e9duire les co\u00fbts","og_description":"Investir au Cameroun) - Le Fonds d\u2019e\u0301quipement des Nations unies (UNCDF en anglais) annonce qu\u2019il vient de conclure un p ...","og_url":"https:\/\/www.africa-press.net\/cameroun\/economie\/envois-de-fonds-des-migrants-le-fonds-dequipement-de-lonu-sengage-a-appuyer-la-beac-pour-reduire-les-couts","og_site_name":"Cameroun","article_published_time":"2023-02-21T18:42:41+00:00","article_modified_time":"2023-02-21T19:31:13+00:00","og_image":[{"width":720,"height":479,"url":"https:\/\/static.africa-press.net\/cameroun\/sites\/57\/2023\/02\/postQueueImg_1676992365.59.jpg","type":"image\/jpeg"}],"author":"cfeditorfr","twitter_card":"summary_large_image","twitter_misc":{"\u00c9crit par":"cfeditorfr","Dur\u00e9e de lecture estim\u00e9e":"3 minutes"},"schema":{"@context":"https:\/\/schema.org","@graph":[{"@type":"Article","@id":"https:\/\/www.africa-press.net\/cameroun\/economie\/envois-de-fonds-des-migrants-le-fonds-dequipement-de-lonu-sengage-a-appuyer-la-beac-pour-reduire-les-couts#article","isPartOf":{"@id":"https:\/\/www.africa-press.net\/cameroun\/economie\/envois-de-fonds-des-migrants-le-fonds-dequipement-de-lonu-sengage-a-appuyer-la-beac-pour-reduire-les-couts"},"author":{"name":"cfeditorfr","@id":"https:\/\/www.africa-press.net\/cameroun\/#\/schema\/person\/2b1cf3cd81a31e3cd26889ca66d677f1"},"headline":"Envois de fonds des migrants\u00a0: le Fonds d\u2019\u00e9quipement de l\u2019ONU s\u2019engage \u00e0 appuyer la Beac pour r\u00e9duire les co\u00fbts","datePublished":"2023-02-21T18:42:41+00:00","dateModified":"2023-02-21T19:31:13+00:00","mainEntityOfPage":{"@id":"https:\/\/www.africa-press.net\/cameroun\/economie\/envois-de-fonds-des-migrants-le-fonds-dequipement-de-lonu-sengage-a-appuyer-la-beac-pour-reduire-les-couts"},"wordCount":515,"commentCount":0,"image":{"@id":"https:\/\/www.africa-press.net\/cameroun\/economie\/envois-de-fonds-des-migrants-le-fonds-dequipement-de-lonu-sengage-a-appuyer-la-beac-pour-reduire-les-couts#primaryimage"},"thumbnailUrl":"https:\/\/static.africa-press.net\/cameroun\/sites\/57\/2023\/02\/postQueueImg_1676992365.59.jpg","keywords":["Africa Press","Africa Press-Cameroun","Cameroun"],"articleSection":["\u00c9conomie","Toutes les actualit\u00e9s"],"inLanguage":"fr-FR","potentialAction":[{"@type":"CommentAction","name":"Comment","target":["https:\/\/www.africa-press.net\/cameroun\/economie\/envois-de-fonds-des-migrants-le-fonds-dequipement-de-lonu-sengage-a-appuyer-la-beac-pour-reduire-les-couts#respond"]}]},{"@type":"WebPage","@id":"https:\/\/www.africa-press.net\/cameroun\/economie\/envois-de-fonds-des-migrants-le-fonds-dequipement-de-lonu-sengage-a-appuyer-la-beac-pour-reduire-les-couts","url":"https:\/\/www.africa-press.net\/cameroun\/economie\/envois-de-fonds-des-migrants-le-fonds-dequipement-de-lonu-sengage-a-appuyer-la-beac-pour-reduire-les-couts","name":"Envois de fonds des migrants\u00a0: le Fonds d\u2019\u00e9quipement de l\u2019ONU s\u2019engage \u00e0 appuyer la Beac pour r\u00e9duire les co\u00fbts - Cameroun","isPartOf":{"@id":"https:\/\/www.africa-press.net\/cameroun\/#website"},"primaryImageOfPage":{"@id":"https:\/\/www.africa-press.net\/cameroun\/economie\/envois-de-fonds-des-migrants-le-fonds-dequipement-de-lonu-sengage-a-appuyer-la-beac-pour-reduire-les-couts#primaryimage"},"image":{"@id":"https:\/\/www.africa-press.net\/cameroun\/economie\/envois-de-fonds-des-migrants-le-fonds-dequipement-de-lonu-sengage-a-appuyer-la-beac-pour-reduire-les-couts#primaryimage"},"thumbnailUrl":"https:\/\/static.africa-press.net\/cameroun\/sites\/57\/2023\/02\/postQueueImg_1676992365.59.jpg","datePublished":"2023-02-21T18:42:41+00:00","dateModified":"2023-02-21T19:31:13+00:00","author":{"@id":"https:\/\/www.africa-press.net\/cameroun\/#\/schema\/person\/2b1cf3cd81a31e3cd26889ca66d677f1"},"description":"Investir au Cameroun) - Le Fonds d\u2019e\u0301quipement des Nations unies (UNCDF en anglais) annonce qu\u2019il vient de conclure un p ...","breadcrumb":{"@id":"https:\/\/www.africa-press.net\/cameroun\/economie\/envois-de-fonds-des-migrants-le-fonds-dequipement-de-lonu-sengage-a-appuyer-la-beac-pour-reduire-les-couts#breadcrumb"},"inLanguage":"fr-FR","potentialAction":[{"@type":"ReadAction","target":["https:\/\/www.africa-press.net\/cameroun\/economie\/envois-de-fonds-des-migrants-le-fonds-dequipement-de-lonu-sengage-a-appuyer-la-beac-pour-reduire-les-couts"]}]},{"@type":"ImageObject","inLanguage":"fr-FR","@id":"https:\/\/www.africa-press.net\/cameroun\/economie\/envois-de-fonds-des-migrants-le-fonds-dequipement-de-lonu-sengage-a-appuyer-la-beac-pour-reduire-les-couts#primaryimage","url":"https:\/\/static.africa-press.net\/cameroun\/sites\/57\/2023\/02\/postQueueImg_1676992365.59.jpg","contentUrl":"https:\/\/static.africa-press.net\/cameroun\/sites\/57\/2023\/02\/postQueueImg_1676992365.59.jpg","width":720,"height":479,"caption":"Envois de fonds des migrants\u00a0: le Fonds d\u2019\u00e9quipement de l\u2019ONU s\u2019engage \u00e0 appuyer la Beac pour r\u00e9duire les co\u00fbts"},{"@type":"BreadcrumbList","@id":"https:\/\/www.africa-press.net\/cameroun\/economie\/envois-de-fonds-des-migrants-le-fonds-dequipement-de-lonu-sengage-a-appuyer-la-beac-pour-reduire-les-couts#breadcrumb","itemListElement":[{"@type":"ListItem","position":1,"name":"Accueil","item":"https:\/\/www.africa-press.net\/cameroun\/"},{"@type":"ListItem","position":2,"name":"Envois de fonds des migrants\u00a0: le Fonds d\u2019\u00e9quipement de l\u2019ONU s\u2019engage \u00e0 appuyer la Beac pour r\u00e9duire les co\u00fbts"}]},{"@type":"WebSite","@id":"https:\/\/www.africa-press.net\/cameroun\/#website","url":"https:\/\/www.africa-press.net\/cameroun\/","name":"Cameroun","description":"Just another Africa News Agency Sites site","potentialAction":[{"@type":"SearchAction","target":{"@type":"EntryPoint","urlTemplate":"https:\/\/www.africa-press.net\/cameroun\/?s={search_term_string}"},"query-input":{"@type":"PropertyValueSpecification","valueRequired":true,"valueName":"search_term_string"}}],"inLanguage":"fr-FR"},{"@type":"Person","@id":"https:\/\/www.africa-press.net\/cameroun\/#\/schema\/person\/2b1cf3cd81a31e3cd26889ca66d677f1","name":"cfeditorfr"}]}},"_links":{"self":[{"href":"https:\/\/www.africa-press.net\/cameroun\/wp-json\/wp\/v2\/posts\/37356","targetHints":{"allow":["GET"]}}],"collection":[{"href":"https:\/\/www.africa-press.net\/cameroun\/wp-json\/wp\/v2\/posts"}],"about":[{"href":"https:\/\/www.africa-press.net\/cameroun\/wp-json\/wp\/v2\/types\/post"}],"author":[{"embeddable":true,"href":"https:\/\/www.africa-press.net\/cameroun\/wp-json\/wp\/v2\/users\/82"}],"replies":[{"embeddable":true,"href":"https:\/\/www.africa-press.net\/cameroun\/wp-json\/wp\/v2\/comments?post=37356"}],"version-history":[{"count":0,"href":"https:\/\/www.africa-press.net\/cameroun\/wp-json\/wp\/v2\/posts\/37356\/revisions"}],"wp:featuredmedia":[{"embeddable":true,"href":"https:\/\/www.africa-press.net\/cameroun\/wp-json\/wp\/v2\/media\/37355"}],"wp:attachment":[{"href":"https:\/\/www.africa-press.net\/cameroun\/wp-json\/wp\/v2\/media?parent=37356"}],"wp:term":[{"taxonomy":"category","embeddable":true,"href":"https:\/\/www.africa-press.net\/cameroun\/wp-json\/wp\/v2\/categories?post=37356"},{"taxonomy":"post_tag","embeddable":true,"href":"https:\/\/www.africa-press.net\/cameroun\/wp-json\/wp\/v2\/tags?post=37356"}],"curies":[{"name":"wp","href":"https:\/\/api.w.org\/{rel}","templated":true}]}}