{"id":37984,"date":"2023-02-28T18:36:31","date_gmt":"2023-02-28T18:36:31","guid":{"rendered":"https:\/\/www.africa-press.net\/cameroun\/politique\/nouveau-rebondissement-au-sein-du-sdf-ni-john-fru-ndi-dans-la-tourmente"},"modified":"2023-02-28T19:18:35","modified_gmt":"2023-02-28T19:18:35","slug":"nouveau-rebondissement-au-sein-du-sdf-ni-john-fru-ndi-dans-la-tourmente","status":"publish","type":"post","link":"https:\/\/www.africa-press.net\/cameroun\/politique\/nouveau-rebondissement-au-sein-du-sdf-ni-john-fru-ndi-dans-la-tourmente","title":{"rendered":"Nouveau rebondissement au sein du SDF,  Ni John Fru Ndi dans la tourmente"},"content":{"rendered":"<p><span style=\"color: #ff6600\"><strong>Africa-Press &#8211; Cameroun. <\/strong><\/span>C\u2019est le tempe\u0302te au niveau du dans le Social democratic front (SDF) avec en toile de fond, l\u2019 exclusion pour indiscipline de plusieurs cadres du parti. Il faut relever que le fait est particulie\u0300rement rare au sein de cette formation politique d\u2019opposition. La de\u0301cision e\u0301cartant 27 militants et hauts cadres du SDF est tombe\u0301e comme un coup de massue ce samedi a\u0300 Yaounde\u0301. C\u2019e\u0301tait au cours d\u2019une rencontre conduite par le pre\u0301sident national dudit parti, Ni John Fru Ndi. Mais les choses dont loin de la G 27 ne veut pas se laisser faire.<\/p>\n<p>Dans un communique\u0301 rendu public, les partisans de Jean Michel Nintcheu re\u0301unis au sein du G27 de\u0301clarent:<\/p>\n<p>\u00ab Face a\u0300 cette situation triste et de\u0301solante, le courant politique interne du SDF de\u0301nomme\u0301<\/p>\n<p>\u00ab Collectif des Cadres et Militants du SDF; G27+ \u00bb :<\/p>\n<p>1) Prend l&rsquo;opinion nationale et internationale a\u0300 te\u0301moin face a\u0300 cette tentative de destruction du SDF;<\/p>\n<p>2) De\u0301clare le NEC du 25 fe\u0301vrier 2023 ille\u0301gitime et antistatutaire puisque ses membres n&rsquo;ont pas qualite\u0301 pour prendre une quelconque de\u0301cision;<\/p>\n<p>3) De\u0301clare nul et de nul effet toutes les Re\u0301solutions issues de ce NEC y compris le soi-disant 8.2, qui ne respecte pas du tout une fois de plus les proce\u0301dures pre\u0301vues par les Textes du parti:<\/p>\n<p>4) demande aux militantes et militants de rester vigilants et sereins, et de continuer a\u0300 maintenir leurs bases politiques en e\u0301veil dans la perspective de la pre\u0301paration et la tenue d&rsquo;un Congre\u0300s le\u0301gitime conforme\u0301ment a\u0300 nos Statuts et Re\u0300glements.<\/p>\n<p>Le G27+ s&rsquo;engage a\u0300 poursuivre le combat pour la restauration de la de\u0301mocratie et la justice au sein de notre parti politique et invite par conse\u0301quent les militantes et militants a\u0300 rester a\u0300 l&rsquo;e\u0301coute d&rsquo;autres actions dont ils seront informe\u0301s en temps opportun.<\/p>\n<p>\u00ab Selon nos sources, ces militants et cadres ont e\u0301te\u0301 sanctionne\u0301s par l\u2019article 8.2 du SDF. En effet, les concerne\u0301s ont cre\u0301e\u0301 le \u00ab G27 \u00bb a\u0300 Mbouda, re\u0301gion de l\u2019Ouest Cameroun. Il s\u2019agit d\u2019un mouvement contestataire qui de\u0301veloppent des ide\u0301es en marge de l\u2019ide\u0301ologie du SDF. Parmi les noms qui e\u0301copent cette sanction, Jean Michel Nintcheu, l\u2019ancien pre\u0301sident re\u0301gional du SDF pour le littoral, Paul Tchatchouang, l\u2019ex ancien 2e vice-pre\u0301sident national du SDF, Me Moustapha Ngouana. Il y a e\u0301galement l\u2019ancien Secre\u0301taire ge\u0301ne\u0301ral du SDF, Jean Tsomelou. Ce groupe de contestataire \u00ab G27 \u00bb a assigne\u0301 le pre\u0301sident national du SDF en justice pour non-respect des de\u0301cisions prises lors des dernie\u0300res assises du Comite\u0301 exe\u0301cutif national de ce parti. \u00bb, relatait la CRTV.<\/p>\n<p><strong>Pour plus d&rsquo;informations et d&rsquo;analyses sur la <a href=\"https:\/\/www.africa-press.net\/cameroun\">Cameroun<\/a>, suivez <a href=\"https:\/\/www.africa-press.net\/\">Africa-Press<\/a><\/strong><\/p>\n","protected":false},"excerpt":{"rendered":"<p>Africa-Press &#8211; Cameroun. C\u2019est le tempe\u0302te au niveau du dans le Social democratic front (SDF) avec en toile de fond, l\u2019 exclusion pour indiscipline de plusieurs cadres du parti. Il faut relever que le fait est particulie\u0300rement rare au sein de cette formation politique d\u2019opposition. La de\u0301cision e\u0301cartant 27 militants et hauts cadres du SDF [&hellip;]<\/p>\n","protected":false},"author":82,"featured_media":37983,"comment_status":"open","ping_status":"closed","sticky":false,"template":"","format":"standard","meta":{"footnotes":""},"categories":[2,10],"tags":[36,50,49],"class_list":["post-37984","post","type-post","status-publish","format-standard","has-post-thumbnail","hentry","category-politique","category-toutes-les-actualites","tag-africa-press","tag-africa-press-cameroun","tag-cameroun"],"yoast_head":"<!-- This site is optimized with the Yoast SEO Premium plugin v26.1 (Yoast SEO v27.0) - https:\/\/yoast.com\/product\/yoast-seo-premium-wordpress\/ -->\n<title>Nouveau rebondissement au sein du SDF, Ni John Fru Ndi dans la tourmente - Cameroun<\/title>\n<meta name=\"description\" content=\"C\u2019est le tempe\u0302te au niveau du dans le Social democratic front (SDF) avec en toile de fond, l\u2019 exclusion pour indiscipli ...\" \/>\n<meta name=\"robots\" content=\"index, follow, max-snippet:-1, max-image-preview:large, max-video-preview:-1\" \/>\n<link rel=\"canonical\" href=\"https:\/\/www.africa-press.net\/cameroun\/politique\/nouveau-rebondissement-au-sein-du-sdf-ni-john-fru-ndi-dans-la-tourmente\" \/>\n<meta property=\"og:locale\" content=\"fr_FR\" \/>\n<meta property=\"og:type\" content=\"article\" \/>\n<meta property=\"og:title\" content=\"Nouveau rebondissement au sein du SDF, Ni John Fru Ndi dans la tourmente\" \/>\n<meta property=\"og:description\" content=\"C\u2019est le tempe\u0302te au niveau du dans le Social democratic front (SDF) avec en toile de fond, l\u2019 exclusion pour indiscipli ...\" \/>\n<meta property=\"og:url\" content=\"https:\/\/www.africa-press.net\/cameroun\/politique\/nouveau-rebondissement-au-sein-du-sdf-ni-john-fru-ndi-dans-la-tourmente\" \/>\n<meta property=\"og:site_name\" content=\"Cameroun\" \/>\n<meta property=\"article:published_time\" content=\"2023-02-28T18:36:31+00:00\" \/>\n<meta property=\"article:modified_time\" content=\"2023-02-28T19:18:35+00:00\" \/>\n<meta property=\"og:image\" content=\"https:\/\/static.africa-press.net\/cameroun\/sites\/57\/2023\/02\/postQueueImg_1677597079.55.jpg\" \/>\n\t<meta property=\"og:image:width\" content=\"720\" \/>\n\t<meta property=\"og:image:height\" content=\"360\" \/>\n\t<meta property=\"og:image:type\" content=\"image\/jpeg\" \/>\n<meta name=\"author\" content=\"cfeditorfr\" \/>\n<meta name=\"twitter:card\" content=\"summary_large_image\" \/>\n<meta name=\"twitter:label1\" content=\"\u00c9crit par\" \/>\n\t<meta name=\"twitter:data1\" content=\"cfeditorfr\" \/>\n\t<meta name=\"twitter:label2\" content=\"Dur\u00e9e de lecture estim\u00e9e\" \/>\n\t<meta name=\"twitter:data2\" content=\"2 minutes\" \/>\n<script type=\"application\/ld+json\" class=\"yoast-schema-graph\">{\"@context\":\"https:\/\/schema.org\",\"@graph\":[{\"@type\":\"Article\",\"@id\":\"https:\/\/www.africa-press.net\/cameroun\/politique\/nouveau-rebondissement-au-sein-du-sdf-ni-john-fru-ndi-dans-la-tourmente#article\",\"isPartOf\":{\"@id\":\"https:\/\/www.africa-press.net\/cameroun\/politique\/nouveau-rebondissement-au-sein-du-sdf-ni-john-fru-ndi-dans-la-tourmente\"},\"author\":{\"name\":\"cfeditorfr\",\"@id\":\"https:\/\/www.africa-press.net\/cameroun\/#\/schema\/person\/2b1cf3cd81a31e3cd26889ca66d677f1\"},\"headline\":\"Nouveau rebondissement au sein du SDF, Ni John Fru Ndi dans la tourmente\",\"datePublished\":\"2023-02-28T18:36:31+00:00\",\"dateModified\":\"2023-02-28T19:18:35+00:00\",\"mainEntityOfPage\":{\"@id\":\"https:\/\/www.africa-press.net\/cameroun\/politique\/nouveau-rebondissement-au-sein-du-sdf-ni-john-fru-ndi-dans-la-tourmente\"},\"wordCount\":494,\"commentCount\":0,\"image\":{\"@id\":\"https:\/\/www.africa-press.net\/cameroun\/politique\/nouveau-rebondissement-au-sein-du-sdf-ni-john-fru-ndi-dans-la-tourmente#primaryimage\"},\"thumbnailUrl\":\"https:\/\/static.africa-press.net\/cameroun\/sites\/57\/2023\/02\/postQueueImg_1677597079.55.jpg\",\"keywords\":[\"Africa Press\",\"Africa Press-Cameroun\",\"Cameroun\"],\"articleSection\":[\"Politique\",\"Toutes les actualit\u00e9s\"],\"inLanguage\":\"fr-FR\",\"potentialAction\":[{\"@type\":\"CommentAction\",\"name\":\"Comment\",\"target\":[\"https:\/\/www.africa-press.net\/cameroun\/politique\/nouveau-rebondissement-au-sein-du-sdf-ni-john-fru-ndi-dans-la-tourmente#respond\"]}]},{\"@type\":\"WebPage\",\"@id\":\"https:\/\/www.africa-press.net\/cameroun\/politique\/nouveau-rebondissement-au-sein-du-sdf-ni-john-fru-ndi-dans-la-tourmente\",\"url\":\"https:\/\/www.africa-press.net\/cameroun\/politique\/nouveau-rebondissement-au-sein-du-sdf-ni-john-fru-ndi-dans-la-tourmente\",\"name\":\"Nouveau rebondissement au sein du SDF, Ni John Fru Ndi dans la tourmente - Cameroun\",\"isPartOf\":{\"@id\":\"https:\/\/www.africa-press.net\/cameroun\/#website\"},\"primaryImageOfPage\":{\"@id\":\"https:\/\/www.africa-press.net\/cameroun\/politique\/nouveau-rebondissement-au-sein-du-sdf-ni-john-fru-ndi-dans-la-tourmente#primaryimage\"},\"image\":{\"@id\":\"https:\/\/www.africa-press.net\/cameroun\/politique\/nouveau-rebondissement-au-sein-du-sdf-ni-john-fru-ndi-dans-la-tourmente#primaryimage\"},\"thumbnailUrl\":\"https:\/\/static.africa-press.net\/cameroun\/sites\/57\/2023\/02\/postQueueImg_1677597079.55.jpg\",\"datePublished\":\"2023-02-28T18:36:31+00:00\",\"dateModified\":\"2023-02-28T19:18:35+00:00\",\"author\":{\"@id\":\"https:\/\/www.africa-press.net\/cameroun\/#\/schema\/person\/2b1cf3cd81a31e3cd26889ca66d677f1\"},\"description\":\"C\u2019est le tempe\u0302te au niveau du dans le Social democratic front (SDF) avec en toile de fond, l\u2019 exclusion pour indiscipli ...\",\"breadcrumb\":{\"@id\":\"https:\/\/www.africa-press.net\/cameroun\/politique\/nouveau-rebondissement-au-sein-du-sdf-ni-john-fru-ndi-dans-la-tourmente#breadcrumb\"},\"inLanguage\":\"fr-FR\",\"potentialAction\":[{\"@type\":\"ReadAction\",\"target\":[\"https:\/\/www.africa-press.net\/cameroun\/politique\/nouveau-rebondissement-au-sein-du-sdf-ni-john-fru-ndi-dans-la-tourmente\"]}]},{\"@type\":\"ImageObject\",\"inLanguage\":\"fr-FR\",\"@id\":\"https:\/\/www.africa-press.net\/cameroun\/politique\/nouveau-rebondissement-au-sein-du-sdf-ni-john-fru-ndi-dans-la-tourmente#primaryimage\",\"url\":\"https:\/\/static.africa-press.net\/cameroun\/sites\/57\/2023\/02\/postQueueImg_1677597079.55.jpg\",\"contentUrl\":\"https:\/\/static.africa-press.net\/cameroun\/sites\/57\/2023\/02\/postQueueImg_1677597079.55.jpg\",\"width\":720,\"height\":360,\"caption\":\"Nouveau rebondissement au sein du SDF, Ni John Fru Ndi dans la tourmente\"},{\"@type\":\"BreadcrumbList\",\"@id\":\"https:\/\/www.africa-press.net\/cameroun\/politique\/nouveau-rebondissement-au-sein-du-sdf-ni-john-fru-ndi-dans-la-tourmente#breadcrumb\",\"itemListElement\":[{\"@type\":\"ListItem\",\"position\":1,\"name\":\"Accueil\",\"item\":\"https:\/\/www.africa-press.net\/cameroun\/\"},{\"@type\":\"ListItem\",\"position\":2,\"name\":\"Nouveau rebondissement au sein du SDF, Ni John Fru Ndi dans la tourmente\"}]},{\"@type\":\"WebSite\",\"@id\":\"https:\/\/www.africa-press.net\/cameroun\/#website\",\"url\":\"https:\/\/www.africa-press.net\/cameroun\/\",\"name\":\"Cameroun\",\"description\":\"Just another Africa News Agency Sites site\",\"potentialAction\":[{\"@type\":\"SearchAction\",\"target\":{\"@type\":\"EntryPoint\",\"urlTemplate\":\"https:\/\/www.africa-press.net\/cameroun\/?s={search_term_string}\"},\"query-input\":{\"@type\":\"PropertyValueSpecification\",\"valueRequired\":true,\"valueName\":\"search_term_string\"}}],\"inLanguage\":\"fr-FR\"},{\"@type\":\"Person\",\"@id\":\"https:\/\/www.africa-press.net\/cameroun\/#\/schema\/person\/2b1cf3cd81a31e3cd26889ca66d677f1\",\"name\":\"cfeditorfr\"}]}<\/script>\n<!-- \/ Yoast SEO Premium plugin. -->","yoast_head_json":{"title":"Nouveau rebondissement au sein du SDF, Ni John Fru Ndi dans la tourmente - Cameroun","description":"C\u2019est le tempe\u0302te au niveau du dans le Social democratic front (SDF) avec en toile de fond, l\u2019 exclusion pour indiscipli ...","robots":{"index":"index","follow":"follow","max-snippet":"max-snippet:-1","max-image-preview":"max-image-preview:large","max-video-preview":"max-video-preview:-1"},"canonical":"https:\/\/www.africa-press.net\/cameroun\/politique\/nouveau-rebondissement-au-sein-du-sdf-ni-john-fru-ndi-dans-la-tourmente","og_locale":"fr_FR","og_type":"article","og_title":"Nouveau rebondissement au sein du SDF, Ni John Fru Ndi dans la tourmente","og_description":"C\u2019est le tempe\u0302te au niveau du dans le Social democratic front (SDF) avec en toile de fond, l\u2019 exclusion pour indiscipli ...","og_url":"https:\/\/www.africa-press.net\/cameroun\/politique\/nouveau-rebondissement-au-sein-du-sdf-ni-john-fru-ndi-dans-la-tourmente","og_site_name":"Cameroun","article_published_time":"2023-02-28T18:36:31+00:00","article_modified_time":"2023-02-28T19:18:35+00:00","og_image":[{"width":720,"height":360,"url":"https:\/\/static.africa-press.net\/cameroun\/sites\/57\/2023\/02\/postQueueImg_1677597079.55.jpg","type":"image\/jpeg"}],"author":"cfeditorfr","twitter_card":"summary_large_image","twitter_misc":{"\u00c9crit par":"cfeditorfr","Dur\u00e9e de lecture estim\u00e9e":"2 minutes"},"schema":{"@context":"https:\/\/schema.org","@graph":[{"@type":"Article","@id":"https:\/\/www.africa-press.net\/cameroun\/politique\/nouveau-rebondissement-au-sein-du-sdf-ni-john-fru-ndi-dans-la-tourmente#article","isPartOf":{"@id":"https:\/\/www.africa-press.net\/cameroun\/politique\/nouveau-rebondissement-au-sein-du-sdf-ni-john-fru-ndi-dans-la-tourmente"},"author":{"name":"cfeditorfr","@id":"https:\/\/www.africa-press.net\/cameroun\/#\/schema\/person\/2b1cf3cd81a31e3cd26889ca66d677f1"},"headline":"Nouveau rebondissement au sein du SDF, Ni John Fru Ndi dans la tourmente","datePublished":"2023-02-28T18:36:31+00:00","dateModified":"2023-02-28T19:18:35+00:00","mainEntityOfPage":{"@id":"https:\/\/www.africa-press.net\/cameroun\/politique\/nouveau-rebondissement-au-sein-du-sdf-ni-john-fru-ndi-dans-la-tourmente"},"wordCount":494,"commentCount":0,"image":{"@id":"https:\/\/www.africa-press.net\/cameroun\/politique\/nouveau-rebondissement-au-sein-du-sdf-ni-john-fru-ndi-dans-la-tourmente#primaryimage"},"thumbnailUrl":"https:\/\/static.africa-press.net\/cameroun\/sites\/57\/2023\/02\/postQueueImg_1677597079.55.jpg","keywords":["Africa Press","Africa Press-Cameroun","Cameroun"],"articleSection":["Politique","Toutes les actualit\u00e9s"],"inLanguage":"fr-FR","potentialAction":[{"@type":"CommentAction","name":"Comment","target":["https:\/\/www.africa-press.net\/cameroun\/politique\/nouveau-rebondissement-au-sein-du-sdf-ni-john-fru-ndi-dans-la-tourmente#respond"]}]},{"@type":"WebPage","@id":"https:\/\/www.africa-press.net\/cameroun\/politique\/nouveau-rebondissement-au-sein-du-sdf-ni-john-fru-ndi-dans-la-tourmente","url":"https:\/\/www.africa-press.net\/cameroun\/politique\/nouveau-rebondissement-au-sein-du-sdf-ni-john-fru-ndi-dans-la-tourmente","name":"Nouveau rebondissement au sein du SDF, Ni John Fru Ndi dans la tourmente - Cameroun","isPartOf":{"@id":"https:\/\/www.africa-press.net\/cameroun\/#website"},"primaryImageOfPage":{"@id":"https:\/\/www.africa-press.net\/cameroun\/politique\/nouveau-rebondissement-au-sein-du-sdf-ni-john-fru-ndi-dans-la-tourmente#primaryimage"},"image":{"@id":"https:\/\/www.africa-press.net\/cameroun\/politique\/nouveau-rebondissement-au-sein-du-sdf-ni-john-fru-ndi-dans-la-tourmente#primaryimage"},"thumbnailUrl":"https:\/\/static.africa-press.net\/cameroun\/sites\/57\/2023\/02\/postQueueImg_1677597079.55.jpg","datePublished":"2023-02-28T18:36:31+00:00","dateModified":"2023-02-28T19:18:35+00:00","author":{"@id":"https:\/\/www.africa-press.net\/cameroun\/#\/schema\/person\/2b1cf3cd81a31e3cd26889ca66d677f1"},"description":"C\u2019est le tempe\u0302te au niveau du dans le Social democratic front (SDF) avec en toile de fond, l\u2019 exclusion pour indiscipli ...","breadcrumb":{"@id":"https:\/\/www.africa-press.net\/cameroun\/politique\/nouveau-rebondissement-au-sein-du-sdf-ni-john-fru-ndi-dans-la-tourmente#breadcrumb"},"inLanguage":"fr-FR","potentialAction":[{"@type":"ReadAction","target":["https:\/\/www.africa-press.net\/cameroun\/politique\/nouveau-rebondissement-au-sein-du-sdf-ni-john-fru-ndi-dans-la-tourmente"]}]},{"@type":"ImageObject","inLanguage":"fr-FR","@id":"https:\/\/www.africa-press.net\/cameroun\/politique\/nouveau-rebondissement-au-sein-du-sdf-ni-john-fru-ndi-dans-la-tourmente#primaryimage","url":"https:\/\/static.africa-press.net\/cameroun\/sites\/57\/2023\/02\/postQueueImg_1677597079.55.jpg","contentUrl":"https:\/\/static.africa-press.net\/cameroun\/sites\/57\/2023\/02\/postQueueImg_1677597079.55.jpg","width":720,"height":360,"caption":"Nouveau rebondissement au sein du SDF, Ni John Fru Ndi dans la tourmente"},{"@type":"BreadcrumbList","@id":"https:\/\/www.africa-press.net\/cameroun\/politique\/nouveau-rebondissement-au-sein-du-sdf-ni-john-fru-ndi-dans-la-tourmente#breadcrumb","itemListElement":[{"@type":"ListItem","position":1,"name":"Accueil","item":"https:\/\/www.africa-press.net\/cameroun\/"},{"@type":"ListItem","position":2,"name":"Nouveau rebondissement au sein du SDF, Ni John Fru Ndi dans la tourmente"}]},{"@type":"WebSite","@id":"https:\/\/www.africa-press.net\/cameroun\/#website","url":"https:\/\/www.africa-press.net\/cameroun\/","name":"Cameroun","description":"Just another Africa News Agency Sites site","potentialAction":[{"@type":"SearchAction","target":{"@type":"EntryPoint","urlTemplate":"https:\/\/www.africa-press.net\/cameroun\/?s={search_term_string}"},"query-input":{"@type":"PropertyValueSpecification","valueRequired":true,"valueName":"search_term_string"}}],"inLanguage":"fr-FR"},{"@type":"Person","@id":"https:\/\/www.africa-press.net\/cameroun\/#\/schema\/person\/2b1cf3cd81a31e3cd26889ca66d677f1","name":"cfeditorfr"}]}},"_links":{"self":[{"href":"https:\/\/www.africa-press.net\/cameroun\/wp-json\/wp\/v2\/posts\/37984","targetHints":{"allow":["GET"]}}],"collection":[{"href":"https:\/\/www.africa-press.net\/cameroun\/wp-json\/wp\/v2\/posts"}],"about":[{"href":"https:\/\/www.africa-press.net\/cameroun\/wp-json\/wp\/v2\/types\/post"}],"author":[{"embeddable":true,"href":"https:\/\/www.africa-press.net\/cameroun\/wp-json\/wp\/v2\/users\/82"}],"replies":[{"embeddable":true,"href":"https:\/\/www.africa-press.net\/cameroun\/wp-json\/wp\/v2\/comments?post=37984"}],"version-history":[{"count":0,"href":"https:\/\/www.africa-press.net\/cameroun\/wp-json\/wp\/v2\/posts\/37984\/revisions"}],"wp:featuredmedia":[{"embeddable":true,"href":"https:\/\/www.africa-press.net\/cameroun\/wp-json\/wp\/v2\/media\/37983"}],"wp:attachment":[{"href":"https:\/\/www.africa-press.net\/cameroun\/wp-json\/wp\/v2\/media?parent=37984"}],"wp:term":[{"taxonomy":"category","embeddable":true,"href":"https:\/\/www.africa-press.net\/cameroun\/wp-json\/wp\/v2\/categories?post=37984"},{"taxonomy":"post_tag","embeddable":true,"href":"https:\/\/www.africa-press.net\/cameroun\/wp-json\/wp\/v2\/tags?post=37984"}],"curies":[{"name":"wp","href":"https:\/\/api.w.org\/{rel}","templated":true}]}}