{"id":37986,"date":"2023-02-28T18:41:42","date_gmt":"2023-02-28T18:41:42","guid":{"rendered":"https:\/\/www.africa-press.net\/cameroun\/politique\/afrique-subsaharienne-le-concours-loreal-unesco-pour-les-femmes-scientifiques-lance"},"modified":"2023-02-28T19:19:01","modified_gmt":"2023-02-28T19:19:01","slug":"afrique-subsaharienne-le-concours-loreal-unesco-pour-les-femmes-scientifiques-lance","status":"publish","type":"post","link":"https:\/\/www.africa-press.net\/cameroun\/toutes-les-actualites\/afrique-subsaharienne-le-concours-loreal-unesco-pour-les-femmes-scientifiques-lance","title":{"rendered":"Afrique Subsaharienne : le concours L\u2019Or\u00e9al-Unesco pour les femmes scientifiques lanc\u00e9"},"content":{"rendered":"<p><span style=\"color: #ff6600\"><strong>Africa-Press &#8211; Cameroun. <\/strong><\/span>C\u2019est la 14e\u0300me e\u0301dition du programme Jeunes talents Afrique subsaharienne L\u2019Ore\u0301al-UNESCO pour les femmes et la science, pour soutenir les jeunes femmes scientifiques.<\/p>\n<p>La fondation L\u2019Ore\u0301al et l\u2019UNESCO lancent la 14e\u0300me e\u0301dition du programme Jeunes talents Afrique subsaharienne L\u2019Ore\u0301al-UNESCO pour les femmes et la science, pour soutenir les jeunes femmes scientifiques.<\/p>\n<p>Au-dela\u0300 d\u2019un soutien financier de 10 000\u20ac pour les doctorantes et 15 000 euros pour les post-doctorantes, l\u2019initiative vise a\u0300 offrir un programme de formation au leadership, qui comple\u0300te leur parcours acade\u0301mique et leur permet d\u2019e\u0302tre mieux arme\u0301es pour mener leur carrie\u0300re et briser facilement le plafond de verre.<\/p>\n<p>A l\u2019issue de cette formation, une ce\u0301re\u0301monie de remise des prix sera organise\u0301e dans une capitale africaine (date et lieu a\u0300 de\u0301finir) en pre\u0301sence d\u2019un public venu de tout le continent africain: repre\u0301sentants des pouvoirs publics, de l\u2019UNESCO, scientifiques, femmes d\u2019influences, universitaires, intellectuels, leaders d\u2019opinion et organisation promouvant l\u2019e\u0301galite\u0301 des sexes.<\/p>\n<p><strong>Pour plus d&rsquo;informations et d&rsquo;analyses sur la <a href=\"https:\/\/www.africa-press.net\/cameroun\">Cameroun<\/a>, suivez <a href=\"https:\/\/www.africa-press.net\/\">Africa-Press<\/a><\/strong><\/p>\n","protected":false},"excerpt":{"rendered":"<p>Africa-Press &#8211; Cameroun. C\u2019est la 14e\u0300me e\u0301dition du programme Jeunes talents Afrique subsaharienne L\u2019Ore\u0301al-UNESCO pour les femmes et la science, pour soutenir les jeunes femmes scientifiques. La fondation L\u2019Ore\u0301al et l\u2019UNESCO lancent la 14e\u0300me e\u0301dition du programme Jeunes talents Afrique subsaharienne L\u2019Ore\u0301al-UNESCO pour les femmes et la science, pour soutenir les jeunes femmes scientifiques. Au-dela\u0300 [&hellip;]<\/p>\n","protected":false},"author":82,"featured_media":37985,"comment_status":"open","ping_status":"closed","sticky":false,"template":"","format":"standard","meta":{"footnotes":""},"categories":[21,10],"tags":[36,50,49],"class_list":["post-37986","post","type-post","status-publish","format-standard","has-post-thumbnail","hentry","category-communaute","category-toutes-les-actualites","tag-africa-press","tag-africa-press-cameroun","tag-cameroun"],"yoast_head":"<!-- This site is optimized with the Yoast SEO Premium plugin v26.1 (Yoast SEO v27.0) - https:\/\/yoast.com\/product\/yoast-seo-premium-wordpress\/ -->\n<title>Afrique Subsaharienne : le concours L\u2019Or\u00e9al-Unesco pour les femmes scientifiques lanc\u00e9 - Cameroun<\/title>\n<meta name=\"description\" content=\"C\u2019est la 14e\u0300me e\u0301dition du programme Jeunes talents Afrique subsaharienne L\u2019Ore\u0301al-UNESCO pour les femmes et la science ...\" \/>\n<meta name=\"robots\" content=\"index, follow, max-snippet:-1, max-image-preview:large, max-video-preview:-1\" \/>\n<link rel=\"canonical\" href=\"https:\/\/www.africa-press.net\/cameroun\/toutes-les-actualites\/afrique-subsaharienne-le-concours-loreal-unesco-pour-les-femmes-scientifiques-lance\" \/>\n<meta property=\"og:locale\" content=\"fr_FR\" \/>\n<meta property=\"og:type\" content=\"article\" \/>\n<meta property=\"og:title\" content=\"Afrique Subsaharienne : le concours L\u2019Or\u00e9al-Unesco pour les femmes scientifiques lanc\u00e9\" \/>\n<meta property=\"og:description\" content=\"C\u2019est la 14e\u0300me e\u0301dition du programme Jeunes talents Afrique subsaharienne L\u2019Ore\u0301al-UNESCO pour les femmes et la science ...\" \/>\n<meta property=\"og:url\" content=\"https:\/\/www.africa-press.net\/cameroun\/toutes-les-actualites\/afrique-subsaharienne-le-concours-loreal-unesco-pour-les-femmes-scientifiques-lance\" \/>\n<meta property=\"og:site_name\" content=\"Cameroun\" \/>\n<meta property=\"article:published_time\" content=\"2023-02-28T18:41:42+00:00\" \/>\n<meta property=\"article:modified_time\" content=\"2023-02-28T19:19:01+00:00\" \/>\n<meta property=\"og:image\" content=\"https:\/\/static.africa-press.net\/cameroun\/sites\/57\/2023\/02\/postQueueImg_1677597115.45.jpg\" \/>\n\t<meta property=\"og:image:width\" content=\"1728\" \/>\n\t<meta property=\"og:image:height\" content=\"1152\" \/>\n\t<meta property=\"og:image:type\" content=\"image\/jpeg\" \/>\n<meta name=\"author\" content=\"cfeditorfr\" \/>\n<meta name=\"twitter:card\" content=\"summary_large_image\" \/>\n<meta name=\"twitter:label1\" content=\"\u00c9crit par\" \/>\n\t<meta name=\"twitter:data1\" content=\"cfeditorfr\" \/>\n\t<meta name=\"twitter:label2\" content=\"Dur\u00e9e de lecture estim\u00e9e\" \/>\n\t<meta name=\"twitter:data2\" content=\"1 minute\" \/>\n<script type=\"application\/ld+json\" class=\"yoast-schema-graph\">{\"@context\":\"https:\/\/schema.org\",\"@graph\":[{\"@type\":\"Article\",\"@id\":\"https:\/\/www.africa-press.net\/cameroun\/toutes-les-actualites\/afrique-subsaharienne-le-concours-loreal-unesco-pour-les-femmes-scientifiques-lance#article\",\"isPartOf\":{\"@id\":\"https:\/\/www.africa-press.net\/cameroun\/toutes-les-actualites\/afrique-subsaharienne-le-concours-loreal-unesco-pour-les-femmes-scientifiques-lance\"},\"author\":{\"name\":\"cfeditorfr\",\"@id\":\"https:\/\/www.africa-press.net\/cameroun\/#\/schema\/person\/2b1cf3cd81a31e3cd26889ca66d677f1\"},\"headline\":\"Afrique Subsaharienne : le concours L\u2019Or\u00e9al-Unesco pour les femmes scientifiques lanc\u00e9\",\"datePublished\":\"2023-02-28T18:41:42+00:00\",\"dateModified\":\"2023-02-28T19:19:01+00:00\",\"mainEntityOfPage\":{\"@id\":\"https:\/\/www.africa-press.net\/cameroun\/toutes-les-actualites\/afrique-subsaharienne-le-concours-loreal-unesco-pour-les-femmes-scientifiques-lance\"},\"wordCount\":207,\"commentCount\":0,\"image\":{\"@id\":\"https:\/\/www.africa-press.net\/cameroun\/toutes-les-actualites\/afrique-subsaharienne-le-concours-loreal-unesco-pour-les-femmes-scientifiques-lance#primaryimage\"},\"thumbnailUrl\":\"https:\/\/static.africa-press.net\/cameroun\/sites\/57\/2023\/02\/postQueueImg_1677597115.45.jpg\",\"keywords\":[\"Africa Press\",\"Africa Press-Cameroun\",\"Cameroun\"],\"articleSection\":[\"Communaut\u00e9\",\"Toutes les actualit\u00e9s\"],\"inLanguage\":\"fr-FR\",\"potentialAction\":[{\"@type\":\"CommentAction\",\"name\":\"Comment\",\"target\":[\"https:\/\/www.africa-press.net\/cameroun\/toutes-les-actualites\/afrique-subsaharienne-le-concours-loreal-unesco-pour-les-femmes-scientifiques-lance#respond\"]}]},{\"@type\":\"WebPage\",\"@id\":\"https:\/\/www.africa-press.net\/cameroun\/toutes-les-actualites\/afrique-subsaharienne-le-concours-loreal-unesco-pour-les-femmes-scientifiques-lance\",\"url\":\"https:\/\/www.africa-press.net\/cameroun\/toutes-les-actualites\/afrique-subsaharienne-le-concours-loreal-unesco-pour-les-femmes-scientifiques-lance\",\"name\":\"Afrique Subsaharienne : le concours L\u2019Or\u00e9al-Unesco pour les femmes scientifiques lanc\u00e9 - Cameroun\",\"isPartOf\":{\"@id\":\"https:\/\/www.africa-press.net\/cameroun\/#website\"},\"primaryImageOfPage\":{\"@id\":\"https:\/\/www.africa-press.net\/cameroun\/toutes-les-actualites\/afrique-subsaharienne-le-concours-loreal-unesco-pour-les-femmes-scientifiques-lance#primaryimage\"},\"image\":{\"@id\":\"https:\/\/www.africa-press.net\/cameroun\/toutes-les-actualites\/afrique-subsaharienne-le-concours-loreal-unesco-pour-les-femmes-scientifiques-lance#primaryimage\"},\"thumbnailUrl\":\"https:\/\/static.africa-press.net\/cameroun\/sites\/57\/2023\/02\/postQueueImg_1677597115.45.jpg\",\"datePublished\":\"2023-02-28T18:41:42+00:00\",\"dateModified\":\"2023-02-28T19:19:01+00:00\",\"author\":{\"@id\":\"https:\/\/www.africa-press.net\/cameroun\/#\/schema\/person\/2b1cf3cd81a31e3cd26889ca66d677f1\"},\"description\":\"C\u2019est la 14e\u0300me e\u0301dition du programme Jeunes talents Afrique subsaharienne L\u2019Ore\u0301al-UNESCO pour les femmes et la science ...\",\"breadcrumb\":{\"@id\":\"https:\/\/www.africa-press.net\/cameroun\/toutes-les-actualites\/afrique-subsaharienne-le-concours-loreal-unesco-pour-les-femmes-scientifiques-lance#breadcrumb\"},\"inLanguage\":\"fr-FR\",\"potentialAction\":[{\"@type\":\"ReadAction\",\"target\":[\"https:\/\/www.africa-press.net\/cameroun\/toutes-les-actualites\/afrique-subsaharienne-le-concours-loreal-unesco-pour-les-femmes-scientifiques-lance\"]}]},{\"@type\":\"ImageObject\",\"inLanguage\":\"fr-FR\",\"@id\":\"https:\/\/www.africa-press.net\/cameroun\/toutes-les-actualites\/afrique-subsaharienne-le-concours-loreal-unesco-pour-les-femmes-scientifiques-lance#primaryimage\",\"url\":\"https:\/\/static.africa-press.net\/cameroun\/sites\/57\/2023\/02\/postQueueImg_1677597115.45.jpg\",\"contentUrl\":\"https:\/\/static.africa-press.net\/cameroun\/sites\/57\/2023\/02\/postQueueImg_1677597115.45.jpg\",\"width\":1728,\"height\":1152,\"caption\":\"Afrique Subsaharienne : le concours L\u2019Or\u00e9al-Unesco pour les femmes scientifiques lanc\u00e9\"},{\"@type\":\"BreadcrumbList\",\"@id\":\"https:\/\/www.africa-press.net\/cameroun\/toutes-les-actualites\/afrique-subsaharienne-le-concours-loreal-unesco-pour-les-femmes-scientifiques-lance#breadcrumb\",\"itemListElement\":[{\"@type\":\"ListItem\",\"position\":1,\"name\":\"Accueil\",\"item\":\"https:\/\/www.africa-press.net\/cameroun\/\"},{\"@type\":\"ListItem\",\"position\":2,\"name\":\"Afrique Subsaharienne : le concours L\u2019Or\u00e9al-Unesco pour les femmes scientifiques lanc\u00e9\"}]},{\"@type\":\"WebSite\",\"@id\":\"https:\/\/www.africa-press.net\/cameroun\/#website\",\"url\":\"https:\/\/www.africa-press.net\/cameroun\/\",\"name\":\"Cameroun\",\"description\":\"Just another Africa News Agency Sites site\",\"potentialAction\":[{\"@type\":\"SearchAction\",\"target\":{\"@type\":\"EntryPoint\",\"urlTemplate\":\"https:\/\/www.africa-press.net\/cameroun\/?s={search_term_string}\"},\"query-input\":{\"@type\":\"PropertyValueSpecification\",\"valueRequired\":true,\"valueName\":\"search_term_string\"}}],\"inLanguage\":\"fr-FR\"},{\"@type\":\"Person\",\"@id\":\"https:\/\/www.africa-press.net\/cameroun\/#\/schema\/person\/2b1cf3cd81a31e3cd26889ca66d677f1\",\"name\":\"cfeditorfr\"}]}<\/script>\n<!-- \/ Yoast SEO Premium plugin. -->","yoast_head_json":{"title":"Afrique Subsaharienne : le concours L\u2019Or\u00e9al-Unesco pour les femmes scientifiques lanc\u00e9 - Cameroun","description":"C\u2019est la 14e\u0300me e\u0301dition du programme Jeunes talents Afrique subsaharienne L\u2019Ore\u0301al-UNESCO pour les femmes et la science ...","robots":{"index":"index","follow":"follow","max-snippet":"max-snippet:-1","max-image-preview":"max-image-preview:large","max-video-preview":"max-video-preview:-1"},"canonical":"https:\/\/www.africa-press.net\/cameroun\/toutes-les-actualites\/afrique-subsaharienne-le-concours-loreal-unesco-pour-les-femmes-scientifiques-lance","og_locale":"fr_FR","og_type":"article","og_title":"Afrique Subsaharienne : le concours L\u2019Or\u00e9al-Unesco pour les femmes scientifiques lanc\u00e9","og_description":"C\u2019est la 14e\u0300me e\u0301dition du programme Jeunes talents Afrique subsaharienne L\u2019Ore\u0301al-UNESCO pour les femmes et la science ...","og_url":"https:\/\/www.africa-press.net\/cameroun\/toutes-les-actualites\/afrique-subsaharienne-le-concours-loreal-unesco-pour-les-femmes-scientifiques-lance","og_site_name":"Cameroun","article_published_time":"2023-02-28T18:41:42+00:00","article_modified_time":"2023-02-28T19:19:01+00:00","og_image":[{"width":1728,"height":1152,"url":"https:\/\/static.africa-press.net\/cameroun\/sites\/57\/2023\/02\/postQueueImg_1677597115.45.jpg","type":"image\/jpeg"}],"author":"cfeditorfr","twitter_card":"summary_large_image","twitter_misc":{"\u00c9crit par":"cfeditorfr","Dur\u00e9e de lecture estim\u00e9e":"1 minute"},"schema":{"@context":"https:\/\/schema.org","@graph":[{"@type":"Article","@id":"https:\/\/www.africa-press.net\/cameroun\/toutes-les-actualites\/afrique-subsaharienne-le-concours-loreal-unesco-pour-les-femmes-scientifiques-lance#article","isPartOf":{"@id":"https:\/\/www.africa-press.net\/cameroun\/toutes-les-actualites\/afrique-subsaharienne-le-concours-loreal-unesco-pour-les-femmes-scientifiques-lance"},"author":{"name":"cfeditorfr","@id":"https:\/\/www.africa-press.net\/cameroun\/#\/schema\/person\/2b1cf3cd81a31e3cd26889ca66d677f1"},"headline":"Afrique Subsaharienne : le concours L\u2019Or\u00e9al-Unesco pour les femmes scientifiques lanc\u00e9","datePublished":"2023-02-28T18:41:42+00:00","dateModified":"2023-02-28T19:19:01+00:00","mainEntityOfPage":{"@id":"https:\/\/www.africa-press.net\/cameroun\/toutes-les-actualites\/afrique-subsaharienne-le-concours-loreal-unesco-pour-les-femmes-scientifiques-lance"},"wordCount":207,"commentCount":0,"image":{"@id":"https:\/\/www.africa-press.net\/cameroun\/toutes-les-actualites\/afrique-subsaharienne-le-concours-loreal-unesco-pour-les-femmes-scientifiques-lance#primaryimage"},"thumbnailUrl":"https:\/\/static.africa-press.net\/cameroun\/sites\/57\/2023\/02\/postQueueImg_1677597115.45.jpg","keywords":["Africa Press","Africa Press-Cameroun","Cameroun"],"articleSection":["Communaut\u00e9","Toutes les actualit\u00e9s"],"inLanguage":"fr-FR","potentialAction":[{"@type":"CommentAction","name":"Comment","target":["https:\/\/www.africa-press.net\/cameroun\/toutes-les-actualites\/afrique-subsaharienne-le-concours-loreal-unesco-pour-les-femmes-scientifiques-lance#respond"]}]},{"@type":"WebPage","@id":"https:\/\/www.africa-press.net\/cameroun\/toutes-les-actualites\/afrique-subsaharienne-le-concours-loreal-unesco-pour-les-femmes-scientifiques-lance","url":"https:\/\/www.africa-press.net\/cameroun\/toutes-les-actualites\/afrique-subsaharienne-le-concours-loreal-unesco-pour-les-femmes-scientifiques-lance","name":"Afrique Subsaharienne : le concours L\u2019Or\u00e9al-Unesco pour les femmes scientifiques lanc\u00e9 - Cameroun","isPartOf":{"@id":"https:\/\/www.africa-press.net\/cameroun\/#website"},"primaryImageOfPage":{"@id":"https:\/\/www.africa-press.net\/cameroun\/toutes-les-actualites\/afrique-subsaharienne-le-concours-loreal-unesco-pour-les-femmes-scientifiques-lance#primaryimage"},"image":{"@id":"https:\/\/www.africa-press.net\/cameroun\/toutes-les-actualites\/afrique-subsaharienne-le-concours-loreal-unesco-pour-les-femmes-scientifiques-lance#primaryimage"},"thumbnailUrl":"https:\/\/static.africa-press.net\/cameroun\/sites\/57\/2023\/02\/postQueueImg_1677597115.45.jpg","datePublished":"2023-02-28T18:41:42+00:00","dateModified":"2023-02-28T19:19:01+00:00","author":{"@id":"https:\/\/www.africa-press.net\/cameroun\/#\/schema\/person\/2b1cf3cd81a31e3cd26889ca66d677f1"},"description":"C\u2019est la 14e\u0300me e\u0301dition du programme Jeunes talents Afrique subsaharienne L\u2019Ore\u0301al-UNESCO pour les femmes et la science ...","breadcrumb":{"@id":"https:\/\/www.africa-press.net\/cameroun\/toutes-les-actualites\/afrique-subsaharienne-le-concours-loreal-unesco-pour-les-femmes-scientifiques-lance#breadcrumb"},"inLanguage":"fr-FR","potentialAction":[{"@type":"ReadAction","target":["https:\/\/www.africa-press.net\/cameroun\/toutes-les-actualites\/afrique-subsaharienne-le-concours-loreal-unesco-pour-les-femmes-scientifiques-lance"]}]},{"@type":"ImageObject","inLanguage":"fr-FR","@id":"https:\/\/www.africa-press.net\/cameroun\/toutes-les-actualites\/afrique-subsaharienne-le-concours-loreal-unesco-pour-les-femmes-scientifiques-lance#primaryimage","url":"https:\/\/static.africa-press.net\/cameroun\/sites\/57\/2023\/02\/postQueueImg_1677597115.45.jpg","contentUrl":"https:\/\/static.africa-press.net\/cameroun\/sites\/57\/2023\/02\/postQueueImg_1677597115.45.jpg","width":1728,"height":1152,"caption":"Afrique Subsaharienne : le concours L\u2019Or\u00e9al-Unesco pour les femmes scientifiques lanc\u00e9"},{"@type":"BreadcrumbList","@id":"https:\/\/www.africa-press.net\/cameroun\/toutes-les-actualites\/afrique-subsaharienne-le-concours-loreal-unesco-pour-les-femmes-scientifiques-lance#breadcrumb","itemListElement":[{"@type":"ListItem","position":1,"name":"Accueil","item":"https:\/\/www.africa-press.net\/cameroun\/"},{"@type":"ListItem","position":2,"name":"Afrique Subsaharienne : le concours L\u2019Or\u00e9al-Unesco pour les femmes scientifiques lanc\u00e9"}]},{"@type":"WebSite","@id":"https:\/\/www.africa-press.net\/cameroun\/#website","url":"https:\/\/www.africa-press.net\/cameroun\/","name":"Cameroun","description":"Just another Africa News Agency Sites site","potentialAction":[{"@type":"SearchAction","target":{"@type":"EntryPoint","urlTemplate":"https:\/\/www.africa-press.net\/cameroun\/?s={search_term_string}"},"query-input":{"@type":"PropertyValueSpecification","valueRequired":true,"valueName":"search_term_string"}}],"inLanguage":"fr-FR"},{"@type":"Person","@id":"https:\/\/www.africa-press.net\/cameroun\/#\/schema\/person\/2b1cf3cd81a31e3cd26889ca66d677f1","name":"cfeditorfr"}]}},"_links":{"self":[{"href":"https:\/\/www.africa-press.net\/cameroun\/wp-json\/wp\/v2\/posts\/37986","targetHints":{"allow":["GET"]}}],"collection":[{"href":"https:\/\/www.africa-press.net\/cameroun\/wp-json\/wp\/v2\/posts"}],"about":[{"href":"https:\/\/www.africa-press.net\/cameroun\/wp-json\/wp\/v2\/types\/post"}],"author":[{"embeddable":true,"href":"https:\/\/www.africa-press.net\/cameroun\/wp-json\/wp\/v2\/users\/82"}],"replies":[{"embeddable":true,"href":"https:\/\/www.africa-press.net\/cameroun\/wp-json\/wp\/v2\/comments?post=37986"}],"version-history":[{"count":0,"href":"https:\/\/www.africa-press.net\/cameroun\/wp-json\/wp\/v2\/posts\/37986\/revisions"}],"wp:featuredmedia":[{"embeddable":true,"href":"https:\/\/www.africa-press.net\/cameroun\/wp-json\/wp\/v2\/media\/37985"}],"wp:attachment":[{"href":"https:\/\/www.africa-press.net\/cameroun\/wp-json\/wp\/v2\/media?parent=37986"}],"wp:term":[{"taxonomy":"category","embeddable":true,"href":"https:\/\/www.africa-press.net\/cameroun\/wp-json\/wp\/v2\/categories?post=37986"},{"taxonomy":"post_tag","embeddable":true,"href":"https:\/\/www.africa-press.net\/cameroun\/wp-json\/wp\/v2\/tags?post=37986"}],"curies":[{"name":"wp","href":"https:\/\/api.w.org\/{rel}","templated":true}]}}