{"id":37989,"date":"2023-02-28T18:42:09","date_gmt":"2023-02-28T18:42:09","guid":{"rendered":"https:\/\/www.africa-press.net\/cameroun\/politique\/cameroun-pour-une-meilleure-adequation-entre-la-formation-et-lemploi"},"modified":"2023-02-28T19:19:33","modified_gmt":"2023-02-28T19:19:33","slug":"cameroun-pour-une-meilleure-adequation-entre-la-formation-et-lemploi","status":"publish","type":"post","link":"https:\/\/www.africa-press.net\/cameroun\/toutes-les-actualites\/cameroun-pour-une-meilleure-adequation-entre-la-formation-et-lemploi","title":{"rendered":"Cameroun : pour une meilleure ad\u00e9quation entre la formation et l\u2019emploi"},"content":{"rendered":"<p><span style=\"color: #ff6600\"><strong>Africa-Press &#8211; Cameroun. <\/strong><\/span><b>Les ministres Nalova Lyonga et Issa Tchiroma Bakary ont pre\u0301side\u0301 ce 28 fe\u0301vrier la premie\u0300re session du Comite\u0301 de pilotage du Padesce. <\/b><\/p>\n<p>La premie\u0300re session du Comite\u0301 de pilotage du projet d\u2019appui au de\u0301veloppement de l\u2019Enseignement secondaire et des compe\u0301tences pour la croissance et l\u2019emploi (Padesce) s\u2019est tenue ce mardi 28 fe\u0301vrier a\u0300 l\u2019ho\u0302tel Star Land a\u0300 Yaounde\u0301. Les travaux e\u0301taient copre\u0301side\u0301s par les ministres des Enseignement secondaires, le Pr Nalova Lyonga, et le ministre de l\u2019Emploi et de la formation professionnelle, M. Issa Tchiroma Bakary.<\/p>\n<p>Deux articulations essentielles ont constitue\u0301 les points d\u2019ancrage de cette rencontre : l\u2019examen puis l\u2019adoption du rapport des activite\u0301s de l\u2019anne\u0301e 2022 et l\u2019examen puis l\u2019adoption du budget du Padesce, pour le compte de l\u2019exercice 2023.<\/p>\n<p>Prenant la parole le premier \u00ab pour e\u0301viter des re\u0301pe\u0301titions et par solidarite\u0301 gouvernemental \u00bb, le ministre Tchiroma a tenu, d\u2019emble\u0301e, a pre\u0301cise\u0301 que la Padesce est une initiative du gouvernement camerounais et de la Banque mondiale entre\u0301 en vigueur le 21 de\u0301cembre 2021. Pour la ministre Nalova Lyonga, ce projet vise la re\u0301forme du sous-syste\u0300me des Compe\u0301tences techniques et professionnelles (DCTP).<\/p>\n<p>L\u2019objectif ainsi recherche\u0301 est d\u2019ame\u0301liorer l\u2019acce\u0300s e\u0301quitable a\u0300 un Enseignement secondaire ge\u0301ne\u0301ral de qualite\u0301 avec un accent sur les filles. Il vise e\u0301galement la mise en ade\u0301quation de l\u2019offre de formation technique et professionnelle aux besoins du marche\u0301 du travail. Le projet est mis en \u0153uvre par les ministe\u0300res des Enseignements secondaires et de l\u2019Emploi et de la formation professionnelle.<\/p>\n<p>Pour accomplir efficacement sa mission, la Padesce compte quatre composantes a\u0300 savoir : l\u2019appui au sous-syste\u0300me de l\u2019Enseignement secondaire ge\u0301ne\u0301ral ; l\u2019appui au de\u0301veloppement du syste\u0300me des compe\u0301tences ; la gestion du projet de l\u2019assistance technique et la composante de contingence en cas d\u2019urgence.<\/p>\n<p><strong>Pour plus d&rsquo;informations et d&rsquo;analyses sur la <a href=\"https:\/\/www.africa-press.net\/cameroun\">Cameroun<\/a>, suivez <a href=\"https:\/\/www.africa-press.net\/\">Africa-Press<\/a><\/strong><\/p>\n","protected":false},"excerpt":{"rendered":"<p>Africa-Press &#8211; Cameroun. Les ministres Nalova Lyonga et Issa Tchiroma Bakary ont pre\u0301side\u0301 ce 28 fe\u0301vrier la premie\u0300re session du Comite\u0301 de pilotage du Padesce. La premie\u0300re session du Comite\u0301 de pilotage du projet d\u2019appui au de\u0301veloppement de l\u2019Enseignement secondaire et des compe\u0301tences pour la croissance et l\u2019emploi (Padesce) s\u2019est tenue ce mardi 28 fe\u0301vrier [&hellip;]<\/p>\n","protected":false},"author":82,"featured_media":37987,"comment_status":"open","ping_status":"closed","sticky":false,"template":"","format":"standard","meta":{"footnotes":""},"categories":[21,10],"tags":[36,50,49],"class_list":["post-37989","post","type-post","status-publish","format-standard","has-post-thumbnail","hentry","category-communaute","category-toutes-les-actualites","tag-africa-press","tag-africa-press-cameroun","tag-cameroun"],"yoast_head":"<!-- This site is optimized with the Yoast SEO Premium plugin v26.1 (Yoast SEO v27.0) - https:\/\/yoast.com\/product\/yoast-seo-premium-wordpress\/ -->\n<title>Cameroun : pour une meilleure ad\u00e9quation entre la formation et l\u2019emploi - Cameroun<\/title>\n<meta name=\"description\" content=\"Les ministres Nalova Lyonga et Issa Tchiroma Bakary ont pre\u0301side\u0301 ce 28 fe\u0301vrier la premie\u0300re session du Comite\u0301 de p ...\" \/>\n<meta name=\"robots\" content=\"index, follow, max-snippet:-1, max-image-preview:large, max-video-preview:-1\" \/>\n<link rel=\"canonical\" href=\"https:\/\/www.africa-press.net\/cameroun\/toutes-les-actualites\/cameroun-pour-une-meilleure-adequation-entre-la-formation-et-lemploi\" \/>\n<meta property=\"og:locale\" content=\"fr_FR\" \/>\n<meta property=\"og:type\" content=\"article\" \/>\n<meta property=\"og:title\" content=\"Cameroun : pour une meilleure ad\u00e9quation entre la formation et l\u2019emploi\" \/>\n<meta property=\"og:description\" content=\"Les ministres Nalova Lyonga et Issa Tchiroma Bakary ont pre\u0301side\u0301 ce 28 fe\u0301vrier la premie\u0300re session du Comite\u0301 de p ...\" \/>\n<meta property=\"og:url\" content=\"https:\/\/www.africa-press.net\/cameroun\/toutes-les-actualites\/cameroun-pour-une-meilleure-adequation-entre-la-formation-et-lemploi\" \/>\n<meta property=\"og:site_name\" content=\"Cameroun\" \/>\n<meta property=\"article:published_time\" content=\"2023-02-28T18:42:09+00:00\" \/>\n<meta property=\"article:modified_time\" content=\"2023-02-28T19:19:33+00:00\" \/>\n<meta property=\"og:image\" content=\"https:\/\/static.africa-press.net\/cameroun\/sites\/57\/2023\/02\/postQueueImg_1677597132.95.jpg\" \/>\n\t<meta property=\"og:image:width\" content=\"720\" \/>\n\t<meta property=\"og:image:height\" content=\"344\" \/>\n\t<meta property=\"og:image:type\" content=\"image\/jpeg\" \/>\n<meta name=\"author\" content=\"cfeditorfr\" \/>\n<meta name=\"twitter:card\" content=\"summary_large_image\" \/>\n<meta name=\"twitter:label1\" content=\"\u00c9crit par\" \/>\n\t<meta name=\"twitter:data1\" content=\"cfeditorfr\" \/>\n\t<meta name=\"twitter:label2\" content=\"Dur\u00e9e de lecture estim\u00e9e\" \/>\n\t<meta name=\"twitter:data2\" content=\"2 minutes\" \/>\n<script type=\"application\/ld+json\" class=\"yoast-schema-graph\">{\"@context\":\"https:\/\/schema.org\",\"@graph\":[{\"@type\":\"Article\",\"@id\":\"https:\/\/www.africa-press.net\/cameroun\/toutes-les-actualites\/cameroun-pour-une-meilleure-adequation-entre-la-formation-et-lemploi#article\",\"isPartOf\":{\"@id\":\"https:\/\/www.africa-press.net\/cameroun\/toutes-les-actualites\/cameroun-pour-une-meilleure-adequation-entre-la-formation-et-lemploi\"},\"author\":{\"name\":\"cfeditorfr\",\"@id\":\"https:\/\/www.africa-press.net\/cameroun\/#\/schema\/person\/2b1cf3cd81a31e3cd26889ca66d677f1\"},\"headline\":\"Cameroun : pour une meilleure ad\u00e9quation entre la formation et l\u2019emploi\",\"datePublished\":\"2023-02-28T18:42:09+00:00\",\"dateModified\":\"2023-02-28T19:19:33+00:00\",\"mainEntityOfPage\":{\"@id\":\"https:\/\/www.africa-press.net\/cameroun\/toutes-les-actualites\/cameroun-pour-une-meilleure-adequation-entre-la-formation-et-lemploi\"},\"wordCount\":363,\"commentCount\":0,\"image\":{\"@id\":\"https:\/\/www.africa-press.net\/cameroun\/toutes-les-actualites\/cameroun-pour-une-meilleure-adequation-entre-la-formation-et-lemploi#primaryimage\"},\"thumbnailUrl\":\"https:\/\/static.africa-press.net\/cameroun\/sites\/57\/2023\/02\/postQueueImg_1677597132.95.jpg\",\"keywords\":[\"Africa Press\",\"Africa Press-Cameroun\",\"Cameroun\"],\"articleSection\":[\"Communaut\u00e9\",\"Toutes les actualit\u00e9s\"],\"inLanguage\":\"fr-FR\",\"potentialAction\":[{\"@type\":\"CommentAction\",\"name\":\"Comment\",\"target\":[\"https:\/\/www.africa-press.net\/cameroun\/toutes-les-actualites\/cameroun-pour-une-meilleure-adequation-entre-la-formation-et-lemploi#respond\"]}]},{\"@type\":\"WebPage\",\"@id\":\"https:\/\/www.africa-press.net\/cameroun\/toutes-les-actualites\/cameroun-pour-une-meilleure-adequation-entre-la-formation-et-lemploi\",\"url\":\"https:\/\/www.africa-press.net\/cameroun\/toutes-les-actualites\/cameroun-pour-une-meilleure-adequation-entre-la-formation-et-lemploi\",\"name\":\"Cameroun : pour une meilleure ad\u00e9quation entre la formation et l\u2019emploi - Cameroun\",\"isPartOf\":{\"@id\":\"https:\/\/www.africa-press.net\/cameroun\/#website\"},\"primaryImageOfPage\":{\"@id\":\"https:\/\/www.africa-press.net\/cameroun\/toutes-les-actualites\/cameroun-pour-une-meilleure-adequation-entre-la-formation-et-lemploi#primaryimage\"},\"image\":{\"@id\":\"https:\/\/www.africa-press.net\/cameroun\/toutes-les-actualites\/cameroun-pour-une-meilleure-adequation-entre-la-formation-et-lemploi#primaryimage\"},\"thumbnailUrl\":\"https:\/\/static.africa-press.net\/cameroun\/sites\/57\/2023\/02\/postQueueImg_1677597132.95.jpg\",\"datePublished\":\"2023-02-28T18:42:09+00:00\",\"dateModified\":\"2023-02-28T19:19:33+00:00\",\"author\":{\"@id\":\"https:\/\/www.africa-press.net\/cameroun\/#\/schema\/person\/2b1cf3cd81a31e3cd26889ca66d677f1\"},\"description\":\"Les ministres Nalova Lyonga et Issa Tchiroma Bakary ont pre\u0301side\u0301 ce 28 fe\u0301vrier la premie\u0300re session du Comite\u0301 de p ...\",\"breadcrumb\":{\"@id\":\"https:\/\/www.africa-press.net\/cameroun\/toutes-les-actualites\/cameroun-pour-une-meilleure-adequation-entre-la-formation-et-lemploi#breadcrumb\"},\"inLanguage\":\"fr-FR\",\"potentialAction\":[{\"@type\":\"ReadAction\",\"target\":[\"https:\/\/www.africa-press.net\/cameroun\/toutes-les-actualites\/cameroun-pour-une-meilleure-adequation-entre-la-formation-et-lemploi\"]}]},{\"@type\":\"ImageObject\",\"inLanguage\":\"fr-FR\",\"@id\":\"https:\/\/www.africa-press.net\/cameroun\/toutes-les-actualites\/cameroun-pour-une-meilleure-adequation-entre-la-formation-et-lemploi#primaryimage\",\"url\":\"https:\/\/static.africa-press.net\/cameroun\/sites\/57\/2023\/02\/postQueueImg_1677597132.95.jpg\",\"contentUrl\":\"https:\/\/static.africa-press.net\/cameroun\/sites\/57\/2023\/02\/postQueueImg_1677597132.95.jpg\",\"width\":720,\"height\":344,\"caption\":\"Cameroun : pour une meilleure ad\u00e9quation entre la formation et l\u2019emploi\"},{\"@type\":\"BreadcrumbList\",\"@id\":\"https:\/\/www.africa-press.net\/cameroun\/toutes-les-actualites\/cameroun-pour-une-meilleure-adequation-entre-la-formation-et-lemploi#breadcrumb\",\"itemListElement\":[{\"@type\":\"ListItem\",\"position\":1,\"name\":\"Accueil\",\"item\":\"https:\/\/www.africa-press.net\/cameroun\/\"},{\"@type\":\"ListItem\",\"position\":2,\"name\":\"Cameroun : pour une meilleure ad\u00e9quation entre la formation et l\u2019emploi\"}]},{\"@type\":\"WebSite\",\"@id\":\"https:\/\/www.africa-press.net\/cameroun\/#website\",\"url\":\"https:\/\/www.africa-press.net\/cameroun\/\",\"name\":\"Cameroun\",\"description\":\"Just another Africa News Agency Sites site\",\"potentialAction\":[{\"@type\":\"SearchAction\",\"target\":{\"@type\":\"EntryPoint\",\"urlTemplate\":\"https:\/\/www.africa-press.net\/cameroun\/?s={search_term_string}\"},\"query-input\":{\"@type\":\"PropertyValueSpecification\",\"valueRequired\":true,\"valueName\":\"search_term_string\"}}],\"inLanguage\":\"fr-FR\"},{\"@type\":\"Person\",\"@id\":\"https:\/\/www.africa-press.net\/cameroun\/#\/schema\/person\/2b1cf3cd81a31e3cd26889ca66d677f1\",\"name\":\"cfeditorfr\"}]}<\/script>\n<!-- \/ Yoast SEO Premium plugin. -->","yoast_head_json":{"title":"Cameroun : pour une meilleure ad\u00e9quation entre la formation et l\u2019emploi - Cameroun","description":"Les ministres Nalova Lyonga et Issa Tchiroma Bakary ont pre\u0301side\u0301 ce 28 fe\u0301vrier la premie\u0300re session du Comite\u0301 de p ...","robots":{"index":"index","follow":"follow","max-snippet":"max-snippet:-1","max-image-preview":"max-image-preview:large","max-video-preview":"max-video-preview:-1"},"canonical":"https:\/\/www.africa-press.net\/cameroun\/toutes-les-actualites\/cameroun-pour-une-meilleure-adequation-entre-la-formation-et-lemploi","og_locale":"fr_FR","og_type":"article","og_title":"Cameroun : pour une meilleure ad\u00e9quation entre la formation et l\u2019emploi","og_description":"Les ministres Nalova Lyonga et Issa Tchiroma Bakary ont pre\u0301side\u0301 ce 28 fe\u0301vrier la premie\u0300re session du Comite\u0301 de p ...","og_url":"https:\/\/www.africa-press.net\/cameroun\/toutes-les-actualites\/cameroun-pour-une-meilleure-adequation-entre-la-formation-et-lemploi","og_site_name":"Cameroun","article_published_time":"2023-02-28T18:42:09+00:00","article_modified_time":"2023-02-28T19:19:33+00:00","og_image":[{"width":720,"height":344,"url":"https:\/\/static.africa-press.net\/cameroun\/sites\/57\/2023\/02\/postQueueImg_1677597132.95.jpg","type":"image\/jpeg"}],"author":"cfeditorfr","twitter_card":"summary_large_image","twitter_misc":{"\u00c9crit par":"cfeditorfr","Dur\u00e9e de lecture estim\u00e9e":"2 minutes"},"schema":{"@context":"https:\/\/schema.org","@graph":[{"@type":"Article","@id":"https:\/\/www.africa-press.net\/cameroun\/toutes-les-actualites\/cameroun-pour-une-meilleure-adequation-entre-la-formation-et-lemploi#article","isPartOf":{"@id":"https:\/\/www.africa-press.net\/cameroun\/toutes-les-actualites\/cameroun-pour-une-meilleure-adequation-entre-la-formation-et-lemploi"},"author":{"name":"cfeditorfr","@id":"https:\/\/www.africa-press.net\/cameroun\/#\/schema\/person\/2b1cf3cd81a31e3cd26889ca66d677f1"},"headline":"Cameroun : pour une meilleure ad\u00e9quation entre la formation et l\u2019emploi","datePublished":"2023-02-28T18:42:09+00:00","dateModified":"2023-02-28T19:19:33+00:00","mainEntityOfPage":{"@id":"https:\/\/www.africa-press.net\/cameroun\/toutes-les-actualites\/cameroun-pour-une-meilleure-adequation-entre-la-formation-et-lemploi"},"wordCount":363,"commentCount":0,"image":{"@id":"https:\/\/www.africa-press.net\/cameroun\/toutes-les-actualites\/cameroun-pour-une-meilleure-adequation-entre-la-formation-et-lemploi#primaryimage"},"thumbnailUrl":"https:\/\/static.africa-press.net\/cameroun\/sites\/57\/2023\/02\/postQueueImg_1677597132.95.jpg","keywords":["Africa Press","Africa Press-Cameroun","Cameroun"],"articleSection":["Communaut\u00e9","Toutes les actualit\u00e9s"],"inLanguage":"fr-FR","potentialAction":[{"@type":"CommentAction","name":"Comment","target":["https:\/\/www.africa-press.net\/cameroun\/toutes-les-actualites\/cameroun-pour-une-meilleure-adequation-entre-la-formation-et-lemploi#respond"]}]},{"@type":"WebPage","@id":"https:\/\/www.africa-press.net\/cameroun\/toutes-les-actualites\/cameroun-pour-une-meilleure-adequation-entre-la-formation-et-lemploi","url":"https:\/\/www.africa-press.net\/cameroun\/toutes-les-actualites\/cameroun-pour-une-meilleure-adequation-entre-la-formation-et-lemploi","name":"Cameroun : pour une meilleure ad\u00e9quation entre la formation et l\u2019emploi - Cameroun","isPartOf":{"@id":"https:\/\/www.africa-press.net\/cameroun\/#website"},"primaryImageOfPage":{"@id":"https:\/\/www.africa-press.net\/cameroun\/toutes-les-actualites\/cameroun-pour-une-meilleure-adequation-entre-la-formation-et-lemploi#primaryimage"},"image":{"@id":"https:\/\/www.africa-press.net\/cameroun\/toutes-les-actualites\/cameroun-pour-une-meilleure-adequation-entre-la-formation-et-lemploi#primaryimage"},"thumbnailUrl":"https:\/\/static.africa-press.net\/cameroun\/sites\/57\/2023\/02\/postQueueImg_1677597132.95.jpg","datePublished":"2023-02-28T18:42:09+00:00","dateModified":"2023-02-28T19:19:33+00:00","author":{"@id":"https:\/\/www.africa-press.net\/cameroun\/#\/schema\/person\/2b1cf3cd81a31e3cd26889ca66d677f1"},"description":"Les ministres Nalova Lyonga et Issa Tchiroma Bakary ont pre\u0301side\u0301 ce 28 fe\u0301vrier la premie\u0300re session du Comite\u0301 de p ...","breadcrumb":{"@id":"https:\/\/www.africa-press.net\/cameroun\/toutes-les-actualites\/cameroun-pour-une-meilleure-adequation-entre-la-formation-et-lemploi#breadcrumb"},"inLanguage":"fr-FR","potentialAction":[{"@type":"ReadAction","target":["https:\/\/www.africa-press.net\/cameroun\/toutes-les-actualites\/cameroun-pour-une-meilleure-adequation-entre-la-formation-et-lemploi"]}]},{"@type":"ImageObject","inLanguage":"fr-FR","@id":"https:\/\/www.africa-press.net\/cameroun\/toutes-les-actualites\/cameroun-pour-une-meilleure-adequation-entre-la-formation-et-lemploi#primaryimage","url":"https:\/\/static.africa-press.net\/cameroun\/sites\/57\/2023\/02\/postQueueImg_1677597132.95.jpg","contentUrl":"https:\/\/static.africa-press.net\/cameroun\/sites\/57\/2023\/02\/postQueueImg_1677597132.95.jpg","width":720,"height":344,"caption":"Cameroun : pour une meilleure ad\u00e9quation entre la formation et l\u2019emploi"},{"@type":"BreadcrumbList","@id":"https:\/\/www.africa-press.net\/cameroun\/toutes-les-actualites\/cameroun-pour-une-meilleure-adequation-entre-la-formation-et-lemploi#breadcrumb","itemListElement":[{"@type":"ListItem","position":1,"name":"Accueil","item":"https:\/\/www.africa-press.net\/cameroun\/"},{"@type":"ListItem","position":2,"name":"Cameroun : pour une meilleure ad\u00e9quation entre la formation et l\u2019emploi"}]},{"@type":"WebSite","@id":"https:\/\/www.africa-press.net\/cameroun\/#website","url":"https:\/\/www.africa-press.net\/cameroun\/","name":"Cameroun","description":"Just another Africa News Agency Sites site","potentialAction":[{"@type":"SearchAction","target":{"@type":"EntryPoint","urlTemplate":"https:\/\/www.africa-press.net\/cameroun\/?s={search_term_string}"},"query-input":{"@type":"PropertyValueSpecification","valueRequired":true,"valueName":"search_term_string"}}],"inLanguage":"fr-FR"},{"@type":"Person","@id":"https:\/\/www.africa-press.net\/cameroun\/#\/schema\/person\/2b1cf3cd81a31e3cd26889ca66d677f1","name":"cfeditorfr"}]}},"_links":{"self":[{"href":"https:\/\/www.africa-press.net\/cameroun\/wp-json\/wp\/v2\/posts\/37989","targetHints":{"allow":["GET"]}}],"collection":[{"href":"https:\/\/www.africa-press.net\/cameroun\/wp-json\/wp\/v2\/posts"}],"about":[{"href":"https:\/\/www.africa-press.net\/cameroun\/wp-json\/wp\/v2\/types\/post"}],"author":[{"embeddable":true,"href":"https:\/\/www.africa-press.net\/cameroun\/wp-json\/wp\/v2\/users\/82"}],"replies":[{"embeddable":true,"href":"https:\/\/www.africa-press.net\/cameroun\/wp-json\/wp\/v2\/comments?post=37989"}],"version-history":[{"count":0,"href":"https:\/\/www.africa-press.net\/cameroun\/wp-json\/wp\/v2\/posts\/37989\/revisions"}],"wp:featuredmedia":[{"embeddable":true,"href":"https:\/\/www.africa-press.net\/cameroun\/wp-json\/wp\/v2\/media\/37987"}],"wp:attachment":[{"href":"https:\/\/www.africa-press.net\/cameroun\/wp-json\/wp\/v2\/media?parent=37989"}],"wp:term":[{"taxonomy":"category","embeddable":true,"href":"https:\/\/www.africa-press.net\/cameroun\/wp-json\/wp\/v2\/categories?post=37989"},{"taxonomy":"post_tag","embeddable":true,"href":"https:\/\/www.africa-press.net\/cameroun\/wp-json\/wp\/v2\/tags?post=37989"}],"curies":[{"name":"wp","href":"https:\/\/api.w.org\/{rel}","templated":true}]}}