{"id":38012,"date":"2023-03-01T20:56:11","date_gmt":"2023-03-01T20:56:11","guid":{"rendered":"https:\/\/www.africa-press.net\/cameroun\/politique\/one-forest-summit-attendu-a-libreville-par-emmanuel-macron-et-ali-bongo-le-president-paul-biya-a-envoye-son-premier-ministre-le-representer"},"modified":"2023-03-01T21:30:19","modified_gmt":"2023-03-01T21:30:19","slug":"one-forest-summit-attendu-a-libreville-par-emmanuel-macron-et-ali-bongo-le-president-paul-biya-a-envoye-son-premier-ministre-le-representer","status":"publish","type":"post","link":"https:\/\/www.africa-press.net\/cameroun\/politique\/one-forest-summit-attendu-a-libreville-par-emmanuel-macron-et-ali-bongo-le-president-paul-biya-a-envoye-son-premier-ministre-le-representer","title":{"rendered":"One forest summit: Attendu \u00e0 Libreville par Emmanuel Macron et Ali Bongo, le pr\u00e9sident Paul Biya a envoy\u00e9 son premier ministre le repr\u00e9senter."},"content":{"rendered":"<p><span style=\"color: #ff6600\"><strong>Africa-Press &#8211; Cameroun. <\/strong><\/span>Apre\u0300s avoir assiste\u0301 personnellement au Sommet Etats-Unis\/Afrique au mois de de\u0301cembre 2022, le pre\u0301sident Paul Biya ne sera pas a\u0300 Libreville, pays limitrophe au Cameroun, pour le sommet One forest.<\/p>\n<p>Il y e\u0301tait pourtant tre\u0300s attendu comme tous les chefs d&rsquo;E\u0301tat des six pays a\u0300 cheval sur le bassin du Congo, l&rsquo;objet au centre du sommet. Aux co\u0302te\u0301s des pre\u0301sidents du Congo, de la RCA, de l&rsquo;Angola et du Gabon, Joseph Dion Ngute, le premier ministre, chef du gouvernement re\u0301pondra au nom du Cameroun.<\/p>\n<p>Le pre\u0301sident franc\u0327ais, Emmanuel Macron, est pre\u0301sent en sa qualite\u0301 de coorganisateur du sommet. \u00ab Pour notre pays, cet e\u0301ve\u0300nement est important. Son de\u0301veloppement de\u0301pend de l&rsquo;exploitation durable de nos fore\u0302ts.<\/p>\n<p>Pour la plane\u0300te, ce sommet est vital. Sans les fore\u0302ts du bassin du Congo-Ogooue\u0301, le monde ne saurait e\u0302tre aussi respirable \u00bb a de\u0301clare\u0301 dans un message de circonstance, le pre\u0301sident du Gabon.<\/p>\n<p>Les travaux ont commence\u0301 ce mercredi 1er mars 2023 par la re\u0301union des experts. Cette premie\u0300re journe\u0301e a e\u0301te\u0301 souligne\u0301e par les allocutions du Ministre gabonais des Eaux et Fore\u0302ts, Prof.<\/p>\n<p>Lee WHITE, et Chrysoula ZACHAROPOULOU, Secre\u0301taire d&rsquo;E\u0301tat franc\u0327ais, charge\u0301e du De\u0301veloppement et des Partenariats Internationaux, en pre\u0301sence des membres du gouvernement gabonais, de la socie\u0301te\u0301 civile ainsi que des experts afin de re\u0301fle\u0301chir sur les grands enjeux actuels en matie\u0300re de pre\u0301servation des fore\u0302ts.<\/p>\n<p>Le sommet One forest sera clo\u0302ture\u0301 le jeudi 2 mars par une re\u0301union de haut niveau des Chefs d&rsquo;Etat et de gouvernement. \u00ab Il s&rsquo;agit de l&rsquo;un des sommets mondiaux le plus important et strate\u0301gique en matie\u0300re d&rsquo;environnement et de biodiversite\u0301 de ces dernie\u0300res anne\u0301es.<\/p>\n<p>E\u0301tat membre du Bassin du Congo qui est conside\u0301re\u0301 a\u0300 juste titre comme le deuxie\u0300me poumon de la plane\u0300te apre\u0300s l&rsquo;Amazonie, le Gabon qui est le leader africain de la lutte contre le re\u0301chauffement climatique, dispose d&rsquo;une richesse forestie\u0300re inestimable avec des essences parmi les plus rares et prises, a\u0300 l&rsquo;instar de l&rsquo;Okoume\u0301, la plante Iboga, le Kevazingo et bien d&rsquo;autres.<\/p>\n<p>Sa biodiversite\u0301 est toute aussi extraordinaire gra\u0302ce a\u0300 la clairvoyance de nos plus hautes autorite\u0301s qui ont renforce\u0301 42 aires prote\u0301ge\u0301es sur l&rsquo;ensemble du territoire national, a\u0300 savoir : 13 parcs nationaux, 20 aires prote\u0301ge\u0301es aquatiques, 8 sites Rasmar et l&rsquo;arboretum Raponda Walker .<\/p>\n<p>Mais aujourd&rsquo;hui hui la menace de disparition de ces richesses est grande, et la jeunesse gabonaise qui jadis e\u0301tait plus porte\u0301e et sollicite\u0301e dans le domaine politique, commence a\u0300 prendre conscience du ro\u0302le important qui est le sien dans cette lutte acharne\u0301e et effre\u0301ne\u0301e pour la pre\u0301servation de l&rsquo; Environnement et biodiversite\u0301.<\/p>\n<p>Les enjeux mondiaux des villes autour de la fore\u0302t du bassin du Congo sont tels que les opportunite\u0301s d&#8217;emplois sont e\u0301galement tre\u0300s nombreuses et inquantifiables.<\/p>\n<p>.<\/p>\n<p>.<\/p>\n<p>La cre\u0301ation des start up e\u0301cologiques, la construction des infrastructures e\u0301cologiques dans nos, les programmes d&rsquo;enseignement base\u0301s sur la La connaissance de notre biodiversite\u0301 et l&rsquo;e\u0301ducation environnementale dans notre secteur e\u0301ducatif, sont autant d&rsquo;ide\u0301es que je soumets, en ma qualite\u0301 de leader de la jeunesse gabonaise.<\/p>\n<p>L&rsquo;air que nous respirons par exemple, d&rsquo; ici 100 a\u0300 150 ans, sera certainement sujette a\u0300 une forte commercialisation a\u0300 travers le monde. Le Gabon ne doit pas e\u0302tre en marge de cette re\u0301alite\u0301 surtout en sa qualite\u0301 de pays le plus neutre en carbone de la plane\u0300te.<\/p>\n<p>Raison pour laquelle nous devons penser de\u0300s maintenant, a\u0300 cre\u0301er des entreprises spe\u0301cialise\u0301es dans la captation et le stockage de notre air, des entreprises spe\u0301cialise\u0301es dans le reboisement afin que la pre\u0301servation de la fore\u0302t rime avec le de\u0301veloppement durable, et des structures favorisant l&rsquo;e\u0301co-tourisme , tout ceci est possible dans notre pays gra\u0302ce aux diffe\u0301rentes actions adapte\u0301es ces 10 dernie\u0300res anne\u0301es par nos plus hautes autorite\u0301s&#8230;<\/p>\n<p>La jeunesse gabonaise et africaine attend donc beaucoup de ce Sommet international, et nous sommes convaincus que les dirigeants du monde qui se pre\u0301senteront a\u0300 ces assises, vont impliquer leur pays respectif dans une gestion durable des fore\u0302ts tout en conciliant celle-ci au de\u0301veloppement des localite\u0301s.<\/p>\n<p>Le Gabon prote\u0300ge le monde, le monde se doit de che\u0301rir le Gabon \u00bb analyse Nze Souala Hercule, Pre\u0301sident de Wabouna, le Mouvement des entrepreneurs engage\u0301s et Fondateur de la Synergie Re\u0301publicaine Gabonaise.<\/p>\n<p><strong>Pour plus d&rsquo;informations et d&rsquo;analyses sur la <a href=\"https:\/\/www.africa-press.net\/cameroun\">Cameroun<\/a>, suivez <a href=\"https:\/\/www.africa-press.net\/\">Africa-Press<\/a><\/strong><\/p>\n","protected":false},"excerpt":{"rendered":"<p>Africa-Press &#8211; Cameroun. Apre\u0300s avoir assiste\u0301 personnellement au Sommet Etats-Unis\/Afrique au mois de de\u0301cembre 2022, le pre\u0301sident Paul Biya ne sera pas a\u0300 Libreville, pays limitrophe au Cameroun, pour le sommet One forest. Il y e\u0301tait pourtant tre\u0300s attendu comme tous les chefs d&rsquo;E\u0301tat des six pays a\u0300 cheval sur le bassin du Congo, l&rsquo;objet [&hellip;]<\/p>\n","protected":false},"author":82,"featured_media":38011,"comment_status":"open","ping_status":"closed","sticky":false,"template":"","format":"standard","meta":{"footnotes":""},"categories":[2,20,10],"tags":[36,50,49],"class_list":["post-38012","post","type-post","status-publish","format-standard","has-post-thumbnail","hentry","category-politique","category-top-nouvelles","category-toutes-les-actualites","tag-africa-press","tag-africa-press-cameroun","tag-cameroun"],"yoast_head":"<!-- This site is optimized with the Yoast SEO Premium plugin v26.1 (Yoast SEO v27.0) - https:\/\/yoast.com\/product\/yoast-seo-premium-wordpress\/ -->\n<title>One forest summit: Attendu \u00e0 Libreville par Emmanuel Macron et Ali Bongo, le pr\u00e9sident Paul Biya a envoy\u00e9 son premier ministre le repr\u00e9senter. - Cameroun<\/title>\n<meta name=\"description\" content=\"Apre\u0300s avoir assiste\u0301 personnellement au Sommet Etats-Unis\/Afrique au mois de de\u0301cembre 2022, le pre\u0301sident Paul Biya ne ...\" \/>\n<meta name=\"robots\" content=\"index, follow, max-snippet:-1, max-image-preview:large, max-video-preview:-1\" \/>\n<link rel=\"canonical\" href=\"https:\/\/www.africa-press.net\/cameroun\/politique\/one-forest-summit-attendu-a-libreville-par-emmanuel-macron-et-ali-bongo-le-president-paul-biya-a-envoye-son-premier-ministre-le-representer\" \/>\n<meta property=\"og:locale\" content=\"fr_FR\" \/>\n<meta property=\"og:type\" content=\"article\" \/>\n<meta property=\"og:title\" content=\"One forest summit: Attendu \u00e0 Libreville par Emmanuel Macron et Ali Bongo, le pr\u00e9sident Paul Biya a envoy\u00e9 son premier ministre le repr\u00e9senter.\" \/>\n<meta property=\"og:description\" content=\"Apre\u0300s avoir assiste\u0301 personnellement au Sommet Etats-Unis\/Afrique au mois de de\u0301cembre 2022, le pre\u0301sident Paul Biya ne ...\" \/>\n<meta property=\"og:url\" content=\"https:\/\/www.africa-press.net\/cameroun\/politique\/one-forest-summit-attendu-a-libreville-par-emmanuel-macron-et-ali-bongo-le-president-paul-biya-a-envoye-son-premier-ministre-le-representer\" \/>\n<meta property=\"og:site_name\" content=\"Cameroun\" \/>\n<meta property=\"article:published_time\" content=\"2023-03-01T20:56:11+00:00\" \/>\n<meta property=\"article:modified_time\" content=\"2023-03-01T21:30:19+00:00\" \/>\n<meta property=\"og:image\" content=\"https:\/\/static.africa-press.net\/cameroun\/sites\/57\/2023\/03\/postQueueImg_1677691646.59.jpg\" \/>\n\t<meta property=\"og:image:width\" content=\"800\" \/>\n\t<meta property=\"og:image:height\" content=\"449\" \/>\n\t<meta property=\"og:image:type\" content=\"image\/jpeg\" \/>\n<meta name=\"author\" content=\"cfeditorfr\" \/>\n<meta name=\"twitter:card\" content=\"summary_large_image\" \/>\n<meta name=\"twitter:label1\" content=\"\u00c9crit par\" \/>\n\t<meta name=\"twitter:data1\" content=\"cfeditorfr\" \/>\n\t<meta name=\"twitter:label2\" content=\"Dur\u00e9e de lecture estim\u00e9e\" \/>\n\t<meta name=\"twitter:data2\" content=\"4 minutes\" \/>\n<script type=\"application\/ld+json\" class=\"yoast-schema-graph\">{\"@context\":\"https:\/\/schema.org\",\"@graph\":[{\"@type\":\"Article\",\"@id\":\"https:\/\/www.africa-press.net\/cameroun\/politique\/one-forest-summit-attendu-a-libreville-par-emmanuel-macron-et-ali-bongo-le-president-paul-biya-a-envoye-son-premier-ministre-le-representer#article\",\"isPartOf\":{\"@id\":\"https:\/\/www.africa-press.net\/cameroun\/politique\/one-forest-summit-attendu-a-libreville-par-emmanuel-macron-et-ali-bongo-le-president-paul-biya-a-envoye-son-premier-ministre-le-representer\"},\"author\":{\"name\":\"cfeditorfr\",\"@id\":\"https:\/\/www.africa-press.net\/cameroun\/#\/schema\/person\/2b1cf3cd81a31e3cd26889ca66d677f1\"},\"headline\":\"One forest summit: Attendu \u00e0 Libreville par Emmanuel Macron et Ali Bongo, le pr\u00e9sident Paul Biya a envoy\u00e9 son premier ministre le repr\u00e9senter.\",\"datePublished\":\"2023-03-01T20:56:11+00:00\",\"dateModified\":\"2023-03-01T21:30:19+00:00\",\"mainEntityOfPage\":{\"@id\":\"https:\/\/www.africa-press.net\/cameroun\/politique\/one-forest-summit-attendu-a-libreville-par-emmanuel-macron-et-ali-bongo-le-president-paul-biya-a-envoye-son-premier-ministre-le-representer\"},\"wordCount\":843,\"commentCount\":0,\"image\":{\"@id\":\"https:\/\/www.africa-press.net\/cameroun\/politique\/one-forest-summit-attendu-a-libreville-par-emmanuel-macron-et-ali-bongo-le-president-paul-biya-a-envoye-son-premier-ministre-le-representer#primaryimage\"},\"thumbnailUrl\":\"https:\/\/static.africa-press.net\/cameroun\/sites\/57\/2023\/03\/postQueueImg_1677691646.59.jpg\",\"keywords\":[\"Africa Press\",\"Africa Press-Cameroun\",\"Cameroun\"],\"articleSection\":[\"Politique\",\"Top Nouvelles\",\"Toutes les actualit\u00e9s\"],\"inLanguage\":\"fr-FR\",\"potentialAction\":[{\"@type\":\"CommentAction\",\"name\":\"Comment\",\"target\":[\"https:\/\/www.africa-press.net\/cameroun\/politique\/one-forest-summit-attendu-a-libreville-par-emmanuel-macron-et-ali-bongo-le-president-paul-biya-a-envoye-son-premier-ministre-le-representer#respond\"]}]},{\"@type\":\"WebPage\",\"@id\":\"https:\/\/www.africa-press.net\/cameroun\/politique\/one-forest-summit-attendu-a-libreville-par-emmanuel-macron-et-ali-bongo-le-president-paul-biya-a-envoye-son-premier-ministre-le-representer\",\"url\":\"https:\/\/www.africa-press.net\/cameroun\/politique\/one-forest-summit-attendu-a-libreville-par-emmanuel-macron-et-ali-bongo-le-president-paul-biya-a-envoye-son-premier-ministre-le-representer\",\"name\":\"One forest summit: Attendu \u00e0 Libreville par Emmanuel Macron et Ali Bongo, le pr\u00e9sident Paul Biya a envoy\u00e9 son premier ministre le repr\u00e9senter. - Cameroun\",\"isPartOf\":{\"@id\":\"https:\/\/www.africa-press.net\/cameroun\/#website\"},\"primaryImageOfPage\":{\"@id\":\"https:\/\/www.africa-press.net\/cameroun\/politique\/one-forest-summit-attendu-a-libreville-par-emmanuel-macron-et-ali-bongo-le-president-paul-biya-a-envoye-son-premier-ministre-le-representer#primaryimage\"},\"image\":{\"@id\":\"https:\/\/www.africa-press.net\/cameroun\/politique\/one-forest-summit-attendu-a-libreville-par-emmanuel-macron-et-ali-bongo-le-president-paul-biya-a-envoye-son-premier-ministre-le-representer#primaryimage\"},\"thumbnailUrl\":\"https:\/\/static.africa-press.net\/cameroun\/sites\/57\/2023\/03\/postQueueImg_1677691646.59.jpg\",\"datePublished\":\"2023-03-01T20:56:11+00:00\",\"dateModified\":\"2023-03-01T21:30:19+00:00\",\"author\":{\"@id\":\"https:\/\/www.africa-press.net\/cameroun\/#\/schema\/person\/2b1cf3cd81a31e3cd26889ca66d677f1\"},\"description\":\"Apre\u0300s avoir assiste\u0301 personnellement au Sommet Etats-Unis\/Afrique au mois de de\u0301cembre 2022, le pre\u0301sident Paul Biya ne ...\",\"breadcrumb\":{\"@id\":\"https:\/\/www.africa-press.net\/cameroun\/politique\/one-forest-summit-attendu-a-libreville-par-emmanuel-macron-et-ali-bongo-le-president-paul-biya-a-envoye-son-premier-ministre-le-representer#breadcrumb\"},\"inLanguage\":\"fr-FR\",\"potentialAction\":[{\"@type\":\"ReadAction\",\"target\":[\"https:\/\/www.africa-press.net\/cameroun\/politique\/one-forest-summit-attendu-a-libreville-par-emmanuel-macron-et-ali-bongo-le-president-paul-biya-a-envoye-son-premier-ministre-le-representer\"]}]},{\"@type\":\"ImageObject\",\"inLanguage\":\"fr-FR\",\"@id\":\"https:\/\/www.africa-press.net\/cameroun\/politique\/one-forest-summit-attendu-a-libreville-par-emmanuel-macron-et-ali-bongo-le-president-paul-biya-a-envoye-son-premier-ministre-le-representer#primaryimage\",\"url\":\"https:\/\/static.africa-press.net\/cameroun\/sites\/57\/2023\/03\/postQueueImg_1677691646.59.jpg\",\"contentUrl\":\"https:\/\/static.africa-press.net\/cameroun\/sites\/57\/2023\/03\/postQueueImg_1677691646.59.jpg\",\"width\":800,\"height\":449,\"caption\":\"One forest summit: Attendu \u00e0 Libreville par Emmanuel Macron et Ali Bongo, le pr\u00e9sident Paul Biya a envoy\u00e9 son premier ministre le repr\u00e9senter.\"},{\"@type\":\"BreadcrumbList\",\"@id\":\"https:\/\/www.africa-press.net\/cameroun\/politique\/one-forest-summit-attendu-a-libreville-par-emmanuel-macron-et-ali-bongo-le-president-paul-biya-a-envoye-son-premier-ministre-le-representer#breadcrumb\",\"itemListElement\":[{\"@type\":\"ListItem\",\"position\":1,\"name\":\"Accueil\",\"item\":\"https:\/\/www.africa-press.net\/cameroun\/\"},{\"@type\":\"ListItem\",\"position\":2,\"name\":\"One forest summit: Attendu \u00e0 Libreville par Emmanuel Macron et Ali Bongo, le pr\u00e9sident Paul Biya a envoy\u00e9 son premier ministre le repr\u00e9senter.\"}]},{\"@type\":\"WebSite\",\"@id\":\"https:\/\/www.africa-press.net\/cameroun\/#website\",\"url\":\"https:\/\/www.africa-press.net\/cameroun\/\",\"name\":\"Cameroun\",\"description\":\"Just another Africa News Agency Sites site\",\"potentialAction\":[{\"@type\":\"SearchAction\",\"target\":{\"@type\":\"EntryPoint\",\"urlTemplate\":\"https:\/\/www.africa-press.net\/cameroun\/?s={search_term_string}\"},\"query-input\":{\"@type\":\"PropertyValueSpecification\",\"valueRequired\":true,\"valueName\":\"search_term_string\"}}],\"inLanguage\":\"fr-FR\"},{\"@type\":\"Person\",\"@id\":\"https:\/\/www.africa-press.net\/cameroun\/#\/schema\/person\/2b1cf3cd81a31e3cd26889ca66d677f1\",\"name\":\"cfeditorfr\"}]}<\/script>\n<!-- \/ Yoast SEO Premium plugin. -->","yoast_head_json":{"title":"One forest summit: Attendu \u00e0 Libreville par Emmanuel Macron et Ali Bongo, le pr\u00e9sident Paul Biya a envoy\u00e9 son premier ministre le repr\u00e9senter. - Cameroun","description":"Apre\u0300s avoir assiste\u0301 personnellement au Sommet Etats-Unis\/Afrique au mois de de\u0301cembre 2022, le pre\u0301sident Paul Biya ne ...","robots":{"index":"index","follow":"follow","max-snippet":"max-snippet:-1","max-image-preview":"max-image-preview:large","max-video-preview":"max-video-preview:-1"},"canonical":"https:\/\/www.africa-press.net\/cameroun\/politique\/one-forest-summit-attendu-a-libreville-par-emmanuel-macron-et-ali-bongo-le-president-paul-biya-a-envoye-son-premier-ministre-le-representer","og_locale":"fr_FR","og_type":"article","og_title":"One forest summit: Attendu \u00e0 Libreville par Emmanuel Macron et Ali Bongo, le pr\u00e9sident Paul Biya a envoy\u00e9 son premier ministre le repr\u00e9senter.","og_description":"Apre\u0300s avoir assiste\u0301 personnellement au Sommet Etats-Unis\/Afrique au mois de de\u0301cembre 2022, le pre\u0301sident Paul Biya ne ...","og_url":"https:\/\/www.africa-press.net\/cameroun\/politique\/one-forest-summit-attendu-a-libreville-par-emmanuel-macron-et-ali-bongo-le-president-paul-biya-a-envoye-son-premier-ministre-le-representer","og_site_name":"Cameroun","article_published_time":"2023-03-01T20:56:11+00:00","article_modified_time":"2023-03-01T21:30:19+00:00","og_image":[{"width":800,"height":449,"url":"https:\/\/static.africa-press.net\/cameroun\/sites\/57\/2023\/03\/postQueueImg_1677691646.59.jpg","type":"image\/jpeg"}],"author":"cfeditorfr","twitter_card":"summary_large_image","twitter_misc":{"\u00c9crit par":"cfeditorfr","Dur\u00e9e de lecture estim\u00e9e":"4 minutes"},"schema":{"@context":"https:\/\/schema.org","@graph":[{"@type":"Article","@id":"https:\/\/www.africa-press.net\/cameroun\/politique\/one-forest-summit-attendu-a-libreville-par-emmanuel-macron-et-ali-bongo-le-president-paul-biya-a-envoye-son-premier-ministre-le-representer#article","isPartOf":{"@id":"https:\/\/www.africa-press.net\/cameroun\/politique\/one-forest-summit-attendu-a-libreville-par-emmanuel-macron-et-ali-bongo-le-president-paul-biya-a-envoye-son-premier-ministre-le-representer"},"author":{"name":"cfeditorfr","@id":"https:\/\/www.africa-press.net\/cameroun\/#\/schema\/person\/2b1cf3cd81a31e3cd26889ca66d677f1"},"headline":"One forest summit: Attendu \u00e0 Libreville par Emmanuel Macron et Ali Bongo, le pr\u00e9sident Paul Biya a envoy\u00e9 son premier ministre le repr\u00e9senter.","datePublished":"2023-03-01T20:56:11+00:00","dateModified":"2023-03-01T21:30:19+00:00","mainEntityOfPage":{"@id":"https:\/\/www.africa-press.net\/cameroun\/politique\/one-forest-summit-attendu-a-libreville-par-emmanuel-macron-et-ali-bongo-le-president-paul-biya-a-envoye-son-premier-ministre-le-representer"},"wordCount":843,"commentCount":0,"image":{"@id":"https:\/\/www.africa-press.net\/cameroun\/politique\/one-forest-summit-attendu-a-libreville-par-emmanuel-macron-et-ali-bongo-le-president-paul-biya-a-envoye-son-premier-ministre-le-representer#primaryimage"},"thumbnailUrl":"https:\/\/static.africa-press.net\/cameroun\/sites\/57\/2023\/03\/postQueueImg_1677691646.59.jpg","keywords":["Africa Press","Africa Press-Cameroun","Cameroun"],"articleSection":["Politique","Top Nouvelles","Toutes les actualit\u00e9s"],"inLanguage":"fr-FR","potentialAction":[{"@type":"CommentAction","name":"Comment","target":["https:\/\/www.africa-press.net\/cameroun\/politique\/one-forest-summit-attendu-a-libreville-par-emmanuel-macron-et-ali-bongo-le-president-paul-biya-a-envoye-son-premier-ministre-le-representer#respond"]}]},{"@type":"WebPage","@id":"https:\/\/www.africa-press.net\/cameroun\/politique\/one-forest-summit-attendu-a-libreville-par-emmanuel-macron-et-ali-bongo-le-president-paul-biya-a-envoye-son-premier-ministre-le-representer","url":"https:\/\/www.africa-press.net\/cameroun\/politique\/one-forest-summit-attendu-a-libreville-par-emmanuel-macron-et-ali-bongo-le-president-paul-biya-a-envoye-son-premier-ministre-le-representer","name":"One forest summit: Attendu \u00e0 Libreville par Emmanuel Macron et Ali Bongo, le pr\u00e9sident Paul Biya a envoy\u00e9 son premier ministre le repr\u00e9senter. - Cameroun","isPartOf":{"@id":"https:\/\/www.africa-press.net\/cameroun\/#website"},"primaryImageOfPage":{"@id":"https:\/\/www.africa-press.net\/cameroun\/politique\/one-forest-summit-attendu-a-libreville-par-emmanuel-macron-et-ali-bongo-le-president-paul-biya-a-envoye-son-premier-ministre-le-representer#primaryimage"},"image":{"@id":"https:\/\/www.africa-press.net\/cameroun\/politique\/one-forest-summit-attendu-a-libreville-par-emmanuel-macron-et-ali-bongo-le-president-paul-biya-a-envoye-son-premier-ministre-le-representer#primaryimage"},"thumbnailUrl":"https:\/\/static.africa-press.net\/cameroun\/sites\/57\/2023\/03\/postQueueImg_1677691646.59.jpg","datePublished":"2023-03-01T20:56:11+00:00","dateModified":"2023-03-01T21:30:19+00:00","author":{"@id":"https:\/\/www.africa-press.net\/cameroun\/#\/schema\/person\/2b1cf3cd81a31e3cd26889ca66d677f1"},"description":"Apre\u0300s avoir assiste\u0301 personnellement au Sommet Etats-Unis\/Afrique au mois de de\u0301cembre 2022, le pre\u0301sident Paul Biya ne ...","breadcrumb":{"@id":"https:\/\/www.africa-press.net\/cameroun\/politique\/one-forest-summit-attendu-a-libreville-par-emmanuel-macron-et-ali-bongo-le-president-paul-biya-a-envoye-son-premier-ministre-le-representer#breadcrumb"},"inLanguage":"fr-FR","potentialAction":[{"@type":"ReadAction","target":["https:\/\/www.africa-press.net\/cameroun\/politique\/one-forest-summit-attendu-a-libreville-par-emmanuel-macron-et-ali-bongo-le-president-paul-biya-a-envoye-son-premier-ministre-le-representer"]}]},{"@type":"ImageObject","inLanguage":"fr-FR","@id":"https:\/\/www.africa-press.net\/cameroun\/politique\/one-forest-summit-attendu-a-libreville-par-emmanuel-macron-et-ali-bongo-le-president-paul-biya-a-envoye-son-premier-ministre-le-representer#primaryimage","url":"https:\/\/static.africa-press.net\/cameroun\/sites\/57\/2023\/03\/postQueueImg_1677691646.59.jpg","contentUrl":"https:\/\/static.africa-press.net\/cameroun\/sites\/57\/2023\/03\/postQueueImg_1677691646.59.jpg","width":800,"height":449,"caption":"One forest summit: Attendu \u00e0 Libreville par Emmanuel Macron et Ali Bongo, le pr\u00e9sident Paul Biya a envoy\u00e9 son premier ministre le repr\u00e9senter."},{"@type":"BreadcrumbList","@id":"https:\/\/www.africa-press.net\/cameroun\/politique\/one-forest-summit-attendu-a-libreville-par-emmanuel-macron-et-ali-bongo-le-president-paul-biya-a-envoye-son-premier-ministre-le-representer#breadcrumb","itemListElement":[{"@type":"ListItem","position":1,"name":"Accueil","item":"https:\/\/www.africa-press.net\/cameroun\/"},{"@type":"ListItem","position":2,"name":"One forest summit: Attendu \u00e0 Libreville par Emmanuel Macron et Ali Bongo, le pr\u00e9sident Paul Biya a envoy\u00e9 son premier ministre le repr\u00e9senter."}]},{"@type":"WebSite","@id":"https:\/\/www.africa-press.net\/cameroun\/#website","url":"https:\/\/www.africa-press.net\/cameroun\/","name":"Cameroun","description":"Just another Africa News Agency Sites site","potentialAction":[{"@type":"SearchAction","target":{"@type":"EntryPoint","urlTemplate":"https:\/\/www.africa-press.net\/cameroun\/?s={search_term_string}"},"query-input":{"@type":"PropertyValueSpecification","valueRequired":true,"valueName":"search_term_string"}}],"inLanguage":"fr-FR"},{"@type":"Person","@id":"https:\/\/www.africa-press.net\/cameroun\/#\/schema\/person\/2b1cf3cd81a31e3cd26889ca66d677f1","name":"cfeditorfr"}]}},"_links":{"self":[{"href":"https:\/\/www.africa-press.net\/cameroun\/wp-json\/wp\/v2\/posts\/38012","targetHints":{"allow":["GET"]}}],"collection":[{"href":"https:\/\/www.africa-press.net\/cameroun\/wp-json\/wp\/v2\/posts"}],"about":[{"href":"https:\/\/www.africa-press.net\/cameroun\/wp-json\/wp\/v2\/types\/post"}],"author":[{"embeddable":true,"href":"https:\/\/www.africa-press.net\/cameroun\/wp-json\/wp\/v2\/users\/82"}],"replies":[{"embeddable":true,"href":"https:\/\/www.africa-press.net\/cameroun\/wp-json\/wp\/v2\/comments?post=38012"}],"version-history":[{"count":0,"href":"https:\/\/www.africa-press.net\/cameroun\/wp-json\/wp\/v2\/posts\/38012\/revisions"}],"wp:featuredmedia":[{"embeddable":true,"href":"https:\/\/www.africa-press.net\/cameroun\/wp-json\/wp\/v2\/media\/38011"}],"wp:attachment":[{"href":"https:\/\/www.africa-press.net\/cameroun\/wp-json\/wp\/v2\/media?parent=38012"}],"wp:term":[{"taxonomy":"category","embeddable":true,"href":"https:\/\/www.africa-press.net\/cameroun\/wp-json\/wp\/v2\/categories?post=38012"},{"taxonomy":"post_tag","embeddable":true,"href":"https:\/\/www.africa-press.net\/cameroun\/wp-json\/wp\/v2\/tags?post=38012"}],"curies":[{"name":"wp","href":"https:\/\/api.w.org\/{rel}","templated":true}]}}