{"id":38021,"date":"2023-03-01T20:58:31","date_gmt":"2023-03-01T20:58:31","guid":{"rendered":"https:\/\/www.africa-press.net\/cameroun\/politique\/sed-paul-biya-actionne-le-plan-b-mauvaise-nouvelle-pour-amougou-belinga"},"modified":"2023-03-01T21:35:12","modified_gmt":"2023-03-01T21:35:12","slug":"sed-paul-biya-actionne-le-plan-b-mauvaise-nouvelle-pour-amougou-belinga","status":"publish","type":"post","link":"https:\/\/www.africa-press.net\/cameroun\/politique\/sed-paul-biya-actionne-le-plan-b-mauvaise-nouvelle-pour-amougou-belinga","title":{"rendered":"SED : Paul Biya actionne le plan B, mauvaise nouvelle pour Amougou Belinga"},"content":{"rendered":"<p><span style=\"color: #ff6600\"><strong>Africa-Press &#8211; Cameroun. <\/strong><\/span>L\u2019enque\u0302te sur l\u2019assassinat de Martinez Zogo est au point mort. A part l\u2019audition du journaliste mardi du journaliste Paul Daizy Biya qui avait e\u0301change\u0301 des messages suspects avec Bruno Bidjang, il n y a rien de nouveau. Amougou Belinga et ses compagnons de mise\u0300re croupissent toujours au secre\u0301tariat d\u2019Etat a\u0300 la de\u0301fense. Leur sort est de plus en plus incertain car l\u2019e\u0301volution de la proce\u0301dure de\u0301pend de\u0301sormais uniquement de Paul Biya.<\/p>\n<p>Seul le chef de l\u2019Etat peut proce\u0301der a\u0300 la nomination d\u2019un juge d\u2019instruction militaire qui aura un grade e\u0301gal ou supe\u0301rieur a\u0300 celui du lieutenant-colonel Justin Danwe\u0301, pre\u0301sume\u0301 chef du commando qui a enleve\u0301 et e\u0301limine\u0301 Martinez Zogo. Selon les sources, le ministre de la de\u0301fense, Beti Assomo refuse de prendre toute action qui permettrait la libe\u0301ration ou le placement en de\u0301tention des pre\u0301sume\u0301s assassins de Martinez Zogo sans l\u2019accord du chef de l\u2019Etat. Proble\u0300me, l\u2019agenda politique de Paul Biya semble avoir e\u0301volue\u0301. L\u2019affaire Martinez Zogo ne serait plus a\u0300 la te\u0302te de la liste des pre\u0301occupations du chef de l\u2019Etat qui traine a\u0300 proce\u0301der a\u0300 la nomination du juge d\u2019instruction militaire qui va se prononcer sur la libe\u0301ration ou non d\u2019Amougou Belinga et cie.<\/p>\n<p>Beti Assomo attend e\u0301galement Paul Biya pour se prononcer sur le sort du patron de la DGRE, Maxime Eko Eko. Nomme\u0301 par Paul Biya avec rang de ministre, le chef de la Direction ge\u0301ne\u0301rale de la recherche exte\u0301rieure se\u0301journe e\u0301galement au secre\u0301tariat d\u2019Etat a\u0300 la de\u0301fense dans l\u2019attente d\u2019une e\u0301volution de sa situation. Selon les sources, il nie son implication dans l\u2019assassinat du journaliste Martinez Zogo.<\/p>\n<p>Des analystes et spe\u0301cialistes du Cameroun estiment que le SED pourrait bien e\u0302tre la petite prison de ces personnes suspecte\u0301es d\u2019avoir assassiner Martinez Zogo. Ils sont nombreux a\u0300 parier que Amougou Belinga, Bruno Bidjang et les autres suspects pourront faire plusieurs mois au SED sans connai\u0302tre la suite de l\u2019affaire. La me\u0301thode serait courante au SED. Cette situation indisposerait Amougou Belinga qui espe\u0301rait depuis jeudi une rencontre avec un juge d\u2019instruction qui allait statuer sur son sort.<\/p>\n<p>En effet tre\u0300s amis avec le ministre de la justice Laurent Esso, le patron du groupe l\u2019Anecdote a des contacts au sein de l\u2019appareil judiciaire au Cameroun. Il perd rarement de proce\u0300s. La plupart de ceux qui ont eu des proble\u0300mes avec lui ont fini a\u0300 la prison centrale de Kondengui. Sarah, une des ses e\u0301pouses est e\u0301galement une magistrate influente. Amougou Belinga selon des sources espe\u0301rait jouer sur toutes ses relations pour se sortir d\u2019affaire. Il va de\u0301sormais prendre son mal en patience en attendant une de\u0301cision prochaine du pre\u0301sident de la Re\u0301publique Paul Biya dont il pre\u0301tend e\u0302tre un proche.<\/p>\n<p><strong>Pour plus d&rsquo;informations et d&rsquo;analyses sur la <a href=\"https:\/\/www.africa-press.net\/cameroun\">Cameroun<\/a>, suivez <a href=\"https:\/\/www.africa-press.net\/\">Africa-Press<\/a><\/strong><\/p>\n","protected":false},"excerpt":{"rendered":"<p>Africa-Press &#8211; Cameroun. L\u2019enque\u0302te sur l\u2019assassinat de Martinez Zogo est au point mort. A part l\u2019audition du journaliste mardi du journaliste Paul Daizy Biya qui avait e\u0301change\u0301 des messages suspects avec Bruno Bidjang, il n y a rien de nouveau. Amougou Belinga et ses compagnons de mise\u0300re croupissent toujours au secre\u0301tariat d\u2019Etat a\u0300 la de\u0301fense. [&hellip;]<\/p>\n","protected":false},"author":82,"featured_media":38019,"comment_status":"open","ping_status":"closed","sticky":false,"template":"","format":"standard","meta":{"footnotes":""},"categories":[2,10],"tags":[36,50,49],"class_list":["post-38021","post","type-post","status-publish","format-standard","has-post-thumbnail","hentry","category-politique","category-toutes-les-actualites","tag-africa-press","tag-africa-press-cameroun","tag-cameroun"],"yoast_head":"<!-- This site is optimized with the Yoast SEO Premium plugin v26.1 (Yoast SEO v27.0) - https:\/\/yoast.com\/product\/yoast-seo-premium-wordpress\/ -->\n<title>SED : Paul Biya actionne le plan B, mauvaise nouvelle pour Amougou Belinga - Cameroun<\/title>\n<meta name=\"description\" content=\"L\u2019enque\u0302te sur l\u2019assassinat de Martinez Zogo est au point mort. A part l\u2019audition du journaliste mardi du journaliste Pa ...L\u2019enque\u0302te sur l\u2019assassinat de Martinez Zogo est au point mort. A part l\u2019audition du journaliste mardi du journaliste Pa ...\" \/>\n<meta name=\"robots\" content=\"index, follow, max-snippet:-1, max-image-preview:large, max-video-preview:-1\" \/>\n<link rel=\"canonical\" href=\"https:\/\/www.africa-press.net\/cameroun\/politique\/sed-paul-biya-actionne-le-plan-b-mauvaise-nouvelle-pour-amougou-belinga\" \/>\n<meta property=\"og:locale\" content=\"fr_FR\" \/>\n<meta property=\"og:type\" content=\"article\" \/>\n<meta property=\"og:title\" content=\"SED : Paul Biya actionne le plan B, mauvaise nouvelle pour Amougou Belinga\" \/>\n<meta property=\"og:description\" content=\"L\u2019enque\u0302te sur l\u2019assassinat de Martinez Zogo est au point mort. A part l\u2019audition du journaliste mardi du journaliste Pa ...L\u2019enque\u0302te sur l\u2019assassinat de Martinez Zogo est au point mort. A part l\u2019audition du journaliste mardi du journaliste Pa ...\" \/>\n<meta property=\"og:url\" content=\"https:\/\/www.africa-press.net\/cameroun\/politique\/sed-paul-biya-actionne-le-plan-b-mauvaise-nouvelle-pour-amougou-belinga\" \/>\n<meta property=\"og:site_name\" content=\"Cameroun\" \/>\n<meta property=\"article:published_time\" content=\"2023-03-01T20:58:31+00:00\" \/>\n<meta property=\"article:modified_time\" content=\"2023-03-01T21:35:12+00:00\" \/>\n<meta property=\"og:image\" content=\"https:\/\/static.africa-press.net\/cameroun\/sites\/57\/2023\/03\/postQueueImg_1677691722.81.jpg\" \/>\n\t<meta property=\"og:image:width\" content=\"720\" \/>\n\t<meta property=\"og:image:height\" content=\"399\" \/>\n\t<meta property=\"og:image:type\" content=\"image\/jpeg\" \/>\n<meta name=\"author\" content=\"cfeditorfr\" \/>\n<meta name=\"twitter:card\" content=\"summary_large_image\" \/>\n<meta name=\"twitter:label1\" content=\"\u00c9crit par\" \/>\n\t<meta name=\"twitter:data1\" content=\"cfeditorfr\" \/>\n\t<meta name=\"twitter:label2\" content=\"Dur\u00e9e de lecture estim\u00e9e\" \/>\n\t<meta name=\"twitter:data2\" content=\"3 minutes\" \/>\n<script type=\"application\/ld+json\" class=\"yoast-schema-graph\">{\"@context\":\"https:\/\/schema.org\",\"@graph\":[{\"@type\":\"Article\",\"@id\":\"https:\/\/www.africa-press.net\/cameroun\/politique\/sed-paul-biya-actionne-le-plan-b-mauvaise-nouvelle-pour-amougou-belinga#article\",\"isPartOf\":{\"@id\":\"https:\/\/www.africa-press.net\/cameroun\/politique\/sed-paul-biya-actionne-le-plan-b-mauvaise-nouvelle-pour-amougou-belinga\"},\"author\":{\"name\":\"cfeditorfr\",\"@id\":\"https:\/\/www.africa-press.net\/cameroun\/#\/schema\/person\/2b1cf3cd81a31e3cd26889ca66d677f1\"},\"headline\":\"SED : Paul Biya actionne le plan B, mauvaise nouvelle pour Amougou Belinga\",\"datePublished\":\"2023-03-01T20:58:31+00:00\",\"dateModified\":\"2023-03-01T21:35:12+00:00\",\"mainEntityOfPage\":{\"@id\":\"https:\/\/www.africa-press.net\/cameroun\/politique\/sed-paul-biya-actionne-le-plan-b-mauvaise-nouvelle-pour-amougou-belinga\"},\"wordCount\":545,\"commentCount\":0,\"image\":{\"@id\":\"https:\/\/www.africa-press.net\/cameroun\/politique\/sed-paul-biya-actionne-le-plan-b-mauvaise-nouvelle-pour-amougou-belinga#primaryimage\"},\"thumbnailUrl\":\"https:\/\/static.africa-press.net\/cameroun\/sites\/57\/2023\/03\/postQueueImg_1677691722.81.jpg\",\"keywords\":[\"Africa Press\",\"Africa Press-Cameroun\",\"Cameroun\"],\"articleSection\":[\"Politique\",\"Toutes les actualit\u00e9s\"],\"inLanguage\":\"fr-FR\",\"potentialAction\":[{\"@type\":\"CommentAction\",\"name\":\"Comment\",\"target\":[\"https:\/\/www.africa-press.net\/cameroun\/politique\/sed-paul-biya-actionne-le-plan-b-mauvaise-nouvelle-pour-amougou-belinga#respond\"]}]},{\"@type\":\"WebPage\",\"@id\":\"https:\/\/www.africa-press.net\/cameroun\/politique\/sed-paul-biya-actionne-le-plan-b-mauvaise-nouvelle-pour-amougou-belinga\",\"url\":\"https:\/\/www.africa-press.net\/cameroun\/politique\/sed-paul-biya-actionne-le-plan-b-mauvaise-nouvelle-pour-amougou-belinga\",\"name\":\"SED : Paul Biya actionne le plan B, mauvaise nouvelle pour Amougou Belinga - Cameroun\",\"isPartOf\":{\"@id\":\"https:\/\/www.africa-press.net\/cameroun\/#website\"},\"primaryImageOfPage\":{\"@id\":\"https:\/\/www.africa-press.net\/cameroun\/politique\/sed-paul-biya-actionne-le-plan-b-mauvaise-nouvelle-pour-amougou-belinga#primaryimage\"},\"image\":{\"@id\":\"https:\/\/www.africa-press.net\/cameroun\/politique\/sed-paul-biya-actionne-le-plan-b-mauvaise-nouvelle-pour-amougou-belinga#primaryimage\"},\"thumbnailUrl\":\"https:\/\/static.africa-press.net\/cameroun\/sites\/57\/2023\/03\/postQueueImg_1677691722.81.jpg\",\"datePublished\":\"2023-03-01T20:58:31+00:00\",\"dateModified\":\"2023-03-01T21:35:12+00:00\",\"author\":{\"@id\":\"https:\/\/www.africa-press.net\/cameroun\/#\/schema\/person\/2b1cf3cd81a31e3cd26889ca66d677f1\"},\"description\":\"L\u2019enque\u0302te sur l\u2019assassinat de Martinez Zogo est au point mort. A part l\u2019audition du journaliste mardi du journaliste Pa ...L\u2019enque\u0302te sur l\u2019assassinat de Martinez Zogo est au point mort. A part l\u2019audition du journaliste mardi du journaliste Pa ...\",\"breadcrumb\":{\"@id\":\"https:\/\/www.africa-press.net\/cameroun\/politique\/sed-paul-biya-actionne-le-plan-b-mauvaise-nouvelle-pour-amougou-belinga#breadcrumb\"},\"inLanguage\":\"fr-FR\",\"potentialAction\":[{\"@type\":\"ReadAction\",\"target\":[\"https:\/\/www.africa-press.net\/cameroun\/politique\/sed-paul-biya-actionne-le-plan-b-mauvaise-nouvelle-pour-amougou-belinga\"]}]},{\"@type\":\"ImageObject\",\"inLanguage\":\"fr-FR\",\"@id\":\"https:\/\/www.africa-press.net\/cameroun\/politique\/sed-paul-biya-actionne-le-plan-b-mauvaise-nouvelle-pour-amougou-belinga#primaryimage\",\"url\":\"https:\/\/static.africa-press.net\/cameroun\/sites\/57\/2023\/03\/postQueueImg_1677691722.81.jpg\",\"contentUrl\":\"https:\/\/static.africa-press.net\/cameroun\/sites\/57\/2023\/03\/postQueueImg_1677691722.81.jpg\",\"width\":720,\"height\":399,\"caption\":\"SED : Paul Biya actionne le plan B, mauvaise nouvelle pour Amougou Belinga\"},{\"@type\":\"BreadcrumbList\",\"@id\":\"https:\/\/www.africa-press.net\/cameroun\/politique\/sed-paul-biya-actionne-le-plan-b-mauvaise-nouvelle-pour-amougou-belinga#breadcrumb\",\"itemListElement\":[{\"@type\":\"ListItem\",\"position\":1,\"name\":\"Accueil\",\"item\":\"https:\/\/www.africa-press.net\/cameroun\/\"},{\"@type\":\"ListItem\",\"position\":2,\"name\":\"SED : Paul Biya actionne le plan B, mauvaise nouvelle pour Amougou Belinga\"}]},{\"@type\":\"WebSite\",\"@id\":\"https:\/\/www.africa-press.net\/cameroun\/#website\",\"url\":\"https:\/\/www.africa-press.net\/cameroun\/\",\"name\":\"Cameroun\",\"description\":\"Just another Africa News Agency Sites site\",\"potentialAction\":[{\"@type\":\"SearchAction\",\"target\":{\"@type\":\"EntryPoint\",\"urlTemplate\":\"https:\/\/www.africa-press.net\/cameroun\/?s={search_term_string}\"},\"query-input\":{\"@type\":\"PropertyValueSpecification\",\"valueRequired\":true,\"valueName\":\"search_term_string\"}}],\"inLanguage\":\"fr-FR\"},{\"@type\":\"Person\",\"@id\":\"https:\/\/www.africa-press.net\/cameroun\/#\/schema\/person\/2b1cf3cd81a31e3cd26889ca66d677f1\",\"name\":\"cfeditorfr\"}]}<\/script>\n<!-- \/ Yoast SEO Premium plugin. -->","yoast_head_json":{"title":"SED : Paul Biya actionne le plan B, mauvaise nouvelle pour Amougou Belinga - Cameroun","description":"L\u2019enque\u0302te sur l\u2019assassinat de Martinez Zogo est au point mort. A part l\u2019audition du journaliste mardi du journaliste Pa ...L\u2019enque\u0302te sur l\u2019assassinat de Martinez Zogo est au point mort. A part l\u2019audition du journaliste mardi du journaliste Pa ...","robots":{"index":"index","follow":"follow","max-snippet":"max-snippet:-1","max-image-preview":"max-image-preview:large","max-video-preview":"max-video-preview:-1"},"canonical":"https:\/\/www.africa-press.net\/cameroun\/politique\/sed-paul-biya-actionne-le-plan-b-mauvaise-nouvelle-pour-amougou-belinga","og_locale":"fr_FR","og_type":"article","og_title":"SED : Paul Biya actionne le plan B, mauvaise nouvelle pour Amougou Belinga","og_description":"L\u2019enque\u0302te sur l\u2019assassinat de Martinez Zogo est au point mort. A part l\u2019audition du journaliste mardi du journaliste Pa ...L\u2019enque\u0302te sur l\u2019assassinat de Martinez Zogo est au point mort. A part l\u2019audition du journaliste mardi du journaliste Pa ...","og_url":"https:\/\/www.africa-press.net\/cameroun\/politique\/sed-paul-biya-actionne-le-plan-b-mauvaise-nouvelle-pour-amougou-belinga","og_site_name":"Cameroun","article_published_time":"2023-03-01T20:58:31+00:00","article_modified_time":"2023-03-01T21:35:12+00:00","og_image":[{"width":720,"height":399,"url":"https:\/\/static.africa-press.net\/cameroun\/sites\/57\/2023\/03\/postQueueImg_1677691722.81.jpg","type":"image\/jpeg"}],"author":"cfeditorfr","twitter_card":"summary_large_image","twitter_misc":{"\u00c9crit par":"cfeditorfr","Dur\u00e9e de lecture estim\u00e9e":"3 minutes"},"schema":{"@context":"https:\/\/schema.org","@graph":[{"@type":"Article","@id":"https:\/\/www.africa-press.net\/cameroun\/politique\/sed-paul-biya-actionne-le-plan-b-mauvaise-nouvelle-pour-amougou-belinga#article","isPartOf":{"@id":"https:\/\/www.africa-press.net\/cameroun\/politique\/sed-paul-biya-actionne-le-plan-b-mauvaise-nouvelle-pour-amougou-belinga"},"author":{"name":"cfeditorfr","@id":"https:\/\/www.africa-press.net\/cameroun\/#\/schema\/person\/2b1cf3cd81a31e3cd26889ca66d677f1"},"headline":"SED : Paul Biya actionne le plan B, mauvaise nouvelle pour Amougou Belinga","datePublished":"2023-03-01T20:58:31+00:00","dateModified":"2023-03-01T21:35:12+00:00","mainEntityOfPage":{"@id":"https:\/\/www.africa-press.net\/cameroun\/politique\/sed-paul-biya-actionne-le-plan-b-mauvaise-nouvelle-pour-amougou-belinga"},"wordCount":545,"commentCount":0,"image":{"@id":"https:\/\/www.africa-press.net\/cameroun\/politique\/sed-paul-biya-actionne-le-plan-b-mauvaise-nouvelle-pour-amougou-belinga#primaryimage"},"thumbnailUrl":"https:\/\/static.africa-press.net\/cameroun\/sites\/57\/2023\/03\/postQueueImg_1677691722.81.jpg","keywords":["Africa Press","Africa Press-Cameroun","Cameroun"],"articleSection":["Politique","Toutes les actualit\u00e9s"],"inLanguage":"fr-FR","potentialAction":[{"@type":"CommentAction","name":"Comment","target":["https:\/\/www.africa-press.net\/cameroun\/politique\/sed-paul-biya-actionne-le-plan-b-mauvaise-nouvelle-pour-amougou-belinga#respond"]}]},{"@type":"WebPage","@id":"https:\/\/www.africa-press.net\/cameroun\/politique\/sed-paul-biya-actionne-le-plan-b-mauvaise-nouvelle-pour-amougou-belinga","url":"https:\/\/www.africa-press.net\/cameroun\/politique\/sed-paul-biya-actionne-le-plan-b-mauvaise-nouvelle-pour-amougou-belinga","name":"SED : Paul Biya actionne le plan B, mauvaise nouvelle pour Amougou Belinga - Cameroun","isPartOf":{"@id":"https:\/\/www.africa-press.net\/cameroun\/#website"},"primaryImageOfPage":{"@id":"https:\/\/www.africa-press.net\/cameroun\/politique\/sed-paul-biya-actionne-le-plan-b-mauvaise-nouvelle-pour-amougou-belinga#primaryimage"},"image":{"@id":"https:\/\/www.africa-press.net\/cameroun\/politique\/sed-paul-biya-actionne-le-plan-b-mauvaise-nouvelle-pour-amougou-belinga#primaryimage"},"thumbnailUrl":"https:\/\/static.africa-press.net\/cameroun\/sites\/57\/2023\/03\/postQueueImg_1677691722.81.jpg","datePublished":"2023-03-01T20:58:31+00:00","dateModified":"2023-03-01T21:35:12+00:00","author":{"@id":"https:\/\/www.africa-press.net\/cameroun\/#\/schema\/person\/2b1cf3cd81a31e3cd26889ca66d677f1"},"description":"L\u2019enque\u0302te sur l\u2019assassinat de Martinez Zogo est au point mort. A part l\u2019audition du journaliste mardi du journaliste Pa ...L\u2019enque\u0302te sur l\u2019assassinat de Martinez Zogo est au point mort. A part l\u2019audition du journaliste mardi du journaliste Pa ...","breadcrumb":{"@id":"https:\/\/www.africa-press.net\/cameroun\/politique\/sed-paul-biya-actionne-le-plan-b-mauvaise-nouvelle-pour-amougou-belinga#breadcrumb"},"inLanguage":"fr-FR","potentialAction":[{"@type":"ReadAction","target":["https:\/\/www.africa-press.net\/cameroun\/politique\/sed-paul-biya-actionne-le-plan-b-mauvaise-nouvelle-pour-amougou-belinga"]}]},{"@type":"ImageObject","inLanguage":"fr-FR","@id":"https:\/\/www.africa-press.net\/cameroun\/politique\/sed-paul-biya-actionne-le-plan-b-mauvaise-nouvelle-pour-amougou-belinga#primaryimage","url":"https:\/\/static.africa-press.net\/cameroun\/sites\/57\/2023\/03\/postQueueImg_1677691722.81.jpg","contentUrl":"https:\/\/static.africa-press.net\/cameroun\/sites\/57\/2023\/03\/postQueueImg_1677691722.81.jpg","width":720,"height":399,"caption":"SED : Paul Biya actionne le plan B, mauvaise nouvelle pour Amougou Belinga"},{"@type":"BreadcrumbList","@id":"https:\/\/www.africa-press.net\/cameroun\/politique\/sed-paul-biya-actionne-le-plan-b-mauvaise-nouvelle-pour-amougou-belinga#breadcrumb","itemListElement":[{"@type":"ListItem","position":1,"name":"Accueil","item":"https:\/\/www.africa-press.net\/cameroun\/"},{"@type":"ListItem","position":2,"name":"SED : Paul Biya actionne le plan B, mauvaise nouvelle pour Amougou Belinga"}]},{"@type":"WebSite","@id":"https:\/\/www.africa-press.net\/cameroun\/#website","url":"https:\/\/www.africa-press.net\/cameroun\/","name":"Cameroun","description":"Just another Africa News Agency Sites site","potentialAction":[{"@type":"SearchAction","target":{"@type":"EntryPoint","urlTemplate":"https:\/\/www.africa-press.net\/cameroun\/?s={search_term_string}"},"query-input":{"@type":"PropertyValueSpecification","valueRequired":true,"valueName":"search_term_string"}}],"inLanguage":"fr-FR"},{"@type":"Person","@id":"https:\/\/www.africa-press.net\/cameroun\/#\/schema\/person\/2b1cf3cd81a31e3cd26889ca66d677f1","name":"cfeditorfr"}]}},"_links":{"self":[{"href":"https:\/\/www.africa-press.net\/cameroun\/wp-json\/wp\/v2\/posts\/38021","targetHints":{"allow":["GET"]}}],"collection":[{"href":"https:\/\/www.africa-press.net\/cameroun\/wp-json\/wp\/v2\/posts"}],"about":[{"href":"https:\/\/www.africa-press.net\/cameroun\/wp-json\/wp\/v2\/types\/post"}],"author":[{"embeddable":true,"href":"https:\/\/www.africa-press.net\/cameroun\/wp-json\/wp\/v2\/users\/82"}],"replies":[{"embeddable":true,"href":"https:\/\/www.africa-press.net\/cameroun\/wp-json\/wp\/v2\/comments?post=38021"}],"version-history":[{"count":0,"href":"https:\/\/www.africa-press.net\/cameroun\/wp-json\/wp\/v2\/posts\/38021\/revisions"}],"wp:featuredmedia":[{"embeddable":true,"href":"https:\/\/www.africa-press.net\/cameroun\/wp-json\/wp\/v2\/media\/38019"}],"wp:attachment":[{"href":"https:\/\/www.africa-press.net\/cameroun\/wp-json\/wp\/v2\/media?parent=38021"}],"wp:term":[{"taxonomy":"category","embeddable":true,"href":"https:\/\/www.africa-press.net\/cameroun\/wp-json\/wp\/v2\/categories?post=38021"},{"taxonomy":"post_tag","embeddable":true,"href":"https:\/\/www.africa-press.net\/cameroun\/wp-json\/wp\/v2\/tags?post=38021"}],"curies":[{"name":"wp","href":"https:\/\/api.w.org\/{rel}","templated":true}]}}