{"id":38023,"date":"2023-03-01T20:58:44","date_gmt":"2023-03-01T20:58:44","guid":{"rendered":"https:\/\/www.africa-press.net\/cameroun\/politique\/en-fait-je-ne-connais-pas-paul-biya-hein-un-autre-enregistrement-d-amougou-belinga-au-dehors"},"modified":"2023-03-01T21:35:37","modified_gmt":"2023-03-01T21:35:37","slug":"en-fait-je-ne-connais-pas-paul-biya-hein-un-autre-enregistrement-d-amougou-belinga-au-dehors","status":"publish","type":"post","link":"https:\/\/www.africa-press.net\/cameroun\/politique\/en-fait-je-ne-connais-pas-paul-biya-hein-un-autre-enregistrement-d-amougou-belinga-au-dehors","title":{"rendered":"&lsquo;En fait je ne connais pas Paul Biya hein&rsquo;: un autre enregistrement d&rsquo; Amougou Belinga au dehors"},"content":{"rendered":"<p><span style=\"color: #ff6600\"><strong>Africa-Press &#8211; Cameroun. <\/strong><\/span>Les faits semblent donner peu a\u0300 peu raison a\u0300 Gilbert Baongla, l&rsquo;ancien mentor de Jean Pierre Amougou Belinga qui accusait ce dernier d&rsquo;e\u0302tre un feyman. Amougou Belinga affirme dans un audio qu&rsquo;il ne connait me\u0302me pas Biya, alors que dans le passe\u0301, il a toujours affirme\u0301 qu&rsquo;il discutait avec lui.<\/p>\n<p>Un audio du PDG du groupe l&rsquo;Anecdote est actuellement devenu viral sur les re\u0301seaux sociaux. Dans cet audio, l&rsquo;on e\u0301coute Amougou Belinga avouer a\u0300 un interlocuteur qu&rsquo;il ne connait me\u0302me pas Paul Biya et qu&rsquo;il ment souvent quand il dit qu&rsquo;il discute avec le chef de l&rsquo;Etat.<\/p>\n<p>Amougou dans de sales draps<\/p>\n<p>Depuis plus de trois semaines, Jean-Pierre Amougou Belinga est dans les mains de la justice pour les fins d\u2019enque\u0302te concernant l\u2019assassinat de Martinez Zogo.<\/p>\n<p>Dans un article, notre confre\u0300re Jeune Afrique revient avec de nouvelles re\u0301ve\u0301lations concernant Justin Danwe et ses liens pre\u0301sume\u0301s avec le patron de Vision 4.<\/p>\n<p>Autant d\u2019e\u0301le\u0301ments qui maintiennent en de\u0301tention les deux personnages cle\u0301s de l\u2019enque\u0302te.<\/p>\n<p>\u00ab\u00a0Comment le directeur des ope\u0301rations des services secrets du pays, de\u0301core\u0301 chevalier de l\u2019ordre du me\u0301rite camerounais \u2013 la deuxie\u0300me plus haute distinction honorifique du pays \u2013 le 20 mai 2021, est-il devenu le principal suspect d\u2019un tel crime ? Le natif de Souaye, dans l\u2019arrondissement de Guidiguis (re\u0301gion de l\u2019Extre\u0302me-Nord) est pourtant cre\u0301dite\u0301 d\u2019un parcours scolaire sans faute. De son passage au lyce\u0301e classique et moderne de Ngaounde\u0301re\u0301, ou\u0300 il obtient un baccalaure\u0301at litte\u0301raire en 1998, a\u0300 l\u2019universite\u0301 de la me\u0302me ville, qu\u2019il quitte en 2002, licence en poche, le re\u0301cit de ses anciens camarades de\u0301crit un \u00ab sujet brillant \u00bb a\u0300 \u00ab l\u2019intelligence vive\u00a0\u00bb.<\/p>\n<p><a href=\"https:\/\/www.facebook.com\/Valserofficiel\/videos\/1361926537898948\/\"><b>vide\u0301o<\/b><\/a><\/p>\n<p><strong>Pour plus d&rsquo;informations et d&rsquo;analyses sur la <a href=\"https:\/\/www.africa-press.net\/cameroun\">Cameroun<\/a>, suivez <a href=\"https:\/\/www.africa-press.net\/\">Africa-Press<\/a><\/strong><\/p>\n","protected":false},"excerpt":{"rendered":"<p>Africa-Press &#8211; Cameroun. Les faits semblent donner peu a\u0300 peu raison a\u0300 Gilbert Baongla, l&rsquo;ancien mentor de Jean Pierre Amougou Belinga qui accusait ce dernier d&rsquo;e\u0302tre un feyman. Amougou Belinga affirme dans un audio qu&rsquo;il ne connait me\u0302me pas Biya, alors que dans le passe\u0301, il a toujours affirme\u0301 qu&rsquo;il discutait avec lui. Un audio [&hellip;]<\/p>\n","protected":false},"author":82,"featured_media":38022,"comment_status":"open","ping_status":"closed","sticky":false,"template":"","format":"standard","meta":{"footnotes":""},"categories":[2,10,9],"tags":[36,50,49],"class_list":["post-38023","post","type-post","status-publish","format-standard","has-post-thumbnail","hentry","category-politique","category-toutes-les-actualites","category-video","tag-africa-press","tag-africa-press-cameroun","tag-cameroun"],"yoast_head":"<!-- This site is optimized with the Yoast SEO Premium plugin v26.1 (Yoast SEO v27.0) - https:\/\/yoast.com\/product\/yoast-seo-premium-wordpress\/ -->\n<title>&#039;En fait je ne connais pas Paul Biya hein&#039;: un autre enregistrement d&#039; Amougou Belinga au dehors - Cameroun<\/title>\n<meta name=\"description\" content=\"Les faits semblent donner peu a\u0300 peu raison a\u0300 Gilbert Baongla, l&#039;ancien mentor de Jean Pierre Amougou Belinga qui accus ...\" \/>\n<meta name=\"robots\" content=\"index, follow, max-snippet:-1, max-image-preview:large, max-video-preview:-1\" \/>\n<link rel=\"canonical\" href=\"https:\/\/www.africa-press.net\/cameroun\/politique\/en-fait-je-ne-connais-pas-paul-biya-hein-un-autre-enregistrement-d-amougou-belinga-au-dehors\" \/>\n<meta property=\"og:locale\" content=\"fr_FR\" \/>\n<meta property=\"og:type\" content=\"article\" \/>\n<meta property=\"og:title\" content=\"&#039;En fait je ne connais pas Paul Biya hein&#039;: un autre enregistrement d&#039; Amougou Belinga au dehors\" \/>\n<meta property=\"og:description\" content=\"Les faits semblent donner peu a\u0300 peu raison a\u0300 Gilbert Baongla, l&#039;ancien mentor de Jean Pierre Amougou Belinga qui accus ...\" \/>\n<meta property=\"og:url\" content=\"https:\/\/www.africa-press.net\/cameroun\/politique\/en-fait-je-ne-connais-pas-paul-biya-hein-un-autre-enregistrement-d-amougou-belinga-au-dehors\" \/>\n<meta property=\"og:site_name\" content=\"Cameroun\" \/>\n<meta property=\"article:published_time\" content=\"2023-03-01T20:58:44+00:00\" \/>\n<meta property=\"article:modified_time\" content=\"2023-03-01T21:35:37+00:00\" \/>\n<meta property=\"og:image\" content=\"https:\/\/static.africa-press.net\/cameroun\/sites\/57\/2023\/03\/postQueueImg_1677691730.60.jpg\" \/>\n\t<meta property=\"og:image:width\" content=\"800\" \/>\n\t<meta property=\"og:image:height\" content=\"578\" \/>\n\t<meta property=\"og:image:type\" content=\"image\/jpeg\" \/>\n<meta name=\"author\" content=\"cfeditorfr\" \/>\n<meta name=\"twitter:card\" content=\"summary_large_image\" \/>\n<meta name=\"twitter:label1\" content=\"\u00c9crit par\" \/>\n\t<meta name=\"twitter:data1\" content=\"cfeditorfr\" \/>\n\t<meta name=\"twitter:label2\" content=\"Dur\u00e9e de lecture estim\u00e9e\" \/>\n\t<meta name=\"twitter:data2\" content=\"2 minutes\" \/>\n<script type=\"application\/ld+json\" class=\"yoast-schema-graph\">{\"@context\":\"https:\/\/schema.org\",\"@graph\":[{\"@type\":\"Article\",\"@id\":\"https:\/\/www.africa-press.net\/cameroun\/politique\/en-fait-je-ne-connais-pas-paul-biya-hein-un-autre-enregistrement-d-amougou-belinga-au-dehors#article\",\"isPartOf\":{\"@id\":\"https:\/\/www.africa-press.net\/cameroun\/politique\/en-fait-je-ne-connais-pas-paul-biya-hein-un-autre-enregistrement-d-amougou-belinga-au-dehors\"},\"author\":{\"name\":\"cfeditorfr\",\"@id\":\"https:\/\/www.africa-press.net\/cameroun\/#\/schema\/person\/2b1cf3cd81a31e3cd26889ca66d677f1\"},\"headline\":\"&lsquo;En fait je ne connais pas Paul Biya hein&rsquo;: un autre enregistrement d&rsquo; Amougou Belinga au dehors\",\"datePublished\":\"2023-03-01T20:58:44+00:00\",\"dateModified\":\"2023-03-01T21:35:37+00:00\",\"mainEntityOfPage\":{\"@id\":\"https:\/\/www.africa-press.net\/cameroun\/politique\/en-fait-je-ne-connais-pas-paul-biya-hein-un-autre-enregistrement-d-amougou-belinga-au-dehors\"},\"wordCount\":344,\"commentCount\":0,\"image\":{\"@id\":\"https:\/\/www.africa-press.net\/cameroun\/politique\/en-fait-je-ne-connais-pas-paul-biya-hein-un-autre-enregistrement-d-amougou-belinga-au-dehors#primaryimage\"},\"thumbnailUrl\":\"https:\/\/static.africa-press.net\/cameroun\/sites\/57\/2023\/03\/postQueueImg_1677691730.60.jpg\",\"keywords\":[\"Africa Press\",\"Africa Press-Cameroun\",\"Cameroun\"],\"articleSection\":[\"Politique\",\"Toutes les actualit\u00e9s\",\"vid\u00e9o\"],\"inLanguage\":\"fr-FR\",\"potentialAction\":[{\"@type\":\"CommentAction\",\"name\":\"Comment\",\"target\":[\"https:\/\/www.africa-press.net\/cameroun\/politique\/en-fait-je-ne-connais-pas-paul-biya-hein-un-autre-enregistrement-d-amougou-belinga-au-dehors#respond\"]}]},{\"@type\":\"WebPage\",\"@id\":\"https:\/\/www.africa-press.net\/cameroun\/politique\/en-fait-je-ne-connais-pas-paul-biya-hein-un-autre-enregistrement-d-amougou-belinga-au-dehors\",\"url\":\"https:\/\/www.africa-press.net\/cameroun\/politique\/en-fait-je-ne-connais-pas-paul-biya-hein-un-autre-enregistrement-d-amougou-belinga-au-dehors\",\"name\":\"'En fait je ne connais pas Paul Biya hein': un autre enregistrement d' Amougou Belinga au dehors - Cameroun\",\"isPartOf\":{\"@id\":\"https:\/\/www.africa-press.net\/cameroun\/#website\"},\"primaryImageOfPage\":{\"@id\":\"https:\/\/www.africa-press.net\/cameroun\/politique\/en-fait-je-ne-connais-pas-paul-biya-hein-un-autre-enregistrement-d-amougou-belinga-au-dehors#primaryimage\"},\"image\":{\"@id\":\"https:\/\/www.africa-press.net\/cameroun\/politique\/en-fait-je-ne-connais-pas-paul-biya-hein-un-autre-enregistrement-d-amougou-belinga-au-dehors#primaryimage\"},\"thumbnailUrl\":\"https:\/\/static.africa-press.net\/cameroun\/sites\/57\/2023\/03\/postQueueImg_1677691730.60.jpg\",\"datePublished\":\"2023-03-01T20:58:44+00:00\",\"dateModified\":\"2023-03-01T21:35:37+00:00\",\"author\":{\"@id\":\"https:\/\/www.africa-press.net\/cameroun\/#\/schema\/person\/2b1cf3cd81a31e3cd26889ca66d677f1\"},\"description\":\"Les faits semblent donner peu a\u0300 peu raison a\u0300 Gilbert Baongla, l'ancien mentor de Jean Pierre Amougou Belinga qui accus ...\",\"breadcrumb\":{\"@id\":\"https:\/\/www.africa-press.net\/cameroun\/politique\/en-fait-je-ne-connais-pas-paul-biya-hein-un-autre-enregistrement-d-amougou-belinga-au-dehors#breadcrumb\"},\"inLanguage\":\"fr-FR\",\"potentialAction\":[{\"@type\":\"ReadAction\",\"target\":[\"https:\/\/www.africa-press.net\/cameroun\/politique\/en-fait-je-ne-connais-pas-paul-biya-hein-un-autre-enregistrement-d-amougou-belinga-au-dehors\"]}]},{\"@type\":\"ImageObject\",\"inLanguage\":\"fr-FR\",\"@id\":\"https:\/\/www.africa-press.net\/cameroun\/politique\/en-fait-je-ne-connais-pas-paul-biya-hein-un-autre-enregistrement-d-amougou-belinga-au-dehors#primaryimage\",\"url\":\"https:\/\/static.africa-press.net\/cameroun\/sites\/57\/2023\/03\/postQueueImg_1677691730.60.jpg\",\"contentUrl\":\"https:\/\/static.africa-press.net\/cameroun\/sites\/57\/2023\/03\/postQueueImg_1677691730.60.jpg\",\"width\":800,\"height\":578,\"caption\":\"'En fait je ne connais pas Paul Biya hein': un autre enregistrement d' Amougou Belinga au dehors\"},{\"@type\":\"BreadcrumbList\",\"@id\":\"https:\/\/www.africa-press.net\/cameroun\/politique\/en-fait-je-ne-connais-pas-paul-biya-hein-un-autre-enregistrement-d-amougou-belinga-au-dehors#breadcrumb\",\"itemListElement\":[{\"@type\":\"ListItem\",\"position\":1,\"name\":\"Accueil\",\"item\":\"https:\/\/www.africa-press.net\/cameroun\/\"},{\"@type\":\"ListItem\",\"position\":2,\"name\":\"&lsquo;En fait je ne connais pas Paul Biya hein&rsquo;: un autre enregistrement d&rsquo; Amougou Belinga au dehors\"}]},{\"@type\":\"WebSite\",\"@id\":\"https:\/\/www.africa-press.net\/cameroun\/#website\",\"url\":\"https:\/\/www.africa-press.net\/cameroun\/\",\"name\":\"Cameroun\",\"description\":\"Just another Africa News Agency Sites site\",\"potentialAction\":[{\"@type\":\"SearchAction\",\"target\":{\"@type\":\"EntryPoint\",\"urlTemplate\":\"https:\/\/www.africa-press.net\/cameroun\/?s={search_term_string}\"},\"query-input\":{\"@type\":\"PropertyValueSpecification\",\"valueRequired\":true,\"valueName\":\"search_term_string\"}}],\"inLanguage\":\"fr-FR\"},{\"@type\":\"Person\",\"@id\":\"https:\/\/www.africa-press.net\/cameroun\/#\/schema\/person\/2b1cf3cd81a31e3cd26889ca66d677f1\",\"name\":\"cfeditorfr\"}]}<\/script>\n<!-- \/ Yoast SEO Premium plugin. -->","yoast_head_json":{"title":"'En fait je ne connais pas Paul Biya hein': un autre enregistrement d' Amougou Belinga au dehors - Cameroun","description":"Les faits semblent donner peu a\u0300 peu raison a\u0300 Gilbert Baongla, l'ancien mentor de Jean Pierre Amougou Belinga qui accus ...","robots":{"index":"index","follow":"follow","max-snippet":"max-snippet:-1","max-image-preview":"max-image-preview:large","max-video-preview":"max-video-preview:-1"},"canonical":"https:\/\/www.africa-press.net\/cameroun\/politique\/en-fait-je-ne-connais-pas-paul-biya-hein-un-autre-enregistrement-d-amougou-belinga-au-dehors","og_locale":"fr_FR","og_type":"article","og_title":"'En fait je ne connais pas Paul Biya hein': un autre enregistrement d' Amougou Belinga au dehors","og_description":"Les faits semblent donner peu a\u0300 peu raison a\u0300 Gilbert Baongla, l'ancien mentor de Jean Pierre Amougou Belinga qui accus ...","og_url":"https:\/\/www.africa-press.net\/cameroun\/politique\/en-fait-je-ne-connais-pas-paul-biya-hein-un-autre-enregistrement-d-amougou-belinga-au-dehors","og_site_name":"Cameroun","article_published_time":"2023-03-01T20:58:44+00:00","article_modified_time":"2023-03-01T21:35:37+00:00","og_image":[{"width":800,"height":578,"url":"https:\/\/static.africa-press.net\/cameroun\/sites\/57\/2023\/03\/postQueueImg_1677691730.60.jpg","type":"image\/jpeg"}],"author":"cfeditorfr","twitter_card":"summary_large_image","twitter_misc":{"\u00c9crit par":"cfeditorfr","Dur\u00e9e de lecture estim\u00e9e":"2 minutes"},"schema":{"@context":"https:\/\/schema.org","@graph":[{"@type":"Article","@id":"https:\/\/www.africa-press.net\/cameroun\/politique\/en-fait-je-ne-connais-pas-paul-biya-hein-un-autre-enregistrement-d-amougou-belinga-au-dehors#article","isPartOf":{"@id":"https:\/\/www.africa-press.net\/cameroun\/politique\/en-fait-je-ne-connais-pas-paul-biya-hein-un-autre-enregistrement-d-amougou-belinga-au-dehors"},"author":{"name":"cfeditorfr","@id":"https:\/\/www.africa-press.net\/cameroun\/#\/schema\/person\/2b1cf3cd81a31e3cd26889ca66d677f1"},"headline":"&lsquo;En fait je ne connais pas Paul Biya hein&rsquo;: un autre enregistrement d&rsquo; Amougou Belinga au dehors","datePublished":"2023-03-01T20:58:44+00:00","dateModified":"2023-03-01T21:35:37+00:00","mainEntityOfPage":{"@id":"https:\/\/www.africa-press.net\/cameroun\/politique\/en-fait-je-ne-connais-pas-paul-biya-hein-un-autre-enregistrement-d-amougou-belinga-au-dehors"},"wordCount":344,"commentCount":0,"image":{"@id":"https:\/\/www.africa-press.net\/cameroun\/politique\/en-fait-je-ne-connais-pas-paul-biya-hein-un-autre-enregistrement-d-amougou-belinga-au-dehors#primaryimage"},"thumbnailUrl":"https:\/\/static.africa-press.net\/cameroun\/sites\/57\/2023\/03\/postQueueImg_1677691730.60.jpg","keywords":["Africa Press","Africa Press-Cameroun","Cameroun"],"articleSection":["Politique","Toutes les actualit\u00e9s","vid\u00e9o"],"inLanguage":"fr-FR","potentialAction":[{"@type":"CommentAction","name":"Comment","target":["https:\/\/www.africa-press.net\/cameroun\/politique\/en-fait-je-ne-connais-pas-paul-biya-hein-un-autre-enregistrement-d-amougou-belinga-au-dehors#respond"]}]},{"@type":"WebPage","@id":"https:\/\/www.africa-press.net\/cameroun\/politique\/en-fait-je-ne-connais-pas-paul-biya-hein-un-autre-enregistrement-d-amougou-belinga-au-dehors","url":"https:\/\/www.africa-press.net\/cameroun\/politique\/en-fait-je-ne-connais-pas-paul-biya-hein-un-autre-enregistrement-d-amougou-belinga-au-dehors","name":"'En fait je ne connais pas Paul Biya hein': un autre enregistrement d' Amougou Belinga au dehors - Cameroun","isPartOf":{"@id":"https:\/\/www.africa-press.net\/cameroun\/#website"},"primaryImageOfPage":{"@id":"https:\/\/www.africa-press.net\/cameroun\/politique\/en-fait-je-ne-connais-pas-paul-biya-hein-un-autre-enregistrement-d-amougou-belinga-au-dehors#primaryimage"},"image":{"@id":"https:\/\/www.africa-press.net\/cameroun\/politique\/en-fait-je-ne-connais-pas-paul-biya-hein-un-autre-enregistrement-d-amougou-belinga-au-dehors#primaryimage"},"thumbnailUrl":"https:\/\/static.africa-press.net\/cameroun\/sites\/57\/2023\/03\/postQueueImg_1677691730.60.jpg","datePublished":"2023-03-01T20:58:44+00:00","dateModified":"2023-03-01T21:35:37+00:00","author":{"@id":"https:\/\/www.africa-press.net\/cameroun\/#\/schema\/person\/2b1cf3cd81a31e3cd26889ca66d677f1"},"description":"Les faits semblent donner peu a\u0300 peu raison a\u0300 Gilbert Baongla, l'ancien mentor de Jean Pierre Amougou Belinga qui accus ...","breadcrumb":{"@id":"https:\/\/www.africa-press.net\/cameroun\/politique\/en-fait-je-ne-connais-pas-paul-biya-hein-un-autre-enregistrement-d-amougou-belinga-au-dehors#breadcrumb"},"inLanguage":"fr-FR","potentialAction":[{"@type":"ReadAction","target":["https:\/\/www.africa-press.net\/cameroun\/politique\/en-fait-je-ne-connais-pas-paul-biya-hein-un-autre-enregistrement-d-amougou-belinga-au-dehors"]}]},{"@type":"ImageObject","inLanguage":"fr-FR","@id":"https:\/\/www.africa-press.net\/cameroun\/politique\/en-fait-je-ne-connais-pas-paul-biya-hein-un-autre-enregistrement-d-amougou-belinga-au-dehors#primaryimage","url":"https:\/\/static.africa-press.net\/cameroun\/sites\/57\/2023\/03\/postQueueImg_1677691730.60.jpg","contentUrl":"https:\/\/static.africa-press.net\/cameroun\/sites\/57\/2023\/03\/postQueueImg_1677691730.60.jpg","width":800,"height":578,"caption":"'En fait je ne connais pas Paul Biya hein': un autre enregistrement d' Amougou Belinga au dehors"},{"@type":"BreadcrumbList","@id":"https:\/\/www.africa-press.net\/cameroun\/politique\/en-fait-je-ne-connais-pas-paul-biya-hein-un-autre-enregistrement-d-amougou-belinga-au-dehors#breadcrumb","itemListElement":[{"@type":"ListItem","position":1,"name":"Accueil","item":"https:\/\/www.africa-press.net\/cameroun\/"},{"@type":"ListItem","position":2,"name":"&lsquo;En fait je ne connais pas Paul Biya hein&rsquo;: un autre enregistrement d&rsquo; Amougou Belinga au dehors"}]},{"@type":"WebSite","@id":"https:\/\/www.africa-press.net\/cameroun\/#website","url":"https:\/\/www.africa-press.net\/cameroun\/","name":"Cameroun","description":"Just another Africa News Agency Sites site","potentialAction":[{"@type":"SearchAction","target":{"@type":"EntryPoint","urlTemplate":"https:\/\/www.africa-press.net\/cameroun\/?s={search_term_string}"},"query-input":{"@type":"PropertyValueSpecification","valueRequired":true,"valueName":"search_term_string"}}],"inLanguage":"fr-FR"},{"@type":"Person","@id":"https:\/\/www.africa-press.net\/cameroun\/#\/schema\/person\/2b1cf3cd81a31e3cd26889ca66d677f1","name":"cfeditorfr"}]}},"_links":{"self":[{"href":"https:\/\/www.africa-press.net\/cameroun\/wp-json\/wp\/v2\/posts\/38023","targetHints":{"allow":["GET"]}}],"collection":[{"href":"https:\/\/www.africa-press.net\/cameroun\/wp-json\/wp\/v2\/posts"}],"about":[{"href":"https:\/\/www.africa-press.net\/cameroun\/wp-json\/wp\/v2\/types\/post"}],"author":[{"embeddable":true,"href":"https:\/\/www.africa-press.net\/cameroun\/wp-json\/wp\/v2\/users\/82"}],"replies":[{"embeddable":true,"href":"https:\/\/www.africa-press.net\/cameroun\/wp-json\/wp\/v2\/comments?post=38023"}],"version-history":[{"count":0,"href":"https:\/\/www.africa-press.net\/cameroun\/wp-json\/wp\/v2\/posts\/38023\/revisions"}],"wp:featuredmedia":[{"embeddable":true,"href":"https:\/\/www.africa-press.net\/cameroun\/wp-json\/wp\/v2\/media\/38022"}],"wp:attachment":[{"href":"https:\/\/www.africa-press.net\/cameroun\/wp-json\/wp\/v2\/media?parent=38023"}],"wp:term":[{"taxonomy":"category","embeddable":true,"href":"https:\/\/www.africa-press.net\/cameroun\/wp-json\/wp\/v2\/categories?post=38023"},{"taxonomy":"post_tag","embeddable":true,"href":"https:\/\/www.africa-press.net\/cameroun\/wp-json\/wp\/v2\/tags?post=38023"}],"curies":[{"name":"wp","href":"https:\/\/api.w.org\/{rel}","templated":true}]}}