{"id":38025,"date":"2023-03-01T20:58:52","date_gmt":"2023-03-01T20:58:52","guid":{"rendered":"https:\/\/www.africa-press.net\/cameroun\/politique\/ministres-dg-et-officiers-superieurs-le-jour-ou-sarah-amougou-belinga-a-ete-nommee-avocate-generale-par-biya"},"modified":"2023-03-01T21:36:05","modified_gmt":"2023-03-01T21:36:05","slug":"ministres-dg-et-officiers-superieurs-le-jour-ou-sarah-amougou-belinga-a-ete-nommee-avocate-generale-par-biya","status":"publish","type":"post","link":"https:\/\/www.africa-press.net\/cameroun\/politique\/ministres-dg-et-officiers-superieurs-le-jour-ou-sarah-amougou-belinga-a-ete-nommee-avocate-generale-par-biya","title":{"rendered":"Ministres, DG et officiers sup\u00e9rieurs: le jour o\u00f9 Sarah Amougou Belinga a \u00e9t\u00e9 nomm\u00e9e avocate g\u00e9n\u00e9rale par Biya"},"content":{"rendered":"<p><span style=\"color: #ff6600\"><strong>Africa-Press &#8211; Cameroun. <\/strong><\/span>En 2020, Paul Biya nommait la Juge Sarah Itambi, avocate ge\u0301ne\u0301rale a\u0300 la Cour supre\u0302me du Cameroun. La magistrate est la seconde e\u0301pouse d&rsquo;Amougou Belinga. Ce dernier a ce\u0301le\u0301bre\u0301 l&rsquo;e\u0301ve\u0300nement avec fast.<\/p>\n<p>Ce jour, Jean Pierre Amougou Belinga, avait rassemble\u0301 le gotha des personnalite\u0301s influentes (pas toutes quand me\u0302me).<\/p>\n<p>Des ministres, des cadres de la pre\u0301sidence de la Re\u0301publique, des DG et autres hautes personnalite\u0301s ont e\u0301te\u0301 convie\u0301s a\u0300 une fe\u0302te organise\u0301e par le Zomloa des Zomloa pour ce\u0301le\u0301brer cette nomination.<\/p>\n<p>Une manie\u0300re pour l&rsquo;homme d&rsquo;affaire de montrer a\u0300 tous les Camerounais qu&rsquo;il ne ment pas, quand il dit qu&rsquo;il parle avec Paul Biya.<\/p>\n<p>La juge Sarah Itambi: un portrait re\u0301alise\u0301 par Boris Bertolt<\/p>\n<p>Magistrat hors hie\u0301rarchie de 2e\u0300 grade, la juge Sarah Itambi a eu deux enfants avec un premier mari Churchill Ewumbue Monono, Conseiller Technique a\u0300 la Pre\u0301sidence de la Re\u0301publique, avant de se marier avec Amougou Belinga.<\/p>\n<p>En effet, Sarah, qui est jumelle a e\u0301te\u0301 marie\u0301e pendant plusieurs anne\u0301es a\u0300 Monono et le couple a eu des enfants. Avant sa rencontre avec Churchill Monono, Sarah, magistrate e\u0301tait de\u0301ja\u0300 re\u0301pute\u0301e ambitieuse.<\/p>\n<p>Pour se frayer un chemin dans la High socie\u0301te\u0301, elle ne va pas le\u0301sine\u0301 sur la se\u0301duction. C&rsquo;est ainsi que , Benjamin Itoue, ancien ministre de la justice va tomber sans glisser. Dans son tableau de chasse, figurerait e\u0301galement l&rsquo;actuel premier ministre, Dion Ngute alias Nyanga Boy a\u0300 l\u2019e\u0301poque ou\u0300 il e\u0301tait encore au MINREX en charge des relations avec le Commonwealth. A\u0300 cette e\u0301poque Sarah n\u2019est pas marie\u0301e.<\/p>\n<p>Puis elle va rencontrer son futur e\u0301poux Churchill Monono qu\u2019elle connai\u0302t depuis l\u2019a\u0302ge de 17 ans. Ils tombent amoureux l&rsquo;un de l&rsquo;autre, et de cet amour nai\u0302tront deux enfants.<\/p>\n<p>Tout bascule lorsque Monono diplomate est affecte\u0301 en Russie chez Poutine. Sarah va en effet refuser de suivre son compagnon arguant vouloir poursuivre sa carrie\u0300re au Cameroun. Elle a la confiance de son mari qui croit alors e\u0302tre son unique amour.<\/p>\n<p>Or, dans les salons feutre\u0301s de Yaounde\u0301, on sait qu\u2019un autre homme que Monono partage de plus en plus ses jours et ses nuits: le ZOMLOA des ZOMLOA, Jean Pierre Amougou Belinga. La nature n&rsquo;a-t-elle pas horreur du vide?<\/p>\n<p>Entre cette nouvelle relation et les se\u0301jours de Monono au pays, Sarah tombe enceinte. Son mari e\u0301videmment est fier qu\u2019il sera de nouveau pe\u0300re. A\u0300 huit mois de grossesse, Sarah lui annonce qu\u2019elle a fait une fausse couche et que l\u2019enfant est parti. Que c\u2019est triste n\u2019est-ce pas&#8230; la suite est alle\u0301chante.<\/p>\n<p>Churchill Ewumbue de retour quelques anne\u0301es au Cameroun de\u0301couvre de\u0301c\u0327u que quelqu&rsquo;un d&rsquo;autre partage sa couche, il demande le divorce. Pour l\u2019instant il ne se doute de rien. Le divorce sera prononce\u0301 par le juge. Mais pour punir son mari, Sarah qui deviendra Sarah Amougou Belinga apre\u0300s avoir convole\u0301 en justes noces de\u0301cide de continuer a\u0300 porter le nom de Ewumbue Monono. Elle refuse d\u2019enlever le nom de son ancien mari \u00ab\u00a0de leur chose\u00a0\u00bb Sans suite.<\/p>\n<p>Apre\u0300s sa se\u0301paration et son mariage avec Amougou Belinga, Sarah curieusement est toujours en compagnie d&rsquo;un enfant en bas a\u0302ge qu\u2019elle pre\u0301tend e\u0302tre celui de Jean Pierre Amougou Belinga qu\u2019elle a adopte\u0301.<\/p>\n<p>Proble\u0300me: l\u2019enfant a\u0300 l\u2019a\u0302ge qu\u2019aurait eu celui de Monono qu\u2019elle a pre\u0301tendue avoir perdu.<\/p>\n<p>Mais, il n&rsquo;y a qu&rsquo;une me\u0300re qui connai\u0302t le pe\u0300re de son enfant&#8230;Mais, Sarah semble heureuse et sa carrie\u0300re au firmament. N&rsquo;est-elle pas devenue Avocate Ge\u0301ne\u0301rale&#8230;Une promotion me\u0301rite\u0301e? D\u2019ailleurs son mari ne dit il pas a\u0300 qui veut l\u2019entendre qu\u2019il est le ministre de la justice.<\/p>\n<p><strong>Pour plus d&rsquo;informations et d&rsquo;analyses sur la <a href=\"https:\/\/www.africa-press.net\/cameroun\">Cameroun<\/a>, suivez <a href=\"https:\/\/www.africa-press.net\/\">Africa-Press<\/a><\/strong><\/p>\n","protected":false},"excerpt":{"rendered":"<p>Africa-Press &#8211; Cameroun. En 2020, Paul Biya nommait la Juge Sarah Itambi, avocate ge\u0301ne\u0301rale a\u0300 la Cour supre\u0302me du Cameroun. La magistrate est la seconde e\u0301pouse d&rsquo;Amougou Belinga. Ce dernier a ce\u0301le\u0301bre\u0301 l&rsquo;e\u0301ve\u0300nement avec fast. Ce jour, Jean Pierre Amougou Belinga, avait rassemble\u0301 le gotha des personnalite\u0301s influentes (pas toutes quand me\u0302me). Des ministres, des [&hellip;]<\/p>\n","protected":false},"author":82,"featured_media":38024,"comment_status":"open","ping_status":"closed","sticky":false,"template":"","format":"standard","meta":{"footnotes":""},"categories":[2,10],"tags":[36,50,49],"class_list":["post-38025","post","type-post","status-publish","format-standard","has-post-thumbnail","hentry","category-politique","category-toutes-les-actualites","tag-africa-press","tag-africa-press-cameroun","tag-cameroun"],"yoast_head":"<!-- This site is optimized with the Yoast SEO Premium plugin v26.1 (Yoast SEO v27.0) - https:\/\/yoast.com\/product\/yoast-seo-premium-wordpress\/ -->\n<title>Ministres, DG et officiers sup\u00e9rieurs: le jour o\u00f9 Sarah Amougou Belinga a \u00e9t\u00e9 nomm\u00e9e avocate g\u00e9n\u00e9rale par Biya - Cameroun<\/title>\n<meta name=\"description\" content=\"En 2020, Paul Biya nommait la Juge Sarah Itambi, avocate ge\u0301ne\u0301rale a\u0300 la Cour supre\u0302me du Cameroun. La magistrate est l ...\" \/>\n<meta name=\"robots\" content=\"index, follow, max-snippet:-1, max-image-preview:large, max-video-preview:-1\" \/>\n<link rel=\"canonical\" href=\"https:\/\/www.africa-press.net\/cameroun\/politique\/ministres-dg-et-officiers-superieurs-le-jour-ou-sarah-amougou-belinga-a-ete-nommee-avocate-generale-par-biya\" \/>\n<meta property=\"og:locale\" content=\"fr_FR\" \/>\n<meta property=\"og:type\" content=\"article\" \/>\n<meta property=\"og:title\" content=\"Ministres, DG et officiers sup\u00e9rieurs: le jour o\u00f9 Sarah Amougou Belinga a \u00e9t\u00e9 nomm\u00e9e avocate g\u00e9n\u00e9rale par Biya\" \/>\n<meta property=\"og:description\" content=\"En 2020, Paul Biya nommait la Juge Sarah Itambi, avocate ge\u0301ne\u0301rale a\u0300 la Cour supre\u0302me du Cameroun. La magistrate est l ...\" \/>\n<meta property=\"og:url\" content=\"https:\/\/www.africa-press.net\/cameroun\/politique\/ministres-dg-et-officiers-superieurs-le-jour-ou-sarah-amougou-belinga-a-ete-nommee-avocate-generale-par-biya\" \/>\n<meta property=\"og:site_name\" content=\"Cameroun\" \/>\n<meta property=\"article:published_time\" content=\"2023-03-01T20:58:52+00:00\" \/>\n<meta property=\"article:modified_time\" content=\"2023-03-01T21:36:05+00:00\" \/>\n<meta property=\"og:image\" content=\"https:\/\/static.africa-press.net\/cameroun\/sites\/57\/2023\/03\/postQueueImg_1677691738.60.jpg\" \/>\n\t<meta property=\"og:image:width\" content=\"720\" \/>\n\t<meta property=\"og:image:height\" content=\"360\" \/>\n\t<meta property=\"og:image:type\" content=\"image\/jpeg\" \/>\n<meta name=\"author\" content=\"cfeditorfr\" \/>\n<meta name=\"twitter:card\" content=\"summary_large_image\" \/>\n<meta name=\"twitter:label1\" content=\"\u00c9crit par\" \/>\n\t<meta name=\"twitter:data1\" content=\"cfeditorfr\" \/>\n\t<meta name=\"twitter:label2\" content=\"Dur\u00e9e de lecture estim\u00e9e\" \/>\n\t<meta name=\"twitter:data2\" content=\"3 minutes\" \/>\n<script type=\"application\/ld+json\" class=\"yoast-schema-graph\">{\"@context\":\"https:\/\/schema.org\",\"@graph\":[{\"@type\":\"Article\",\"@id\":\"https:\/\/www.africa-press.net\/cameroun\/politique\/ministres-dg-et-officiers-superieurs-le-jour-ou-sarah-amougou-belinga-a-ete-nommee-avocate-generale-par-biya#article\",\"isPartOf\":{\"@id\":\"https:\/\/www.africa-press.net\/cameroun\/politique\/ministres-dg-et-officiers-superieurs-le-jour-ou-sarah-amougou-belinga-a-ete-nommee-avocate-generale-par-biya\"},\"author\":{\"name\":\"cfeditorfr\",\"@id\":\"https:\/\/www.africa-press.net\/cameroun\/#\/schema\/person\/2b1cf3cd81a31e3cd26889ca66d677f1\"},\"headline\":\"Ministres, DG et officiers sup\u00e9rieurs: le jour o\u00f9 Sarah Amougou Belinga a \u00e9t\u00e9 nomm\u00e9e avocate g\u00e9n\u00e9rale par Biya\",\"datePublished\":\"2023-03-01T20:58:52+00:00\",\"dateModified\":\"2023-03-01T21:36:05+00:00\",\"mainEntityOfPage\":{\"@id\":\"https:\/\/www.africa-press.net\/cameroun\/politique\/ministres-dg-et-officiers-superieurs-le-jour-ou-sarah-amougou-belinga-a-ete-nommee-avocate-generale-par-biya\"},\"wordCount\":727,\"commentCount\":0,\"image\":{\"@id\":\"https:\/\/www.africa-press.net\/cameroun\/politique\/ministres-dg-et-officiers-superieurs-le-jour-ou-sarah-amougou-belinga-a-ete-nommee-avocate-generale-par-biya#primaryimage\"},\"thumbnailUrl\":\"https:\/\/static.africa-press.net\/cameroun\/sites\/57\/2023\/03\/postQueueImg_1677691738.60.jpg\",\"keywords\":[\"Africa Press\",\"Africa Press-Cameroun\",\"Cameroun\"],\"articleSection\":[\"Politique\",\"Toutes les actualit\u00e9s\"],\"inLanguage\":\"fr-FR\",\"potentialAction\":[{\"@type\":\"CommentAction\",\"name\":\"Comment\",\"target\":[\"https:\/\/www.africa-press.net\/cameroun\/politique\/ministres-dg-et-officiers-superieurs-le-jour-ou-sarah-amougou-belinga-a-ete-nommee-avocate-generale-par-biya#respond\"]}]},{\"@type\":\"WebPage\",\"@id\":\"https:\/\/www.africa-press.net\/cameroun\/politique\/ministres-dg-et-officiers-superieurs-le-jour-ou-sarah-amougou-belinga-a-ete-nommee-avocate-generale-par-biya\",\"url\":\"https:\/\/www.africa-press.net\/cameroun\/politique\/ministres-dg-et-officiers-superieurs-le-jour-ou-sarah-amougou-belinga-a-ete-nommee-avocate-generale-par-biya\",\"name\":\"Ministres, DG et officiers sup\u00e9rieurs: le jour o\u00f9 Sarah Amougou Belinga a \u00e9t\u00e9 nomm\u00e9e avocate g\u00e9n\u00e9rale par Biya - Cameroun\",\"isPartOf\":{\"@id\":\"https:\/\/www.africa-press.net\/cameroun\/#website\"},\"primaryImageOfPage\":{\"@id\":\"https:\/\/www.africa-press.net\/cameroun\/politique\/ministres-dg-et-officiers-superieurs-le-jour-ou-sarah-amougou-belinga-a-ete-nommee-avocate-generale-par-biya#primaryimage\"},\"image\":{\"@id\":\"https:\/\/www.africa-press.net\/cameroun\/politique\/ministres-dg-et-officiers-superieurs-le-jour-ou-sarah-amougou-belinga-a-ete-nommee-avocate-generale-par-biya#primaryimage\"},\"thumbnailUrl\":\"https:\/\/static.africa-press.net\/cameroun\/sites\/57\/2023\/03\/postQueueImg_1677691738.60.jpg\",\"datePublished\":\"2023-03-01T20:58:52+00:00\",\"dateModified\":\"2023-03-01T21:36:05+00:00\",\"author\":{\"@id\":\"https:\/\/www.africa-press.net\/cameroun\/#\/schema\/person\/2b1cf3cd81a31e3cd26889ca66d677f1\"},\"description\":\"En 2020, Paul Biya nommait la Juge Sarah Itambi, avocate ge\u0301ne\u0301rale a\u0300 la Cour supre\u0302me du Cameroun. La magistrate est l ...\",\"breadcrumb\":{\"@id\":\"https:\/\/www.africa-press.net\/cameroun\/politique\/ministres-dg-et-officiers-superieurs-le-jour-ou-sarah-amougou-belinga-a-ete-nommee-avocate-generale-par-biya#breadcrumb\"},\"inLanguage\":\"fr-FR\",\"potentialAction\":[{\"@type\":\"ReadAction\",\"target\":[\"https:\/\/www.africa-press.net\/cameroun\/politique\/ministres-dg-et-officiers-superieurs-le-jour-ou-sarah-amougou-belinga-a-ete-nommee-avocate-generale-par-biya\"]}]},{\"@type\":\"ImageObject\",\"inLanguage\":\"fr-FR\",\"@id\":\"https:\/\/www.africa-press.net\/cameroun\/politique\/ministres-dg-et-officiers-superieurs-le-jour-ou-sarah-amougou-belinga-a-ete-nommee-avocate-generale-par-biya#primaryimage\",\"url\":\"https:\/\/static.africa-press.net\/cameroun\/sites\/57\/2023\/03\/postQueueImg_1677691738.60.jpg\",\"contentUrl\":\"https:\/\/static.africa-press.net\/cameroun\/sites\/57\/2023\/03\/postQueueImg_1677691738.60.jpg\",\"width\":720,\"height\":360,\"caption\":\"Ministres, DG et officiers sup\u00e9rieurs: le jour o\u00f9 Sarah Amougou Belinga a \u00e9t\u00e9 nomm\u00e9e avocate g\u00e9n\u00e9rale par Biya\"},{\"@type\":\"BreadcrumbList\",\"@id\":\"https:\/\/www.africa-press.net\/cameroun\/politique\/ministres-dg-et-officiers-superieurs-le-jour-ou-sarah-amougou-belinga-a-ete-nommee-avocate-generale-par-biya#breadcrumb\",\"itemListElement\":[{\"@type\":\"ListItem\",\"position\":1,\"name\":\"Accueil\",\"item\":\"https:\/\/www.africa-press.net\/cameroun\/\"},{\"@type\":\"ListItem\",\"position\":2,\"name\":\"Ministres, DG et officiers sup\u00e9rieurs: le jour o\u00f9 Sarah Amougou Belinga a \u00e9t\u00e9 nomm\u00e9e avocate g\u00e9n\u00e9rale par Biya\"}]},{\"@type\":\"WebSite\",\"@id\":\"https:\/\/www.africa-press.net\/cameroun\/#website\",\"url\":\"https:\/\/www.africa-press.net\/cameroun\/\",\"name\":\"Cameroun\",\"description\":\"Just another Africa News Agency Sites site\",\"potentialAction\":[{\"@type\":\"SearchAction\",\"target\":{\"@type\":\"EntryPoint\",\"urlTemplate\":\"https:\/\/www.africa-press.net\/cameroun\/?s={search_term_string}\"},\"query-input\":{\"@type\":\"PropertyValueSpecification\",\"valueRequired\":true,\"valueName\":\"search_term_string\"}}],\"inLanguage\":\"fr-FR\"},{\"@type\":\"Person\",\"@id\":\"https:\/\/www.africa-press.net\/cameroun\/#\/schema\/person\/2b1cf3cd81a31e3cd26889ca66d677f1\",\"name\":\"cfeditorfr\"}]}<\/script>\n<!-- \/ Yoast SEO Premium plugin. -->","yoast_head_json":{"title":"Ministres, DG et officiers sup\u00e9rieurs: le jour o\u00f9 Sarah Amougou Belinga a \u00e9t\u00e9 nomm\u00e9e avocate g\u00e9n\u00e9rale par Biya - Cameroun","description":"En 2020, Paul Biya nommait la Juge Sarah Itambi, avocate ge\u0301ne\u0301rale a\u0300 la Cour supre\u0302me du Cameroun. La magistrate est l ...","robots":{"index":"index","follow":"follow","max-snippet":"max-snippet:-1","max-image-preview":"max-image-preview:large","max-video-preview":"max-video-preview:-1"},"canonical":"https:\/\/www.africa-press.net\/cameroun\/politique\/ministres-dg-et-officiers-superieurs-le-jour-ou-sarah-amougou-belinga-a-ete-nommee-avocate-generale-par-biya","og_locale":"fr_FR","og_type":"article","og_title":"Ministres, DG et officiers sup\u00e9rieurs: le jour o\u00f9 Sarah Amougou Belinga a \u00e9t\u00e9 nomm\u00e9e avocate g\u00e9n\u00e9rale par Biya","og_description":"En 2020, Paul Biya nommait la Juge Sarah Itambi, avocate ge\u0301ne\u0301rale a\u0300 la Cour supre\u0302me du Cameroun. La magistrate est l ...","og_url":"https:\/\/www.africa-press.net\/cameroun\/politique\/ministres-dg-et-officiers-superieurs-le-jour-ou-sarah-amougou-belinga-a-ete-nommee-avocate-generale-par-biya","og_site_name":"Cameroun","article_published_time":"2023-03-01T20:58:52+00:00","article_modified_time":"2023-03-01T21:36:05+00:00","og_image":[{"width":720,"height":360,"url":"https:\/\/static.africa-press.net\/cameroun\/sites\/57\/2023\/03\/postQueueImg_1677691738.60.jpg","type":"image\/jpeg"}],"author":"cfeditorfr","twitter_card":"summary_large_image","twitter_misc":{"\u00c9crit par":"cfeditorfr","Dur\u00e9e de lecture estim\u00e9e":"3 minutes"},"schema":{"@context":"https:\/\/schema.org","@graph":[{"@type":"Article","@id":"https:\/\/www.africa-press.net\/cameroun\/politique\/ministres-dg-et-officiers-superieurs-le-jour-ou-sarah-amougou-belinga-a-ete-nommee-avocate-generale-par-biya#article","isPartOf":{"@id":"https:\/\/www.africa-press.net\/cameroun\/politique\/ministres-dg-et-officiers-superieurs-le-jour-ou-sarah-amougou-belinga-a-ete-nommee-avocate-generale-par-biya"},"author":{"name":"cfeditorfr","@id":"https:\/\/www.africa-press.net\/cameroun\/#\/schema\/person\/2b1cf3cd81a31e3cd26889ca66d677f1"},"headline":"Ministres, DG et officiers sup\u00e9rieurs: le jour o\u00f9 Sarah Amougou Belinga a \u00e9t\u00e9 nomm\u00e9e avocate g\u00e9n\u00e9rale par Biya","datePublished":"2023-03-01T20:58:52+00:00","dateModified":"2023-03-01T21:36:05+00:00","mainEntityOfPage":{"@id":"https:\/\/www.africa-press.net\/cameroun\/politique\/ministres-dg-et-officiers-superieurs-le-jour-ou-sarah-amougou-belinga-a-ete-nommee-avocate-generale-par-biya"},"wordCount":727,"commentCount":0,"image":{"@id":"https:\/\/www.africa-press.net\/cameroun\/politique\/ministres-dg-et-officiers-superieurs-le-jour-ou-sarah-amougou-belinga-a-ete-nommee-avocate-generale-par-biya#primaryimage"},"thumbnailUrl":"https:\/\/static.africa-press.net\/cameroun\/sites\/57\/2023\/03\/postQueueImg_1677691738.60.jpg","keywords":["Africa Press","Africa Press-Cameroun","Cameroun"],"articleSection":["Politique","Toutes les actualit\u00e9s"],"inLanguage":"fr-FR","potentialAction":[{"@type":"CommentAction","name":"Comment","target":["https:\/\/www.africa-press.net\/cameroun\/politique\/ministres-dg-et-officiers-superieurs-le-jour-ou-sarah-amougou-belinga-a-ete-nommee-avocate-generale-par-biya#respond"]}]},{"@type":"WebPage","@id":"https:\/\/www.africa-press.net\/cameroun\/politique\/ministres-dg-et-officiers-superieurs-le-jour-ou-sarah-amougou-belinga-a-ete-nommee-avocate-generale-par-biya","url":"https:\/\/www.africa-press.net\/cameroun\/politique\/ministres-dg-et-officiers-superieurs-le-jour-ou-sarah-amougou-belinga-a-ete-nommee-avocate-generale-par-biya","name":"Ministres, DG et officiers sup\u00e9rieurs: le jour o\u00f9 Sarah Amougou Belinga a \u00e9t\u00e9 nomm\u00e9e avocate g\u00e9n\u00e9rale par Biya - Cameroun","isPartOf":{"@id":"https:\/\/www.africa-press.net\/cameroun\/#website"},"primaryImageOfPage":{"@id":"https:\/\/www.africa-press.net\/cameroun\/politique\/ministres-dg-et-officiers-superieurs-le-jour-ou-sarah-amougou-belinga-a-ete-nommee-avocate-generale-par-biya#primaryimage"},"image":{"@id":"https:\/\/www.africa-press.net\/cameroun\/politique\/ministres-dg-et-officiers-superieurs-le-jour-ou-sarah-amougou-belinga-a-ete-nommee-avocate-generale-par-biya#primaryimage"},"thumbnailUrl":"https:\/\/static.africa-press.net\/cameroun\/sites\/57\/2023\/03\/postQueueImg_1677691738.60.jpg","datePublished":"2023-03-01T20:58:52+00:00","dateModified":"2023-03-01T21:36:05+00:00","author":{"@id":"https:\/\/www.africa-press.net\/cameroun\/#\/schema\/person\/2b1cf3cd81a31e3cd26889ca66d677f1"},"description":"En 2020, Paul Biya nommait la Juge Sarah Itambi, avocate ge\u0301ne\u0301rale a\u0300 la Cour supre\u0302me du Cameroun. La magistrate est l ...","breadcrumb":{"@id":"https:\/\/www.africa-press.net\/cameroun\/politique\/ministres-dg-et-officiers-superieurs-le-jour-ou-sarah-amougou-belinga-a-ete-nommee-avocate-generale-par-biya#breadcrumb"},"inLanguage":"fr-FR","potentialAction":[{"@type":"ReadAction","target":["https:\/\/www.africa-press.net\/cameroun\/politique\/ministres-dg-et-officiers-superieurs-le-jour-ou-sarah-amougou-belinga-a-ete-nommee-avocate-generale-par-biya"]}]},{"@type":"ImageObject","inLanguage":"fr-FR","@id":"https:\/\/www.africa-press.net\/cameroun\/politique\/ministres-dg-et-officiers-superieurs-le-jour-ou-sarah-amougou-belinga-a-ete-nommee-avocate-generale-par-biya#primaryimage","url":"https:\/\/static.africa-press.net\/cameroun\/sites\/57\/2023\/03\/postQueueImg_1677691738.60.jpg","contentUrl":"https:\/\/static.africa-press.net\/cameroun\/sites\/57\/2023\/03\/postQueueImg_1677691738.60.jpg","width":720,"height":360,"caption":"Ministres, DG et officiers sup\u00e9rieurs: le jour o\u00f9 Sarah Amougou Belinga a \u00e9t\u00e9 nomm\u00e9e avocate g\u00e9n\u00e9rale par Biya"},{"@type":"BreadcrumbList","@id":"https:\/\/www.africa-press.net\/cameroun\/politique\/ministres-dg-et-officiers-superieurs-le-jour-ou-sarah-amougou-belinga-a-ete-nommee-avocate-generale-par-biya#breadcrumb","itemListElement":[{"@type":"ListItem","position":1,"name":"Accueil","item":"https:\/\/www.africa-press.net\/cameroun\/"},{"@type":"ListItem","position":2,"name":"Ministres, DG et officiers sup\u00e9rieurs: le jour o\u00f9 Sarah Amougou Belinga a \u00e9t\u00e9 nomm\u00e9e avocate g\u00e9n\u00e9rale par Biya"}]},{"@type":"WebSite","@id":"https:\/\/www.africa-press.net\/cameroun\/#website","url":"https:\/\/www.africa-press.net\/cameroun\/","name":"Cameroun","description":"Just another Africa News Agency Sites site","potentialAction":[{"@type":"SearchAction","target":{"@type":"EntryPoint","urlTemplate":"https:\/\/www.africa-press.net\/cameroun\/?s={search_term_string}"},"query-input":{"@type":"PropertyValueSpecification","valueRequired":true,"valueName":"search_term_string"}}],"inLanguage":"fr-FR"},{"@type":"Person","@id":"https:\/\/www.africa-press.net\/cameroun\/#\/schema\/person\/2b1cf3cd81a31e3cd26889ca66d677f1","name":"cfeditorfr"}]}},"_links":{"self":[{"href":"https:\/\/www.africa-press.net\/cameroun\/wp-json\/wp\/v2\/posts\/38025","targetHints":{"allow":["GET"]}}],"collection":[{"href":"https:\/\/www.africa-press.net\/cameroun\/wp-json\/wp\/v2\/posts"}],"about":[{"href":"https:\/\/www.africa-press.net\/cameroun\/wp-json\/wp\/v2\/types\/post"}],"author":[{"embeddable":true,"href":"https:\/\/www.africa-press.net\/cameroun\/wp-json\/wp\/v2\/users\/82"}],"replies":[{"embeddable":true,"href":"https:\/\/www.africa-press.net\/cameroun\/wp-json\/wp\/v2\/comments?post=38025"}],"version-history":[{"count":0,"href":"https:\/\/www.africa-press.net\/cameroun\/wp-json\/wp\/v2\/posts\/38025\/revisions"}],"wp:featuredmedia":[{"embeddable":true,"href":"https:\/\/www.africa-press.net\/cameroun\/wp-json\/wp\/v2\/media\/38024"}],"wp:attachment":[{"href":"https:\/\/www.africa-press.net\/cameroun\/wp-json\/wp\/v2\/media?parent=38025"}],"wp:term":[{"taxonomy":"category","embeddable":true,"href":"https:\/\/www.africa-press.net\/cameroun\/wp-json\/wp\/v2\/categories?post=38025"},{"taxonomy":"post_tag","embeddable":true,"href":"https:\/\/www.africa-press.net\/cameroun\/wp-json\/wp\/v2\/tags?post=38025"}],"curies":[{"name":"wp","href":"https:\/\/api.w.org\/{rel}","templated":true}]}}