{"id":38035,"date":"2023-03-01T20:59:34","date_gmt":"2023-03-01T20:59:34","guid":{"rendered":"https:\/\/www.africa-press.net\/cameroun\/politique\/rebondissement-une-nouvelle-affaire-voit-le-jour-dans-le-dossier-de-lassassinat-de-martinez-zogo-au-sed"},"modified":"2023-03-01T21:38:05","modified_gmt":"2023-03-01T21:38:05","slug":"rebondissement-une-nouvelle-affaire-voit-le-jour-dans-le-dossier-de-lassassinat-de-martinez-zogo-au-sed","status":"publish","type":"post","link":"https:\/\/www.africa-press.net\/cameroun\/politique\/rebondissement-une-nouvelle-affaire-voit-le-jour-dans-le-dossier-de-lassassinat-de-martinez-zogo-au-sed","title":{"rendered":"Rebondissement : une nouvelle affaire voit le jour dans le dossier de l&rsquo;assassinat de Martinez Zogo au SED"},"content":{"rendered":"<p><span style=\"color: #ff6600\"><strong>Africa-Press &#8211; Cameroun. <\/strong><\/span>Le dossier Martinez Zogo e\u0301volue a\u0300 pas de d&rsquo;escargot au Secre\u0301tariat d&rsquo;Etat a\u0300 la de\u0301fense et la re\u0301daction de Camerounweb apprend aux dernie\u0300res nouvelles qu&rsquo;une nouvelle affaire voit le jour dans le me\u0302me dossier.<\/p>\n<p>Tout est parti d&rsquo;une opinion d&rsquo;un anonyme qui a essaye\u0301 de planter le de\u0301cor de toutes les personnes implique\u0301es et cite\u0301es dans cette affaire.<\/p>\n<p>\u00ab Zogo est mort apre\u0300s avoir accuse\u0301 Belinga de de\u0301tourner l&rsquo;argent avec Motaze pour employer Bidjang &#8230; Eko&rsquo;o est complice, il a e\u0301te\u0301 arre\u0302te\u0301 par Otoulou et sera juge\u0301 par Ondoua, sur ordre de Biya qui a demande\u0301 a\u0300 Mbarga et Etoga d&rsquo;enque\u0302ter sur cette affaire&#8230; Le courrier a e\u0301te\u0301 porte\u0301 par Ngoh Ngoh sur la chai\u0302ne nationale dirige\u0301e par Ndongo et lu par Mballa.. \u00bb c&rsquo;est ce qu&rsquo;a indique\u0301 le texte en question.<\/p>\n<p>Pour Arlette Framboise Doumbe Ding, ce texte fait un clin d&rsquo;oeil au tribalisme dont ferait preuve cette affaire au Cameroun.<\/p>\n<p>\u00ab Il est clair que l&rsquo;auteur du texte veut attirer l&rsquo;attention sur les noms et les origines ethniques des personnes qui interviennent au plus haut niveau dans ces enque\u0302tes sur l&rsquo;assassinat de Martinez Zogo. En re\u0301alite\u0301 me\u0302me si l&rsquo;essentiel dans ces enque\u0302tes est de retrouver les assassins de Martinez Zogo, on peut quand me\u0302me s&rsquo;inquie\u0301ter du fait que dans un pays qui compte pas moins 230 ethnies , on retrouve presque toujours les me\u0302mes noms des fre\u0300res du village a\u0300 tous les postes de de\u0301cision. Ce ne sont pas les noms cite\u0301s dans le texte ci-dessus qui me de\u0301mentiront \u00bb comment l&rsquo;activiste en rapport avec le texte susmentionne\u0301.<\/p>\n<p>Poursuivant elle e\u0301crit que : \u00ab Le Chef de l&rsquo;E\u0301tat qui est du Sud a\u0300 prescrit des enque\u0302tes conjointes police \/ gendarmerie pour faire la lumie\u0300re sur l&rsquo;assassinat du journaliste Martinez Zogo. Le chef de la police s&rsquo;appelle Barga Nguelle, le patron de la gendarmerie nationale s&rsquo;appelle Etoga Galax, le commissaire du gouvernement ( procureur du tribunal militaire) s&rsquo;appelle Belinga. Le texte ci-dessus nous informe que Amougou Belinga a\u0300 e\u0301te\u0301 capture\u0301 par l&rsquo;officier Otoulou. Relativement a\u0300 cette affaire, un lanceur d&rsquo;alerte nous avait signale\u0301 une re\u0301union au ministe\u0300re de la de\u0301fense entre les principales figures de ces enque\u0302tes. La police e\u0301tait repre\u0301sente\u0301e par Barga Nguelle, la gendarmerie par Etoga Galax, le tribunal militaire par Belinga, le ministe\u0300re de la de\u0301fense par Joseph Beti Assomo qui est ministre de la de\u0301fense. Une sorte de re\u0301union familiale, quoi ! Mais franchement on est ou\u0300 la ? \u00bb<\/p>\n<p>Arlette Framboise Doumbe\u0301 Ding met a\u0300 nu le tribalisme que cache cette affaire qui tient en haleine tout le peuple camerounais depuis des semaines.<\/p>\n<p>\u00ab Ce spectacle tribaliste est-il digne du Cameroun que nous re\u0302vons tous et ou\u0300 on parle du vivre ensemble ? Comment expliquer un tel foisonnement des fre\u0300res du village a\u0300 tous les postes de responsabilite\u0301 dans ces enque\u0302tes alors que le Cameroun est un pays qui compte plus de 230 e\u0301thnies et des citoyens compe\u0301tents dans toutes nos 10 re\u0301gions ? Comment est-ce possible ce niveau ahurissant de se\u0301gre\u0301gation tribale en plein 21e\u0300me sie\u0300cle au Cameroun ? Voila\u0300 donc le tribalisme d&rsquo;Etat dans toute sa laideur. Le sentiment national ne signifie pas grand chose pour le re\u0301gime tribaliste de Yaounde\u0301. C&rsquo;est une ve\u0301ritable honte pour ce re\u0301gime. Et apre\u0300s on va s&rsquo;e\u0301tonner que le tribalisme gagne et ronge le reste de la socie\u0301te\u0301 ? Quel exemple nos dirigeants donnent-ils a\u0300 cette socie\u0301te\u0301 ?<\/p>\n<p>Honte a\u0300 ces dirigeants qui assassinent le vivre-ensemble au moyen du tribalisme d&rsquo;Etat. Quelle malhonne\u0302tete\u0301 de pratiquer ostentatoirement la se\u0301gre\u0301gation tribale et de parler en me\u0302me temps du vivre ensemble. C\u0327a sonne tellement faux.<\/p>\n<p>C&rsquo;est l&rsquo;occasion pour moi de lancer un appel a\u0300 ceux des artistes Camerounais qui se pre\u0301parent a\u0300 organiser des concerts pour chanter le vivre ensemble et la paix au mois de mais prochain. J&rsquo;aimerais leur sugge\u0301rer de commencer par s&rsquo;indigner en de\u0301nonc\u0327ant le tribalisme d&rsquo;Etat qui divise les Camerounais en ge\u0301ne\u0301rant des frustrations qui peuvent pre\u0301senter des menaces pour la paix. J&rsquo;aimerais dire a\u0300 ces musiciens qu&rsquo;on ne peut pas re\u0301soudre un proble\u0300me en s&rsquo;attaquant uniquement a\u0300 ses conse\u0301quences. Il faut s&rsquo;attaquer a\u0300 la racine du mal qui se trouve e\u0302tre le tribalisme d&rsquo;Etat qui n&rsquo;a que trop dure\u0301.<\/p>\n<p>C&rsquo;est bien de chanter le vivre ensemble et la paix. Mais qu&rsquo;est-ce qui menace le vivre ensemble et la paix au Cameroun ? Ce sont les injustices et les frustrations ne\u0301es du tribalisme d&rsquo;Etat, de la se\u0301gre\u0301gation tribale et du sentiment d&rsquo;exclusion que cela implique . C&rsquo;est pourquoi il faut de\u0301noncer le tribalisme d&rsquo;Etat qui est la racine du mal .<\/p>\n<p>Je propose d&rsquo;ailleurs aux artistes qui veulent chanter pour la paix et le vivre ensemble de chanter pluto\u0302t contre le tribalisme d&rsquo;Etat ou la se\u0301gre\u0301gation tribale au Cameroun. Cela aura plus d&rsquo;impact sur nos dirigeants qui ne semblent pas prendre la mesure des frustrations que vivent les Camerounais qui se sentent marginalise\u0301s depuis tant d&rsquo;anne\u0301es. \u00bb<\/p>\n<p><strong>Pour plus d&rsquo;informations et d&rsquo;analyses sur la <a href=\"https:\/\/www.africa-press.net\/cameroun\">Cameroun<\/a>, suivez <a href=\"https:\/\/www.africa-press.net\/\">Africa-Press<\/a><\/strong><\/p>\n","protected":false},"excerpt":{"rendered":"<p>Africa-Press &#8211; Cameroun. Le dossier Martinez Zogo e\u0301volue a\u0300 pas de d&rsquo;escargot au Secre\u0301tariat d&rsquo;Etat a\u0300 la de\u0301fense et la re\u0301daction de Camerounweb apprend aux dernie\u0300res nouvelles qu&rsquo;une nouvelle affaire voit le jour dans le me\u0302me dossier. Tout est parti d&rsquo;une opinion d&rsquo;un anonyme qui a essaye\u0301 de planter le de\u0301cor de toutes les personnes [&hellip;]<\/p>\n","protected":false},"author":82,"featured_media":38034,"comment_status":"open","ping_status":"closed","sticky":false,"template":"","format":"standard","meta":{"footnotes":""},"categories":[2,10],"tags":[36,50,49],"class_list":["post-38035","post","type-post","status-publish","format-standard","has-post-thumbnail","hentry","category-politique","category-toutes-les-actualites","tag-africa-press","tag-africa-press-cameroun","tag-cameroun"],"yoast_head":"<!-- This site is optimized with the Yoast SEO Premium plugin v26.1 (Yoast SEO v27.0) - https:\/\/yoast.com\/product\/yoast-seo-premium-wordpress\/ -->\n<title>Rebondissement : une nouvelle affaire voit le jour dans le dossier de l&#039;assassinat de Martinez Zogo au SED - Cameroun<\/title>\n<meta name=\"description\" content=\"Le dossier Martinez Zogo e\u0301volue a\u0300 pas de d&#039;escargot au Secre\u0301tariat d&#039;Etat a\u0300 la de\u0301fense et la re\u0301daction de Cameroun ...\" \/>\n<meta name=\"robots\" content=\"index, follow, max-snippet:-1, max-image-preview:large, max-video-preview:-1\" \/>\n<link rel=\"canonical\" href=\"https:\/\/www.africa-press.net\/cameroun\/politique\/rebondissement-une-nouvelle-affaire-voit-le-jour-dans-le-dossier-de-lassassinat-de-martinez-zogo-au-sed\" \/>\n<meta property=\"og:locale\" content=\"fr_FR\" \/>\n<meta property=\"og:type\" content=\"article\" \/>\n<meta property=\"og:title\" content=\"Rebondissement : une nouvelle affaire voit le jour dans le dossier de l&#039;assassinat de Martinez Zogo au SED\" \/>\n<meta property=\"og:description\" content=\"Le dossier Martinez Zogo e\u0301volue a\u0300 pas de d&#039;escargot au Secre\u0301tariat d&#039;Etat a\u0300 la de\u0301fense et la re\u0301daction de Cameroun ...\" \/>\n<meta property=\"og:url\" content=\"https:\/\/www.africa-press.net\/cameroun\/politique\/rebondissement-une-nouvelle-affaire-voit-le-jour-dans-le-dossier-de-lassassinat-de-martinez-zogo-au-sed\" \/>\n<meta property=\"og:site_name\" content=\"Cameroun\" \/>\n<meta property=\"article:published_time\" content=\"2023-03-01T20:59:34+00:00\" \/>\n<meta property=\"article:modified_time\" content=\"2023-03-01T21:38:05+00:00\" \/>\n<meta property=\"og:image\" content=\"https:\/\/static.africa-press.net\/cameroun\/sites\/57\/2023\/03\/postQueueImg_1677691778.17.jpg\" \/>\n\t<meta property=\"og:image:width\" content=\"720\" \/>\n\t<meta property=\"og:image:height\" content=\"540\" \/>\n\t<meta property=\"og:image:type\" content=\"image\/jpeg\" \/>\n<meta name=\"author\" content=\"cfeditorfr\" \/>\n<meta name=\"twitter:card\" content=\"summary_large_image\" \/>\n<meta name=\"twitter:label1\" content=\"\u00c9crit par\" \/>\n\t<meta name=\"twitter:data1\" content=\"cfeditorfr\" \/>\n\t<meta name=\"twitter:label2\" content=\"Dur\u00e9e de lecture estim\u00e9e\" \/>\n\t<meta name=\"twitter:data2\" content=\"4 minutes\" \/>\n<script type=\"application\/ld+json\" class=\"yoast-schema-graph\">{\"@context\":\"https:\/\/schema.org\",\"@graph\":[{\"@type\":\"Article\",\"@id\":\"https:\/\/www.africa-press.net\/cameroun\/politique\/rebondissement-une-nouvelle-affaire-voit-le-jour-dans-le-dossier-de-lassassinat-de-martinez-zogo-au-sed#article\",\"isPartOf\":{\"@id\":\"https:\/\/www.africa-press.net\/cameroun\/politique\/rebondissement-une-nouvelle-affaire-voit-le-jour-dans-le-dossier-de-lassassinat-de-martinez-zogo-au-sed\"},\"author\":{\"name\":\"cfeditorfr\",\"@id\":\"https:\/\/www.africa-press.net\/cameroun\/#\/schema\/person\/2b1cf3cd81a31e3cd26889ca66d677f1\"},\"headline\":\"Rebondissement : une nouvelle affaire voit le jour dans le dossier de l&rsquo;assassinat de Martinez Zogo au SED\",\"datePublished\":\"2023-03-01T20:59:34+00:00\",\"dateModified\":\"2023-03-01T21:38:05+00:00\",\"mainEntityOfPage\":{\"@id\":\"https:\/\/www.africa-press.net\/cameroun\/politique\/rebondissement-une-nouvelle-affaire-voit-le-jour-dans-le-dossier-de-lassassinat-de-martinez-zogo-au-sed\"},\"wordCount\":954,\"commentCount\":0,\"image\":{\"@id\":\"https:\/\/www.africa-press.net\/cameroun\/politique\/rebondissement-une-nouvelle-affaire-voit-le-jour-dans-le-dossier-de-lassassinat-de-martinez-zogo-au-sed#primaryimage\"},\"thumbnailUrl\":\"https:\/\/static.africa-press.net\/cameroun\/sites\/57\/2023\/03\/postQueueImg_1677691778.17.jpg\",\"keywords\":[\"Africa Press\",\"Africa Press-Cameroun\",\"Cameroun\"],\"articleSection\":[\"Politique\",\"Toutes les actualit\u00e9s\"],\"inLanguage\":\"fr-FR\",\"potentialAction\":[{\"@type\":\"CommentAction\",\"name\":\"Comment\",\"target\":[\"https:\/\/www.africa-press.net\/cameroun\/politique\/rebondissement-une-nouvelle-affaire-voit-le-jour-dans-le-dossier-de-lassassinat-de-martinez-zogo-au-sed#respond\"]}]},{\"@type\":\"WebPage\",\"@id\":\"https:\/\/www.africa-press.net\/cameroun\/politique\/rebondissement-une-nouvelle-affaire-voit-le-jour-dans-le-dossier-de-lassassinat-de-martinez-zogo-au-sed\",\"url\":\"https:\/\/www.africa-press.net\/cameroun\/politique\/rebondissement-une-nouvelle-affaire-voit-le-jour-dans-le-dossier-de-lassassinat-de-martinez-zogo-au-sed\",\"name\":\"Rebondissement : une nouvelle affaire voit le jour dans le dossier de l'assassinat de Martinez Zogo au SED - Cameroun\",\"isPartOf\":{\"@id\":\"https:\/\/www.africa-press.net\/cameroun\/#website\"},\"primaryImageOfPage\":{\"@id\":\"https:\/\/www.africa-press.net\/cameroun\/politique\/rebondissement-une-nouvelle-affaire-voit-le-jour-dans-le-dossier-de-lassassinat-de-martinez-zogo-au-sed#primaryimage\"},\"image\":{\"@id\":\"https:\/\/www.africa-press.net\/cameroun\/politique\/rebondissement-une-nouvelle-affaire-voit-le-jour-dans-le-dossier-de-lassassinat-de-martinez-zogo-au-sed#primaryimage\"},\"thumbnailUrl\":\"https:\/\/static.africa-press.net\/cameroun\/sites\/57\/2023\/03\/postQueueImg_1677691778.17.jpg\",\"datePublished\":\"2023-03-01T20:59:34+00:00\",\"dateModified\":\"2023-03-01T21:38:05+00:00\",\"author\":{\"@id\":\"https:\/\/www.africa-press.net\/cameroun\/#\/schema\/person\/2b1cf3cd81a31e3cd26889ca66d677f1\"},\"description\":\"Le dossier Martinez Zogo e\u0301volue a\u0300 pas de d'escargot au Secre\u0301tariat d'Etat a\u0300 la de\u0301fense et la re\u0301daction de Cameroun ...\",\"breadcrumb\":{\"@id\":\"https:\/\/www.africa-press.net\/cameroun\/politique\/rebondissement-une-nouvelle-affaire-voit-le-jour-dans-le-dossier-de-lassassinat-de-martinez-zogo-au-sed#breadcrumb\"},\"inLanguage\":\"fr-FR\",\"potentialAction\":[{\"@type\":\"ReadAction\",\"target\":[\"https:\/\/www.africa-press.net\/cameroun\/politique\/rebondissement-une-nouvelle-affaire-voit-le-jour-dans-le-dossier-de-lassassinat-de-martinez-zogo-au-sed\"]}]},{\"@type\":\"ImageObject\",\"inLanguage\":\"fr-FR\",\"@id\":\"https:\/\/www.africa-press.net\/cameroun\/politique\/rebondissement-une-nouvelle-affaire-voit-le-jour-dans-le-dossier-de-lassassinat-de-martinez-zogo-au-sed#primaryimage\",\"url\":\"https:\/\/static.africa-press.net\/cameroun\/sites\/57\/2023\/03\/postQueueImg_1677691778.17.jpg\",\"contentUrl\":\"https:\/\/static.africa-press.net\/cameroun\/sites\/57\/2023\/03\/postQueueImg_1677691778.17.jpg\",\"width\":720,\"height\":540,\"caption\":\"Rebondissement : une nouvelle affaire voit le jour dans le dossier de l'assassinat de Martinez Zogo au SED\"},{\"@type\":\"BreadcrumbList\",\"@id\":\"https:\/\/www.africa-press.net\/cameroun\/politique\/rebondissement-une-nouvelle-affaire-voit-le-jour-dans-le-dossier-de-lassassinat-de-martinez-zogo-au-sed#breadcrumb\",\"itemListElement\":[{\"@type\":\"ListItem\",\"position\":1,\"name\":\"Accueil\",\"item\":\"https:\/\/www.africa-press.net\/cameroun\/\"},{\"@type\":\"ListItem\",\"position\":2,\"name\":\"Rebondissement : une nouvelle affaire voit le jour dans le dossier de l&rsquo;assassinat de Martinez Zogo au SED\"}]},{\"@type\":\"WebSite\",\"@id\":\"https:\/\/www.africa-press.net\/cameroun\/#website\",\"url\":\"https:\/\/www.africa-press.net\/cameroun\/\",\"name\":\"Cameroun\",\"description\":\"Just another Africa News Agency Sites site\",\"potentialAction\":[{\"@type\":\"SearchAction\",\"target\":{\"@type\":\"EntryPoint\",\"urlTemplate\":\"https:\/\/www.africa-press.net\/cameroun\/?s={search_term_string}\"},\"query-input\":{\"@type\":\"PropertyValueSpecification\",\"valueRequired\":true,\"valueName\":\"search_term_string\"}}],\"inLanguage\":\"fr-FR\"},{\"@type\":\"Person\",\"@id\":\"https:\/\/www.africa-press.net\/cameroun\/#\/schema\/person\/2b1cf3cd81a31e3cd26889ca66d677f1\",\"name\":\"cfeditorfr\"}]}<\/script>\n<!-- \/ Yoast SEO Premium plugin. -->","yoast_head_json":{"title":"Rebondissement : une nouvelle affaire voit le jour dans le dossier de l'assassinat de Martinez Zogo au SED - Cameroun","description":"Le dossier Martinez Zogo e\u0301volue a\u0300 pas de d'escargot au Secre\u0301tariat d'Etat a\u0300 la de\u0301fense et la re\u0301daction de Cameroun ...","robots":{"index":"index","follow":"follow","max-snippet":"max-snippet:-1","max-image-preview":"max-image-preview:large","max-video-preview":"max-video-preview:-1"},"canonical":"https:\/\/www.africa-press.net\/cameroun\/politique\/rebondissement-une-nouvelle-affaire-voit-le-jour-dans-le-dossier-de-lassassinat-de-martinez-zogo-au-sed","og_locale":"fr_FR","og_type":"article","og_title":"Rebondissement : une nouvelle affaire voit le jour dans le dossier de l'assassinat de Martinez Zogo au SED","og_description":"Le dossier Martinez Zogo e\u0301volue a\u0300 pas de d'escargot au Secre\u0301tariat d'Etat a\u0300 la de\u0301fense et la re\u0301daction de Cameroun ...","og_url":"https:\/\/www.africa-press.net\/cameroun\/politique\/rebondissement-une-nouvelle-affaire-voit-le-jour-dans-le-dossier-de-lassassinat-de-martinez-zogo-au-sed","og_site_name":"Cameroun","article_published_time":"2023-03-01T20:59:34+00:00","article_modified_time":"2023-03-01T21:38:05+00:00","og_image":[{"width":720,"height":540,"url":"https:\/\/static.africa-press.net\/cameroun\/sites\/57\/2023\/03\/postQueueImg_1677691778.17.jpg","type":"image\/jpeg"}],"author":"cfeditorfr","twitter_card":"summary_large_image","twitter_misc":{"\u00c9crit par":"cfeditorfr","Dur\u00e9e de lecture estim\u00e9e":"4 minutes"},"schema":{"@context":"https:\/\/schema.org","@graph":[{"@type":"Article","@id":"https:\/\/www.africa-press.net\/cameroun\/politique\/rebondissement-une-nouvelle-affaire-voit-le-jour-dans-le-dossier-de-lassassinat-de-martinez-zogo-au-sed#article","isPartOf":{"@id":"https:\/\/www.africa-press.net\/cameroun\/politique\/rebondissement-une-nouvelle-affaire-voit-le-jour-dans-le-dossier-de-lassassinat-de-martinez-zogo-au-sed"},"author":{"name":"cfeditorfr","@id":"https:\/\/www.africa-press.net\/cameroun\/#\/schema\/person\/2b1cf3cd81a31e3cd26889ca66d677f1"},"headline":"Rebondissement : une nouvelle affaire voit le jour dans le dossier de l&rsquo;assassinat de Martinez Zogo au SED","datePublished":"2023-03-01T20:59:34+00:00","dateModified":"2023-03-01T21:38:05+00:00","mainEntityOfPage":{"@id":"https:\/\/www.africa-press.net\/cameroun\/politique\/rebondissement-une-nouvelle-affaire-voit-le-jour-dans-le-dossier-de-lassassinat-de-martinez-zogo-au-sed"},"wordCount":954,"commentCount":0,"image":{"@id":"https:\/\/www.africa-press.net\/cameroun\/politique\/rebondissement-une-nouvelle-affaire-voit-le-jour-dans-le-dossier-de-lassassinat-de-martinez-zogo-au-sed#primaryimage"},"thumbnailUrl":"https:\/\/static.africa-press.net\/cameroun\/sites\/57\/2023\/03\/postQueueImg_1677691778.17.jpg","keywords":["Africa Press","Africa Press-Cameroun","Cameroun"],"articleSection":["Politique","Toutes les actualit\u00e9s"],"inLanguage":"fr-FR","potentialAction":[{"@type":"CommentAction","name":"Comment","target":["https:\/\/www.africa-press.net\/cameroun\/politique\/rebondissement-une-nouvelle-affaire-voit-le-jour-dans-le-dossier-de-lassassinat-de-martinez-zogo-au-sed#respond"]}]},{"@type":"WebPage","@id":"https:\/\/www.africa-press.net\/cameroun\/politique\/rebondissement-une-nouvelle-affaire-voit-le-jour-dans-le-dossier-de-lassassinat-de-martinez-zogo-au-sed","url":"https:\/\/www.africa-press.net\/cameroun\/politique\/rebondissement-une-nouvelle-affaire-voit-le-jour-dans-le-dossier-de-lassassinat-de-martinez-zogo-au-sed","name":"Rebondissement : une nouvelle affaire voit le jour dans le dossier de l'assassinat de Martinez Zogo au SED - Cameroun","isPartOf":{"@id":"https:\/\/www.africa-press.net\/cameroun\/#website"},"primaryImageOfPage":{"@id":"https:\/\/www.africa-press.net\/cameroun\/politique\/rebondissement-une-nouvelle-affaire-voit-le-jour-dans-le-dossier-de-lassassinat-de-martinez-zogo-au-sed#primaryimage"},"image":{"@id":"https:\/\/www.africa-press.net\/cameroun\/politique\/rebondissement-une-nouvelle-affaire-voit-le-jour-dans-le-dossier-de-lassassinat-de-martinez-zogo-au-sed#primaryimage"},"thumbnailUrl":"https:\/\/static.africa-press.net\/cameroun\/sites\/57\/2023\/03\/postQueueImg_1677691778.17.jpg","datePublished":"2023-03-01T20:59:34+00:00","dateModified":"2023-03-01T21:38:05+00:00","author":{"@id":"https:\/\/www.africa-press.net\/cameroun\/#\/schema\/person\/2b1cf3cd81a31e3cd26889ca66d677f1"},"description":"Le dossier Martinez Zogo e\u0301volue a\u0300 pas de d'escargot au Secre\u0301tariat d'Etat a\u0300 la de\u0301fense et la re\u0301daction de Cameroun ...","breadcrumb":{"@id":"https:\/\/www.africa-press.net\/cameroun\/politique\/rebondissement-une-nouvelle-affaire-voit-le-jour-dans-le-dossier-de-lassassinat-de-martinez-zogo-au-sed#breadcrumb"},"inLanguage":"fr-FR","potentialAction":[{"@type":"ReadAction","target":["https:\/\/www.africa-press.net\/cameroun\/politique\/rebondissement-une-nouvelle-affaire-voit-le-jour-dans-le-dossier-de-lassassinat-de-martinez-zogo-au-sed"]}]},{"@type":"ImageObject","inLanguage":"fr-FR","@id":"https:\/\/www.africa-press.net\/cameroun\/politique\/rebondissement-une-nouvelle-affaire-voit-le-jour-dans-le-dossier-de-lassassinat-de-martinez-zogo-au-sed#primaryimage","url":"https:\/\/static.africa-press.net\/cameroun\/sites\/57\/2023\/03\/postQueueImg_1677691778.17.jpg","contentUrl":"https:\/\/static.africa-press.net\/cameroun\/sites\/57\/2023\/03\/postQueueImg_1677691778.17.jpg","width":720,"height":540,"caption":"Rebondissement : une nouvelle affaire voit le jour dans le dossier de l'assassinat de Martinez Zogo au SED"},{"@type":"BreadcrumbList","@id":"https:\/\/www.africa-press.net\/cameroun\/politique\/rebondissement-une-nouvelle-affaire-voit-le-jour-dans-le-dossier-de-lassassinat-de-martinez-zogo-au-sed#breadcrumb","itemListElement":[{"@type":"ListItem","position":1,"name":"Accueil","item":"https:\/\/www.africa-press.net\/cameroun\/"},{"@type":"ListItem","position":2,"name":"Rebondissement : une nouvelle affaire voit le jour dans le dossier de l&rsquo;assassinat de Martinez Zogo au SED"}]},{"@type":"WebSite","@id":"https:\/\/www.africa-press.net\/cameroun\/#website","url":"https:\/\/www.africa-press.net\/cameroun\/","name":"Cameroun","description":"Just another Africa News Agency Sites site","potentialAction":[{"@type":"SearchAction","target":{"@type":"EntryPoint","urlTemplate":"https:\/\/www.africa-press.net\/cameroun\/?s={search_term_string}"},"query-input":{"@type":"PropertyValueSpecification","valueRequired":true,"valueName":"search_term_string"}}],"inLanguage":"fr-FR"},{"@type":"Person","@id":"https:\/\/www.africa-press.net\/cameroun\/#\/schema\/person\/2b1cf3cd81a31e3cd26889ca66d677f1","name":"cfeditorfr"}]}},"_links":{"self":[{"href":"https:\/\/www.africa-press.net\/cameroun\/wp-json\/wp\/v2\/posts\/38035","targetHints":{"allow":["GET"]}}],"collection":[{"href":"https:\/\/www.africa-press.net\/cameroun\/wp-json\/wp\/v2\/posts"}],"about":[{"href":"https:\/\/www.africa-press.net\/cameroun\/wp-json\/wp\/v2\/types\/post"}],"author":[{"embeddable":true,"href":"https:\/\/www.africa-press.net\/cameroun\/wp-json\/wp\/v2\/users\/82"}],"replies":[{"embeddable":true,"href":"https:\/\/www.africa-press.net\/cameroun\/wp-json\/wp\/v2\/comments?post=38035"}],"version-history":[{"count":0,"href":"https:\/\/www.africa-press.net\/cameroun\/wp-json\/wp\/v2\/posts\/38035\/revisions"}],"wp:featuredmedia":[{"embeddable":true,"href":"https:\/\/www.africa-press.net\/cameroun\/wp-json\/wp\/v2\/media\/38034"}],"wp:attachment":[{"href":"https:\/\/www.africa-press.net\/cameroun\/wp-json\/wp\/v2\/media?parent=38035"}],"wp:term":[{"taxonomy":"category","embeddable":true,"href":"https:\/\/www.africa-press.net\/cameroun\/wp-json\/wp\/v2\/categories?post=38035"},{"taxonomy":"post_tag","embeddable":true,"href":"https:\/\/www.africa-press.net\/cameroun\/wp-json\/wp\/v2\/tags?post=38035"}],"curies":[{"name":"wp","href":"https:\/\/api.w.org\/{rel}","templated":true}]}}