{"id":38038,"date":"2023-03-01T20:59:42","date_gmt":"2023-03-01T20:59:42","guid":{"rendered":"https:\/\/www.africa-press.net\/cameroun\/politique\/devoir-de-memoire-emeutes-de-fevrier-2008-jacques-tiwa-lengagement-jusqua-la-mort"},"modified":"2023-03-01T21:38:36","modified_gmt":"2023-03-01T21:38:36","slug":"devoir-de-memoire-emeutes-de-fevrier-2008-jacques-tiwa-lengagement-jusqua-la-mort","status":"publish","type":"post","link":"https:\/\/www.africa-press.net\/cameroun\/toutes-les-actualites\/devoir-de-memoire-emeutes-de-fevrier-2008-jacques-tiwa-lengagement-jusqua-la-mort","title":{"rendered":"Devoir de m\u00e9moire\/\u00c9meutes de f\u00e9vrier 2008 : Jacques TIWA, l\u2019engagement jusqu\u2019\u00e0 la mort"},"content":{"rendered":"<p><span style=\"color: #ff6600\"><strong>Africa-Press &#8211; Cameroun. <\/strong><\/span>Il y a 15 ans , les e\u0301meutes de la faim au Cameroun. Il en fut victime.<\/p>\n<p>C\u2019est l\u2019histoire d\u2019un ancien du parlement estudiantin des anne\u0301es 1990 qui a abandonne\u0301 son exil dore\u0301 pour aller mourir pour la me\u0300re patrie au Cameroun.<\/p>\n<p>Figure du parlement estudiantin du Cameroun au de\u0301but des anne\u0301es 1990, Jacques TIWA a e\u0301te\u0301 sauvagement abattu en 2008 a\u0300 l\u2019occasion de ce qu\u2019on a appele\u0301 les e\u0301meutes de la faim.<\/p>\n<p>Militant du parlement estudiantin, Jacques TIWA est perse\u0301cute\u0301 par le re\u0301gime ; suite aux suspensions a\u0300 vie des universite\u0301s camerounaises lance\u0301es a\u0300 l\u2019encontre des e\u0301tudiants proches du parlement, Jacques Tiwa de\u0301cide a\u0300 contrec\u0153ur de prendre le chemin de l\u2019exil. En juillet 1993, il rejoint le burkina faso. Entre 1994 et 1995, il effectue des e\u0301tudes supe\u0301rieures de me\u0301decines au Mali.Il effectue par la suite des e\u0301tudes de commerce et gestion d\u2019entreprise au Se\u0301ne\u0301gal ou\u0300 il de\u0301cide d\u2019exercer.<\/p>\n<p>Depuis son exil, Tiwa me\u0300ne le combat pour la libe\u0301ration du Cameroun et contribue a\u0300 la fondation du Conseil National pour la Re\u0301sistance-Mouvement Umnyobiste (CNR-MUN). Jacques TIWA surnomme\u0301 Nkrumah est sur tous les fronts et me\u0300ne tous les combats ; comme son mode\u0300le Nkrumah il lutte pour une Afrique unie.<\/p>\n<p>Jacques TIWA vit tre\u0300s difficilement l\u2019exil et souhaite mettre son expertise au service du de\u0301veloppement de son pays le Cameroun. En 2004, il de\u0301cide de revenir pour ouvrir un cabinet d\u2019Expertise comptable a\u0300 Douala (YEMELI ). Sur place, il continue a\u0300 mener le combat. Il est le Coordonnateur National du Conseil National pour la Re\u0301sistance \/ Mouvement Umnyobiste au Cameroun. En sa qualite\u0301 de Secre\u0301taire National du CNR, il est au four et au moulin, il participe a\u0300 la re\u0301flexion et a\u0300 la coordination du mouvement. TIWA se sait suivi et traque\u0301 par des tueurs a\u0300 gage.<\/p>\n<p>En 2008, surviennent ce qu\u2019on avait appele\u0301 \u00ab les e\u0301meutes de la fin \u00bb. Les sbires profitent de l\u2019occasion et Jacques TIWA est la\u0302chement et sauvagement assassine\u0301 de sang-froid quelques minutes apre\u0300s qu\u2019il soit sorti de chez lui, ce 28 fe\u0301vrier 2008.<\/p>\n<p>TIWA a e\u0301te\u0301 abattu sauvagement et de\u0301libe\u0301re\u0301ment comme en te\u0301moigne son corps crible\u0301 d\u2019une dizaine d\u2019impact de balles. Tiwa n\u2019a pas e\u0301te\u0301 tue\u0301 dans une manifestation, mais dans la rue, non loin du palais de justice de Ndokoti, par un e\u0301le\u0301ment de l\u2019arme\u0301e descendu d\u2019un camion militaire en patrouille. Il s\u2019agit a\u0300 n\u2019en point douter, d\u2019un assassinat pre\u0301me\u0301dite\u0301 et soigneusement planifie\u0301.<\/p>\n<p>En fe\u0301vrier 2010, la veuve TIWA avait e\u0301crit a\u0300 Monsieur BIYA pour demander que toute la lumie\u0300re soit faite sur la mort de son mari et avait de\u0301nonce\u0301 le harce\u0300lement policier dont elle est l\u2019objet depuis cette disparition.<\/p>\n<p>D\u2019apre\u0300s des re\u0301ve\u0301lations de 2011, les instigateurs de cet assassinat seraient deux colonels se\u0301curocrates du pouvoir Yaounde\u0301. Tiwa comple\u0300te ainsi la liste des 150 victimes des massacres des e\u0301meutes de la fin en fe\u0301vrier 2008 au Cameroun.<\/p>\n<p>Depuis ces exe\u0301cutions inacceptables, aucune poursuite judiciaire n\u2019a e\u0301te\u0301 engage\u0301e contre les militaires et civils, commanditaires et exe\u0301cutants de cette barbarie, dont les noms sont pourtant connus. Les familles des victimes, comme celle de Jacques Tiwa, qui ont rassemble\u0301 des e\u0301le\u0301ments de preuves pour demander justice, ont e\u0301te\u0301 menace\u0301es et ont du\u0302, la peur au ventre, renoncer a\u0300 porter plainte. Depuis plusieurs anne\u0301es, ces familles portent leur douleur dans le silence en attendant que Justice soit rendue !<\/p>\n<p><strong>Pour plus d&rsquo;informations et d&rsquo;analyses sur la <a href=\"https:\/\/www.africa-press.net\/cameroun\">Cameroun<\/a>, suivez <a href=\"https:\/\/www.africa-press.net\/\">Africa-Press<\/a><\/strong><\/p>\n","protected":false},"excerpt":{"rendered":"<p>Africa-Press &#8211; Cameroun. Il y a 15 ans , les e\u0301meutes de la faim au Cameroun. Il en fut victime. C\u2019est l\u2019histoire d\u2019un ancien du parlement estudiantin des anne\u0301es 1990 qui a abandonne\u0301 son exil dore\u0301 pour aller mourir pour la me\u0300re patrie au Cameroun. Figure du parlement estudiantin du Cameroun au de\u0301but des anne\u0301es [&hellip;]<\/p>\n","protected":false},"author":82,"featured_media":38036,"comment_status":"open","ping_status":"closed","sticky":false,"template":"","format":"standard","meta":{"footnotes":""},"categories":[21,10],"tags":[36,50,49],"class_list":["post-38038","post","type-post","status-publish","format-standard","has-post-thumbnail","hentry","category-communaute","category-toutes-les-actualites","tag-africa-press","tag-africa-press-cameroun","tag-cameroun"],"yoast_head":"<!-- This site is optimized with the Yoast SEO Premium plugin v26.1 (Yoast SEO v27.0) - https:\/\/yoast.com\/product\/yoast-seo-premium-wordpress\/ -->\n<title>Devoir de m\u00e9moire\/\u00c9meutes de f\u00e9vrier 2008 : Jacques TIWA, l\u2019engagement jusqu\u2019\u00e0 la mort - Cameroun<\/title>\n<meta name=\"description\" content=\"Il y a 15 ans , les e\u0301meutes de la faim au Cameroun. Il en fut victime. C\u2019est l\u2019histoire d\u2019un ancien du parlement estud ...\" \/>\n<meta name=\"robots\" content=\"index, follow, max-snippet:-1, max-image-preview:large, max-video-preview:-1\" \/>\n<link rel=\"canonical\" href=\"https:\/\/www.africa-press.net\/cameroun\/toutes-les-actualites\/devoir-de-memoire-emeutes-de-fevrier-2008-jacques-tiwa-lengagement-jusqua-la-mort\" \/>\n<meta property=\"og:locale\" content=\"fr_FR\" \/>\n<meta property=\"og:type\" content=\"article\" \/>\n<meta property=\"og:title\" content=\"Devoir de m\u00e9moire\/\u00c9meutes de f\u00e9vrier 2008 : Jacques TIWA, l\u2019engagement jusqu\u2019\u00e0 la mort\" \/>\n<meta property=\"og:description\" content=\"Il y a 15 ans , les e\u0301meutes de la faim au Cameroun. Il en fut victime. C\u2019est l\u2019histoire d\u2019un ancien du parlement estud ...\" \/>\n<meta property=\"og:url\" content=\"https:\/\/www.africa-press.net\/cameroun\/toutes-les-actualites\/devoir-de-memoire-emeutes-de-fevrier-2008-jacques-tiwa-lengagement-jusqua-la-mort\" \/>\n<meta property=\"og:site_name\" content=\"Cameroun\" \/>\n<meta property=\"article:published_time\" content=\"2023-03-01T20:59:42+00:00\" \/>\n<meta property=\"article:modified_time\" content=\"2023-03-01T21:38:36+00:00\" \/>\n<meta property=\"og:image\" content=\"https:\/\/static.africa-press.net\/cameroun\/sites\/57\/2023\/03\/postQueueImg_1677691786.16.jpg\" \/>\n\t<meta property=\"og:image:width\" content=\"1280\" \/>\n\t<meta property=\"og:image:height\" content=\"720\" \/>\n\t<meta property=\"og:image:type\" content=\"image\/jpeg\" \/>\n<meta name=\"author\" content=\"cfeditorfr\" \/>\n<meta name=\"twitter:card\" content=\"summary_large_image\" \/>\n<meta name=\"twitter:label1\" content=\"\u00c9crit par\" \/>\n\t<meta name=\"twitter:data1\" content=\"cfeditorfr\" \/>\n\t<meta name=\"twitter:label2\" content=\"Dur\u00e9e de lecture estim\u00e9e\" \/>\n\t<meta name=\"twitter:data2\" content=\"3 minutes\" \/>\n<script type=\"application\/ld+json\" class=\"yoast-schema-graph\">{\"@context\":\"https:\/\/schema.org\",\"@graph\":[{\"@type\":\"Article\",\"@id\":\"https:\/\/www.africa-press.net\/cameroun\/toutes-les-actualites\/devoir-de-memoire-emeutes-de-fevrier-2008-jacques-tiwa-lengagement-jusqua-la-mort#article\",\"isPartOf\":{\"@id\":\"https:\/\/www.africa-press.net\/cameroun\/toutes-les-actualites\/devoir-de-memoire-emeutes-de-fevrier-2008-jacques-tiwa-lengagement-jusqua-la-mort\"},\"author\":{\"name\":\"cfeditorfr\",\"@id\":\"https:\/\/www.africa-press.net\/cameroun\/#\/schema\/person\/2b1cf3cd81a31e3cd26889ca66d677f1\"},\"headline\":\"Devoir de m\u00e9moire\/\u00c9meutes de f\u00e9vrier 2008 : Jacques TIWA, l\u2019engagement jusqu\u2019\u00e0 la mort\",\"datePublished\":\"2023-03-01T20:59:42+00:00\",\"dateModified\":\"2023-03-01T21:38:36+00:00\",\"mainEntityOfPage\":{\"@id\":\"https:\/\/www.africa-press.net\/cameroun\/toutes-les-actualites\/devoir-de-memoire-emeutes-de-fevrier-2008-jacques-tiwa-lengagement-jusqua-la-mort\"},\"wordCount\":654,\"commentCount\":0,\"image\":{\"@id\":\"https:\/\/www.africa-press.net\/cameroun\/toutes-les-actualites\/devoir-de-memoire-emeutes-de-fevrier-2008-jacques-tiwa-lengagement-jusqua-la-mort#primaryimage\"},\"thumbnailUrl\":\"https:\/\/static.africa-press.net\/cameroun\/sites\/57\/2023\/03\/postQueueImg_1677691786.16.jpg\",\"keywords\":[\"Africa Press\",\"Africa Press-Cameroun\",\"Cameroun\"],\"articleSection\":[\"Communaut\u00e9\",\"Toutes les actualit\u00e9s\"],\"inLanguage\":\"fr-FR\",\"potentialAction\":[{\"@type\":\"CommentAction\",\"name\":\"Comment\",\"target\":[\"https:\/\/www.africa-press.net\/cameroun\/toutes-les-actualites\/devoir-de-memoire-emeutes-de-fevrier-2008-jacques-tiwa-lengagement-jusqua-la-mort#respond\"]}]},{\"@type\":\"WebPage\",\"@id\":\"https:\/\/www.africa-press.net\/cameroun\/toutes-les-actualites\/devoir-de-memoire-emeutes-de-fevrier-2008-jacques-tiwa-lengagement-jusqua-la-mort\",\"url\":\"https:\/\/www.africa-press.net\/cameroun\/toutes-les-actualites\/devoir-de-memoire-emeutes-de-fevrier-2008-jacques-tiwa-lengagement-jusqua-la-mort\",\"name\":\"Devoir de m\u00e9moire\/\u00c9meutes de f\u00e9vrier 2008 : Jacques TIWA, l\u2019engagement jusqu\u2019\u00e0 la mort - Cameroun\",\"isPartOf\":{\"@id\":\"https:\/\/www.africa-press.net\/cameroun\/#website\"},\"primaryImageOfPage\":{\"@id\":\"https:\/\/www.africa-press.net\/cameroun\/toutes-les-actualites\/devoir-de-memoire-emeutes-de-fevrier-2008-jacques-tiwa-lengagement-jusqua-la-mort#primaryimage\"},\"image\":{\"@id\":\"https:\/\/www.africa-press.net\/cameroun\/toutes-les-actualites\/devoir-de-memoire-emeutes-de-fevrier-2008-jacques-tiwa-lengagement-jusqua-la-mort#primaryimage\"},\"thumbnailUrl\":\"https:\/\/static.africa-press.net\/cameroun\/sites\/57\/2023\/03\/postQueueImg_1677691786.16.jpg\",\"datePublished\":\"2023-03-01T20:59:42+00:00\",\"dateModified\":\"2023-03-01T21:38:36+00:00\",\"author\":{\"@id\":\"https:\/\/www.africa-press.net\/cameroun\/#\/schema\/person\/2b1cf3cd81a31e3cd26889ca66d677f1\"},\"description\":\"Il y a 15 ans , les e\u0301meutes de la faim au Cameroun. Il en fut victime. C\u2019est l\u2019histoire d\u2019un ancien du parlement estud ...\",\"breadcrumb\":{\"@id\":\"https:\/\/www.africa-press.net\/cameroun\/toutes-les-actualites\/devoir-de-memoire-emeutes-de-fevrier-2008-jacques-tiwa-lengagement-jusqua-la-mort#breadcrumb\"},\"inLanguage\":\"fr-FR\",\"potentialAction\":[{\"@type\":\"ReadAction\",\"target\":[\"https:\/\/www.africa-press.net\/cameroun\/toutes-les-actualites\/devoir-de-memoire-emeutes-de-fevrier-2008-jacques-tiwa-lengagement-jusqua-la-mort\"]}]},{\"@type\":\"ImageObject\",\"inLanguage\":\"fr-FR\",\"@id\":\"https:\/\/www.africa-press.net\/cameroun\/toutes-les-actualites\/devoir-de-memoire-emeutes-de-fevrier-2008-jacques-tiwa-lengagement-jusqua-la-mort#primaryimage\",\"url\":\"https:\/\/static.africa-press.net\/cameroun\/sites\/57\/2023\/03\/postQueueImg_1677691786.16.jpg\",\"contentUrl\":\"https:\/\/static.africa-press.net\/cameroun\/sites\/57\/2023\/03\/postQueueImg_1677691786.16.jpg\",\"width\":1280,\"height\":720,\"caption\":\"Devoir de m\u00e9moire\/\u00c9meutes de f\u00e9vrier 2008 : Jacques TIWA, l\u2019engagement jusqu\u2019\u00e0 la mort\"},{\"@type\":\"BreadcrumbList\",\"@id\":\"https:\/\/www.africa-press.net\/cameroun\/toutes-les-actualites\/devoir-de-memoire-emeutes-de-fevrier-2008-jacques-tiwa-lengagement-jusqua-la-mort#breadcrumb\",\"itemListElement\":[{\"@type\":\"ListItem\",\"position\":1,\"name\":\"Accueil\",\"item\":\"https:\/\/www.africa-press.net\/cameroun\/\"},{\"@type\":\"ListItem\",\"position\":2,\"name\":\"Devoir de m\u00e9moire\/\u00c9meutes de f\u00e9vrier 2008 : Jacques TIWA, l\u2019engagement jusqu\u2019\u00e0 la mort\"}]},{\"@type\":\"WebSite\",\"@id\":\"https:\/\/www.africa-press.net\/cameroun\/#website\",\"url\":\"https:\/\/www.africa-press.net\/cameroun\/\",\"name\":\"Cameroun\",\"description\":\"Just another Africa News Agency Sites site\",\"potentialAction\":[{\"@type\":\"SearchAction\",\"target\":{\"@type\":\"EntryPoint\",\"urlTemplate\":\"https:\/\/www.africa-press.net\/cameroun\/?s={search_term_string}\"},\"query-input\":{\"@type\":\"PropertyValueSpecification\",\"valueRequired\":true,\"valueName\":\"search_term_string\"}}],\"inLanguage\":\"fr-FR\"},{\"@type\":\"Person\",\"@id\":\"https:\/\/www.africa-press.net\/cameroun\/#\/schema\/person\/2b1cf3cd81a31e3cd26889ca66d677f1\",\"name\":\"cfeditorfr\"}]}<\/script>\n<!-- \/ Yoast SEO Premium plugin. -->","yoast_head_json":{"title":"Devoir de m\u00e9moire\/\u00c9meutes de f\u00e9vrier 2008 : Jacques TIWA, l\u2019engagement jusqu\u2019\u00e0 la mort - Cameroun","description":"Il y a 15 ans , les e\u0301meutes de la faim au Cameroun. Il en fut victime. C\u2019est l\u2019histoire d\u2019un ancien du parlement estud ...","robots":{"index":"index","follow":"follow","max-snippet":"max-snippet:-1","max-image-preview":"max-image-preview:large","max-video-preview":"max-video-preview:-1"},"canonical":"https:\/\/www.africa-press.net\/cameroun\/toutes-les-actualites\/devoir-de-memoire-emeutes-de-fevrier-2008-jacques-tiwa-lengagement-jusqua-la-mort","og_locale":"fr_FR","og_type":"article","og_title":"Devoir de m\u00e9moire\/\u00c9meutes de f\u00e9vrier 2008 : Jacques TIWA, l\u2019engagement jusqu\u2019\u00e0 la mort","og_description":"Il y a 15 ans , les e\u0301meutes de la faim au Cameroun. Il en fut victime. C\u2019est l\u2019histoire d\u2019un ancien du parlement estud ...","og_url":"https:\/\/www.africa-press.net\/cameroun\/toutes-les-actualites\/devoir-de-memoire-emeutes-de-fevrier-2008-jacques-tiwa-lengagement-jusqua-la-mort","og_site_name":"Cameroun","article_published_time":"2023-03-01T20:59:42+00:00","article_modified_time":"2023-03-01T21:38:36+00:00","og_image":[{"width":1280,"height":720,"url":"https:\/\/static.africa-press.net\/cameroun\/sites\/57\/2023\/03\/postQueueImg_1677691786.16.jpg","type":"image\/jpeg"}],"author":"cfeditorfr","twitter_card":"summary_large_image","twitter_misc":{"\u00c9crit par":"cfeditorfr","Dur\u00e9e de lecture estim\u00e9e":"3 minutes"},"schema":{"@context":"https:\/\/schema.org","@graph":[{"@type":"Article","@id":"https:\/\/www.africa-press.net\/cameroun\/toutes-les-actualites\/devoir-de-memoire-emeutes-de-fevrier-2008-jacques-tiwa-lengagement-jusqua-la-mort#article","isPartOf":{"@id":"https:\/\/www.africa-press.net\/cameroun\/toutes-les-actualites\/devoir-de-memoire-emeutes-de-fevrier-2008-jacques-tiwa-lengagement-jusqua-la-mort"},"author":{"name":"cfeditorfr","@id":"https:\/\/www.africa-press.net\/cameroun\/#\/schema\/person\/2b1cf3cd81a31e3cd26889ca66d677f1"},"headline":"Devoir de m\u00e9moire\/\u00c9meutes de f\u00e9vrier 2008 : Jacques TIWA, l\u2019engagement jusqu\u2019\u00e0 la mort","datePublished":"2023-03-01T20:59:42+00:00","dateModified":"2023-03-01T21:38:36+00:00","mainEntityOfPage":{"@id":"https:\/\/www.africa-press.net\/cameroun\/toutes-les-actualites\/devoir-de-memoire-emeutes-de-fevrier-2008-jacques-tiwa-lengagement-jusqua-la-mort"},"wordCount":654,"commentCount":0,"image":{"@id":"https:\/\/www.africa-press.net\/cameroun\/toutes-les-actualites\/devoir-de-memoire-emeutes-de-fevrier-2008-jacques-tiwa-lengagement-jusqua-la-mort#primaryimage"},"thumbnailUrl":"https:\/\/static.africa-press.net\/cameroun\/sites\/57\/2023\/03\/postQueueImg_1677691786.16.jpg","keywords":["Africa Press","Africa Press-Cameroun","Cameroun"],"articleSection":["Communaut\u00e9","Toutes les actualit\u00e9s"],"inLanguage":"fr-FR","potentialAction":[{"@type":"CommentAction","name":"Comment","target":["https:\/\/www.africa-press.net\/cameroun\/toutes-les-actualites\/devoir-de-memoire-emeutes-de-fevrier-2008-jacques-tiwa-lengagement-jusqua-la-mort#respond"]}]},{"@type":"WebPage","@id":"https:\/\/www.africa-press.net\/cameroun\/toutes-les-actualites\/devoir-de-memoire-emeutes-de-fevrier-2008-jacques-tiwa-lengagement-jusqua-la-mort","url":"https:\/\/www.africa-press.net\/cameroun\/toutes-les-actualites\/devoir-de-memoire-emeutes-de-fevrier-2008-jacques-tiwa-lengagement-jusqua-la-mort","name":"Devoir de m\u00e9moire\/\u00c9meutes de f\u00e9vrier 2008 : Jacques TIWA, l\u2019engagement jusqu\u2019\u00e0 la mort - Cameroun","isPartOf":{"@id":"https:\/\/www.africa-press.net\/cameroun\/#website"},"primaryImageOfPage":{"@id":"https:\/\/www.africa-press.net\/cameroun\/toutes-les-actualites\/devoir-de-memoire-emeutes-de-fevrier-2008-jacques-tiwa-lengagement-jusqua-la-mort#primaryimage"},"image":{"@id":"https:\/\/www.africa-press.net\/cameroun\/toutes-les-actualites\/devoir-de-memoire-emeutes-de-fevrier-2008-jacques-tiwa-lengagement-jusqua-la-mort#primaryimage"},"thumbnailUrl":"https:\/\/static.africa-press.net\/cameroun\/sites\/57\/2023\/03\/postQueueImg_1677691786.16.jpg","datePublished":"2023-03-01T20:59:42+00:00","dateModified":"2023-03-01T21:38:36+00:00","author":{"@id":"https:\/\/www.africa-press.net\/cameroun\/#\/schema\/person\/2b1cf3cd81a31e3cd26889ca66d677f1"},"description":"Il y a 15 ans , les e\u0301meutes de la faim au Cameroun. Il en fut victime. C\u2019est l\u2019histoire d\u2019un ancien du parlement estud ...","breadcrumb":{"@id":"https:\/\/www.africa-press.net\/cameroun\/toutes-les-actualites\/devoir-de-memoire-emeutes-de-fevrier-2008-jacques-tiwa-lengagement-jusqua-la-mort#breadcrumb"},"inLanguage":"fr-FR","potentialAction":[{"@type":"ReadAction","target":["https:\/\/www.africa-press.net\/cameroun\/toutes-les-actualites\/devoir-de-memoire-emeutes-de-fevrier-2008-jacques-tiwa-lengagement-jusqua-la-mort"]}]},{"@type":"ImageObject","inLanguage":"fr-FR","@id":"https:\/\/www.africa-press.net\/cameroun\/toutes-les-actualites\/devoir-de-memoire-emeutes-de-fevrier-2008-jacques-tiwa-lengagement-jusqua-la-mort#primaryimage","url":"https:\/\/static.africa-press.net\/cameroun\/sites\/57\/2023\/03\/postQueueImg_1677691786.16.jpg","contentUrl":"https:\/\/static.africa-press.net\/cameroun\/sites\/57\/2023\/03\/postQueueImg_1677691786.16.jpg","width":1280,"height":720,"caption":"Devoir de m\u00e9moire\/\u00c9meutes de f\u00e9vrier 2008 : Jacques TIWA, l\u2019engagement jusqu\u2019\u00e0 la mort"},{"@type":"BreadcrumbList","@id":"https:\/\/www.africa-press.net\/cameroun\/toutes-les-actualites\/devoir-de-memoire-emeutes-de-fevrier-2008-jacques-tiwa-lengagement-jusqua-la-mort#breadcrumb","itemListElement":[{"@type":"ListItem","position":1,"name":"Accueil","item":"https:\/\/www.africa-press.net\/cameroun\/"},{"@type":"ListItem","position":2,"name":"Devoir de m\u00e9moire\/\u00c9meutes de f\u00e9vrier 2008 : Jacques TIWA, l\u2019engagement jusqu\u2019\u00e0 la mort"}]},{"@type":"WebSite","@id":"https:\/\/www.africa-press.net\/cameroun\/#website","url":"https:\/\/www.africa-press.net\/cameroun\/","name":"Cameroun","description":"Just another Africa News Agency Sites site","potentialAction":[{"@type":"SearchAction","target":{"@type":"EntryPoint","urlTemplate":"https:\/\/www.africa-press.net\/cameroun\/?s={search_term_string}"},"query-input":{"@type":"PropertyValueSpecification","valueRequired":true,"valueName":"search_term_string"}}],"inLanguage":"fr-FR"},{"@type":"Person","@id":"https:\/\/www.africa-press.net\/cameroun\/#\/schema\/person\/2b1cf3cd81a31e3cd26889ca66d677f1","name":"cfeditorfr"}]}},"_links":{"self":[{"href":"https:\/\/www.africa-press.net\/cameroun\/wp-json\/wp\/v2\/posts\/38038","targetHints":{"allow":["GET"]}}],"collection":[{"href":"https:\/\/www.africa-press.net\/cameroun\/wp-json\/wp\/v2\/posts"}],"about":[{"href":"https:\/\/www.africa-press.net\/cameroun\/wp-json\/wp\/v2\/types\/post"}],"author":[{"embeddable":true,"href":"https:\/\/www.africa-press.net\/cameroun\/wp-json\/wp\/v2\/users\/82"}],"replies":[{"embeddable":true,"href":"https:\/\/www.africa-press.net\/cameroun\/wp-json\/wp\/v2\/comments?post=38038"}],"version-history":[{"count":0,"href":"https:\/\/www.africa-press.net\/cameroun\/wp-json\/wp\/v2\/posts\/38038\/revisions"}],"wp:featuredmedia":[{"embeddable":true,"href":"https:\/\/www.africa-press.net\/cameroun\/wp-json\/wp\/v2\/media\/38036"}],"wp:attachment":[{"href":"https:\/\/www.africa-press.net\/cameroun\/wp-json\/wp\/v2\/media?parent=38038"}],"wp:term":[{"taxonomy":"category","embeddable":true,"href":"https:\/\/www.africa-press.net\/cameroun\/wp-json\/wp\/v2\/categories?post=38038"},{"taxonomy":"post_tag","embeddable":true,"href":"https:\/\/www.africa-press.net\/cameroun\/wp-json\/wp\/v2\/tags?post=38038"}],"curies":[{"name":"wp","href":"https:\/\/api.w.org\/{rel}","templated":true}]}}