{"id":38041,"date":"2023-03-01T20:59:55","date_gmt":"2023-03-01T20:59:55","guid":{"rendered":"https:\/\/www.africa-press.net\/cameroun\/politique\/voici-le-crime-qui-a-le-plus-choque-les-camerounais-ces-30-dernieres-annees-video"},"modified":"2023-03-01T21:39:10","modified_gmt":"2023-03-01T21:39:10","slug":"voici-le-crime-qui-a-le-plus-choque-les-camerounais-ces-30-dernieres-annees-video","status":"publish","type":"post","link":"https:\/\/www.africa-press.net\/cameroun\/video\/voici-le-crime-qui-a-le-plus-choque-les-camerounais-ces-30-dernieres-annees-video","title":{"rendered":"Voici le crime qui a le plus choqu\u00e9 les Camerounais ces 30 derni\u00e8res ann\u00e9es  (vid\u00e9o)"},"content":{"rendered":"<p><span style=\"color: #ff6600\"><strong>Africa-Press &#8211; Cameroun. <\/strong><\/span>Qui tue les Camerounais ? \u00bb Cette question de Mgr Kleda a toute sa place face a\u0300 la longue liste de crime non e\u0301lucide\u0301s au Cameroun. Si aujourd\u2019hui l\u2019actualite\u0301 est marque\u0301e par l\u2019assassinat sauvage du journaliste Martinez Zogo, il convient de rappeler que dans les anne\u0301es 2000, un autre crime impliquant toujours des hommes en uniforme avait secoue\u0301 le pays pendant de longs mois. Il s\u2019agit de la disparition a\u0300 Douala de 9 jeunes, suspecte\u0301s d\u2019avoir vole\u0301 une bouteille de gaz d\u2019une jeune dames qui vraisemblablement a\u0300 des bras longs. CamerounWeb vous propose, comprendre ce qui s\u2019est passe\u0301 a\u0300 l\u2019e\u0301poque, le communique\u0301 d\u2019Amnesty International et le re\u0301sume\u0301 en vide\u0301o des faits par Arol Ketch.<\/p>\n<p>Un tribunal militaire a rendu son verdict le 9 juillet dans l\u2019affaire des neufs adoles-cents \u00ab\u00a0disparus\u00a0\u00bb qui avaient e\u0301te\u0301 arre\u0302te\u0301s le 23 janvier 2001 apre\u0300s avoir e\u0301te\u0301 suspecte\u0301s du vol d\u2019une bouteille de gaz d\u2019un voisin dans le quartier de Be\u0301panda Omnisports de Douala.<\/p>\n<p>Chia Efficence, Kuete Jean Charly, Ngouoffo Fre\u0301de\u0301ric, Kouatou Charles Ruben, Kuate Fabrice, Etaha Marc, Kouatou Elyse\u0301e\u0301 Herbert, Tchiwan Jean Roger et Chia Nain ont \u00ab\u00a0disparu\u00a0\u00bb quelques jours apre\u0300s leur arrestation alors qu\u2019ils e\u0301taient en garde a\u0300 vue et n\u2019ont pas e\u0301te\u0301 revus depuis.<\/p>\n<p>Les gendarmes Ousmanou Bobbo, Pascal Ye\u0301re\u0301mou Nyamsi, Jean Jacques Abah Ndzengue Urbain, Appolinaire Onana Ambassa , Nicolas Oyong Taku, Anadjo Adroumpai, Luc Evoundou and Samuel Houag comparaissaient pour \u00ab\u00a0assassinat, torture, corruption, violation des consignes et complicite\u0301 des me\u0302me faits\u00a0\u00bb. \u00ab\u00a0Violation de consignes\u00a0\u00bb et \u00ab\u00a0complicite\u0301 de violation de consignes\u00a0\u00bb ont e\u0301te\u0301 les seuls chefs d\u2019accusation retenus contre le Colonel Bobbo Ousmanou et le Capitaine Jean-<\/p>\n<p>Jacques Abah Ndzengue Urbain. Les six autres accuse\u0301s ont e\u0301te\u0301 relaxe\u0301s.<\/p>\n<p>Dans une lettre au Ministre de la Justice, Amnesty International a regrette\u0301 que les responsables de la \u00ab\u00a0disparition\u00a0\u00bb des neuf de Douala n\u2019aient toujours pas e\u0301te\u0301 trouve\u0301s et traduits en justice.<\/p>\n<p>L\u2019organisation demande aux autorite\u0301s d\u2019assurer la se\u0301curite\u0301 des familles et de leurs conseils qui ont exprime\u0301 l\u2019intention d\u2019interjeter appel contre la de\u0301cision du tribunal militaire. \u00ab\u00a0Il est de la responsabilite\u0301 de l\u2019Etat de re\u0301pondre de leur sort et de garantir que les responsables des \u00ab\u00a0disparitions\u00a0\u00bb seront traduits en justice,\u00a0\u00bb a rappele\u0301 Amnes-ty International.<\/p>\n<p>Impunite\u0301 pour le Commandement ope\u0301rationnel<\/p>\n<p>Amnesty International a rappele\u0301 l\u2019existence de nombreux rapports et te\u0301moignages qui laissent penser que les neuf adolescents ont en fait e\u0301te\u0301 exe\u0301cute\u0301s extrajudiciai-rement par le Commandement ope\u0301rationnel. Ce groupe de militaires et gendarmes avait e\u0301te\u0301 cre\u0301e\u0301 en fe\u0301vrier 2000 pour lutter contre une forte augmentation du grand banditisme a\u0300 Douala et a\u0300 Yaounde\u0301. Mais le groupe a e\u0301te\u0301 accuse\u0301 d\u2019e\u0302tre responsable d\u2019un grand nombre d&rsquo;exe\u0301cutions extrajudiciaires apre\u0300s avoir conduit ce qui semble e\u0302tre dans la plupart des cas des rafles arbitraires de personnes suspecte\u0301es de crimes. Le Commandement ope\u0301rationnel a aussi e\u0301te\u0301 accuse\u0301 de passage a\u0300 tabac, viols et autres formes de traitements inhumains et de\u0301gradants de suspects.<\/p>\n<p>Amnesty International en appelle au gouvernement camerounais a\u0300 ne pas tole\u0301rer que ces crimes restent impunis et a\u0300 donner l\u2019assurance que les responsables de la \u00ab\u00a0disparition\u00a0\u00bb des neufs adolescents de Douala soient traduits en justice.<\/p>\n<p>\u00ab\u00a0Les autorite\u0301s camerounaises doivent ouvrir une enque\u0302te publique, exhaustive, in-de\u0301pendante et impartiale sur les alle\u0301gations de violations des droits humains com-mises par les forces de se\u0301curite\u0301, en particulier par le Commandement ope\u0301rationnel depuis deux ans,\u00a0\u00bb a ajoute\u0301 Amnesty International.<\/p>\n<p>Les responsables de ces violations doivent e\u0302tre juge\u0301s dans le respect des normes internationales re\u0301gissant les proce\u0300s e\u0301quitables. Amnesty International rappele e\u0301ga-lement que \u00ab\u00a0tant que ces alle\u0301gations ne feraient pas l\u2019objet d\u2019enque\u0302tes approprie\u0301es, l\u2019ombre de l\u2019impunite\u0301 planerait sur les violations re\u0301pe\u0301te\u0301es commises par les forces de se\u0301curite\u0301 au Cameroun\u00a0\u00bb. Amnesty International a re\u0301gulie\u0300rement documente\u0301 des cas de tortures et mauvais traitements au Cameroun. L\u2019organisation a maintes fois souleve\u0301 ses pre\u0301occupations sur les exe\u0301cutions extrajudiciaires perpe\u0301tre\u0301es par le Commandement ope\u0301rationnel ainsi que par la Brigade antigang lors d\u2019ope\u0301rations de se\u0301curite\u0301 mene\u0301es dans le nord du pays depuis 1998 pour combattre les vols a\u0300 main arme\u0301e.<\/p>\n<p><iframe loading=\"lazy\" title=\"Les 9 disparus de B\u00e9panda\" width=\"696\" height=\"392\" src=\"https:\/\/www.youtube.com\/embed\/15beE8DrRII?feature=oembed\" frameborder=\"0\" allow=\"accelerometer; autoplay; clipboard-write; encrypted-media; gyroscope; picture-in-picture; web-share\" allowfullscreen><\/iframe><\/p>\n<p><iframe loading=\"lazy\" title=\"Les 9 disparus de B\u00e9panda\" width=\"696\" height=\"392\" src=\"https:\/\/www.youtube.com\/embed\/15beE8DrRII?feature=oembed\" frameborder=\"0\" allow=\"accelerometer; autoplay; clipboard-write; encrypted-media; gyroscope; picture-in-picture; web-share\" allowfullscreen><\/iframe><\/p>\n<p><strong>Pour plus d&rsquo;informations et d&rsquo;analyses sur la <a href=\"https:\/\/www.africa-press.net\/cameroun\">Cameroun<\/a>, suivez <a href=\"https:\/\/www.africa-press.net\/\">Africa-Press<\/a><\/strong><\/p>\n","protected":false},"excerpt":{"rendered":"<p>Africa-Press &#8211; Cameroun. Qui tue les Camerounais ? \u00bb Cette question de Mgr Kleda a toute sa place face a\u0300 la longue liste de crime non e\u0301lucide\u0301s au Cameroun. Si aujourd\u2019hui l\u2019actualite\u0301 est marque\u0301e par l\u2019assassinat sauvage du journaliste Martinez Zogo, il convient de rappeler que dans les anne\u0301es 2000, un autre crime impliquant toujours [&hellip;]<\/p>\n","protected":false},"author":82,"featured_media":38039,"comment_status":"open","ping_status":"closed","sticky":false,"template":"","format":"standard","meta":{"footnotes":""},"categories":[21,10,9],"tags":[36,50,49],"class_list":["post-38041","post","type-post","status-publish","format-standard","has-post-thumbnail","hentry","category-communaute","category-toutes-les-actualites","category-video","tag-africa-press","tag-africa-press-cameroun","tag-cameroun"],"yoast_head":"<!-- This site is optimized with the Yoast SEO Premium plugin v26.1 (Yoast SEO v27.0) - https:\/\/yoast.com\/product\/yoast-seo-premium-wordpress\/ -->\n<title>Voici le crime qui a le plus choqu\u00e9 les Camerounais ces 30 derni\u00e8res ann\u00e9es (vid\u00e9o) - Cameroun<\/title>\n<meta name=\"description\" content=\"Qui tue les Camerounais ? \u00bb Cette question de Mgr Kleda a toute sa place face a\u0300 la longue liste de crime non e\u0301lucide\u0301s ...\" \/>\n<meta name=\"robots\" content=\"index, follow, max-snippet:-1, max-image-preview:large, max-video-preview:-1\" \/>\n<link rel=\"canonical\" href=\"https:\/\/www.africa-press.net\/cameroun\/video\/voici-le-crime-qui-a-le-plus-choque-les-camerounais-ces-30-dernieres-annees-video\" \/>\n<meta property=\"og:locale\" content=\"fr_FR\" \/>\n<meta property=\"og:type\" content=\"article\" \/>\n<meta property=\"og:title\" content=\"Voici le crime qui a le plus choqu\u00e9 les Camerounais ces 30 derni\u00e8res ann\u00e9es (vid\u00e9o)\" \/>\n<meta property=\"og:description\" content=\"Qui tue les Camerounais ? \u00bb Cette question de Mgr Kleda a toute sa place face a\u0300 la longue liste de crime non e\u0301lucide\u0301s ...\" \/>\n<meta property=\"og:url\" content=\"https:\/\/www.africa-press.net\/cameroun\/video\/voici-le-crime-qui-a-le-plus-choque-les-camerounais-ces-30-dernieres-annees-video\" \/>\n<meta property=\"og:site_name\" content=\"Cameroun\" \/>\n<meta property=\"article:published_time\" content=\"2023-03-01T20:59:55+00:00\" \/>\n<meta property=\"article:modified_time\" content=\"2023-03-01T21:39:10+00:00\" \/>\n<meta property=\"og:image\" content=\"https:\/\/static.africa-press.net\/cameroun\/sites\/57\/2023\/03\/postQueueImg_1677691807.19.jpg\" \/>\n\t<meta property=\"og:image:width\" content=\"720\" \/>\n\t<meta property=\"og:image:height\" content=\"465\" \/>\n\t<meta property=\"og:image:type\" content=\"image\/jpeg\" \/>\n<meta name=\"author\" content=\"cfeditorfr\" \/>\n<meta name=\"twitter:card\" content=\"summary_large_image\" \/>\n<meta name=\"twitter:label1\" content=\"\u00c9crit par\" \/>\n\t<meta name=\"twitter:data1\" content=\"cfeditorfr\" \/>\n\t<meta name=\"twitter:label2\" content=\"Dur\u00e9e de lecture estim\u00e9e\" \/>\n\t<meta name=\"twitter:data2\" content=\"4 minutes\" \/>\n<script type=\"application\/ld+json\" class=\"yoast-schema-graph\">{\"@context\":\"https:\/\/schema.org\",\"@graph\":[{\"@type\":\"Article\",\"@id\":\"https:\/\/www.africa-press.net\/cameroun\/video\/voici-le-crime-qui-a-le-plus-choque-les-camerounais-ces-30-dernieres-annees-video#article\",\"isPartOf\":{\"@id\":\"https:\/\/www.africa-press.net\/cameroun\/video\/voici-le-crime-qui-a-le-plus-choque-les-camerounais-ces-30-dernieres-annees-video\"},\"author\":{\"name\":\"cfeditorfr\",\"@id\":\"https:\/\/www.africa-press.net\/cameroun\/#\/schema\/person\/2b1cf3cd81a31e3cd26889ca66d677f1\"},\"headline\":\"Voici le crime qui a le plus choqu\u00e9 les Camerounais ces 30 derni\u00e8res ann\u00e9es (vid\u00e9o)\",\"datePublished\":\"2023-03-01T20:59:55+00:00\",\"dateModified\":\"2023-03-01T21:39:10+00:00\",\"mainEntityOfPage\":{\"@id\":\"https:\/\/www.africa-press.net\/cameroun\/video\/voici-le-crime-qui-a-le-plus-choque-les-camerounais-ces-30-dernieres-annees-video\"},\"wordCount\":804,\"commentCount\":0,\"image\":{\"@id\":\"https:\/\/www.africa-press.net\/cameroun\/video\/voici-le-crime-qui-a-le-plus-choque-les-camerounais-ces-30-dernieres-annees-video#primaryimage\"},\"thumbnailUrl\":\"https:\/\/static.africa-press.net\/cameroun\/sites\/57\/2023\/03\/postQueueImg_1677691807.19.jpg\",\"keywords\":[\"Africa Press\",\"Africa Press-Cameroun\",\"Cameroun\"],\"articleSection\":[\"Communaut\u00e9\",\"Toutes les actualit\u00e9s\",\"vid\u00e9o\"],\"inLanguage\":\"fr-FR\",\"potentialAction\":[{\"@type\":\"CommentAction\",\"name\":\"Comment\",\"target\":[\"https:\/\/www.africa-press.net\/cameroun\/video\/voici-le-crime-qui-a-le-plus-choque-les-camerounais-ces-30-dernieres-annees-video#respond\"]}]},{\"@type\":\"WebPage\",\"@id\":\"https:\/\/www.africa-press.net\/cameroun\/video\/voici-le-crime-qui-a-le-plus-choque-les-camerounais-ces-30-dernieres-annees-video\",\"url\":\"https:\/\/www.africa-press.net\/cameroun\/video\/voici-le-crime-qui-a-le-plus-choque-les-camerounais-ces-30-dernieres-annees-video\",\"name\":\"Voici le crime qui a le plus choqu\u00e9 les Camerounais ces 30 derni\u00e8res ann\u00e9es (vid\u00e9o) - Cameroun\",\"isPartOf\":{\"@id\":\"https:\/\/www.africa-press.net\/cameroun\/#website\"},\"primaryImageOfPage\":{\"@id\":\"https:\/\/www.africa-press.net\/cameroun\/video\/voici-le-crime-qui-a-le-plus-choque-les-camerounais-ces-30-dernieres-annees-video#primaryimage\"},\"image\":{\"@id\":\"https:\/\/www.africa-press.net\/cameroun\/video\/voici-le-crime-qui-a-le-plus-choque-les-camerounais-ces-30-dernieres-annees-video#primaryimage\"},\"thumbnailUrl\":\"https:\/\/static.africa-press.net\/cameroun\/sites\/57\/2023\/03\/postQueueImg_1677691807.19.jpg\",\"datePublished\":\"2023-03-01T20:59:55+00:00\",\"dateModified\":\"2023-03-01T21:39:10+00:00\",\"author\":{\"@id\":\"https:\/\/www.africa-press.net\/cameroun\/#\/schema\/person\/2b1cf3cd81a31e3cd26889ca66d677f1\"},\"description\":\"Qui tue les Camerounais ? \u00bb Cette question de Mgr Kleda a toute sa place face a\u0300 la longue liste de crime non e\u0301lucide\u0301s ...\",\"breadcrumb\":{\"@id\":\"https:\/\/www.africa-press.net\/cameroun\/video\/voici-le-crime-qui-a-le-plus-choque-les-camerounais-ces-30-dernieres-annees-video#breadcrumb\"},\"inLanguage\":\"fr-FR\",\"potentialAction\":[{\"@type\":\"ReadAction\",\"target\":[\"https:\/\/www.africa-press.net\/cameroun\/video\/voici-le-crime-qui-a-le-plus-choque-les-camerounais-ces-30-dernieres-annees-video\"]}]},{\"@type\":\"ImageObject\",\"inLanguage\":\"fr-FR\",\"@id\":\"https:\/\/www.africa-press.net\/cameroun\/video\/voici-le-crime-qui-a-le-plus-choque-les-camerounais-ces-30-dernieres-annees-video#primaryimage\",\"url\":\"https:\/\/static.africa-press.net\/cameroun\/sites\/57\/2023\/03\/postQueueImg_1677691807.19.jpg\",\"contentUrl\":\"https:\/\/static.africa-press.net\/cameroun\/sites\/57\/2023\/03\/postQueueImg_1677691807.19.jpg\",\"width\":720,\"height\":465,\"caption\":\"Voici le crime qui a le plus choqu\u00e9 les Camerounais ces 30 derni\u00e8res ann\u00e9es (vid\u00e9o)\"},{\"@type\":\"BreadcrumbList\",\"@id\":\"https:\/\/www.africa-press.net\/cameroun\/video\/voici-le-crime-qui-a-le-plus-choque-les-camerounais-ces-30-dernieres-annees-video#breadcrumb\",\"itemListElement\":[{\"@type\":\"ListItem\",\"position\":1,\"name\":\"Accueil\",\"item\":\"https:\/\/www.africa-press.net\/cameroun\/\"},{\"@type\":\"ListItem\",\"position\":2,\"name\":\"Voici le crime qui a le plus choqu\u00e9 les Camerounais ces 30 derni\u00e8res ann\u00e9es (vid\u00e9o)\"}]},{\"@type\":\"WebSite\",\"@id\":\"https:\/\/www.africa-press.net\/cameroun\/#website\",\"url\":\"https:\/\/www.africa-press.net\/cameroun\/\",\"name\":\"Cameroun\",\"description\":\"Just another Africa News Agency Sites site\",\"potentialAction\":[{\"@type\":\"SearchAction\",\"target\":{\"@type\":\"EntryPoint\",\"urlTemplate\":\"https:\/\/www.africa-press.net\/cameroun\/?s={search_term_string}\"},\"query-input\":{\"@type\":\"PropertyValueSpecification\",\"valueRequired\":true,\"valueName\":\"search_term_string\"}}],\"inLanguage\":\"fr-FR\"},{\"@type\":\"Person\",\"@id\":\"https:\/\/www.africa-press.net\/cameroun\/#\/schema\/person\/2b1cf3cd81a31e3cd26889ca66d677f1\",\"name\":\"cfeditorfr\"}]}<\/script>\n<!-- \/ Yoast SEO Premium plugin. -->","yoast_head_json":{"title":"Voici le crime qui a le plus choqu\u00e9 les Camerounais ces 30 derni\u00e8res ann\u00e9es (vid\u00e9o) - Cameroun","description":"Qui tue les Camerounais ? \u00bb Cette question de Mgr Kleda a toute sa place face a\u0300 la longue liste de crime non e\u0301lucide\u0301s ...","robots":{"index":"index","follow":"follow","max-snippet":"max-snippet:-1","max-image-preview":"max-image-preview:large","max-video-preview":"max-video-preview:-1"},"canonical":"https:\/\/www.africa-press.net\/cameroun\/video\/voici-le-crime-qui-a-le-plus-choque-les-camerounais-ces-30-dernieres-annees-video","og_locale":"fr_FR","og_type":"article","og_title":"Voici le crime qui a le plus choqu\u00e9 les Camerounais ces 30 derni\u00e8res ann\u00e9es (vid\u00e9o)","og_description":"Qui tue les Camerounais ? \u00bb Cette question de Mgr Kleda a toute sa place face a\u0300 la longue liste de crime non e\u0301lucide\u0301s ...","og_url":"https:\/\/www.africa-press.net\/cameroun\/video\/voici-le-crime-qui-a-le-plus-choque-les-camerounais-ces-30-dernieres-annees-video","og_site_name":"Cameroun","article_published_time":"2023-03-01T20:59:55+00:00","article_modified_time":"2023-03-01T21:39:10+00:00","og_image":[{"width":720,"height":465,"url":"https:\/\/static.africa-press.net\/cameroun\/sites\/57\/2023\/03\/postQueueImg_1677691807.19.jpg","type":"image\/jpeg"}],"author":"cfeditorfr","twitter_card":"summary_large_image","twitter_misc":{"\u00c9crit par":"cfeditorfr","Dur\u00e9e de lecture estim\u00e9e":"4 minutes"},"schema":{"@context":"https:\/\/schema.org","@graph":[{"@type":"Article","@id":"https:\/\/www.africa-press.net\/cameroun\/video\/voici-le-crime-qui-a-le-plus-choque-les-camerounais-ces-30-dernieres-annees-video#article","isPartOf":{"@id":"https:\/\/www.africa-press.net\/cameroun\/video\/voici-le-crime-qui-a-le-plus-choque-les-camerounais-ces-30-dernieres-annees-video"},"author":{"name":"cfeditorfr","@id":"https:\/\/www.africa-press.net\/cameroun\/#\/schema\/person\/2b1cf3cd81a31e3cd26889ca66d677f1"},"headline":"Voici le crime qui a le plus choqu\u00e9 les Camerounais ces 30 derni\u00e8res ann\u00e9es (vid\u00e9o)","datePublished":"2023-03-01T20:59:55+00:00","dateModified":"2023-03-01T21:39:10+00:00","mainEntityOfPage":{"@id":"https:\/\/www.africa-press.net\/cameroun\/video\/voici-le-crime-qui-a-le-plus-choque-les-camerounais-ces-30-dernieres-annees-video"},"wordCount":804,"commentCount":0,"image":{"@id":"https:\/\/www.africa-press.net\/cameroun\/video\/voici-le-crime-qui-a-le-plus-choque-les-camerounais-ces-30-dernieres-annees-video#primaryimage"},"thumbnailUrl":"https:\/\/static.africa-press.net\/cameroun\/sites\/57\/2023\/03\/postQueueImg_1677691807.19.jpg","keywords":["Africa Press","Africa Press-Cameroun","Cameroun"],"articleSection":["Communaut\u00e9","Toutes les actualit\u00e9s","vid\u00e9o"],"inLanguage":"fr-FR","potentialAction":[{"@type":"CommentAction","name":"Comment","target":["https:\/\/www.africa-press.net\/cameroun\/video\/voici-le-crime-qui-a-le-plus-choque-les-camerounais-ces-30-dernieres-annees-video#respond"]}]},{"@type":"WebPage","@id":"https:\/\/www.africa-press.net\/cameroun\/video\/voici-le-crime-qui-a-le-plus-choque-les-camerounais-ces-30-dernieres-annees-video","url":"https:\/\/www.africa-press.net\/cameroun\/video\/voici-le-crime-qui-a-le-plus-choque-les-camerounais-ces-30-dernieres-annees-video","name":"Voici le crime qui a le plus choqu\u00e9 les Camerounais ces 30 derni\u00e8res ann\u00e9es (vid\u00e9o) - Cameroun","isPartOf":{"@id":"https:\/\/www.africa-press.net\/cameroun\/#website"},"primaryImageOfPage":{"@id":"https:\/\/www.africa-press.net\/cameroun\/video\/voici-le-crime-qui-a-le-plus-choque-les-camerounais-ces-30-dernieres-annees-video#primaryimage"},"image":{"@id":"https:\/\/www.africa-press.net\/cameroun\/video\/voici-le-crime-qui-a-le-plus-choque-les-camerounais-ces-30-dernieres-annees-video#primaryimage"},"thumbnailUrl":"https:\/\/static.africa-press.net\/cameroun\/sites\/57\/2023\/03\/postQueueImg_1677691807.19.jpg","datePublished":"2023-03-01T20:59:55+00:00","dateModified":"2023-03-01T21:39:10+00:00","author":{"@id":"https:\/\/www.africa-press.net\/cameroun\/#\/schema\/person\/2b1cf3cd81a31e3cd26889ca66d677f1"},"description":"Qui tue les Camerounais ? \u00bb Cette question de Mgr Kleda a toute sa place face a\u0300 la longue liste de crime non e\u0301lucide\u0301s ...","breadcrumb":{"@id":"https:\/\/www.africa-press.net\/cameroun\/video\/voici-le-crime-qui-a-le-plus-choque-les-camerounais-ces-30-dernieres-annees-video#breadcrumb"},"inLanguage":"fr-FR","potentialAction":[{"@type":"ReadAction","target":["https:\/\/www.africa-press.net\/cameroun\/video\/voici-le-crime-qui-a-le-plus-choque-les-camerounais-ces-30-dernieres-annees-video"]}]},{"@type":"ImageObject","inLanguage":"fr-FR","@id":"https:\/\/www.africa-press.net\/cameroun\/video\/voici-le-crime-qui-a-le-plus-choque-les-camerounais-ces-30-dernieres-annees-video#primaryimage","url":"https:\/\/static.africa-press.net\/cameroun\/sites\/57\/2023\/03\/postQueueImg_1677691807.19.jpg","contentUrl":"https:\/\/static.africa-press.net\/cameroun\/sites\/57\/2023\/03\/postQueueImg_1677691807.19.jpg","width":720,"height":465,"caption":"Voici le crime qui a le plus choqu\u00e9 les Camerounais ces 30 derni\u00e8res ann\u00e9es (vid\u00e9o)"},{"@type":"BreadcrumbList","@id":"https:\/\/www.africa-press.net\/cameroun\/video\/voici-le-crime-qui-a-le-plus-choque-les-camerounais-ces-30-dernieres-annees-video#breadcrumb","itemListElement":[{"@type":"ListItem","position":1,"name":"Accueil","item":"https:\/\/www.africa-press.net\/cameroun\/"},{"@type":"ListItem","position":2,"name":"Voici le crime qui a le plus choqu\u00e9 les Camerounais ces 30 derni\u00e8res ann\u00e9es (vid\u00e9o)"}]},{"@type":"WebSite","@id":"https:\/\/www.africa-press.net\/cameroun\/#website","url":"https:\/\/www.africa-press.net\/cameroun\/","name":"Cameroun","description":"Just another Africa News Agency Sites site","potentialAction":[{"@type":"SearchAction","target":{"@type":"EntryPoint","urlTemplate":"https:\/\/www.africa-press.net\/cameroun\/?s={search_term_string}"},"query-input":{"@type":"PropertyValueSpecification","valueRequired":true,"valueName":"search_term_string"}}],"inLanguage":"fr-FR"},{"@type":"Person","@id":"https:\/\/www.africa-press.net\/cameroun\/#\/schema\/person\/2b1cf3cd81a31e3cd26889ca66d677f1","name":"cfeditorfr"}]}},"_links":{"self":[{"href":"https:\/\/www.africa-press.net\/cameroun\/wp-json\/wp\/v2\/posts\/38041","targetHints":{"allow":["GET"]}}],"collection":[{"href":"https:\/\/www.africa-press.net\/cameroun\/wp-json\/wp\/v2\/posts"}],"about":[{"href":"https:\/\/www.africa-press.net\/cameroun\/wp-json\/wp\/v2\/types\/post"}],"author":[{"embeddable":true,"href":"https:\/\/www.africa-press.net\/cameroun\/wp-json\/wp\/v2\/users\/82"}],"replies":[{"embeddable":true,"href":"https:\/\/www.africa-press.net\/cameroun\/wp-json\/wp\/v2\/comments?post=38041"}],"version-history":[{"count":0,"href":"https:\/\/www.africa-press.net\/cameroun\/wp-json\/wp\/v2\/posts\/38041\/revisions"}],"wp:featuredmedia":[{"embeddable":true,"href":"https:\/\/www.africa-press.net\/cameroun\/wp-json\/wp\/v2\/media\/38039"}],"wp:attachment":[{"href":"https:\/\/www.africa-press.net\/cameroun\/wp-json\/wp\/v2\/media?parent=38041"}],"wp:term":[{"taxonomy":"category","embeddable":true,"href":"https:\/\/www.africa-press.net\/cameroun\/wp-json\/wp\/v2\/categories?post=38041"},{"taxonomy":"post_tag","embeddable":true,"href":"https:\/\/www.africa-press.net\/cameroun\/wp-json\/wp\/v2\/tags?post=38041"}],"curies":[{"name":"wp","href":"https:\/\/api.w.org\/{rel}","templated":true}]}}