{"id":38055,"date":"2023-03-01T21:01:34","date_gmt":"2023-03-01T21:01:34","guid":{"rendered":"https:\/\/www.africa-press.net\/cameroun\/politique\/racisme-la-tunisie-recoit-une-lettre-de-la-part-dune-commission-independante-camerounaise"},"modified":"2023-03-01T21:41:35","modified_gmt":"2023-03-01T21:41:35","slug":"racisme-la-tunisie-recoit-une-lettre-de-la-part-dune-commission-independante-camerounaise","status":"publish","type":"post","link":"https:\/\/www.africa-press.net\/cameroun\/toutes-les-actualites\/racisme-la-tunisie-recoit-une-lettre-de-la-part-dune-commission-independante-camerounaise","title":{"rendered":"Racisme: la Tunisie re\u00e7oit une lettre de la part d\u2019une commission ind\u00e9pendante camerounaise"},"content":{"rendered":"<p><span style=\"color: #ff6600\"><strong>Africa-Press &#8211; Cameroun. <\/strong><\/span>Les de\u0301clarations a\u0300 caracte\u0300re raciste profe\u0301re\u0301es par le pre\u0301sident tunisien Kai\u0308s Sai\u0308ed ont suscite\u0301 une vive e\u0301motion dans le monde entier, en particulier en Afrique.<\/p>\n<p>La situation en Tunisie s\u2019est rapidement de\u0301te\u0301riore\u0301e, avec une se\u0301rie d\u2019agressions re\u0301pe\u0301te\u0301es contre les ressortissants de pays d\u2019Afrique subsaharienne pre\u0301sents sur le territoire.<\/p>\n<p>Face a\u0300 ces e\u0301ve\u0300nements, la Commission inde\u0301pendante contre la corruption et la discrimination (COMICODI) a adresse\u0301 une lettre de protestation contre les propos xe\u0301nophobes tenus par le pre\u0301sident tunisien a\u0300 l\u2019Ambassadeur de la Re\u0301publique de Tunisie au Cameroun pour condamner fermement les propos xe\u0301nophobes tenus par le pre\u0301sident tunisien.<\/p>\n<p>Excellence Monsieur l&rsquo;Ambassadeur de la Re\u0301publique de Tunisie au Cameroun,<\/p>\n<p>Votre pays la Tunisie, a toujours e\u0301te\u0301 un havre de paix et une lumie\u0300re d&rsquo;hospitalite\u0301, de libe\u0301ralisme et de progre\u0300s, re\u0301sultat d&rsquo;une gouvernance de clairvoyance de me\u0302me que d&rsquo;une vision internationale a\u0300 la fois humaniste, ouverte et dynamique.<\/p>\n<p>De cette posture voulue, travaille\u0301e et soigne\u0301e par votre premier pre\u0301sident, la grand patriarche Habib Bourguiba, vous avez gagne\u0301 en rayonnement, en maturite\u0301 et de\u0301veloppement dans tous les secteurs, te\u0301moin les nombreuses personnalite\u0301s qui se pressent dans vos prestigieuses formations me\u0301dicales, mais aussi les simples gens en que\u0302te de voies salutaires de transit pour d&rsquo;autres cieux.<\/p>\n<p>Excellence,<\/p>\n<p>De ce qui pre\u0301ce\u0300de, j&rsquo;en fais un devoir, de vous signifier de fac\u0327on e\u0301le\u0301gante mais ve\u0301he\u0301mente, ma protestation plus que le\u0301gitime, a\u0300 la suite des propos d&rsquo;une vexation quasiment universelle, tenues par le pre\u0301sident de la Re\u0301publique de Tunisie, SEM le Pr.Kaied Saied le mardi 21 fe\u0301vrier 2023, relativement a\u0300 la pre\u0301sence dans votre pays de milliers d&rsquo;Africains en de\u0301tresse migratoire.<\/p>\n<p>En effet les flux migratoires constituent aujourd&rsquo;hui un de\u0301fi majeur lie\u0301 a\u0300 l&rsquo;expansion des technologies, la densification des brassages humains et le besoin d&rsquo;aventure, en relation avec la mise\u0300re des uns contre l&rsquo;opulence suppose\u0301e des autres. Le pre\u0301sident tunisien, universitaire et juriste de surcroi\u0302t, ne saurait ignorer cette re\u0301alite\u0301, sans verser dans des ide\u0301ologies d&rsquo;exclusion, de marginalisation et d&rsquo;oppression, dont la finalite\u0301 se traduit en racisme et en ge\u0301nocide.<\/p>\n<p>Aussi, tout en espe\u0301rant qu&rsquo;il s&rsquo;est agi d&rsquo;un moment d&rsquo;e\u0301garement et de de\u0301faillance regrettable pour cet homme d&rsquo;Etat pluriel, j&rsquo;anticipe dans l&rsquo;appre\u0301ciation positive des rectifications tre\u0300s prochaines. Autant les Etats sont souverains dans l&rsquo;e\u0301diction de leur politique envers les e\u0301trangers, autant ils ont l&rsquo;obligation de respecter quelques normes internationales consensuelles.<\/p>\n<p><strong>Pour plus d&rsquo;informations et d&rsquo;analyses sur la <a href=\"https:\/\/www.africa-press.net\/cameroun\">Cameroun<\/a>, suivez <a href=\"https:\/\/www.africa-press.net\/\">Africa-Press<\/a><\/strong><\/p>\n","protected":false},"excerpt":{"rendered":"<p>Africa-Press &#8211; Cameroun. Les de\u0301clarations a\u0300 caracte\u0300re raciste profe\u0301re\u0301es par le pre\u0301sident tunisien Kai\u0308s Sai\u0308ed ont suscite\u0301 une vive e\u0301motion dans le monde entier, en particulier en Afrique. La situation en Tunisie s\u2019est rapidement de\u0301te\u0301riore\u0301e, avec une se\u0301rie d\u2019agressions re\u0301pe\u0301te\u0301es contre les ressortissants de pays d\u2019Afrique subsaharienne pre\u0301sents sur le territoire. Face a\u0300 ces e\u0301ve\u0300nements, [&hellip;]<\/p>\n","protected":false},"author":82,"featured_media":38053,"comment_status":"open","ping_status":"closed","sticky":false,"template":"","format":"standard","meta":{"footnotes":""},"categories":[21,10],"tags":[36,50,49],"class_list":["post-38055","post","type-post","status-publish","format-standard","has-post-thumbnail","hentry","category-communaute","category-toutes-les-actualites","tag-africa-press","tag-africa-press-cameroun","tag-cameroun"],"yoast_head":"<!-- This site is optimized with the Yoast SEO Premium plugin v26.1 (Yoast SEO v27.0) - https:\/\/yoast.com\/product\/yoast-seo-premium-wordpress\/ -->\n<title>Racisme: la Tunisie re\u00e7oit une lettre de la part d\u2019une commission ind\u00e9pendante camerounaise - Cameroun<\/title>\n<meta name=\"description\" content=\"Les de\u0301clarations a\u0300 caracte\u0300re raciste profe\u0301re\u0301es par le pre\u0301sident tunisien Kai\u0308s Sai\u0308ed ont suscite\u0301 une vive e\u0301moti ...\" \/>\n<meta name=\"robots\" content=\"index, follow, max-snippet:-1, max-image-preview:large, max-video-preview:-1\" \/>\n<link rel=\"canonical\" href=\"https:\/\/www.africa-press.net\/cameroun\/toutes-les-actualites\/racisme-la-tunisie-recoit-une-lettre-de-la-part-dune-commission-independante-camerounaise\" \/>\n<meta property=\"og:locale\" content=\"fr_FR\" \/>\n<meta property=\"og:type\" content=\"article\" \/>\n<meta property=\"og:title\" content=\"Racisme: la Tunisie re\u00e7oit une lettre de la part d\u2019une commission ind\u00e9pendante camerounaise\" \/>\n<meta property=\"og:description\" content=\"Les de\u0301clarations a\u0300 caracte\u0300re raciste profe\u0301re\u0301es par le pre\u0301sident tunisien Kai\u0308s Sai\u0308ed ont suscite\u0301 une vive e\u0301moti ...\" \/>\n<meta property=\"og:url\" content=\"https:\/\/www.africa-press.net\/cameroun\/toutes-les-actualites\/racisme-la-tunisie-recoit-une-lettre-de-la-part-dune-commission-independante-camerounaise\" \/>\n<meta property=\"og:site_name\" content=\"Cameroun\" \/>\n<meta property=\"article:published_time\" content=\"2023-03-01T21:01:34+00:00\" \/>\n<meta property=\"article:modified_time\" content=\"2023-03-01T21:41:35+00:00\" \/>\n<meta property=\"og:image\" content=\"https:\/\/static.africa-press.net\/cameroun\/sites\/57\/2023\/03\/postQueueImg_1677691899.48.jpg\" \/>\n\t<meta property=\"og:image:width\" content=\"720\" \/>\n\t<meta property=\"og:image:height\" content=\"480\" \/>\n\t<meta property=\"og:image:type\" content=\"image\/jpeg\" \/>\n<meta name=\"author\" content=\"cfeditorfr\" \/>\n<meta name=\"twitter:card\" content=\"summary_large_image\" \/>\n<meta name=\"twitter:label1\" content=\"\u00c9crit par\" \/>\n\t<meta name=\"twitter:data1\" content=\"cfeditorfr\" \/>\n\t<meta name=\"twitter:label2\" content=\"Dur\u00e9e de lecture estim\u00e9e\" \/>\n\t<meta name=\"twitter:data2\" content=\"2 minutes\" \/>\n<script type=\"application\/ld+json\" class=\"yoast-schema-graph\">{\"@context\":\"https:\/\/schema.org\",\"@graph\":[{\"@type\":\"Article\",\"@id\":\"https:\/\/www.africa-press.net\/cameroun\/toutes-les-actualites\/racisme-la-tunisie-recoit-une-lettre-de-la-part-dune-commission-independante-camerounaise#article\",\"isPartOf\":{\"@id\":\"https:\/\/www.africa-press.net\/cameroun\/toutes-les-actualites\/racisme-la-tunisie-recoit-une-lettre-de-la-part-dune-commission-independante-camerounaise\"},\"author\":{\"name\":\"cfeditorfr\",\"@id\":\"https:\/\/www.africa-press.net\/cameroun\/#\/schema\/person\/2b1cf3cd81a31e3cd26889ca66d677f1\"},\"headline\":\"Racisme: la Tunisie re\u00e7oit une lettre de la part d\u2019une commission ind\u00e9pendante camerounaise\",\"datePublished\":\"2023-03-01T21:01:34+00:00\",\"dateModified\":\"2023-03-01T21:41:35+00:00\",\"mainEntityOfPage\":{\"@id\":\"https:\/\/www.africa-press.net\/cameroun\/toutes-les-actualites\/racisme-la-tunisie-recoit-une-lettre-de-la-part-dune-commission-independante-camerounaise\"},\"wordCount\":506,\"commentCount\":0,\"image\":{\"@id\":\"https:\/\/www.africa-press.net\/cameroun\/toutes-les-actualites\/racisme-la-tunisie-recoit-une-lettre-de-la-part-dune-commission-independante-camerounaise#primaryimage\"},\"thumbnailUrl\":\"https:\/\/static.africa-press.net\/cameroun\/sites\/57\/2023\/03\/postQueueImg_1677691899.48.jpg\",\"keywords\":[\"Africa Press\",\"Africa Press-Cameroun\",\"Cameroun\"],\"articleSection\":[\"Communaut\u00e9\",\"Toutes les actualit\u00e9s\"],\"inLanguage\":\"fr-FR\",\"potentialAction\":[{\"@type\":\"CommentAction\",\"name\":\"Comment\",\"target\":[\"https:\/\/www.africa-press.net\/cameroun\/toutes-les-actualites\/racisme-la-tunisie-recoit-une-lettre-de-la-part-dune-commission-independante-camerounaise#respond\"]}]},{\"@type\":\"WebPage\",\"@id\":\"https:\/\/www.africa-press.net\/cameroun\/toutes-les-actualites\/racisme-la-tunisie-recoit-une-lettre-de-la-part-dune-commission-independante-camerounaise\",\"url\":\"https:\/\/www.africa-press.net\/cameroun\/toutes-les-actualites\/racisme-la-tunisie-recoit-une-lettre-de-la-part-dune-commission-independante-camerounaise\",\"name\":\"Racisme: la Tunisie re\u00e7oit une lettre de la part d\u2019une commission ind\u00e9pendante camerounaise - Cameroun\",\"isPartOf\":{\"@id\":\"https:\/\/www.africa-press.net\/cameroun\/#website\"},\"primaryImageOfPage\":{\"@id\":\"https:\/\/www.africa-press.net\/cameroun\/toutes-les-actualites\/racisme-la-tunisie-recoit-une-lettre-de-la-part-dune-commission-independante-camerounaise#primaryimage\"},\"image\":{\"@id\":\"https:\/\/www.africa-press.net\/cameroun\/toutes-les-actualites\/racisme-la-tunisie-recoit-une-lettre-de-la-part-dune-commission-independante-camerounaise#primaryimage\"},\"thumbnailUrl\":\"https:\/\/static.africa-press.net\/cameroun\/sites\/57\/2023\/03\/postQueueImg_1677691899.48.jpg\",\"datePublished\":\"2023-03-01T21:01:34+00:00\",\"dateModified\":\"2023-03-01T21:41:35+00:00\",\"author\":{\"@id\":\"https:\/\/www.africa-press.net\/cameroun\/#\/schema\/person\/2b1cf3cd81a31e3cd26889ca66d677f1\"},\"description\":\"Les de\u0301clarations a\u0300 caracte\u0300re raciste profe\u0301re\u0301es par le pre\u0301sident tunisien Kai\u0308s Sai\u0308ed ont suscite\u0301 une vive e\u0301moti ...\",\"breadcrumb\":{\"@id\":\"https:\/\/www.africa-press.net\/cameroun\/toutes-les-actualites\/racisme-la-tunisie-recoit-une-lettre-de-la-part-dune-commission-independante-camerounaise#breadcrumb\"},\"inLanguage\":\"fr-FR\",\"potentialAction\":[{\"@type\":\"ReadAction\",\"target\":[\"https:\/\/www.africa-press.net\/cameroun\/toutes-les-actualites\/racisme-la-tunisie-recoit-une-lettre-de-la-part-dune-commission-independante-camerounaise\"]}]},{\"@type\":\"ImageObject\",\"inLanguage\":\"fr-FR\",\"@id\":\"https:\/\/www.africa-press.net\/cameroun\/toutes-les-actualites\/racisme-la-tunisie-recoit-une-lettre-de-la-part-dune-commission-independante-camerounaise#primaryimage\",\"url\":\"https:\/\/static.africa-press.net\/cameroun\/sites\/57\/2023\/03\/postQueueImg_1677691899.48.jpg\",\"contentUrl\":\"https:\/\/static.africa-press.net\/cameroun\/sites\/57\/2023\/03\/postQueueImg_1677691899.48.jpg\",\"width\":720,\"height\":480,\"caption\":\"Racisme: la Tunisie re\u00e7oit une lettre de la part d\u2019une commission ind\u00e9pendante camerounaise\"},{\"@type\":\"BreadcrumbList\",\"@id\":\"https:\/\/www.africa-press.net\/cameroun\/toutes-les-actualites\/racisme-la-tunisie-recoit-une-lettre-de-la-part-dune-commission-independante-camerounaise#breadcrumb\",\"itemListElement\":[{\"@type\":\"ListItem\",\"position\":1,\"name\":\"Accueil\",\"item\":\"https:\/\/www.africa-press.net\/cameroun\/\"},{\"@type\":\"ListItem\",\"position\":2,\"name\":\"Racisme: la Tunisie re\u00e7oit une lettre de la part d\u2019une commission ind\u00e9pendante camerounaise\"}]},{\"@type\":\"WebSite\",\"@id\":\"https:\/\/www.africa-press.net\/cameroun\/#website\",\"url\":\"https:\/\/www.africa-press.net\/cameroun\/\",\"name\":\"Cameroun\",\"description\":\"Just another Africa News Agency Sites site\",\"potentialAction\":[{\"@type\":\"SearchAction\",\"target\":{\"@type\":\"EntryPoint\",\"urlTemplate\":\"https:\/\/www.africa-press.net\/cameroun\/?s={search_term_string}\"},\"query-input\":{\"@type\":\"PropertyValueSpecification\",\"valueRequired\":true,\"valueName\":\"search_term_string\"}}],\"inLanguage\":\"fr-FR\"},{\"@type\":\"Person\",\"@id\":\"https:\/\/www.africa-press.net\/cameroun\/#\/schema\/person\/2b1cf3cd81a31e3cd26889ca66d677f1\",\"name\":\"cfeditorfr\"}]}<\/script>\n<!-- \/ Yoast SEO Premium plugin. -->","yoast_head_json":{"title":"Racisme: la Tunisie re\u00e7oit une lettre de la part d\u2019une commission ind\u00e9pendante camerounaise - Cameroun","description":"Les de\u0301clarations a\u0300 caracte\u0300re raciste profe\u0301re\u0301es par le pre\u0301sident tunisien Kai\u0308s Sai\u0308ed ont suscite\u0301 une vive e\u0301moti ...","robots":{"index":"index","follow":"follow","max-snippet":"max-snippet:-1","max-image-preview":"max-image-preview:large","max-video-preview":"max-video-preview:-1"},"canonical":"https:\/\/www.africa-press.net\/cameroun\/toutes-les-actualites\/racisme-la-tunisie-recoit-une-lettre-de-la-part-dune-commission-independante-camerounaise","og_locale":"fr_FR","og_type":"article","og_title":"Racisme: la Tunisie re\u00e7oit une lettre de la part d\u2019une commission ind\u00e9pendante camerounaise","og_description":"Les de\u0301clarations a\u0300 caracte\u0300re raciste profe\u0301re\u0301es par le pre\u0301sident tunisien Kai\u0308s Sai\u0308ed ont suscite\u0301 une vive e\u0301moti ...","og_url":"https:\/\/www.africa-press.net\/cameroun\/toutes-les-actualites\/racisme-la-tunisie-recoit-une-lettre-de-la-part-dune-commission-independante-camerounaise","og_site_name":"Cameroun","article_published_time":"2023-03-01T21:01:34+00:00","article_modified_time":"2023-03-01T21:41:35+00:00","og_image":[{"width":720,"height":480,"url":"https:\/\/static.africa-press.net\/cameroun\/sites\/57\/2023\/03\/postQueueImg_1677691899.48.jpg","type":"image\/jpeg"}],"author":"cfeditorfr","twitter_card":"summary_large_image","twitter_misc":{"\u00c9crit par":"cfeditorfr","Dur\u00e9e de lecture estim\u00e9e":"2 minutes"},"schema":{"@context":"https:\/\/schema.org","@graph":[{"@type":"Article","@id":"https:\/\/www.africa-press.net\/cameroun\/toutes-les-actualites\/racisme-la-tunisie-recoit-une-lettre-de-la-part-dune-commission-independante-camerounaise#article","isPartOf":{"@id":"https:\/\/www.africa-press.net\/cameroun\/toutes-les-actualites\/racisme-la-tunisie-recoit-une-lettre-de-la-part-dune-commission-independante-camerounaise"},"author":{"name":"cfeditorfr","@id":"https:\/\/www.africa-press.net\/cameroun\/#\/schema\/person\/2b1cf3cd81a31e3cd26889ca66d677f1"},"headline":"Racisme: la Tunisie re\u00e7oit une lettre de la part d\u2019une commission ind\u00e9pendante camerounaise","datePublished":"2023-03-01T21:01:34+00:00","dateModified":"2023-03-01T21:41:35+00:00","mainEntityOfPage":{"@id":"https:\/\/www.africa-press.net\/cameroun\/toutes-les-actualites\/racisme-la-tunisie-recoit-une-lettre-de-la-part-dune-commission-independante-camerounaise"},"wordCount":506,"commentCount":0,"image":{"@id":"https:\/\/www.africa-press.net\/cameroun\/toutes-les-actualites\/racisme-la-tunisie-recoit-une-lettre-de-la-part-dune-commission-independante-camerounaise#primaryimage"},"thumbnailUrl":"https:\/\/static.africa-press.net\/cameroun\/sites\/57\/2023\/03\/postQueueImg_1677691899.48.jpg","keywords":["Africa Press","Africa Press-Cameroun","Cameroun"],"articleSection":["Communaut\u00e9","Toutes les actualit\u00e9s"],"inLanguage":"fr-FR","potentialAction":[{"@type":"CommentAction","name":"Comment","target":["https:\/\/www.africa-press.net\/cameroun\/toutes-les-actualites\/racisme-la-tunisie-recoit-une-lettre-de-la-part-dune-commission-independante-camerounaise#respond"]}]},{"@type":"WebPage","@id":"https:\/\/www.africa-press.net\/cameroun\/toutes-les-actualites\/racisme-la-tunisie-recoit-une-lettre-de-la-part-dune-commission-independante-camerounaise","url":"https:\/\/www.africa-press.net\/cameroun\/toutes-les-actualites\/racisme-la-tunisie-recoit-une-lettre-de-la-part-dune-commission-independante-camerounaise","name":"Racisme: la Tunisie re\u00e7oit une lettre de la part d\u2019une commission ind\u00e9pendante camerounaise - Cameroun","isPartOf":{"@id":"https:\/\/www.africa-press.net\/cameroun\/#website"},"primaryImageOfPage":{"@id":"https:\/\/www.africa-press.net\/cameroun\/toutes-les-actualites\/racisme-la-tunisie-recoit-une-lettre-de-la-part-dune-commission-independante-camerounaise#primaryimage"},"image":{"@id":"https:\/\/www.africa-press.net\/cameroun\/toutes-les-actualites\/racisme-la-tunisie-recoit-une-lettre-de-la-part-dune-commission-independante-camerounaise#primaryimage"},"thumbnailUrl":"https:\/\/static.africa-press.net\/cameroun\/sites\/57\/2023\/03\/postQueueImg_1677691899.48.jpg","datePublished":"2023-03-01T21:01:34+00:00","dateModified":"2023-03-01T21:41:35+00:00","author":{"@id":"https:\/\/www.africa-press.net\/cameroun\/#\/schema\/person\/2b1cf3cd81a31e3cd26889ca66d677f1"},"description":"Les de\u0301clarations a\u0300 caracte\u0300re raciste profe\u0301re\u0301es par le pre\u0301sident tunisien Kai\u0308s Sai\u0308ed ont suscite\u0301 une vive e\u0301moti ...","breadcrumb":{"@id":"https:\/\/www.africa-press.net\/cameroun\/toutes-les-actualites\/racisme-la-tunisie-recoit-une-lettre-de-la-part-dune-commission-independante-camerounaise#breadcrumb"},"inLanguage":"fr-FR","potentialAction":[{"@type":"ReadAction","target":["https:\/\/www.africa-press.net\/cameroun\/toutes-les-actualites\/racisme-la-tunisie-recoit-une-lettre-de-la-part-dune-commission-independante-camerounaise"]}]},{"@type":"ImageObject","inLanguage":"fr-FR","@id":"https:\/\/www.africa-press.net\/cameroun\/toutes-les-actualites\/racisme-la-tunisie-recoit-une-lettre-de-la-part-dune-commission-independante-camerounaise#primaryimage","url":"https:\/\/static.africa-press.net\/cameroun\/sites\/57\/2023\/03\/postQueueImg_1677691899.48.jpg","contentUrl":"https:\/\/static.africa-press.net\/cameroun\/sites\/57\/2023\/03\/postQueueImg_1677691899.48.jpg","width":720,"height":480,"caption":"Racisme: la Tunisie re\u00e7oit une lettre de la part d\u2019une commission ind\u00e9pendante camerounaise"},{"@type":"BreadcrumbList","@id":"https:\/\/www.africa-press.net\/cameroun\/toutes-les-actualites\/racisme-la-tunisie-recoit-une-lettre-de-la-part-dune-commission-independante-camerounaise#breadcrumb","itemListElement":[{"@type":"ListItem","position":1,"name":"Accueil","item":"https:\/\/www.africa-press.net\/cameroun\/"},{"@type":"ListItem","position":2,"name":"Racisme: la Tunisie re\u00e7oit une lettre de la part d\u2019une commission ind\u00e9pendante camerounaise"}]},{"@type":"WebSite","@id":"https:\/\/www.africa-press.net\/cameroun\/#website","url":"https:\/\/www.africa-press.net\/cameroun\/","name":"Cameroun","description":"Just another Africa News Agency Sites site","potentialAction":[{"@type":"SearchAction","target":{"@type":"EntryPoint","urlTemplate":"https:\/\/www.africa-press.net\/cameroun\/?s={search_term_string}"},"query-input":{"@type":"PropertyValueSpecification","valueRequired":true,"valueName":"search_term_string"}}],"inLanguage":"fr-FR"},{"@type":"Person","@id":"https:\/\/www.africa-press.net\/cameroun\/#\/schema\/person\/2b1cf3cd81a31e3cd26889ca66d677f1","name":"cfeditorfr"}]}},"_links":{"self":[{"href":"https:\/\/www.africa-press.net\/cameroun\/wp-json\/wp\/v2\/posts\/38055","targetHints":{"allow":["GET"]}}],"collection":[{"href":"https:\/\/www.africa-press.net\/cameroun\/wp-json\/wp\/v2\/posts"}],"about":[{"href":"https:\/\/www.africa-press.net\/cameroun\/wp-json\/wp\/v2\/types\/post"}],"author":[{"embeddable":true,"href":"https:\/\/www.africa-press.net\/cameroun\/wp-json\/wp\/v2\/users\/82"}],"replies":[{"embeddable":true,"href":"https:\/\/www.africa-press.net\/cameroun\/wp-json\/wp\/v2\/comments?post=38055"}],"version-history":[{"count":0,"href":"https:\/\/www.africa-press.net\/cameroun\/wp-json\/wp\/v2\/posts\/38055\/revisions"}],"wp:featuredmedia":[{"embeddable":true,"href":"https:\/\/www.africa-press.net\/cameroun\/wp-json\/wp\/v2\/media\/38053"}],"wp:attachment":[{"href":"https:\/\/www.africa-press.net\/cameroun\/wp-json\/wp\/v2\/media?parent=38055"}],"wp:term":[{"taxonomy":"category","embeddable":true,"href":"https:\/\/www.africa-press.net\/cameroun\/wp-json\/wp\/v2\/categories?post=38055"},{"taxonomy":"post_tag","embeddable":true,"href":"https:\/\/www.africa-press.net\/cameroun\/wp-json\/wp\/v2\/tags?post=38055"}],"curies":[{"name":"wp","href":"https:\/\/api.w.org\/{rel}","templated":true}]}}