{"id":38066,"date":"2023-03-01T21:04:01","date_gmt":"2023-03-01T21:04:01","guid":{"rendered":"https:\/\/www.africa-press.net\/cameroun\/politique\/liberation-imminente-le-gouvernement-declenche-le-processus-une-personne-avisee-donne-lalerte"},"modified":"2023-03-01T21:43:25","modified_gmt":"2023-03-01T21:43:25","slug":"liberation-imminente-le-gouvernement-declenche-le-processus-une-personne-avisee-donne-lalerte","status":"publish","type":"post","link":"https:\/\/www.africa-press.net\/cameroun\/politique\/liberation-imminente-le-gouvernement-declenche-le-processus-une-personne-avisee-donne-lalerte","title":{"rendered":"Lib\u00e9ration imminente : le gouvernement d\u00e9clenche le processus, une personne avis\u00e9e donne l&rsquo;alerte"},"content":{"rendered":"<p><span style=\"color: #ff6600\"><strong>Africa-Press &#8211; Cameroun. <\/strong><\/span>Le gouvernement a de nouveau communique\u0301 sur l\u2019affaire Martinez Zogo, notamment sur les versions donne\u0301es par les me\u0301dias et lanceurs d\u2019alertes nationaux ou ceux qui sont en exil. Le ministre de la Communication Rene\u0301 Emmanuel Sadi regrette que les informateurs se permettent de pre\u0301senter des situations fausses pour manipuler l\u2019opinion.<\/p>\n<p>Le web journaliste et cre\u0301ateur de contenus Michel Biem Tong lui, voit a\u0300 travers cette sortie me\u0301diatique du gouvernement, une volonte\u0301 de\u0301guise\u0301e de mettre sous silence la presse une nouvelle fois dans cette affaire et de finir par libe\u0301rer les suspects.<\/p>\n<p>Il e\u0301crit sans de\u0301tour que \u00ab le pouvoir de Yaounde\u0301 menace les journalistes qui commentent l\u2019affaire Martinez Zogo \u00bb.<\/p>\n<p>Ainsi, \u00ab le pouvoir Biya tente de museler la presse et les activistes sur les re\u0301seaux sociaux qui de\u0301noncent l\u2019assassinat de Martinez Zogo en leur rappelant que seuls les officiers de police judiciaire et le commissaire du gouvernement ont le droit de communiquer sur le sujet \u00bb.<\/p>\n<p>Michel Biem Tong ajoute e\u0301galement que \u00ab comme il n\u2019est pas dans les habitudes de tout ce beau monde de communiquer, on brandit le Code pe\u0301nal aux hommes de me\u0301dias \u00bb.<\/p>\n<p>Par conse\u0301quent alerte-t-il, \u00ab cette tentative de ba\u0302illonnement de la presse camerounaise est a\u0300 condamner avec la dernie\u0300re e\u0301nergie et trahit la volonte\u0301 pour le gouvernement camerounais de torpiller l\u2019enque\u0302te et in fine de libe\u0301rer les suspects \u00bb.<\/p>\n<p>Communique\u0301 du gouvernement<\/p>\n<p>Alors que les enque\u0302tes pre\u0301liminaires relatives a\u0300 l&rsquo;assassinat de Monsieur Martinez Zogo, chef de chai\u0302ne de la radio urbaine \u00ab Amplitude FM \u00bb, sont en train d&rsquo;e\u0302tre mene\u0301es par la Commission mixte gendarmerie-police mis en place par le chef de l\u2019E\u0301tat, une certaine opinion s&rsquo;e\u0301le\u0300ve, pour exiger une communication gouvernementale plus intenso et plus re\u0301gulie\u0300re sur le de\u0301roulement de ces investigations, en insinuant comme une volonte\u0301 de\u0301libe\u0301re\u0301e de re\u0301tention de l&rsquo;information.<\/p>\n<p>A cet e\u0301gard, le ministre de la Communication tient a\u0300 rappeler que, depuis la disparition de Monsieur Martinez Zogo, cinq interventions publiques par voie de communique\u0301s de presse ont e\u0301te\u0301 faites, par la pre\u0301sidence de la Re\u0301publique et le gouvernement, pour condamner ce crime odieux, assurer aux uns et aux autres que les proce\u0301dures en cours permettront d&rsquo;e\u0301tablir l&rsquo;identite\u0301 et les responsabilite\u0301s de toute personne implique\u0301e dans cet assassinat, redire tout le soutien du chef de l\u2019E\u0301tat a\u0300 la profession de journaliste, ainsi que sa de\u0301termination a\u0300 continuer son combat en faveur de la de\u0301mocratie, et pour le primat de la justice.<\/p>\n<p>A ce sujet, il convient de relever que toute communication intervenant sur une affaire, alors qu&rsquo;une enque\u0302te de police judiciaire est en cours, est encadre\u0301e par les dispositions pertinentes du Code de proce\u0301dure pe\u0301nale, qui dispose en son article 102, aline\u0301a 1, que \u00ab la proce\u0301dure durant l&rsquo;enque\u0302te de police judiciaire est secre\u0300te. Toutefois, le secret de l&rsquo;enque\u0302te n&rsquo;est pas opposable au ministe\u0300re public \u00bb.<\/p>\n<p>En outre, l&rsquo;aline\u0301a 3 du me\u0302me article, re\u0301serve aux seuls Officiers de police judiciaire, la possibilite\u0301 de publier, apre\u0300s visa du procureur de la Re\u0301publique, des communique\u0301s et documents relatifs a\u0300 certaines affaires dont ils sont saisis. Dans ce cas pre\u0301cis, lesdits communique\u0301s et documents doivent e\u0302tre publie\u0301s par les organes de presse sans commentaires, sous peine des sanctions pre\u0301vues par la loi, en l&rsquo;occurrence les articles 169 et 170 du Code pe\u0301nal, qui condamnent a\u0300 des peines pe\u0301nales, \u00ab celui qui relate publiquement une proce\u0301dure judiciaire non de\u0301finitivement juge\u0301e, dans les conditions telles qu&rsquo;il influence me\u0302me non-intentionnellement l&rsquo;opinion d&rsquo;autrui, pour ou contre l&rsquo;une des parties \u00bb.<\/p>\n<p>D&rsquo;ailleurs, la commission d&rsquo;une telle infraction par voie de presse, constitue une circonstance aggravante au sens de la loi. En tout e\u0301tat de cause, les restrictions sus-e\u0301voque\u0301es s&rsquo;appliquent aux contenus des communications lie\u0301es a\u0300 toutes les proce\u0301dures judiciaires en cours, de quelque nature que ce soit, ainsi qu&rsquo;aux investigations y affe\u0301rentes.<\/p>\n<p>Le gouvernement de la Re\u0301publique n&rsquo;en est pas exempte\u0301, tout comme l&rsquo;ensemble des me\u0301dias, qui, de ce fait, sont tenus au respect scrupuleux de ces dispositions de la loi.<\/p>\n<p>En conse\u0301quence, le gouvernement de la Re\u0301publique exhorte l&rsquo;opinion publique a\u0300 davantage de mesure et de responsabilite\u0301, et entend re\u0301ite\u0301rer ici, une fois de plus, sa de\u0301termination a\u0300 tout mettre en \u0153uvre, pour la poursuite sereine des enque\u0302tes prescrites par le chef de l&rsquo;E\u0301tat sur l&rsquo;assassinat de Monsieur Martinez Zogo, et dont les re\u0301sultats seront connus en temps opportun.<\/p>\n<p><strong>Pour plus d&rsquo;informations et d&rsquo;analyses sur la <a href=\"https:\/\/www.africa-press.net\/cameroun\">Cameroun<\/a>, suivez <a href=\"https:\/\/www.africa-press.net\/\">Africa-Press<\/a><\/strong><\/p>\n","protected":false},"excerpt":{"rendered":"<p>Africa-Press &#8211; Cameroun. Le gouvernement a de nouveau communique\u0301 sur l\u2019affaire Martinez Zogo, notamment sur les versions donne\u0301es par les me\u0301dias et lanceurs d\u2019alertes nationaux ou ceux qui sont en exil. Le ministre de la Communication Rene\u0301 Emmanuel Sadi regrette que les informateurs se permettent de pre\u0301senter des situations fausses pour manipuler l\u2019opinion. Le web [&hellip;]<\/p>\n","protected":false},"author":82,"featured_media":38064,"comment_status":"open","ping_status":"closed","sticky":false,"template":"","format":"standard","meta":{"footnotes":""},"categories":[2,10],"tags":[36,50,49],"class_list":["post-38066","post","type-post","status-publish","format-standard","has-post-thumbnail","hentry","category-politique","category-toutes-les-actualites","tag-africa-press","tag-africa-press-cameroun","tag-cameroun"],"yoast_head":"<!-- This site is optimized with the Yoast SEO Premium plugin v26.1 (Yoast SEO v27.0) - https:\/\/yoast.com\/product\/yoast-seo-premium-wordpress\/ -->\n<title>Lib\u00e9ration imminente : le gouvernement d\u00e9clenche le processus, une personne avis\u00e9e donne l&#039;alerte - Cameroun<\/title>\n<meta name=\"description\" content=\"Le gouvernement a de nouveau communique\u0301 sur l\u2019affaire Martinez Zogo, notamment sur les versions donne\u0301es par les me\u0301dia ...\" \/>\n<meta name=\"robots\" content=\"index, follow, max-snippet:-1, max-image-preview:large, max-video-preview:-1\" \/>\n<link rel=\"canonical\" href=\"https:\/\/www.africa-press.net\/cameroun\/politique\/liberation-imminente-le-gouvernement-declenche-le-processus-une-personne-avisee-donne-lalerte\" \/>\n<meta property=\"og:locale\" content=\"fr_FR\" \/>\n<meta property=\"og:type\" content=\"article\" \/>\n<meta property=\"og:title\" content=\"Lib\u00e9ration imminente : le gouvernement d\u00e9clenche le processus, une personne avis\u00e9e donne l&#039;alerte\" \/>\n<meta property=\"og:description\" content=\"Le gouvernement a de nouveau communique\u0301 sur l\u2019affaire Martinez Zogo, notamment sur les versions donne\u0301es par les me\u0301dia ...\" \/>\n<meta property=\"og:url\" content=\"https:\/\/www.africa-press.net\/cameroun\/politique\/liberation-imminente-le-gouvernement-declenche-le-processus-une-personne-avisee-donne-lalerte\" \/>\n<meta property=\"og:site_name\" content=\"Cameroun\" \/>\n<meta property=\"article:published_time\" content=\"2023-03-01T21:04:01+00:00\" \/>\n<meta property=\"article:modified_time\" content=\"2023-03-01T21:43:25+00:00\" \/>\n<meta property=\"og:image\" content=\"https:\/\/static.africa-press.net\/cameroun\/sites\/57\/2023\/03\/postQueueImg_1677692063.70.jpg\" \/>\n\t<meta property=\"og:image:width\" content=\"720\" \/>\n\t<meta property=\"og:image:height\" content=\"464\" \/>\n\t<meta property=\"og:image:type\" content=\"image\/jpeg\" \/>\n<meta name=\"author\" content=\"cfeditorfr\" \/>\n<meta name=\"twitter:card\" content=\"summary_large_image\" \/>\n<meta name=\"twitter:label1\" content=\"\u00c9crit par\" \/>\n\t<meta name=\"twitter:data1\" content=\"cfeditorfr\" \/>\n\t<meta name=\"twitter:label2\" content=\"Dur\u00e9e de lecture estim\u00e9e\" \/>\n\t<meta name=\"twitter:data2\" content=\"4 minutes\" \/>\n<script type=\"application\/ld+json\" class=\"yoast-schema-graph\">{\"@context\":\"https:\/\/schema.org\",\"@graph\":[{\"@type\":\"Article\",\"@id\":\"https:\/\/www.africa-press.net\/cameroun\/politique\/liberation-imminente-le-gouvernement-declenche-le-processus-une-personne-avisee-donne-lalerte#article\",\"isPartOf\":{\"@id\":\"https:\/\/www.africa-press.net\/cameroun\/politique\/liberation-imminente-le-gouvernement-declenche-le-processus-une-personne-avisee-donne-lalerte\"},\"author\":{\"name\":\"cfeditorfr\",\"@id\":\"https:\/\/www.africa-press.net\/cameroun\/#\/schema\/person\/2b1cf3cd81a31e3cd26889ca66d677f1\"},\"headline\":\"Lib\u00e9ration imminente : le gouvernement d\u00e9clenche le processus, une personne avis\u00e9e donne l&rsquo;alerte\",\"datePublished\":\"2023-03-01T21:04:01+00:00\",\"dateModified\":\"2023-03-01T21:43:25+00:00\",\"mainEntityOfPage\":{\"@id\":\"https:\/\/www.africa-press.net\/cameroun\/politique\/liberation-imminente-le-gouvernement-declenche-le-processus-une-personne-avisee-donne-lalerte\"},\"wordCount\":850,\"commentCount\":0,\"image\":{\"@id\":\"https:\/\/www.africa-press.net\/cameroun\/politique\/liberation-imminente-le-gouvernement-declenche-le-processus-une-personne-avisee-donne-lalerte#primaryimage\"},\"thumbnailUrl\":\"https:\/\/static.africa-press.net\/cameroun\/sites\/57\/2023\/03\/postQueueImg_1677692063.70.jpg\",\"keywords\":[\"Africa Press\",\"Africa Press-Cameroun\",\"Cameroun\"],\"articleSection\":[\"Politique\",\"Toutes les actualit\u00e9s\"],\"inLanguage\":\"fr-FR\",\"potentialAction\":[{\"@type\":\"CommentAction\",\"name\":\"Comment\",\"target\":[\"https:\/\/www.africa-press.net\/cameroun\/politique\/liberation-imminente-le-gouvernement-declenche-le-processus-une-personne-avisee-donne-lalerte#respond\"]}]},{\"@type\":\"WebPage\",\"@id\":\"https:\/\/www.africa-press.net\/cameroun\/politique\/liberation-imminente-le-gouvernement-declenche-le-processus-une-personne-avisee-donne-lalerte\",\"url\":\"https:\/\/www.africa-press.net\/cameroun\/politique\/liberation-imminente-le-gouvernement-declenche-le-processus-une-personne-avisee-donne-lalerte\",\"name\":\"Lib\u00e9ration imminente : le gouvernement d\u00e9clenche le processus, une personne avis\u00e9e donne l'alerte - Cameroun\",\"isPartOf\":{\"@id\":\"https:\/\/www.africa-press.net\/cameroun\/#website\"},\"primaryImageOfPage\":{\"@id\":\"https:\/\/www.africa-press.net\/cameroun\/politique\/liberation-imminente-le-gouvernement-declenche-le-processus-une-personne-avisee-donne-lalerte#primaryimage\"},\"image\":{\"@id\":\"https:\/\/www.africa-press.net\/cameroun\/politique\/liberation-imminente-le-gouvernement-declenche-le-processus-une-personne-avisee-donne-lalerte#primaryimage\"},\"thumbnailUrl\":\"https:\/\/static.africa-press.net\/cameroun\/sites\/57\/2023\/03\/postQueueImg_1677692063.70.jpg\",\"datePublished\":\"2023-03-01T21:04:01+00:00\",\"dateModified\":\"2023-03-01T21:43:25+00:00\",\"author\":{\"@id\":\"https:\/\/www.africa-press.net\/cameroun\/#\/schema\/person\/2b1cf3cd81a31e3cd26889ca66d677f1\"},\"description\":\"Le gouvernement a de nouveau communique\u0301 sur l\u2019affaire Martinez Zogo, notamment sur les versions donne\u0301es par les me\u0301dia ...\",\"breadcrumb\":{\"@id\":\"https:\/\/www.africa-press.net\/cameroun\/politique\/liberation-imminente-le-gouvernement-declenche-le-processus-une-personne-avisee-donne-lalerte#breadcrumb\"},\"inLanguage\":\"fr-FR\",\"potentialAction\":[{\"@type\":\"ReadAction\",\"target\":[\"https:\/\/www.africa-press.net\/cameroun\/politique\/liberation-imminente-le-gouvernement-declenche-le-processus-une-personne-avisee-donne-lalerte\"]}]},{\"@type\":\"ImageObject\",\"inLanguage\":\"fr-FR\",\"@id\":\"https:\/\/www.africa-press.net\/cameroun\/politique\/liberation-imminente-le-gouvernement-declenche-le-processus-une-personne-avisee-donne-lalerte#primaryimage\",\"url\":\"https:\/\/static.africa-press.net\/cameroun\/sites\/57\/2023\/03\/postQueueImg_1677692063.70.jpg\",\"contentUrl\":\"https:\/\/static.africa-press.net\/cameroun\/sites\/57\/2023\/03\/postQueueImg_1677692063.70.jpg\",\"width\":720,\"height\":464,\"caption\":\"Lib\u00e9ration imminente : le gouvernement d\u00e9clenche le processus, une personne avis\u00e9e donne l'alerte\"},{\"@type\":\"BreadcrumbList\",\"@id\":\"https:\/\/www.africa-press.net\/cameroun\/politique\/liberation-imminente-le-gouvernement-declenche-le-processus-une-personne-avisee-donne-lalerte#breadcrumb\",\"itemListElement\":[{\"@type\":\"ListItem\",\"position\":1,\"name\":\"Accueil\",\"item\":\"https:\/\/www.africa-press.net\/cameroun\/\"},{\"@type\":\"ListItem\",\"position\":2,\"name\":\"Lib\u00e9ration imminente : le gouvernement d\u00e9clenche le processus, une personne avis\u00e9e donne l&rsquo;alerte\"}]},{\"@type\":\"WebSite\",\"@id\":\"https:\/\/www.africa-press.net\/cameroun\/#website\",\"url\":\"https:\/\/www.africa-press.net\/cameroun\/\",\"name\":\"Cameroun\",\"description\":\"Just another Africa News Agency Sites site\",\"potentialAction\":[{\"@type\":\"SearchAction\",\"target\":{\"@type\":\"EntryPoint\",\"urlTemplate\":\"https:\/\/www.africa-press.net\/cameroun\/?s={search_term_string}\"},\"query-input\":{\"@type\":\"PropertyValueSpecification\",\"valueRequired\":true,\"valueName\":\"search_term_string\"}}],\"inLanguage\":\"fr-FR\"},{\"@type\":\"Person\",\"@id\":\"https:\/\/www.africa-press.net\/cameroun\/#\/schema\/person\/2b1cf3cd81a31e3cd26889ca66d677f1\",\"name\":\"cfeditorfr\"}]}<\/script>\n<!-- \/ Yoast SEO Premium plugin. -->","yoast_head_json":{"title":"Lib\u00e9ration imminente : le gouvernement d\u00e9clenche le processus, une personne avis\u00e9e donne l'alerte - Cameroun","description":"Le gouvernement a de nouveau communique\u0301 sur l\u2019affaire Martinez Zogo, notamment sur les versions donne\u0301es par les me\u0301dia ...","robots":{"index":"index","follow":"follow","max-snippet":"max-snippet:-1","max-image-preview":"max-image-preview:large","max-video-preview":"max-video-preview:-1"},"canonical":"https:\/\/www.africa-press.net\/cameroun\/politique\/liberation-imminente-le-gouvernement-declenche-le-processus-une-personne-avisee-donne-lalerte","og_locale":"fr_FR","og_type":"article","og_title":"Lib\u00e9ration imminente : le gouvernement d\u00e9clenche le processus, une personne avis\u00e9e donne l'alerte","og_description":"Le gouvernement a de nouveau communique\u0301 sur l\u2019affaire Martinez Zogo, notamment sur les versions donne\u0301es par les me\u0301dia ...","og_url":"https:\/\/www.africa-press.net\/cameroun\/politique\/liberation-imminente-le-gouvernement-declenche-le-processus-une-personne-avisee-donne-lalerte","og_site_name":"Cameroun","article_published_time":"2023-03-01T21:04:01+00:00","article_modified_time":"2023-03-01T21:43:25+00:00","og_image":[{"width":720,"height":464,"url":"https:\/\/static.africa-press.net\/cameroun\/sites\/57\/2023\/03\/postQueueImg_1677692063.70.jpg","type":"image\/jpeg"}],"author":"cfeditorfr","twitter_card":"summary_large_image","twitter_misc":{"\u00c9crit par":"cfeditorfr","Dur\u00e9e de lecture estim\u00e9e":"4 minutes"},"schema":{"@context":"https:\/\/schema.org","@graph":[{"@type":"Article","@id":"https:\/\/www.africa-press.net\/cameroun\/politique\/liberation-imminente-le-gouvernement-declenche-le-processus-une-personne-avisee-donne-lalerte#article","isPartOf":{"@id":"https:\/\/www.africa-press.net\/cameroun\/politique\/liberation-imminente-le-gouvernement-declenche-le-processus-une-personne-avisee-donne-lalerte"},"author":{"name":"cfeditorfr","@id":"https:\/\/www.africa-press.net\/cameroun\/#\/schema\/person\/2b1cf3cd81a31e3cd26889ca66d677f1"},"headline":"Lib\u00e9ration imminente : le gouvernement d\u00e9clenche le processus, une personne avis\u00e9e donne l&rsquo;alerte","datePublished":"2023-03-01T21:04:01+00:00","dateModified":"2023-03-01T21:43:25+00:00","mainEntityOfPage":{"@id":"https:\/\/www.africa-press.net\/cameroun\/politique\/liberation-imminente-le-gouvernement-declenche-le-processus-une-personne-avisee-donne-lalerte"},"wordCount":850,"commentCount":0,"image":{"@id":"https:\/\/www.africa-press.net\/cameroun\/politique\/liberation-imminente-le-gouvernement-declenche-le-processus-une-personne-avisee-donne-lalerte#primaryimage"},"thumbnailUrl":"https:\/\/static.africa-press.net\/cameroun\/sites\/57\/2023\/03\/postQueueImg_1677692063.70.jpg","keywords":["Africa Press","Africa Press-Cameroun","Cameroun"],"articleSection":["Politique","Toutes les actualit\u00e9s"],"inLanguage":"fr-FR","potentialAction":[{"@type":"CommentAction","name":"Comment","target":["https:\/\/www.africa-press.net\/cameroun\/politique\/liberation-imminente-le-gouvernement-declenche-le-processus-une-personne-avisee-donne-lalerte#respond"]}]},{"@type":"WebPage","@id":"https:\/\/www.africa-press.net\/cameroun\/politique\/liberation-imminente-le-gouvernement-declenche-le-processus-une-personne-avisee-donne-lalerte","url":"https:\/\/www.africa-press.net\/cameroun\/politique\/liberation-imminente-le-gouvernement-declenche-le-processus-une-personne-avisee-donne-lalerte","name":"Lib\u00e9ration imminente : le gouvernement d\u00e9clenche le processus, une personne avis\u00e9e donne l'alerte - Cameroun","isPartOf":{"@id":"https:\/\/www.africa-press.net\/cameroun\/#website"},"primaryImageOfPage":{"@id":"https:\/\/www.africa-press.net\/cameroun\/politique\/liberation-imminente-le-gouvernement-declenche-le-processus-une-personne-avisee-donne-lalerte#primaryimage"},"image":{"@id":"https:\/\/www.africa-press.net\/cameroun\/politique\/liberation-imminente-le-gouvernement-declenche-le-processus-une-personne-avisee-donne-lalerte#primaryimage"},"thumbnailUrl":"https:\/\/static.africa-press.net\/cameroun\/sites\/57\/2023\/03\/postQueueImg_1677692063.70.jpg","datePublished":"2023-03-01T21:04:01+00:00","dateModified":"2023-03-01T21:43:25+00:00","author":{"@id":"https:\/\/www.africa-press.net\/cameroun\/#\/schema\/person\/2b1cf3cd81a31e3cd26889ca66d677f1"},"description":"Le gouvernement a de nouveau communique\u0301 sur l\u2019affaire Martinez Zogo, notamment sur les versions donne\u0301es par les me\u0301dia ...","breadcrumb":{"@id":"https:\/\/www.africa-press.net\/cameroun\/politique\/liberation-imminente-le-gouvernement-declenche-le-processus-une-personne-avisee-donne-lalerte#breadcrumb"},"inLanguage":"fr-FR","potentialAction":[{"@type":"ReadAction","target":["https:\/\/www.africa-press.net\/cameroun\/politique\/liberation-imminente-le-gouvernement-declenche-le-processus-une-personne-avisee-donne-lalerte"]}]},{"@type":"ImageObject","inLanguage":"fr-FR","@id":"https:\/\/www.africa-press.net\/cameroun\/politique\/liberation-imminente-le-gouvernement-declenche-le-processus-une-personne-avisee-donne-lalerte#primaryimage","url":"https:\/\/static.africa-press.net\/cameroun\/sites\/57\/2023\/03\/postQueueImg_1677692063.70.jpg","contentUrl":"https:\/\/static.africa-press.net\/cameroun\/sites\/57\/2023\/03\/postQueueImg_1677692063.70.jpg","width":720,"height":464,"caption":"Lib\u00e9ration imminente : le gouvernement d\u00e9clenche le processus, une personne avis\u00e9e donne l'alerte"},{"@type":"BreadcrumbList","@id":"https:\/\/www.africa-press.net\/cameroun\/politique\/liberation-imminente-le-gouvernement-declenche-le-processus-une-personne-avisee-donne-lalerte#breadcrumb","itemListElement":[{"@type":"ListItem","position":1,"name":"Accueil","item":"https:\/\/www.africa-press.net\/cameroun\/"},{"@type":"ListItem","position":2,"name":"Lib\u00e9ration imminente : le gouvernement d\u00e9clenche le processus, une personne avis\u00e9e donne l&rsquo;alerte"}]},{"@type":"WebSite","@id":"https:\/\/www.africa-press.net\/cameroun\/#website","url":"https:\/\/www.africa-press.net\/cameroun\/","name":"Cameroun","description":"Just another Africa News Agency Sites site","potentialAction":[{"@type":"SearchAction","target":{"@type":"EntryPoint","urlTemplate":"https:\/\/www.africa-press.net\/cameroun\/?s={search_term_string}"},"query-input":{"@type":"PropertyValueSpecification","valueRequired":true,"valueName":"search_term_string"}}],"inLanguage":"fr-FR"},{"@type":"Person","@id":"https:\/\/www.africa-press.net\/cameroun\/#\/schema\/person\/2b1cf3cd81a31e3cd26889ca66d677f1","name":"cfeditorfr"}]}},"_links":{"self":[{"href":"https:\/\/www.africa-press.net\/cameroun\/wp-json\/wp\/v2\/posts\/38066","targetHints":{"allow":["GET"]}}],"collection":[{"href":"https:\/\/www.africa-press.net\/cameroun\/wp-json\/wp\/v2\/posts"}],"about":[{"href":"https:\/\/www.africa-press.net\/cameroun\/wp-json\/wp\/v2\/types\/post"}],"author":[{"embeddable":true,"href":"https:\/\/www.africa-press.net\/cameroun\/wp-json\/wp\/v2\/users\/82"}],"replies":[{"embeddable":true,"href":"https:\/\/www.africa-press.net\/cameroun\/wp-json\/wp\/v2\/comments?post=38066"}],"version-history":[{"count":0,"href":"https:\/\/www.africa-press.net\/cameroun\/wp-json\/wp\/v2\/posts\/38066\/revisions"}],"wp:featuredmedia":[{"embeddable":true,"href":"https:\/\/www.africa-press.net\/cameroun\/wp-json\/wp\/v2\/media\/38064"}],"wp:attachment":[{"href":"https:\/\/www.africa-press.net\/cameroun\/wp-json\/wp\/v2\/media?parent=38066"}],"wp:term":[{"taxonomy":"category","embeddable":true,"href":"https:\/\/www.africa-press.net\/cameroun\/wp-json\/wp\/v2\/categories?post=38066"},{"taxonomy":"post_tag","embeddable":true,"href":"https:\/\/www.africa-press.net\/cameroun\/wp-json\/wp\/v2\/tags?post=38066"}],"curies":[{"name":"wp","href":"https:\/\/api.w.org\/{rel}","templated":true}]}}