{"id":38080,"date":"2023-03-01T21:07:35","date_gmt":"2023-03-01T21:07:35","guid":{"rendered":"https:\/\/www.africa-press.net\/cameroun\/politique\/premiere-legende-francaise-du-football-just-fontaine-est-mort"},"modified":"2023-03-01T21:45:54","modified_gmt":"2023-03-01T21:45:54","slug":"premiere-legende-francaise-du-football-just-fontaine-est-mort","status":"publish","type":"post","link":"https:\/\/www.africa-press.net\/cameroun\/sports\/premiere-legende-francaise-du-football-just-fontaine-est-mort","title":{"rendered":"Premi\u00e8re l\u00e9gende fran\u00e7aise du football, Just Fontaine est mort"},"content":{"rendered":"<p><span style=\"color: #ff6600\"><strong>Africa-Press &#8211; Cameroun. <\/strong><\/span><b>La le\u0301gende du football Just Fontaine est morte, mercredi, a\u0300 l&rsquo;a\u0302ge de 89 ans. De\u0301tenteur du plus grand nombre de buts inscrits lors d&rsquo;une phase finale de Coupe du monde (13), l&rsquo;ancien joueur de Reims a laisse\u0301 sa marque dans l&rsquo;histoire.<\/b><\/p>\n<p>Il e\u0301tait la premie\u0300re star mondiale de l&rsquo;e\u0301quipe de France de football de l&rsquo;histoire. La le\u0301gende Just Fontaine est de\u0301ce\u0301de\u0301e mercredi 1er mars a\u0300 l&rsquo;a\u0302ge de 89 ans, a annonce\u0301 sa famille. Il est le plus grand de\u0301tenteur du nombre de buts inscrits en une seule phase finale de Coupe du monde (13).<\/p>\n<p>International a\u0300 21 reprises, Fontaine avait e\u0301te\u0301 l&rsquo;un des he\u0301ros du Mondial-58 en Sue\u0300de, ou\u0300 l&rsquo;e\u0301quipe de France avait atteint les demi-finales pour la premie\u0300re fois de son histoire, battue par le Bre\u0301sil de Pele\u0301.<\/p>\n<p><b>Le Mondial-58 en chef d&rsquo;\u0153uvre<\/b><\/p>\n<p>La renomme\u0301e de Just Fontaine tient a\u0300 ce record, quasiment imbattable. Il est le seul homme a\u0300 avoir inscrit 13 buts en un seul mondial, le tout en seulement sept matches (contre huit de\u0301sormais). Ce Mondial-1958 en Sue\u0300de constitue le chef-d&rsquo;\u0153uvre de \u00ab\u00a0Justo\u00a0\u00bb et sera pendant longtemps la re\u0301fe\u0301rence absolue du football franc\u0327ais avant l&rsquo;ave\u0300nement des ge\u0301ne\u0301rations Platini, Zidane et Mbappe\u0301.<\/p>\n<p>Dernier repre\u0301sentant du trident d&rsquo;attaque qu&rsquo;il formait avec Raymond Kopa et Roger Piantoni, disparus en 2017 et 2018, Fontaine, aux co\u0302te\u0301s des deux autres stars de Reims, avait emmene\u0301 les Bleus jusqu&rsquo;en demi-finale ou\u0300 un certain Pele\u0301, a\u0302ge\u0301 de 17 ans, avait brise\u0301 leur re\u0302ve avec un triple\u0301.<\/p>\n<p>Le Bre\u0301sil, futur vainqueur du tournoi, l&#8217;emporte 5-2 et la le\u0301gende du \u00ab\u00a0Roi\u00a0\u00bb est en marche, mais la France se consolera avec une troisie\u0300me place, porte\u0301e par un Fontaine en e\u0301tat de gra\u0302ce et auteur d&rsquo;un fabuleux quadruple\u0301 face a\u0300 l&rsquo;Allemagne (6-3). Les Bleus tiennent leur premier fait d&rsquo;armes sur la sce\u0300ne internationale et Just Fontaine entre dans l&rsquo;histoire.<\/p>\n<p>Jamais avare de bons mots avec son accent du sud-ouest, il s&rsquo;amusait de la longe\u0301vite\u0301 de son record en 2014 aupre\u0300s du Te\u0301le\u0301gramme de Brest : \u00ab\u00a0C&rsquo;est une petite histoire que m&rsquo;a souffle\u0301e Mario Zatelli (ancien joueur et entrai\u0302neur de l&rsquo;OM, NDLR). Elle se passe en 3015. Des e\u0301gyptologues de\u0301couvrent une momie dans un triste e\u0301tat. En la nettoyant un peu, la momie s&rsquo;agite. Elle n&rsquo;est en fait pas morte, se re\u0301veille et pose alors cette question : &lsquo;Et le record de buts en une seule Coupe du monde, c&rsquo;est toujours Just Fontaine qui l&rsquo;a ?'\u00a0\u00bb<\/p>\n<p><b>Une courte carrie\u0300re de club<\/b><\/p>\n<p>Ne\u0301 a\u0300 Marrakech en 1933 d&rsquo;un pe\u0300re franc\u0327ais et d&rsquo;une me\u0300re espagnole, Just Fontaine a commence\u0301 a\u0300 jouer au football dans ce qui e\u0301tait alors le Protectorat franc\u0327ais du Maroc. Il a alors comme idoles Larbi Ben Barek et Mario Zatelli. Il fait ses de\u0301buts a\u0300 l&rsquo;US marocaine de Casablanca au niveau senior et est me\u0302me se\u0301lectionne\u0301 plusieurs fois avec l&rsquo;e\u0301quipe repre\u0301sentant la Ligue du Maroc. Il y remporte notamment le Championnat d&rsquo;Afrique du Nord en 1952.<\/p>\n<p>Lui-me\u0302me ancien joueur de l&rsquo;US Marocaine, Mario Zatelli le repe\u0300re et le fait partir a\u0300 l&rsquo;OGN Nice ou\u0300 il est entrai\u0302neur. Entre 1953 et 1956, il remporte avec Nice une Coupe de France (1954) et un titre de champion de France (1956).<\/p>\n<p>Il part ensuite a\u0300 Reims ou\u0300 il restera jusqu&rsquo;a\u0300 la fin de sa carrie\u0300re. Il y remporte trois titres de champion de France supple\u0301mentaires (1958, 1960, 1962) et Coupe de France (1958). Surtout, il dispute une finale de Coupe d&rsquo;Europe des clubs champions avec Reims perdue en 1959 (2-0) contre le grand Real Madrid de Di Stefano, Puskas et Kopa.<\/p>\n<p>Le parcours de joueur de Fontaine prend cependant brutalement fin en 1962, a\u0300 seulement 28 ans, apre\u0300s une double fracture d&rsquo;une jambe. Au total, durant sa carrie\u0300re, cet attaquant pluto\u0302t trapu (1,74 m), a\u0300 la fois renard des surfaces et canonnier, aura inscrit 256 buts en 284 matches.<\/p>\n<p><b>Un parcours mitige\u0301 sur les bancs<\/b><\/p>\n<p>Retire\u0301 des terrains, Fontaine devient entrai\u0302neur, mais son passage sur le banc sera assez mitige\u0301. Son nom est grave\u0301 dans les annales pour une performance bien moins glorieuse que ses 13 buts en Coupe du monde : il n&rsquo;a tenu que deux matches a\u0300 la te\u0302te de l&rsquo;e\u0301quipe de France en 1967, avant d&rsquo;e\u0302tre e\u0301jecte\u0301 apre\u0300s deux de\u0301faites en amical.<\/p>\n<p>Son expe\u0301rience au PSG (1973-1976) est plus re\u0301ussie avec une monte\u0301e en 1e division en 1974. Porte\u0301 en triomphe par les supporteurs, il avait eu un malaise reste\u0301 dans la le\u0301gende du club parisien. Il boucle sa vie de technicien sur sa terre natale marocaine, offrant une troisie\u0300me place a\u0300 la CAN-1980 aux Lions de l&rsquo;Atlas.<\/p>\n<p>Paisible retraite\u0301, l&rsquo;ex-attaquant avait garde\u0301 un \u0153il avise\u0301 sur l&rsquo;actualite\u0301 du football, affirmant regarder tous les matches a\u0300 la te\u0301le\u0301vision. En 2011, il avait e\u0301te\u0301 convie\u0301, par le se\u0301lectionneur de l&rsquo;e\u0301poque Laurent Blanc, a\u0300 Clairefontaine, en tant que glorieux ancien, pour pre\u0302cher la bonne parole aux Bleus, un an apre\u0300s le fiasco de Knysna.<\/p>\n<p>Bien que diminue\u0301 par la maladie lors des dernie\u0300res anne\u0301es de sa vie, il n&rsquo;a jamais comple\u0300tement cesse\u0301 de se montrer disponible. En 2014, la Fifa avait re\u0301pare\u0301 une injustice en lui remettant un Soulier d&rsquo;Or, le trophe\u0301e de meilleur buteur de Coupe de monde. Humble et humoristique comme a\u0300 son habitude, il avait de\u0301die\u0301 le trophe\u0301e aux gens qui l&rsquo;entouraient : \u00ab\u00a0Je suis tre\u0300s fier de recevoir cette chaussure, unique, c\u0327a tombe bien car moi aussi je suis unique et les gars a\u0300 co\u0302te\u0301 de moi qui me donnent le prix, sont uniques\u00a0\u00bb, a explique\u0301 l&rsquo;ancien joueur sur sce\u0300ne au moment de recevoir son prix des mains de Ronaldo \u00ab\u00a0O Fenomeno\u00a0\u00bb et Michel Platini. \u00ab\u00a0Je de\u0301die cette chaussure a\u0300 mon e\u0301pouse et a\u0300 toute mon e\u0301quipe de 1958. En 1958, le Soulier d&rsquo;Or n&rsquo;existait pas.\u00a0\u00bb En effet, il avait du se contenter&#8230; d&rsquo;un fusil de chasse.<\/p>\n<p><strong>Pour plus d&rsquo;informations et d&rsquo;analyses sur la <a href=\"https:\/\/www.africa-press.net\/cameroun\">Cameroun<\/a>, suivez <a href=\"https:\/\/www.africa-press.net\/\">Africa-Press<\/a><\/strong><\/p>\n","protected":false},"excerpt":{"rendered":"<p>Africa-Press &#8211; Cameroun. La le\u0301gende du football Just Fontaine est morte, mercredi, a\u0300 l&rsquo;a\u0302ge de 89 ans. De\u0301tenteur du plus grand nombre de buts inscrits lors d&rsquo;une phase finale de Coupe du monde (13), l&rsquo;ancien joueur de Reims a laisse\u0301 sa marque dans l&rsquo;histoire. Il e\u0301tait la premie\u0300re star mondiale de l&rsquo;e\u0301quipe de France de [&hellip;]<\/p>\n","protected":false},"author":82,"featured_media":38079,"comment_status":"open","ping_status":"closed","sticky":false,"template":"","format":"standard","meta":{"footnotes":""},"categories":[6,10],"tags":[36,50,49],"class_list":["post-38080","post","type-post","status-publish","format-standard","has-post-thumbnail","hentry","category-sports","category-toutes-les-actualites","tag-africa-press","tag-africa-press-cameroun","tag-cameroun"],"yoast_head":"<!-- This site is optimized with the Yoast SEO Premium plugin v26.1 (Yoast SEO v27.0) - https:\/\/yoast.com\/product\/yoast-seo-premium-wordpress\/ -->\n<title>Premi\u00e8re l\u00e9gende fran\u00e7aise du football, Just Fontaine est mort - Cameroun<\/title>\n<meta name=\"description\" content=\"La le\u0301gende du football Just Fontaine est morte, mercredi, a\u0300 l&#039;a\u0302ge de 89 ans. De\u0301tenteur du plus grand nombre de bu ...\" \/>\n<meta name=\"robots\" content=\"index, follow, max-snippet:-1, max-image-preview:large, max-video-preview:-1\" \/>\n<link rel=\"canonical\" href=\"https:\/\/www.africa-press.net\/cameroun\/sports\/premiere-legende-francaise-du-football-just-fontaine-est-mort\" \/>\n<meta property=\"og:locale\" content=\"fr_FR\" \/>\n<meta property=\"og:type\" content=\"article\" \/>\n<meta property=\"og:title\" content=\"Premi\u00e8re l\u00e9gende fran\u00e7aise du football, Just Fontaine est mort\" \/>\n<meta property=\"og:description\" content=\"La le\u0301gende du football Just Fontaine est morte, mercredi, a\u0300 l&#039;a\u0302ge de 89 ans. De\u0301tenteur du plus grand nombre de bu ...\" \/>\n<meta property=\"og:url\" content=\"https:\/\/www.africa-press.net\/cameroun\/sports\/premiere-legende-francaise-du-football-just-fontaine-est-mort\" \/>\n<meta property=\"og:site_name\" content=\"Cameroun\" \/>\n<meta property=\"article:published_time\" content=\"2023-03-01T21:07:35+00:00\" \/>\n<meta property=\"article:modified_time\" content=\"2023-03-01T21:45:54+00:00\" \/>\n<meta property=\"og:image\" content=\"https:\/\/static.africa-press.net\/cameroun\/sites\/57\/2023\/03\/postQueueImg_1677692258.28.jpg\" \/>\n\t<meta property=\"og:image:width\" content=\"720\" \/>\n\t<meta property=\"og:image:height\" content=\"531\" \/>\n\t<meta property=\"og:image:type\" content=\"image\/jpeg\" \/>\n<meta name=\"author\" content=\"cfeditorfr\" \/>\n<meta name=\"twitter:card\" content=\"summary_large_image\" \/>\n<meta name=\"twitter:label1\" content=\"\u00c9crit par\" \/>\n\t<meta name=\"twitter:data1\" content=\"cfeditorfr\" \/>\n\t<meta name=\"twitter:label2\" content=\"Dur\u00e9e de lecture estim\u00e9e\" \/>\n\t<meta name=\"twitter:data2\" content=\"5 minutes\" \/>\n<script type=\"application\/ld+json\" class=\"yoast-schema-graph\">{\"@context\":\"https:\/\/schema.org\",\"@graph\":[{\"@type\":\"Article\",\"@id\":\"https:\/\/www.africa-press.net\/cameroun\/sports\/premiere-legende-francaise-du-football-just-fontaine-est-mort#article\",\"isPartOf\":{\"@id\":\"https:\/\/www.africa-press.net\/cameroun\/sports\/premiere-legende-francaise-du-football-just-fontaine-est-mort\"},\"author\":{\"name\":\"cfeditorfr\",\"@id\":\"https:\/\/www.africa-press.net\/cameroun\/#\/schema\/person\/2b1cf3cd81a31e3cd26889ca66d677f1\"},\"headline\":\"Premi\u00e8re l\u00e9gende fran\u00e7aise du football, Just Fontaine est mort\",\"datePublished\":\"2023-03-01T21:07:35+00:00\",\"dateModified\":\"2023-03-01T21:45:54+00:00\",\"mainEntityOfPage\":{\"@id\":\"https:\/\/www.africa-press.net\/cameroun\/sports\/premiere-legende-francaise-du-football-just-fontaine-est-mort\"},\"wordCount\":1094,\"commentCount\":0,\"image\":{\"@id\":\"https:\/\/www.africa-press.net\/cameroun\/sports\/premiere-legende-francaise-du-football-just-fontaine-est-mort#primaryimage\"},\"thumbnailUrl\":\"https:\/\/static.africa-press.net\/cameroun\/sites\/57\/2023\/03\/postQueueImg_1677692258.28.jpg\",\"keywords\":[\"Africa Press\",\"Africa Press-Cameroun\",\"Cameroun\"],\"articleSection\":[\"Sports\",\"Toutes les actualit\u00e9s\"],\"inLanguage\":\"fr-FR\",\"potentialAction\":[{\"@type\":\"CommentAction\",\"name\":\"Comment\",\"target\":[\"https:\/\/www.africa-press.net\/cameroun\/sports\/premiere-legende-francaise-du-football-just-fontaine-est-mort#respond\"]}]},{\"@type\":\"WebPage\",\"@id\":\"https:\/\/www.africa-press.net\/cameroun\/sports\/premiere-legende-francaise-du-football-just-fontaine-est-mort\",\"url\":\"https:\/\/www.africa-press.net\/cameroun\/sports\/premiere-legende-francaise-du-football-just-fontaine-est-mort\",\"name\":\"Premi\u00e8re l\u00e9gende fran\u00e7aise du football, Just Fontaine est mort - Cameroun\",\"isPartOf\":{\"@id\":\"https:\/\/www.africa-press.net\/cameroun\/#website\"},\"primaryImageOfPage\":{\"@id\":\"https:\/\/www.africa-press.net\/cameroun\/sports\/premiere-legende-francaise-du-football-just-fontaine-est-mort#primaryimage\"},\"image\":{\"@id\":\"https:\/\/www.africa-press.net\/cameroun\/sports\/premiere-legende-francaise-du-football-just-fontaine-est-mort#primaryimage\"},\"thumbnailUrl\":\"https:\/\/static.africa-press.net\/cameroun\/sites\/57\/2023\/03\/postQueueImg_1677692258.28.jpg\",\"datePublished\":\"2023-03-01T21:07:35+00:00\",\"dateModified\":\"2023-03-01T21:45:54+00:00\",\"author\":{\"@id\":\"https:\/\/www.africa-press.net\/cameroun\/#\/schema\/person\/2b1cf3cd81a31e3cd26889ca66d677f1\"},\"description\":\"La le\u0301gende du football Just Fontaine est morte, mercredi, a\u0300 l'a\u0302ge de 89 ans. De\u0301tenteur du plus grand nombre de bu ...\",\"breadcrumb\":{\"@id\":\"https:\/\/www.africa-press.net\/cameroun\/sports\/premiere-legende-francaise-du-football-just-fontaine-est-mort#breadcrumb\"},\"inLanguage\":\"fr-FR\",\"potentialAction\":[{\"@type\":\"ReadAction\",\"target\":[\"https:\/\/www.africa-press.net\/cameroun\/sports\/premiere-legende-francaise-du-football-just-fontaine-est-mort\"]}]},{\"@type\":\"ImageObject\",\"inLanguage\":\"fr-FR\",\"@id\":\"https:\/\/www.africa-press.net\/cameroun\/sports\/premiere-legende-francaise-du-football-just-fontaine-est-mort#primaryimage\",\"url\":\"https:\/\/static.africa-press.net\/cameroun\/sites\/57\/2023\/03\/postQueueImg_1677692258.28.jpg\",\"contentUrl\":\"https:\/\/static.africa-press.net\/cameroun\/sites\/57\/2023\/03\/postQueueImg_1677692258.28.jpg\",\"width\":720,\"height\":531,\"caption\":\"Premi\u00e8re l\u00e9gende fran\u00e7aise du football, Just Fontaine est mort\"},{\"@type\":\"BreadcrumbList\",\"@id\":\"https:\/\/www.africa-press.net\/cameroun\/sports\/premiere-legende-francaise-du-football-just-fontaine-est-mort#breadcrumb\",\"itemListElement\":[{\"@type\":\"ListItem\",\"position\":1,\"name\":\"Accueil\",\"item\":\"https:\/\/www.africa-press.net\/cameroun\/\"},{\"@type\":\"ListItem\",\"position\":2,\"name\":\"Premi\u00e8re l\u00e9gende fran\u00e7aise du football, Just Fontaine est mort\"}]},{\"@type\":\"WebSite\",\"@id\":\"https:\/\/www.africa-press.net\/cameroun\/#website\",\"url\":\"https:\/\/www.africa-press.net\/cameroun\/\",\"name\":\"Cameroun\",\"description\":\"Just another Africa News Agency Sites site\",\"potentialAction\":[{\"@type\":\"SearchAction\",\"target\":{\"@type\":\"EntryPoint\",\"urlTemplate\":\"https:\/\/www.africa-press.net\/cameroun\/?s={search_term_string}\"},\"query-input\":{\"@type\":\"PropertyValueSpecification\",\"valueRequired\":true,\"valueName\":\"search_term_string\"}}],\"inLanguage\":\"fr-FR\"},{\"@type\":\"Person\",\"@id\":\"https:\/\/www.africa-press.net\/cameroun\/#\/schema\/person\/2b1cf3cd81a31e3cd26889ca66d677f1\",\"name\":\"cfeditorfr\"}]}<\/script>\n<!-- \/ Yoast SEO Premium plugin. -->","yoast_head_json":{"title":"Premi\u00e8re l\u00e9gende fran\u00e7aise du football, Just Fontaine est mort - Cameroun","description":"La le\u0301gende du football Just Fontaine est morte, mercredi, a\u0300 l'a\u0302ge de 89 ans. De\u0301tenteur du plus grand nombre de bu ...","robots":{"index":"index","follow":"follow","max-snippet":"max-snippet:-1","max-image-preview":"max-image-preview:large","max-video-preview":"max-video-preview:-1"},"canonical":"https:\/\/www.africa-press.net\/cameroun\/sports\/premiere-legende-francaise-du-football-just-fontaine-est-mort","og_locale":"fr_FR","og_type":"article","og_title":"Premi\u00e8re l\u00e9gende fran\u00e7aise du football, Just Fontaine est mort","og_description":"La le\u0301gende du football Just Fontaine est morte, mercredi, a\u0300 l'a\u0302ge de 89 ans. De\u0301tenteur du plus grand nombre de bu ...","og_url":"https:\/\/www.africa-press.net\/cameroun\/sports\/premiere-legende-francaise-du-football-just-fontaine-est-mort","og_site_name":"Cameroun","article_published_time":"2023-03-01T21:07:35+00:00","article_modified_time":"2023-03-01T21:45:54+00:00","og_image":[{"width":720,"height":531,"url":"https:\/\/static.africa-press.net\/cameroun\/sites\/57\/2023\/03\/postQueueImg_1677692258.28.jpg","type":"image\/jpeg"}],"author":"cfeditorfr","twitter_card":"summary_large_image","twitter_misc":{"\u00c9crit par":"cfeditorfr","Dur\u00e9e de lecture estim\u00e9e":"5 minutes"},"schema":{"@context":"https:\/\/schema.org","@graph":[{"@type":"Article","@id":"https:\/\/www.africa-press.net\/cameroun\/sports\/premiere-legende-francaise-du-football-just-fontaine-est-mort#article","isPartOf":{"@id":"https:\/\/www.africa-press.net\/cameroun\/sports\/premiere-legende-francaise-du-football-just-fontaine-est-mort"},"author":{"name":"cfeditorfr","@id":"https:\/\/www.africa-press.net\/cameroun\/#\/schema\/person\/2b1cf3cd81a31e3cd26889ca66d677f1"},"headline":"Premi\u00e8re l\u00e9gende fran\u00e7aise du football, Just Fontaine est mort","datePublished":"2023-03-01T21:07:35+00:00","dateModified":"2023-03-01T21:45:54+00:00","mainEntityOfPage":{"@id":"https:\/\/www.africa-press.net\/cameroun\/sports\/premiere-legende-francaise-du-football-just-fontaine-est-mort"},"wordCount":1094,"commentCount":0,"image":{"@id":"https:\/\/www.africa-press.net\/cameroun\/sports\/premiere-legende-francaise-du-football-just-fontaine-est-mort#primaryimage"},"thumbnailUrl":"https:\/\/static.africa-press.net\/cameroun\/sites\/57\/2023\/03\/postQueueImg_1677692258.28.jpg","keywords":["Africa Press","Africa Press-Cameroun","Cameroun"],"articleSection":["Sports","Toutes les actualit\u00e9s"],"inLanguage":"fr-FR","potentialAction":[{"@type":"CommentAction","name":"Comment","target":["https:\/\/www.africa-press.net\/cameroun\/sports\/premiere-legende-francaise-du-football-just-fontaine-est-mort#respond"]}]},{"@type":"WebPage","@id":"https:\/\/www.africa-press.net\/cameroun\/sports\/premiere-legende-francaise-du-football-just-fontaine-est-mort","url":"https:\/\/www.africa-press.net\/cameroun\/sports\/premiere-legende-francaise-du-football-just-fontaine-est-mort","name":"Premi\u00e8re l\u00e9gende fran\u00e7aise du football, Just Fontaine est mort - Cameroun","isPartOf":{"@id":"https:\/\/www.africa-press.net\/cameroun\/#website"},"primaryImageOfPage":{"@id":"https:\/\/www.africa-press.net\/cameroun\/sports\/premiere-legende-francaise-du-football-just-fontaine-est-mort#primaryimage"},"image":{"@id":"https:\/\/www.africa-press.net\/cameroun\/sports\/premiere-legende-francaise-du-football-just-fontaine-est-mort#primaryimage"},"thumbnailUrl":"https:\/\/static.africa-press.net\/cameroun\/sites\/57\/2023\/03\/postQueueImg_1677692258.28.jpg","datePublished":"2023-03-01T21:07:35+00:00","dateModified":"2023-03-01T21:45:54+00:00","author":{"@id":"https:\/\/www.africa-press.net\/cameroun\/#\/schema\/person\/2b1cf3cd81a31e3cd26889ca66d677f1"},"description":"La le\u0301gende du football Just Fontaine est morte, mercredi, a\u0300 l'a\u0302ge de 89 ans. De\u0301tenteur du plus grand nombre de bu ...","breadcrumb":{"@id":"https:\/\/www.africa-press.net\/cameroun\/sports\/premiere-legende-francaise-du-football-just-fontaine-est-mort#breadcrumb"},"inLanguage":"fr-FR","potentialAction":[{"@type":"ReadAction","target":["https:\/\/www.africa-press.net\/cameroun\/sports\/premiere-legende-francaise-du-football-just-fontaine-est-mort"]}]},{"@type":"ImageObject","inLanguage":"fr-FR","@id":"https:\/\/www.africa-press.net\/cameroun\/sports\/premiere-legende-francaise-du-football-just-fontaine-est-mort#primaryimage","url":"https:\/\/static.africa-press.net\/cameroun\/sites\/57\/2023\/03\/postQueueImg_1677692258.28.jpg","contentUrl":"https:\/\/static.africa-press.net\/cameroun\/sites\/57\/2023\/03\/postQueueImg_1677692258.28.jpg","width":720,"height":531,"caption":"Premi\u00e8re l\u00e9gende fran\u00e7aise du football, Just Fontaine est mort"},{"@type":"BreadcrumbList","@id":"https:\/\/www.africa-press.net\/cameroun\/sports\/premiere-legende-francaise-du-football-just-fontaine-est-mort#breadcrumb","itemListElement":[{"@type":"ListItem","position":1,"name":"Accueil","item":"https:\/\/www.africa-press.net\/cameroun\/"},{"@type":"ListItem","position":2,"name":"Premi\u00e8re l\u00e9gende fran\u00e7aise du football, Just Fontaine est mort"}]},{"@type":"WebSite","@id":"https:\/\/www.africa-press.net\/cameroun\/#website","url":"https:\/\/www.africa-press.net\/cameroun\/","name":"Cameroun","description":"Just another Africa News Agency Sites site","potentialAction":[{"@type":"SearchAction","target":{"@type":"EntryPoint","urlTemplate":"https:\/\/www.africa-press.net\/cameroun\/?s={search_term_string}"},"query-input":{"@type":"PropertyValueSpecification","valueRequired":true,"valueName":"search_term_string"}}],"inLanguage":"fr-FR"},{"@type":"Person","@id":"https:\/\/www.africa-press.net\/cameroun\/#\/schema\/person\/2b1cf3cd81a31e3cd26889ca66d677f1","name":"cfeditorfr"}]}},"_links":{"self":[{"href":"https:\/\/www.africa-press.net\/cameroun\/wp-json\/wp\/v2\/posts\/38080","targetHints":{"allow":["GET"]}}],"collection":[{"href":"https:\/\/www.africa-press.net\/cameroun\/wp-json\/wp\/v2\/posts"}],"about":[{"href":"https:\/\/www.africa-press.net\/cameroun\/wp-json\/wp\/v2\/types\/post"}],"author":[{"embeddable":true,"href":"https:\/\/www.africa-press.net\/cameroun\/wp-json\/wp\/v2\/users\/82"}],"replies":[{"embeddable":true,"href":"https:\/\/www.africa-press.net\/cameroun\/wp-json\/wp\/v2\/comments?post=38080"}],"version-history":[{"count":0,"href":"https:\/\/www.africa-press.net\/cameroun\/wp-json\/wp\/v2\/posts\/38080\/revisions"}],"wp:featuredmedia":[{"embeddable":true,"href":"https:\/\/www.africa-press.net\/cameroun\/wp-json\/wp\/v2\/media\/38079"}],"wp:attachment":[{"href":"https:\/\/www.africa-press.net\/cameroun\/wp-json\/wp\/v2\/media?parent=38080"}],"wp:term":[{"taxonomy":"category","embeddable":true,"href":"https:\/\/www.africa-press.net\/cameroun\/wp-json\/wp\/v2\/categories?post=38080"},{"taxonomy":"post_tag","embeddable":true,"href":"https:\/\/www.africa-press.net\/cameroun\/wp-json\/wp\/v2\/tags?post=38080"}],"curies":[{"name":"wp","href":"https:\/\/api.w.org\/{rel}","templated":true}]}}