{"id":38108,"date":"2023-03-02T12:16:00","date_gmt":"2023-03-02T12:16:00","guid":{"rendered":"https:\/\/www.africa-press.net\/cameroun\/politique\/martinez-zogo-voici-celui-qui-a-ecrit-le-communique-incendiaire-signe-par-rene-sadi"},"modified":"2023-03-02T12:38:42","modified_gmt":"2023-03-02T12:38:42","slug":"martinez-zogo-voici-celui-qui-a-ecrit-le-communique-incendiaire-signe-par-rene-sadi","status":"publish","type":"post","link":"https:\/\/www.africa-press.net\/cameroun\/politique\/martinez-zogo-voici-celui-qui-a-ecrit-le-communique-incendiaire-signe-par-rene-sadi","title":{"rendered":"Martinez Zogo : voici celui qui a \u00e9crit le communiqu\u00e9 incendiaire sign\u00e9 par Ren\u00e9 Sadi"},"content":{"rendered":"<p><span style=\"color: #ff6600\"><strong>Africa-Press &#8211; Cameroun. <\/strong><\/span>Ce mercredi, un communique\u0301 incendiaire du ministre Rene\u0301 Sadi a fait le tour des plateformes. Il s&rsquo;agit d&rsquo;une nouvelle note signe\u0301e a\u0300 l&rsquo;intention des hommes de me\u0301dias.<\/p>\n<p>Ce communique\u0301 a suscite\u0301 d&rsquo;ailleurs indignation et vivez re\u0301actions sur la toile. C&rsquo;est ce qui a emmene\u0301 d&rsquo;ailleurs le journaliste et lanceur d&rsquo;alertes Paul Chouta a\u0300 envoyer une lettre ouverte au ministre.<\/p>\n<p>On apprend que ce communique\u0301 a e\u0301te\u0301 re\u0301dige\u0301 par Denis Omgba que Nzui Manto qualifie d&rsquo;Ange Noir.<\/p>\n<p>\u00ab Cre\u0301dite\u0301 d&rsquo;un capital sympathie aux antipodes de Charles Atangana Manda , Denis Omgba brille finalement par son cynisme et son cote\u0301 carrie\u0301riste. En lieu et place de Charles Atangana Manda a\u0300 la sous direction de l&rsquo;observatoire des me\u0301dias , Denis Omgba s&rsquo;ave\u0300re finalement e\u0302tre le parangon du fonctionnaire de nos Etats sous de\u0301veloppe\u0301s. De\u0301termine\u0301 a\u0300 servir avec un ze\u0300le extre\u0302me le gouvernement, il vient de convaincre le ministre de la communication de signer un communique\u0301 qui s&rsquo;apparente a\u0300 des menaces exerce\u0301es sur la presse dans le traitement de l&rsquo;affaire de l&rsquo;assassinat de Martinez Zogo. Reniant sans ambages les usages commune\u0301ment admis dans le traitement des affaires judiciaires , il ne se prive pas d&rsquo;indiquer en des mots a\u0300 peine voile\u0301s que les comptes rendus de la presse sur cette affaire sont ille\u0301gaux \u00bb, indique Manto.<\/p>\n<p>\u00ab Ce qu&rsquo;il n&rsquo;a pas ose\u0301 e\u0301crire dans le communique\u0301 qu&rsquo;il a re\u0301dige\u0301. Dans le style acheve\u0301 du fonctionnaire du tiers-monde pre\u0302t a\u0300 recourir a\u0300 la re\u0301pression, il pousse son patron a\u0300 se substituer a\u0300 la justice en citant des articles du code pe\u0301nal, question de faire baver les journalistes en leur suspendant une e\u0301pe\u0301e de Damocle\u0300s au- dessus de la te\u0302te. Si Denis Omgba accuse sans de\u0301tour certains journalistes d&rsquo;avoir pris position contre Jean Pierre Amougou Belinga dans l&rsquo;affaire de l&rsquo;assassinat de Martinez Zogo , on peut se demander pour qui roule t&rsquo;il lui me\u0302me dans cette affaire. A l&rsquo;entendre, il s&rsquo;inquie\u0300te de ce que l&rsquo;opinion puisse mal prendre le fait que la de\u0301cision de justice dans cette affaire ne conforte ses attentes. Jouant les gardes chiourmes, Denis Omgba, qui a\u0300 une e\u0301poque a flirte\u0301 avec le Pcrn en clamant qu&rsquo;il militait pour une refondation du Cameroun, a finalement trouve\u0301 sa vraie vocation au Mincom, celle d&rsquo;un gratte papier rompu a\u0300 l&rsquo;art de mettre a\u0300 mal des acteurs qu&rsquo;il croit e\u0302tre ses adversaires \u00bb, a-t-il ajoute\u0301.<\/p>\n<p><strong>Pour plus d&rsquo;informations et d&rsquo;analyses sur la <a href=\"https:\/\/www.africa-press.net\/cameroun\">Cameroun<\/a>, suivez <a href=\"https:\/\/www.africa-press.net\/\">Africa-Press<\/a><\/strong><\/p>\n","protected":false},"excerpt":{"rendered":"<p>Africa-Press &#8211; Cameroun. Ce mercredi, un communique\u0301 incendiaire du ministre Rene\u0301 Sadi a fait le tour des plateformes. Il s&rsquo;agit d&rsquo;une nouvelle note signe\u0301e a\u0300 l&rsquo;intention des hommes de me\u0301dias. Ce communique\u0301 a suscite\u0301 d&rsquo;ailleurs indignation et vivez re\u0301actions sur la toile. C&rsquo;est ce qui a emmene\u0301 d&rsquo;ailleurs le journaliste et lanceur d&rsquo;alertes Paul Chouta [&hellip;]<\/p>\n","protected":false},"author":82,"featured_media":38105,"comment_status":"open","ping_status":"closed","sticky":false,"template":"","format":"standard","meta":{"footnotes":""},"categories":[2,10],"tags":[36,50,49],"class_list":["post-38108","post","type-post","status-publish","format-standard","has-post-thumbnail","hentry","category-politique","category-toutes-les-actualites","tag-africa-press","tag-africa-press-cameroun","tag-cameroun"],"yoast_head":"<!-- This site is optimized with the Yoast SEO Premium plugin v26.1 (Yoast SEO v27.0) - https:\/\/yoast.com\/product\/yoast-seo-premium-wordpress\/ -->\n<title>Martinez Zogo : voici celui qui a \u00e9crit le communiqu\u00e9 incendiaire sign\u00e9 par Ren\u00e9 Sadi - Cameroun<\/title>\n<meta name=\"description\" content=\"Ce mercredi, un communique\u0301 incendiaire du ministre Rene\u0301 Sadi a fait le tour des plateformes. Il s&#039;agit d&#039;une nouvelle ...\" \/>\n<meta name=\"robots\" content=\"index, follow, max-snippet:-1, max-image-preview:large, max-video-preview:-1\" \/>\n<link rel=\"canonical\" href=\"https:\/\/www.africa-press.net\/cameroun\/politique\/martinez-zogo-voici-celui-qui-a-ecrit-le-communique-incendiaire-signe-par-rene-sadi\" \/>\n<meta property=\"og:locale\" content=\"fr_FR\" \/>\n<meta property=\"og:type\" content=\"article\" \/>\n<meta property=\"og:title\" content=\"Martinez Zogo : voici celui qui a \u00e9crit le communiqu\u00e9 incendiaire sign\u00e9 par Ren\u00e9 Sadi\" \/>\n<meta property=\"og:description\" content=\"Ce mercredi, un communique\u0301 incendiaire du ministre Rene\u0301 Sadi a fait le tour des plateformes. Il s&#039;agit d&#039;une nouvelle ...\" \/>\n<meta property=\"og:url\" content=\"https:\/\/www.africa-press.net\/cameroun\/politique\/martinez-zogo-voici-celui-qui-a-ecrit-le-communique-incendiaire-signe-par-rene-sadi\" \/>\n<meta property=\"og:site_name\" content=\"Cameroun\" \/>\n<meta property=\"article:published_time\" content=\"2023-03-02T12:16:00+00:00\" \/>\n<meta property=\"article:modified_time\" content=\"2023-03-02T12:38:42+00:00\" \/>\n<meta property=\"og:image\" content=\"https:\/\/static.africa-press.net\/cameroun\/sites\/57\/2023\/03\/postQueueImg_1677746767.33.jpg\" \/>\n\t<meta property=\"og:image:width\" content=\"720\" \/>\n\t<meta property=\"og:image:height\" content=\"354\" \/>\n\t<meta property=\"og:image:type\" content=\"image\/jpeg\" \/>\n<meta name=\"author\" content=\"cfeditorfr\" \/>\n<meta name=\"twitter:card\" content=\"summary_large_image\" \/>\n<meta name=\"twitter:label1\" content=\"\u00c9crit par\" \/>\n\t<meta name=\"twitter:data1\" content=\"cfeditorfr\" \/>\n\t<meta name=\"twitter:label2\" content=\"Dur\u00e9e de lecture estim\u00e9e\" \/>\n\t<meta name=\"twitter:data2\" content=\"2 minutes\" \/>\n<script type=\"application\/ld+json\" class=\"yoast-schema-graph\">{\"@context\":\"https:\/\/schema.org\",\"@graph\":[{\"@type\":\"Article\",\"@id\":\"https:\/\/www.africa-press.net\/cameroun\/politique\/martinez-zogo-voici-celui-qui-a-ecrit-le-communique-incendiaire-signe-par-rene-sadi#article\",\"isPartOf\":{\"@id\":\"https:\/\/www.africa-press.net\/cameroun\/politique\/martinez-zogo-voici-celui-qui-a-ecrit-le-communique-incendiaire-signe-par-rene-sadi\"},\"author\":{\"name\":\"cfeditorfr\",\"@id\":\"https:\/\/www.africa-press.net\/cameroun\/#\/schema\/person\/2b1cf3cd81a31e3cd26889ca66d677f1\"},\"headline\":\"Martinez Zogo : voici celui qui a \u00e9crit le communiqu\u00e9 incendiaire sign\u00e9 par Ren\u00e9 Sadi\",\"datePublished\":\"2023-03-02T12:16:00+00:00\",\"dateModified\":\"2023-03-02T12:38:42+00:00\",\"mainEntityOfPage\":{\"@id\":\"https:\/\/www.africa-press.net\/cameroun\/politique\/martinez-zogo-voici-celui-qui-a-ecrit-le-communique-incendiaire-signe-par-rene-sadi\"},\"wordCount\":473,\"commentCount\":0,\"image\":{\"@id\":\"https:\/\/www.africa-press.net\/cameroun\/politique\/martinez-zogo-voici-celui-qui-a-ecrit-le-communique-incendiaire-signe-par-rene-sadi#primaryimage\"},\"thumbnailUrl\":\"https:\/\/static.africa-press.net\/cameroun\/sites\/57\/2023\/03\/postQueueImg_1677746767.33.jpg\",\"keywords\":[\"Africa Press\",\"Africa Press-Cameroun\",\"Cameroun\"],\"articleSection\":[\"Politique\",\"Toutes les actualit\u00e9s\"],\"inLanguage\":\"fr-FR\",\"potentialAction\":[{\"@type\":\"CommentAction\",\"name\":\"Comment\",\"target\":[\"https:\/\/www.africa-press.net\/cameroun\/politique\/martinez-zogo-voici-celui-qui-a-ecrit-le-communique-incendiaire-signe-par-rene-sadi#respond\"]}]},{\"@type\":\"WebPage\",\"@id\":\"https:\/\/www.africa-press.net\/cameroun\/politique\/martinez-zogo-voici-celui-qui-a-ecrit-le-communique-incendiaire-signe-par-rene-sadi\",\"url\":\"https:\/\/www.africa-press.net\/cameroun\/politique\/martinez-zogo-voici-celui-qui-a-ecrit-le-communique-incendiaire-signe-par-rene-sadi\",\"name\":\"Martinez Zogo : voici celui qui a \u00e9crit le communiqu\u00e9 incendiaire sign\u00e9 par Ren\u00e9 Sadi - Cameroun\",\"isPartOf\":{\"@id\":\"https:\/\/www.africa-press.net\/cameroun\/#website\"},\"primaryImageOfPage\":{\"@id\":\"https:\/\/www.africa-press.net\/cameroun\/politique\/martinez-zogo-voici-celui-qui-a-ecrit-le-communique-incendiaire-signe-par-rene-sadi#primaryimage\"},\"image\":{\"@id\":\"https:\/\/www.africa-press.net\/cameroun\/politique\/martinez-zogo-voici-celui-qui-a-ecrit-le-communique-incendiaire-signe-par-rene-sadi#primaryimage\"},\"thumbnailUrl\":\"https:\/\/static.africa-press.net\/cameroun\/sites\/57\/2023\/03\/postQueueImg_1677746767.33.jpg\",\"datePublished\":\"2023-03-02T12:16:00+00:00\",\"dateModified\":\"2023-03-02T12:38:42+00:00\",\"author\":{\"@id\":\"https:\/\/www.africa-press.net\/cameroun\/#\/schema\/person\/2b1cf3cd81a31e3cd26889ca66d677f1\"},\"description\":\"Ce mercredi, un communique\u0301 incendiaire du ministre Rene\u0301 Sadi a fait le tour des plateformes. Il s'agit d'une nouvelle ...\",\"breadcrumb\":{\"@id\":\"https:\/\/www.africa-press.net\/cameroun\/politique\/martinez-zogo-voici-celui-qui-a-ecrit-le-communique-incendiaire-signe-par-rene-sadi#breadcrumb\"},\"inLanguage\":\"fr-FR\",\"potentialAction\":[{\"@type\":\"ReadAction\",\"target\":[\"https:\/\/www.africa-press.net\/cameroun\/politique\/martinez-zogo-voici-celui-qui-a-ecrit-le-communique-incendiaire-signe-par-rene-sadi\"]}]},{\"@type\":\"ImageObject\",\"inLanguage\":\"fr-FR\",\"@id\":\"https:\/\/www.africa-press.net\/cameroun\/politique\/martinez-zogo-voici-celui-qui-a-ecrit-le-communique-incendiaire-signe-par-rene-sadi#primaryimage\",\"url\":\"https:\/\/static.africa-press.net\/cameroun\/sites\/57\/2023\/03\/postQueueImg_1677746767.33.jpg\",\"contentUrl\":\"https:\/\/static.africa-press.net\/cameroun\/sites\/57\/2023\/03\/postQueueImg_1677746767.33.jpg\",\"width\":720,\"height\":354,\"caption\":\"Martinez Zogo : voici celui qui a \u00e9crit le communiqu\u00e9 incendiaire sign\u00e9 par Ren\u00e9 Sadi\"},{\"@type\":\"BreadcrumbList\",\"@id\":\"https:\/\/www.africa-press.net\/cameroun\/politique\/martinez-zogo-voici-celui-qui-a-ecrit-le-communique-incendiaire-signe-par-rene-sadi#breadcrumb\",\"itemListElement\":[{\"@type\":\"ListItem\",\"position\":1,\"name\":\"Accueil\",\"item\":\"https:\/\/www.africa-press.net\/cameroun\/\"},{\"@type\":\"ListItem\",\"position\":2,\"name\":\"Martinez Zogo : voici celui qui a \u00e9crit le communiqu\u00e9 incendiaire sign\u00e9 par Ren\u00e9 Sadi\"}]},{\"@type\":\"WebSite\",\"@id\":\"https:\/\/www.africa-press.net\/cameroun\/#website\",\"url\":\"https:\/\/www.africa-press.net\/cameroun\/\",\"name\":\"Cameroun\",\"description\":\"Just another Africa News Agency Sites site\",\"potentialAction\":[{\"@type\":\"SearchAction\",\"target\":{\"@type\":\"EntryPoint\",\"urlTemplate\":\"https:\/\/www.africa-press.net\/cameroun\/?s={search_term_string}\"},\"query-input\":{\"@type\":\"PropertyValueSpecification\",\"valueRequired\":true,\"valueName\":\"search_term_string\"}}],\"inLanguage\":\"fr-FR\"},{\"@type\":\"Person\",\"@id\":\"https:\/\/www.africa-press.net\/cameroun\/#\/schema\/person\/2b1cf3cd81a31e3cd26889ca66d677f1\",\"name\":\"cfeditorfr\"}]}<\/script>\n<!-- \/ Yoast SEO Premium plugin. -->","yoast_head_json":{"title":"Martinez Zogo : voici celui qui a \u00e9crit le communiqu\u00e9 incendiaire sign\u00e9 par Ren\u00e9 Sadi - Cameroun","description":"Ce mercredi, un communique\u0301 incendiaire du ministre Rene\u0301 Sadi a fait le tour des plateformes. Il s'agit d'une nouvelle ...","robots":{"index":"index","follow":"follow","max-snippet":"max-snippet:-1","max-image-preview":"max-image-preview:large","max-video-preview":"max-video-preview:-1"},"canonical":"https:\/\/www.africa-press.net\/cameroun\/politique\/martinez-zogo-voici-celui-qui-a-ecrit-le-communique-incendiaire-signe-par-rene-sadi","og_locale":"fr_FR","og_type":"article","og_title":"Martinez Zogo : voici celui qui a \u00e9crit le communiqu\u00e9 incendiaire sign\u00e9 par Ren\u00e9 Sadi","og_description":"Ce mercredi, un communique\u0301 incendiaire du ministre Rene\u0301 Sadi a fait le tour des plateformes. Il s'agit d'une nouvelle ...","og_url":"https:\/\/www.africa-press.net\/cameroun\/politique\/martinez-zogo-voici-celui-qui-a-ecrit-le-communique-incendiaire-signe-par-rene-sadi","og_site_name":"Cameroun","article_published_time":"2023-03-02T12:16:00+00:00","article_modified_time":"2023-03-02T12:38:42+00:00","og_image":[{"width":720,"height":354,"url":"https:\/\/static.africa-press.net\/cameroun\/sites\/57\/2023\/03\/postQueueImg_1677746767.33.jpg","type":"image\/jpeg"}],"author":"cfeditorfr","twitter_card":"summary_large_image","twitter_misc":{"\u00c9crit par":"cfeditorfr","Dur\u00e9e de lecture estim\u00e9e":"2 minutes"},"schema":{"@context":"https:\/\/schema.org","@graph":[{"@type":"Article","@id":"https:\/\/www.africa-press.net\/cameroun\/politique\/martinez-zogo-voici-celui-qui-a-ecrit-le-communique-incendiaire-signe-par-rene-sadi#article","isPartOf":{"@id":"https:\/\/www.africa-press.net\/cameroun\/politique\/martinez-zogo-voici-celui-qui-a-ecrit-le-communique-incendiaire-signe-par-rene-sadi"},"author":{"name":"cfeditorfr","@id":"https:\/\/www.africa-press.net\/cameroun\/#\/schema\/person\/2b1cf3cd81a31e3cd26889ca66d677f1"},"headline":"Martinez Zogo : voici celui qui a \u00e9crit le communiqu\u00e9 incendiaire sign\u00e9 par Ren\u00e9 Sadi","datePublished":"2023-03-02T12:16:00+00:00","dateModified":"2023-03-02T12:38:42+00:00","mainEntityOfPage":{"@id":"https:\/\/www.africa-press.net\/cameroun\/politique\/martinez-zogo-voici-celui-qui-a-ecrit-le-communique-incendiaire-signe-par-rene-sadi"},"wordCount":473,"commentCount":0,"image":{"@id":"https:\/\/www.africa-press.net\/cameroun\/politique\/martinez-zogo-voici-celui-qui-a-ecrit-le-communique-incendiaire-signe-par-rene-sadi#primaryimage"},"thumbnailUrl":"https:\/\/static.africa-press.net\/cameroun\/sites\/57\/2023\/03\/postQueueImg_1677746767.33.jpg","keywords":["Africa Press","Africa Press-Cameroun","Cameroun"],"articleSection":["Politique","Toutes les actualit\u00e9s"],"inLanguage":"fr-FR","potentialAction":[{"@type":"CommentAction","name":"Comment","target":["https:\/\/www.africa-press.net\/cameroun\/politique\/martinez-zogo-voici-celui-qui-a-ecrit-le-communique-incendiaire-signe-par-rene-sadi#respond"]}]},{"@type":"WebPage","@id":"https:\/\/www.africa-press.net\/cameroun\/politique\/martinez-zogo-voici-celui-qui-a-ecrit-le-communique-incendiaire-signe-par-rene-sadi","url":"https:\/\/www.africa-press.net\/cameroun\/politique\/martinez-zogo-voici-celui-qui-a-ecrit-le-communique-incendiaire-signe-par-rene-sadi","name":"Martinez Zogo : voici celui qui a \u00e9crit le communiqu\u00e9 incendiaire sign\u00e9 par Ren\u00e9 Sadi - Cameroun","isPartOf":{"@id":"https:\/\/www.africa-press.net\/cameroun\/#website"},"primaryImageOfPage":{"@id":"https:\/\/www.africa-press.net\/cameroun\/politique\/martinez-zogo-voici-celui-qui-a-ecrit-le-communique-incendiaire-signe-par-rene-sadi#primaryimage"},"image":{"@id":"https:\/\/www.africa-press.net\/cameroun\/politique\/martinez-zogo-voici-celui-qui-a-ecrit-le-communique-incendiaire-signe-par-rene-sadi#primaryimage"},"thumbnailUrl":"https:\/\/static.africa-press.net\/cameroun\/sites\/57\/2023\/03\/postQueueImg_1677746767.33.jpg","datePublished":"2023-03-02T12:16:00+00:00","dateModified":"2023-03-02T12:38:42+00:00","author":{"@id":"https:\/\/www.africa-press.net\/cameroun\/#\/schema\/person\/2b1cf3cd81a31e3cd26889ca66d677f1"},"description":"Ce mercredi, un communique\u0301 incendiaire du ministre Rene\u0301 Sadi a fait le tour des plateformes. Il s'agit d'une nouvelle ...","breadcrumb":{"@id":"https:\/\/www.africa-press.net\/cameroun\/politique\/martinez-zogo-voici-celui-qui-a-ecrit-le-communique-incendiaire-signe-par-rene-sadi#breadcrumb"},"inLanguage":"fr-FR","potentialAction":[{"@type":"ReadAction","target":["https:\/\/www.africa-press.net\/cameroun\/politique\/martinez-zogo-voici-celui-qui-a-ecrit-le-communique-incendiaire-signe-par-rene-sadi"]}]},{"@type":"ImageObject","inLanguage":"fr-FR","@id":"https:\/\/www.africa-press.net\/cameroun\/politique\/martinez-zogo-voici-celui-qui-a-ecrit-le-communique-incendiaire-signe-par-rene-sadi#primaryimage","url":"https:\/\/static.africa-press.net\/cameroun\/sites\/57\/2023\/03\/postQueueImg_1677746767.33.jpg","contentUrl":"https:\/\/static.africa-press.net\/cameroun\/sites\/57\/2023\/03\/postQueueImg_1677746767.33.jpg","width":720,"height":354,"caption":"Martinez Zogo : voici celui qui a \u00e9crit le communiqu\u00e9 incendiaire sign\u00e9 par Ren\u00e9 Sadi"},{"@type":"BreadcrumbList","@id":"https:\/\/www.africa-press.net\/cameroun\/politique\/martinez-zogo-voici-celui-qui-a-ecrit-le-communique-incendiaire-signe-par-rene-sadi#breadcrumb","itemListElement":[{"@type":"ListItem","position":1,"name":"Accueil","item":"https:\/\/www.africa-press.net\/cameroun\/"},{"@type":"ListItem","position":2,"name":"Martinez Zogo : voici celui qui a \u00e9crit le communiqu\u00e9 incendiaire sign\u00e9 par Ren\u00e9 Sadi"}]},{"@type":"WebSite","@id":"https:\/\/www.africa-press.net\/cameroun\/#website","url":"https:\/\/www.africa-press.net\/cameroun\/","name":"Cameroun","description":"Just another Africa News Agency Sites site","potentialAction":[{"@type":"SearchAction","target":{"@type":"EntryPoint","urlTemplate":"https:\/\/www.africa-press.net\/cameroun\/?s={search_term_string}"},"query-input":{"@type":"PropertyValueSpecification","valueRequired":true,"valueName":"search_term_string"}}],"inLanguage":"fr-FR"},{"@type":"Person","@id":"https:\/\/www.africa-press.net\/cameroun\/#\/schema\/person\/2b1cf3cd81a31e3cd26889ca66d677f1","name":"cfeditorfr"}]}},"_links":{"self":[{"href":"https:\/\/www.africa-press.net\/cameroun\/wp-json\/wp\/v2\/posts\/38108","targetHints":{"allow":["GET"]}}],"collection":[{"href":"https:\/\/www.africa-press.net\/cameroun\/wp-json\/wp\/v2\/posts"}],"about":[{"href":"https:\/\/www.africa-press.net\/cameroun\/wp-json\/wp\/v2\/types\/post"}],"author":[{"embeddable":true,"href":"https:\/\/www.africa-press.net\/cameroun\/wp-json\/wp\/v2\/users\/82"}],"replies":[{"embeddable":true,"href":"https:\/\/www.africa-press.net\/cameroun\/wp-json\/wp\/v2\/comments?post=38108"}],"version-history":[{"count":0,"href":"https:\/\/www.africa-press.net\/cameroun\/wp-json\/wp\/v2\/posts\/38108\/revisions"}],"wp:featuredmedia":[{"embeddable":true,"href":"https:\/\/www.africa-press.net\/cameroun\/wp-json\/wp\/v2\/media\/38105"}],"wp:attachment":[{"href":"https:\/\/www.africa-press.net\/cameroun\/wp-json\/wp\/v2\/media?parent=38108"}],"wp:term":[{"taxonomy":"category","embeddable":true,"href":"https:\/\/www.africa-press.net\/cameroun\/wp-json\/wp\/v2\/categories?post=38108"},{"taxonomy":"post_tag","embeddable":true,"href":"https:\/\/www.africa-press.net\/cameroun\/wp-json\/wp\/v2\/tags?post=38108"}],"curies":[{"name":"wp","href":"https:\/\/api.w.org\/{rel}","templated":true}]}}