{"id":38114,"date":"2023-03-02T12:16:14","date_gmt":"2023-03-02T12:16:14","guid":{"rendered":"https:\/\/www.africa-press.net\/cameroun\/politique\/amougou-et-cie-de-nouveau-devant-le-commissaire-du-gouvernement-vers-un-mandat-de-depot"},"modified":"2023-03-02T12:41:24","modified_gmt":"2023-03-02T12:41:24","slug":"amougou-et-cie-de-nouveau-devant-le-commissaire-du-gouvernement-vers-un-mandat-de-depot","status":"publish","type":"post","link":"https:\/\/www.africa-press.net\/cameroun\/politique\/amougou-et-cie-de-nouveau-devant-le-commissaire-du-gouvernement-vers-un-mandat-de-depot","title":{"rendered":"Amougou et Cie de nouveau devant le Commissaire du gouvernement ; vers un mandat de d\u00e9p\u00f4t"},"content":{"rendered":"<p><span style=\"color: #ff6600\"><strong>Africa-Press &#8211; Cameroun. <\/strong><\/span>Il y a quelques jours, nous annoncions que les jours a\u0300 venir seront davantage de\u0301cisifs pour le milliardaire camerounais Jean Pierre Amougou Belinga et ses co-accuse\u0301s.<\/p>\n<p>Ils e\u0301taient pre\u0301sente\u0301s au Commissaire du Gouvernement la semaine dernie\u0300re avant d&rsquo;e\u0302tre reconduits au Secre\u0301tariat d&rsquo;E\u0301tat a\u0300 la De\u0301fense.<\/p>\n<p>A la re\u0301daction de camerounweb, nous apprenons que les suspects remontent au tribunal militaire ce jeudi pour la suite de l&rsquo;affaire.<\/p>\n<p>\u00ab Sauf changement de dernie\u0300re minute, Amougou Belinga et les autres personnes suspecte\u0301es dans l&rsquo;assassinat de Martinez Zogo seront de nouveau devant le commissaire du gouvernement ce jeudi \u00bb, indique notre source.<\/p>\n<p>Une autre confirme l&rsquo;information et va plus loin me\u0302me en annonc\u0327ant un mandat de de\u0301po\u0302t.<\/p>\n<p>\u00ab J&rsquo;apprends que Amougou Belinga et ses co-accuse\u0301s remontent au tribunal militaire aujourd&rsquo;hui et seront place\u0301s sous mandat \u00bb, pre\u0301cise t on.<\/p>\n<p>Prisonniers a\u0300 vie : fuite du verdict re\u0301serve\u0301 a\u0300 Amougou et Cie<\/p>\n<p>C&rsquo;est certainement une fuite du prochain verdict ou un simple de\u0301sir d&rsquo;un citoyen lambda.<\/p>\n<p>En effet, le lanceur d&rsquo;alertes Jacques Zang a fait une sortie me\u0301diatique qui se commente sur la toile et cre\u0301e\u0301 de pole\u0301mique.<\/p>\n<p>Selon lui, le seul fait de savoir que Jean Pierre Amougou Belinga et Bruno Bidjang sont tre\u0300s loin de leur confort habituel est une &lsquo;joie&rsquo;.<\/p>\n<p>\u00ab Re\u0301sidants depuis un mois dans des cellules de moins d&rsquo;un me\u0300tre dans une totale promiscuite\u0301 et avec les \u00ab\u00a0moustiques\u00a0\u00bb comme \u00ab\u00a0chers voisins\u00a0\u00bb me procure un bien fou \u00bb, e\u0301crit il.<\/p>\n<p>\u00ab Le SED, le seul ho\u0302tel 1000 e\u0301toiles de re\u0301fe\u0301rence au Cameroun. croyez moi sur parole que me\u0302me si Biya decide aujourd&rsquo;hui de leur liberte\u0301 \u00ab\u00a0conditionnelle\u00a0\u00bb c&rsquo;est termine\u0301 pour eux et pour cause :<\/p>\n<p>&#8211; tout le charisme qu&rsquo;ils croyaient avoir de la part de leurs fans s&rsquo;est dissipe\u0301<\/p>\n<p>&#8211; La superpuissance et l&rsquo;invulne\u0301rabilite\u0301 que repre\u0301sentait Bolingo aux yeux de l&rsquo;opinion publique n&rsquo;est plus qu&rsquo;une utopie et le concerne\u0301 d&rsquo;ailleurs se rend compte aujourd&rsquo;hui dans sa situation qu&rsquo;il n&rsquo;a jamais e\u0301te\u0301 puissant ni invulne\u0301rable.<\/p>\n<p>Les intouchables qu&rsquo;ils pensaient e\u0302tre avec le nom de Paul Biya dans leurs bouches matin midi et soir n&rsquo;est plus que du passe\u0301 \u00bb, ajoute Jorel Jacques Zang.<\/p>\n<p>\u00ab Le seul fait que des personnes comme elles se retrouvent detenus plus d&rsquo;un mois au SED avec toutes les humiliations de\u0301ja\u0300 subies alors :<\/p>\n<p>&#8211; qu&rsquo;elles se croyaient au dessus de tout y compris des lois du Cameroun<\/p>\n<p>&#8211; qu&rsquo;elles prenaient tous les Camerounais de haut non sans les me\u0301priser, les humilier et<\/p>\n<p>les insulter a\u0300 travers \u00ab\u00a0leur usine a\u0300 haine\u00a0\u00bb qu&rsquo;on appel VISION machin.<\/p>\n<p>Est une puissante victoire pour le peuple camerounais<\/p>\n<p>C&rsquo;est une terrible humiliation a\u0300 nul autre pareil et croyez moi que pour des personnes pe\u0301dantes comme ces deux la\u0300 : l&rsquo; image qu&rsquo;ils pensent avoir aux yeux du public est la chose la plus importante a\u0300 leurs yeux et aujourd&rsquo;hui Martinez Zogo a re\u0301ussi a\u0300 de\u0301truire a\u0300 jamais cela\u0300 \u00bb, e\u0301crit il.<\/p>\n<p>C&rsquo;est c\u0327a \u00ab\u00a0la ve\u0301ritable prison\u00a0\u00bb la prison du regard de l&rsquo;opinion publique sur toi.<\/p>\n<p>Et c\u0327a c&rsquo;est tre\u0300s jouissif (vous verrez que Bidjang par exemple s&rsquo;il sort va redevenir tre\u0300s humble dans sa vie et Bolingo va disparaitre des radars pour un tre\u0300s bon moment. Vision 4 va revoir sa de\u0301ontologie car aujourd&rsquo;hui il est e\u0301vident que toute leur machine est broye\u0301e de\u0301finitivement) \u00bb, a-t-il ajoute\u0301 avant de conclure que \u00ab la ve\u0301ritable prison est mentale et elle est dans le regard des autres sur toi et ces deux la\u0300 sont a\u0300 vie des prisonniers car plus jamais, ils n&rsquo;oseront regarder les gens en face.<\/p>\n<p><strong>Pour plus d&rsquo;informations et d&rsquo;analyses sur la <a href=\"https:\/\/www.africa-press.net\/cameroun\">Cameroun<\/a>, suivez <a href=\"https:\/\/www.africa-press.net\/\">Africa-Press<\/a><\/strong><\/p>\n","protected":false},"excerpt":{"rendered":"<p>Africa-Press &#8211; Cameroun. Il y a quelques jours, nous annoncions que les jours a\u0300 venir seront davantage de\u0301cisifs pour le milliardaire camerounais Jean Pierre Amougou Belinga et ses co-accuse\u0301s. Ils e\u0301taient pre\u0301sente\u0301s au Commissaire du Gouvernement la semaine dernie\u0300re avant d&rsquo;e\u0302tre reconduits au Secre\u0301tariat d&rsquo;E\u0301tat a\u0300 la De\u0301fense. A la re\u0301daction de camerounweb, nous apprenons [&hellip;]<\/p>\n","protected":false},"author":82,"featured_media":38111,"comment_status":"open","ping_status":"closed","sticky":false,"template":"","format":"standard","meta":{"footnotes":""},"categories":[2,10],"tags":[36,50,49],"class_list":["post-38114","post","type-post","status-publish","format-standard","has-post-thumbnail","hentry","category-politique","category-toutes-les-actualites","tag-africa-press","tag-africa-press-cameroun","tag-cameroun"],"yoast_head":"<!-- This site is optimized with the Yoast SEO Premium plugin v26.1 (Yoast SEO v27.0) - https:\/\/yoast.com\/product\/yoast-seo-premium-wordpress\/ -->\n<title>Amougou et Cie de nouveau devant le Commissaire du gouvernement ; vers un mandat de d\u00e9p\u00f4t - Cameroun<\/title>\n<meta name=\"description\" content=\"Il y a quelques jours, nous annoncions que les jours a\u0300 venir seront davantage de\u0301cisifs pour le milliardaire camerounai ...Il y a quelques jours, nous annoncions que les jours a\u0300 venir seront davantage de\u0301cisifs pour le milliardaire camerounai ...\" \/>\n<meta name=\"robots\" content=\"index, follow, max-snippet:-1, max-image-preview:large, max-video-preview:-1\" \/>\n<link rel=\"canonical\" href=\"https:\/\/www.africa-press.net\/cameroun\/politique\/amougou-et-cie-de-nouveau-devant-le-commissaire-du-gouvernement-vers-un-mandat-de-depot\" \/>\n<meta property=\"og:locale\" content=\"fr_FR\" \/>\n<meta property=\"og:type\" content=\"article\" \/>\n<meta property=\"og:title\" content=\"Amougou et Cie de nouveau devant le Commissaire du gouvernement ; vers un mandat de d\u00e9p\u00f4t\" \/>\n<meta property=\"og:description\" content=\"Il y a quelques jours, nous annoncions que les jours a\u0300 venir seront davantage de\u0301cisifs pour le milliardaire camerounai ...Il y a quelques jours, nous annoncions que les jours a\u0300 venir seront davantage de\u0301cisifs pour le milliardaire camerounai ...\" \/>\n<meta property=\"og:url\" content=\"https:\/\/www.africa-press.net\/cameroun\/politique\/amougou-et-cie-de-nouveau-devant-le-commissaire-du-gouvernement-vers-un-mandat-de-depot\" \/>\n<meta property=\"og:site_name\" content=\"Cameroun\" \/>\n<meta property=\"article:published_time\" content=\"2023-03-02T12:16:14+00:00\" \/>\n<meta property=\"article:modified_time\" content=\"2023-03-02T12:41:24+00:00\" \/>\n<meta property=\"og:image\" content=\"https:\/\/static.africa-press.net\/cameroun\/sites\/57\/2023\/03\/postQueueImg_1677746783.25.jpg\" \/>\n\t<meta property=\"og:image:width\" content=\"720\" \/>\n\t<meta property=\"og:image:height\" content=\"423\" \/>\n\t<meta property=\"og:image:type\" content=\"image\/jpeg\" \/>\n<meta name=\"author\" content=\"cfeditorfr\" \/>\n<meta name=\"twitter:card\" content=\"summary_large_image\" \/>\n<meta name=\"twitter:label1\" content=\"\u00c9crit par\" \/>\n\t<meta name=\"twitter:data1\" content=\"cfeditorfr\" \/>\n\t<meta name=\"twitter:label2\" content=\"Dur\u00e9e de lecture estim\u00e9e\" \/>\n\t<meta name=\"twitter:data2\" content=\"3 minutes\" \/>\n<script type=\"application\/ld+json\" class=\"yoast-schema-graph\">{\"@context\":\"https:\/\/schema.org\",\"@graph\":[{\"@type\":\"Article\",\"@id\":\"https:\/\/www.africa-press.net\/cameroun\/politique\/amougou-et-cie-de-nouveau-devant-le-commissaire-du-gouvernement-vers-un-mandat-de-depot#article\",\"isPartOf\":{\"@id\":\"https:\/\/www.africa-press.net\/cameroun\/politique\/amougou-et-cie-de-nouveau-devant-le-commissaire-du-gouvernement-vers-un-mandat-de-depot\"},\"author\":{\"name\":\"cfeditorfr\",\"@id\":\"https:\/\/www.africa-press.net\/cameroun\/#\/schema\/person\/2b1cf3cd81a31e3cd26889ca66d677f1\"},\"headline\":\"Amougou et Cie de nouveau devant le Commissaire du gouvernement ; vers un mandat de d\u00e9p\u00f4t\",\"datePublished\":\"2023-03-02T12:16:14+00:00\",\"dateModified\":\"2023-03-02T12:41:24+00:00\",\"mainEntityOfPage\":{\"@id\":\"https:\/\/www.africa-press.net\/cameroun\/politique\/amougou-et-cie-de-nouveau-devant-le-commissaire-du-gouvernement-vers-un-mandat-de-depot\"},\"wordCount\":691,\"commentCount\":0,\"image\":{\"@id\":\"https:\/\/www.africa-press.net\/cameroun\/politique\/amougou-et-cie-de-nouveau-devant-le-commissaire-du-gouvernement-vers-un-mandat-de-depot#primaryimage\"},\"thumbnailUrl\":\"https:\/\/static.africa-press.net\/cameroun\/sites\/57\/2023\/03\/postQueueImg_1677746783.25.jpg\",\"keywords\":[\"Africa Press\",\"Africa Press-Cameroun\",\"Cameroun\"],\"articleSection\":[\"Politique\",\"Toutes les actualit\u00e9s\"],\"inLanguage\":\"fr-FR\",\"potentialAction\":[{\"@type\":\"CommentAction\",\"name\":\"Comment\",\"target\":[\"https:\/\/www.africa-press.net\/cameroun\/politique\/amougou-et-cie-de-nouveau-devant-le-commissaire-du-gouvernement-vers-un-mandat-de-depot#respond\"]}]},{\"@type\":\"WebPage\",\"@id\":\"https:\/\/www.africa-press.net\/cameroun\/politique\/amougou-et-cie-de-nouveau-devant-le-commissaire-du-gouvernement-vers-un-mandat-de-depot\",\"url\":\"https:\/\/www.africa-press.net\/cameroun\/politique\/amougou-et-cie-de-nouveau-devant-le-commissaire-du-gouvernement-vers-un-mandat-de-depot\",\"name\":\"Amougou et Cie de nouveau devant le Commissaire du gouvernement ; vers un mandat de d\u00e9p\u00f4t - Cameroun\",\"isPartOf\":{\"@id\":\"https:\/\/www.africa-press.net\/cameroun\/#website\"},\"primaryImageOfPage\":{\"@id\":\"https:\/\/www.africa-press.net\/cameroun\/politique\/amougou-et-cie-de-nouveau-devant-le-commissaire-du-gouvernement-vers-un-mandat-de-depot#primaryimage\"},\"image\":{\"@id\":\"https:\/\/www.africa-press.net\/cameroun\/politique\/amougou-et-cie-de-nouveau-devant-le-commissaire-du-gouvernement-vers-un-mandat-de-depot#primaryimage\"},\"thumbnailUrl\":\"https:\/\/static.africa-press.net\/cameroun\/sites\/57\/2023\/03\/postQueueImg_1677746783.25.jpg\",\"datePublished\":\"2023-03-02T12:16:14+00:00\",\"dateModified\":\"2023-03-02T12:41:24+00:00\",\"author\":{\"@id\":\"https:\/\/www.africa-press.net\/cameroun\/#\/schema\/person\/2b1cf3cd81a31e3cd26889ca66d677f1\"},\"description\":\"Il y a quelques jours, nous annoncions que les jours a\u0300 venir seront davantage de\u0301cisifs pour le milliardaire camerounai ...Il y a quelques jours, nous annoncions que les jours a\u0300 venir seront davantage de\u0301cisifs pour le milliardaire camerounai ...\",\"breadcrumb\":{\"@id\":\"https:\/\/www.africa-press.net\/cameroun\/politique\/amougou-et-cie-de-nouveau-devant-le-commissaire-du-gouvernement-vers-un-mandat-de-depot#breadcrumb\"},\"inLanguage\":\"fr-FR\",\"potentialAction\":[{\"@type\":\"ReadAction\",\"target\":[\"https:\/\/www.africa-press.net\/cameroun\/politique\/amougou-et-cie-de-nouveau-devant-le-commissaire-du-gouvernement-vers-un-mandat-de-depot\"]}]},{\"@type\":\"ImageObject\",\"inLanguage\":\"fr-FR\",\"@id\":\"https:\/\/www.africa-press.net\/cameroun\/politique\/amougou-et-cie-de-nouveau-devant-le-commissaire-du-gouvernement-vers-un-mandat-de-depot#primaryimage\",\"url\":\"https:\/\/static.africa-press.net\/cameroun\/sites\/57\/2023\/03\/postQueueImg_1677746783.25.jpg\",\"contentUrl\":\"https:\/\/static.africa-press.net\/cameroun\/sites\/57\/2023\/03\/postQueueImg_1677746783.25.jpg\",\"width\":720,\"height\":423,\"caption\":\"Amougou et Cie de nouveau devant le Commissaire du gouvernement ; vers un mandat de d\u00e9p\u00f4t\"},{\"@type\":\"BreadcrumbList\",\"@id\":\"https:\/\/www.africa-press.net\/cameroun\/politique\/amougou-et-cie-de-nouveau-devant-le-commissaire-du-gouvernement-vers-un-mandat-de-depot#breadcrumb\",\"itemListElement\":[{\"@type\":\"ListItem\",\"position\":1,\"name\":\"Accueil\",\"item\":\"https:\/\/www.africa-press.net\/cameroun\/\"},{\"@type\":\"ListItem\",\"position\":2,\"name\":\"Amougou et Cie de nouveau devant le Commissaire du gouvernement ; vers un mandat de d\u00e9p\u00f4t\"}]},{\"@type\":\"WebSite\",\"@id\":\"https:\/\/www.africa-press.net\/cameroun\/#website\",\"url\":\"https:\/\/www.africa-press.net\/cameroun\/\",\"name\":\"Cameroun\",\"description\":\"Just another Africa News Agency Sites site\",\"potentialAction\":[{\"@type\":\"SearchAction\",\"target\":{\"@type\":\"EntryPoint\",\"urlTemplate\":\"https:\/\/www.africa-press.net\/cameroun\/?s={search_term_string}\"},\"query-input\":{\"@type\":\"PropertyValueSpecification\",\"valueRequired\":true,\"valueName\":\"search_term_string\"}}],\"inLanguage\":\"fr-FR\"},{\"@type\":\"Person\",\"@id\":\"https:\/\/www.africa-press.net\/cameroun\/#\/schema\/person\/2b1cf3cd81a31e3cd26889ca66d677f1\",\"name\":\"cfeditorfr\"}]}<\/script>\n<!-- \/ Yoast SEO Premium plugin. -->","yoast_head_json":{"title":"Amougou et Cie de nouveau devant le Commissaire du gouvernement ; vers un mandat de d\u00e9p\u00f4t - Cameroun","description":"Il y a quelques jours, nous annoncions que les jours a\u0300 venir seront davantage de\u0301cisifs pour le milliardaire camerounai ...Il y a quelques jours, nous annoncions que les jours a\u0300 venir seront davantage de\u0301cisifs pour le milliardaire camerounai ...","robots":{"index":"index","follow":"follow","max-snippet":"max-snippet:-1","max-image-preview":"max-image-preview:large","max-video-preview":"max-video-preview:-1"},"canonical":"https:\/\/www.africa-press.net\/cameroun\/politique\/amougou-et-cie-de-nouveau-devant-le-commissaire-du-gouvernement-vers-un-mandat-de-depot","og_locale":"fr_FR","og_type":"article","og_title":"Amougou et Cie de nouveau devant le Commissaire du gouvernement ; vers un mandat de d\u00e9p\u00f4t","og_description":"Il y a quelques jours, nous annoncions que les jours a\u0300 venir seront davantage de\u0301cisifs pour le milliardaire camerounai ...Il y a quelques jours, nous annoncions que les jours a\u0300 venir seront davantage de\u0301cisifs pour le milliardaire camerounai ...","og_url":"https:\/\/www.africa-press.net\/cameroun\/politique\/amougou-et-cie-de-nouveau-devant-le-commissaire-du-gouvernement-vers-un-mandat-de-depot","og_site_name":"Cameroun","article_published_time":"2023-03-02T12:16:14+00:00","article_modified_time":"2023-03-02T12:41:24+00:00","og_image":[{"width":720,"height":423,"url":"https:\/\/static.africa-press.net\/cameroun\/sites\/57\/2023\/03\/postQueueImg_1677746783.25.jpg","type":"image\/jpeg"}],"author":"cfeditorfr","twitter_card":"summary_large_image","twitter_misc":{"\u00c9crit par":"cfeditorfr","Dur\u00e9e de lecture estim\u00e9e":"3 minutes"},"schema":{"@context":"https:\/\/schema.org","@graph":[{"@type":"Article","@id":"https:\/\/www.africa-press.net\/cameroun\/politique\/amougou-et-cie-de-nouveau-devant-le-commissaire-du-gouvernement-vers-un-mandat-de-depot#article","isPartOf":{"@id":"https:\/\/www.africa-press.net\/cameroun\/politique\/amougou-et-cie-de-nouveau-devant-le-commissaire-du-gouvernement-vers-un-mandat-de-depot"},"author":{"name":"cfeditorfr","@id":"https:\/\/www.africa-press.net\/cameroun\/#\/schema\/person\/2b1cf3cd81a31e3cd26889ca66d677f1"},"headline":"Amougou et Cie de nouveau devant le Commissaire du gouvernement ; vers un mandat de d\u00e9p\u00f4t","datePublished":"2023-03-02T12:16:14+00:00","dateModified":"2023-03-02T12:41:24+00:00","mainEntityOfPage":{"@id":"https:\/\/www.africa-press.net\/cameroun\/politique\/amougou-et-cie-de-nouveau-devant-le-commissaire-du-gouvernement-vers-un-mandat-de-depot"},"wordCount":691,"commentCount":0,"image":{"@id":"https:\/\/www.africa-press.net\/cameroun\/politique\/amougou-et-cie-de-nouveau-devant-le-commissaire-du-gouvernement-vers-un-mandat-de-depot#primaryimage"},"thumbnailUrl":"https:\/\/static.africa-press.net\/cameroun\/sites\/57\/2023\/03\/postQueueImg_1677746783.25.jpg","keywords":["Africa Press","Africa Press-Cameroun","Cameroun"],"articleSection":["Politique","Toutes les actualit\u00e9s"],"inLanguage":"fr-FR","potentialAction":[{"@type":"CommentAction","name":"Comment","target":["https:\/\/www.africa-press.net\/cameroun\/politique\/amougou-et-cie-de-nouveau-devant-le-commissaire-du-gouvernement-vers-un-mandat-de-depot#respond"]}]},{"@type":"WebPage","@id":"https:\/\/www.africa-press.net\/cameroun\/politique\/amougou-et-cie-de-nouveau-devant-le-commissaire-du-gouvernement-vers-un-mandat-de-depot","url":"https:\/\/www.africa-press.net\/cameroun\/politique\/amougou-et-cie-de-nouveau-devant-le-commissaire-du-gouvernement-vers-un-mandat-de-depot","name":"Amougou et Cie de nouveau devant le Commissaire du gouvernement ; vers un mandat de d\u00e9p\u00f4t - Cameroun","isPartOf":{"@id":"https:\/\/www.africa-press.net\/cameroun\/#website"},"primaryImageOfPage":{"@id":"https:\/\/www.africa-press.net\/cameroun\/politique\/amougou-et-cie-de-nouveau-devant-le-commissaire-du-gouvernement-vers-un-mandat-de-depot#primaryimage"},"image":{"@id":"https:\/\/www.africa-press.net\/cameroun\/politique\/amougou-et-cie-de-nouveau-devant-le-commissaire-du-gouvernement-vers-un-mandat-de-depot#primaryimage"},"thumbnailUrl":"https:\/\/static.africa-press.net\/cameroun\/sites\/57\/2023\/03\/postQueueImg_1677746783.25.jpg","datePublished":"2023-03-02T12:16:14+00:00","dateModified":"2023-03-02T12:41:24+00:00","author":{"@id":"https:\/\/www.africa-press.net\/cameroun\/#\/schema\/person\/2b1cf3cd81a31e3cd26889ca66d677f1"},"description":"Il y a quelques jours, nous annoncions que les jours a\u0300 venir seront davantage de\u0301cisifs pour le milliardaire camerounai ...Il y a quelques jours, nous annoncions que les jours a\u0300 venir seront davantage de\u0301cisifs pour le milliardaire camerounai ...","breadcrumb":{"@id":"https:\/\/www.africa-press.net\/cameroun\/politique\/amougou-et-cie-de-nouveau-devant-le-commissaire-du-gouvernement-vers-un-mandat-de-depot#breadcrumb"},"inLanguage":"fr-FR","potentialAction":[{"@type":"ReadAction","target":["https:\/\/www.africa-press.net\/cameroun\/politique\/amougou-et-cie-de-nouveau-devant-le-commissaire-du-gouvernement-vers-un-mandat-de-depot"]}]},{"@type":"ImageObject","inLanguage":"fr-FR","@id":"https:\/\/www.africa-press.net\/cameroun\/politique\/amougou-et-cie-de-nouveau-devant-le-commissaire-du-gouvernement-vers-un-mandat-de-depot#primaryimage","url":"https:\/\/static.africa-press.net\/cameroun\/sites\/57\/2023\/03\/postQueueImg_1677746783.25.jpg","contentUrl":"https:\/\/static.africa-press.net\/cameroun\/sites\/57\/2023\/03\/postQueueImg_1677746783.25.jpg","width":720,"height":423,"caption":"Amougou et Cie de nouveau devant le Commissaire du gouvernement ; vers un mandat de d\u00e9p\u00f4t"},{"@type":"BreadcrumbList","@id":"https:\/\/www.africa-press.net\/cameroun\/politique\/amougou-et-cie-de-nouveau-devant-le-commissaire-du-gouvernement-vers-un-mandat-de-depot#breadcrumb","itemListElement":[{"@type":"ListItem","position":1,"name":"Accueil","item":"https:\/\/www.africa-press.net\/cameroun\/"},{"@type":"ListItem","position":2,"name":"Amougou et Cie de nouveau devant le Commissaire du gouvernement ; vers un mandat de d\u00e9p\u00f4t"}]},{"@type":"WebSite","@id":"https:\/\/www.africa-press.net\/cameroun\/#website","url":"https:\/\/www.africa-press.net\/cameroun\/","name":"Cameroun","description":"Just another Africa News Agency Sites site","potentialAction":[{"@type":"SearchAction","target":{"@type":"EntryPoint","urlTemplate":"https:\/\/www.africa-press.net\/cameroun\/?s={search_term_string}"},"query-input":{"@type":"PropertyValueSpecification","valueRequired":true,"valueName":"search_term_string"}}],"inLanguage":"fr-FR"},{"@type":"Person","@id":"https:\/\/www.africa-press.net\/cameroun\/#\/schema\/person\/2b1cf3cd81a31e3cd26889ca66d677f1","name":"cfeditorfr"}]}},"_links":{"self":[{"href":"https:\/\/www.africa-press.net\/cameroun\/wp-json\/wp\/v2\/posts\/38114","targetHints":{"allow":["GET"]}}],"collection":[{"href":"https:\/\/www.africa-press.net\/cameroun\/wp-json\/wp\/v2\/posts"}],"about":[{"href":"https:\/\/www.africa-press.net\/cameroun\/wp-json\/wp\/v2\/types\/post"}],"author":[{"embeddable":true,"href":"https:\/\/www.africa-press.net\/cameroun\/wp-json\/wp\/v2\/users\/82"}],"replies":[{"embeddable":true,"href":"https:\/\/www.africa-press.net\/cameroun\/wp-json\/wp\/v2\/comments?post=38114"}],"version-history":[{"count":0,"href":"https:\/\/www.africa-press.net\/cameroun\/wp-json\/wp\/v2\/posts\/38114\/revisions"}],"wp:featuredmedia":[{"embeddable":true,"href":"https:\/\/www.africa-press.net\/cameroun\/wp-json\/wp\/v2\/media\/38111"}],"wp:attachment":[{"href":"https:\/\/www.africa-press.net\/cameroun\/wp-json\/wp\/v2\/media?parent=38114"}],"wp:term":[{"taxonomy":"category","embeddable":true,"href":"https:\/\/www.africa-press.net\/cameroun\/wp-json\/wp\/v2\/categories?post=38114"},{"taxonomy":"post_tag","embeddable":true,"href":"https:\/\/www.africa-press.net\/cameroun\/wp-json\/wp\/v2\/tags?post=38114"}],"curies":[{"name":"wp","href":"https:\/\/api.w.org\/{rel}","templated":true}]}}