{"id":38119,"date":"2023-03-02T12:20:11","date_gmt":"2023-03-02T12:20:11","guid":{"rendered":"https:\/\/www.africa-press.net\/cameroun\/politique\/tourisme-le-cameroun-plaide-en-europe-pour-le-sauvetage-des-activites-dans-lextreme-nord-apres-boko-haram"},"modified":"2023-03-02T12:40:50","modified_gmt":"2023-03-02T12:40:50","slug":"tourisme-le-cameroun-plaide-en-europe-pour-le-sauvetage-des-activites-dans-lextreme-nord-apres-boko-haram","status":"publish","type":"post","link":"https:\/\/www.africa-press.net\/cameroun\/economie\/tourisme-le-cameroun-plaide-en-europe-pour-le-sauvetage-des-activites-dans-lextreme-nord-apres-boko-haram","title":{"rendered":"Tourisme\u00a0: le Cameroun plaide en Europe pour le sauvetage des activit\u00e9s dans l\u2019Extr\u00eame-Nord apr\u00e8s Boko Haram"},"content":{"rendered":"<p><span style=\"color: #ff6600\"><strong>Africa-Press &#8211; Cameroun. <\/strong><\/span>Investir au Cameroun) &#8211; Les gouverneurs des re\u0301gions du Nord, Jean Edi\u2019i Abate, et de l\u2019Extre\u0302me-Nord du Cameroun, Midjiyawa Bakari, viennent d\u2019effectuer une visite de travail a\u0300 Bruxelles aupre\u0300s du Service europe\u0301en pour l\u2019action exte\u0301rieure, sorte de bras arme\u0301 de la diplomatie de l\u2019Union europe\u0301enne (UE). Au-dela\u0300 de la question cruciale de la restauration du lac Tchad, dont l\u2019asse\u0300chement a pour conse\u0301quence de plomber les activite\u0301s agropastorales et de pe\u0302che, qui permettent aux populations de la partie septentrionale du pays de vivre, le gouverneur de l\u2019Extre\u0302me-Nord a plaide\u0301 pour le sauvetage de l\u2019activite\u0301 touristique dans sa re\u0301gion de commandement.<\/p>\n<p>\u00ab Le tourisme nous rapporte e\u0301norme\u0301ment de devises. (&#8230;) Donc, nous leur avons dit de nous aider a\u0300 enlever cette mention (de zone rouge, NDLR) qui est ne\u0301gative, et qui fait que les touristes n\u2019arrivent pas \u00bb, a indique\u0301 Midjiyawa Bakari.<\/p>\n<p>En 2013, l\u2019enle\u0300vement de la famille Moulin Fournier, de retour du parc national de Waza, par les islamistes de la secte Boko Haram, avait conduit l\u2019Union europe\u0301enne a place\u0301 la re\u0301gion de l\u2019Extre\u0302me-Nord du Cameroun sur la liste rouge des lieux a\u0300 ne pas fre\u0301quenter par les touristes. Ce qui avait sonne\u0301 le glas de l\u2019activite\u0301 touristique dans cette re\u0301gion camerounaise, principalement anime\u0301e par les touristes europe\u0301ens.<\/p>\n<p>Selon les donne\u0301es de la de\u0301le\u0301gation re\u0301gionale du Tourisme et des Loisirs pour l\u2019Extre\u0302me-Nord, en 2015, par exemple, soit 2 ans apre\u0300s l\u2019enle\u0300vement des Moulin Fournier, le \u00ab taux d\u2019occupation de certains ho\u0302tels est passe\u0301 de 90% a\u0300 30% \u00bb dans cette re\u0301gion camerounaise, entrai\u0302nant la suspension des activite\u0301s de certains e\u0301tablissements ho\u0302teliers, faute de touristes.<\/p>\n<p><b>Sites touristiques attractifs<\/b><\/p>\n<p>Aujourd\u2019hui, la situation n\u2019a pas beaucoup e\u0301volue\u0301. Il est question de changer comple\u0300tement la donne, pour que l\u2019activite\u0301 touristique dans cette partie du Cameroun retrouve son lustre d\u2019antan. De ce point de vue, le gouverneur de l\u2019Extre\u0302me-Nord souligne que passe\u0301e la pe\u0301riode que l\u2019on peut conside\u0301rer comme le printemps de Boko Haram, secte islamiste qui ciblait essentiellement les occidentaux pour les enle\u0300vements avec demandes de ranc\u0327on, la re\u0301gion est de\u0301sormais se\u0301curise\u0301e, gra\u0302ce au travail abattu sur le terrain par les forces de se\u0301curite\u0301 camerounaises. \u00ab Aujourd\u2019hui, vous pouvez partir de Garoua (Nord) a\u0300 Kousseri (Extre\u0302me-Nord), en aller-retour, sans escorte \u00bb, fait observer Midjiyawa Bakari.<\/p>\n<p>A\u0300 la faveur de cette accalmie, fait remarquer le patron de la re\u0301gion de l\u2019Extre\u0302me-Nord, certains touristes europe\u0301ens ont recommence\u0301 a\u0300 revenir, mais en nombre tre\u0300s re\u0301duit. Du coup, malgre\u0301 les actions de promotion des autorite\u0301s publiques, les sites touristiques de l\u2019Extre\u0302me-Nord, parmi lesquels le ce\u0301le\u0300bre parc de Waza et sa faune tre\u0300s diversifie\u0301e, ou encore les montagnes du Rhumsiki, continuent de\u0301sespe\u0301re\u0301ment d\u2019attendre le flux de visiteurs d\u2019antan.<\/p>\n<p>La rarete\u0301 des touristes dans la re\u0301gion de l\u2019Extre\u0302me-Nord, qui abrite les sites touristiques parmi les plus attractifs au Cameroun, est telle que selon les projections du World Travel &amp; Tourism Council (WTTC), forum pour l\u2019industrie du voyage et du tourisme regroupant des ope\u0301rateurs de la filie\u0300re, le tourisme ne pe\u0300sera qu\u2019un peu plus de 3% dans le PIB du Cameroun en 2028, soit moins que les 4% enregistre\u0301 en 2013, anne\u0301e au cours de laquelle le tourisme a de\u0301bute\u0301 sa descente aux enfers dans la re\u0301gion de l\u2019Extre\u0302me-Nord du Cameroun.<\/p>\n<p><b>Brice R. Mbodiam<\/b><\/p>\n<p><strong>Pour plus d&rsquo;informations et d&rsquo;analyses sur la <a href=\"https:\/\/www.africa-press.net\/cameroun\">Cameroun<\/a>, suivez <a href=\"https:\/\/www.africa-press.net\/\">Africa-Press<\/a><\/strong><\/p>\n","protected":false},"excerpt":{"rendered":"<p>Africa-Press &#8211; Cameroun. Investir au Cameroun) &#8211; Les gouverneurs des re\u0301gions du Nord, Jean Edi\u2019i Abate, et de l\u2019Extre\u0302me-Nord du Cameroun, Midjiyawa Bakari, viennent d\u2019effectuer une visite de travail a\u0300 Bruxelles aupre\u0300s du Service europe\u0301en pour l\u2019action exte\u0301rieure, sorte de bras arme\u0301 de la diplomatie de l\u2019Union europe\u0301enne (UE). Au-dela\u0300 de la question cruciale de [&hellip;]<\/p>\n","protected":false},"author":82,"featured_media":38117,"comment_status":"open","ping_status":"closed","sticky":false,"template":"","format":"standard","meta":{"footnotes":""},"categories":[3,10],"tags":[36,50,49],"class_list":["post-38119","post","type-post","status-publish","format-standard","has-post-thumbnail","hentry","category-economie","category-toutes-les-actualites","tag-africa-press","tag-africa-press-cameroun","tag-cameroun"],"yoast_head":"<!-- This site is optimized with the Yoast SEO Premium plugin v26.1 (Yoast SEO v27.0) - https:\/\/yoast.com\/product\/yoast-seo-premium-wordpress\/ -->\n<title>Tourisme\u00a0: le Cameroun plaide en Europe pour le sauvetage des activit\u00e9s dans l\u2019Extr\u00eame-Nord apr\u00e8s Boko Haram - Cameroun<\/title>\n<meta name=\"description\" content=\"Investir au Cameroun) - Les gouverneurs des re\u0301gions du Nord, Jean Edi\u2019i Abate, et de l\u2019Extre\u0302me-Nord du Cameroun, Midji ...\" \/>\n<meta name=\"robots\" content=\"index, follow, max-snippet:-1, max-image-preview:large, max-video-preview:-1\" \/>\n<link rel=\"canonical\" href=\"https:\/\/www.africa-press.net\/cameroun\/economie\/tourisme-le-cameroun-plaide-en-europe-pour-le-sauvetage-des-activites-dans-lextreme-nord-apres-boko-haram\" \/>\n<meta property=\"og:locale\" content=\"fr_FR\" \/>\n<meta property=\"og:type\" content=\"article\" \/>\n<meta property=\"og:title\" content=\"Tourisme\u00a0: le Cameroun plaide en Europe pour le sauvetage des activit\u00e9s dans l\u2019Extr\u00eame-Nord apr\u00e8s Boko Haram\" \/>\n<meta property=\"og:description\" content=\"Investir au Cameroun) - Les gouverneurs des re\u0301gions du Nord, Jean Edi\u2019i Abate, et de l\u2019Extre\u0302me-Nord du Cameroun, Midji ...\" \/>\n<meta property=\"og:url\" content=\"https:\/\/www.africa-press.net\/cameroun\/economie\/tourisme-le-cameroun-plaide-en-europe-pour-le-sauvetage-des-activites-dans-lextreme-nord-apres-boko-haram\" \/>\n<meta property=\"og:site_name\" content=\"Cameroun\" \/>\n<meta property=\"article:published_time\" content=\"2023-03-02T12:20:11+00:00\" \/>\n<meta property=\"article:modified_time\" content=\"2023-03-02T12:40:50+00:00\" \/>\n<meta property=\"og:image\" content=\"https:\/\/static.africa-press.net\/cameroun\/sites\/57\/2023\/03\/postQueueImg_1677747035.58.jpg\" \/>\n\t<meta property=\"og:image:width\" content=\"720\" \/>\n\t<meta property=\"og:image:height\" content=\"479\" \/>\n\t<meta property=\"og:image:type\" content=\"image\/jpeg\" \/>\n<meta name=\"author\" content=\"cfeditorfr\" \/>\n<meta name=\"twitter:card\" content=\"summary_large_image\" \/>\n<meta name=\"twitter:label1\" content=\"\u00c9crit par\" \/>\n\t<meta name=\"twitter:data1\" content=\"cfeditorfr\" \/>\n\t<meta name=\"twitter:label2\" content=\"Dur\u00e9e de lecture estim\u00e9e\" \/>\n\t<meta name=\"twitter:data2\" content=\"3 minutes\" \/>\n<script type=\"application\/ld+json\" class=\"yoast-schema-graph\">{\"@context\":\"https:\/\/schema.org\",\"@graph\":[{\"@type\":\"Article\",\"@id\":\"https:\/\/www.africa-press.net\/cameroun\/economie\/tourisme-le-cameroun-plaide-en-europe-pour-le-sauvetage-des-activites-dans-lextreme-nord-apres-boko-haram#article\",\"isPartOf\":{\"@id\":\"https:\/\/www.africa-press.net\/cameroun\/economie\/tourisme-le-cameroun-plaide-en-europe-pour-le-sauvetage-des-activites-dans-lextreme-nord-apres-boko-haram\"},\"author\":{\"name\":\"cfeditorfr\",\"@id\":\"https:\/\/www.africa-press.net\/cameroun\/#\/schema\/person\/2b1cf3cd81a31e3cd26889ca66d677f1\"},\"headline\":\"Tourisme\u00a0: le Cameroun plaide en Europe pour le sauvetage des activit\u00e9s dans l\u2019Extr\u00eame-Nord apr\u00e8s Boko Haram\",\"datePublished\":\"2023-03-02T12:20:11+00:00\",\"dateModified\":\"2023-03-02T12:40:50+00:00\",\"mainEntityOfPage\":{\"@id\":\"https:\/\/www.africa-press.net\/cameroun\/economie\/tourisme-le-cameroun-plaide-en-europe-pour-le-sauvetage-des-activites-dans-lextreme-nord-apres-boko-haram\"},\"wordCount\":656,\"commentCount\":0,\"image\":{\"@id\":\"https:\/\/www.africa-press.net\/cameroun\/economie\/tourisme-le-cameroun-plaide-en-europe-pour-le-sauvetage-des-activites-dans-lextreme-nord-apres-boko-haram#primaryimage\"},\"thumbnailUrl\":\"https:\/\/static.africa-press.net\/cameroun\/sites\/57\/2023\/03\/postQueueImg_1677747035.58.jpg\",\"keywords\":[\"Africa Press\",\"Africa Press-Cameroun\",\"Cameroun\"],\"articleSection\":[\"\u00c9conomie\",\"Toutes les actualit\u00e9s\"],\"inLanguage\":\"fr-FR\",\"potentialAction\":[{\"@type\":\"CommentAction\",\"name\":\"Comment\",\"target\":[\"https:\/\/www.africa-press.net\/cameroun\/economie\/tourisme-le-cameroun-plaide-en-europe-pour-le-sauvetage-des-activites-dans-lextreme-nord-apres-boko-haram#respond\"]}]},{\"@type\":\"WebPage\",\"@id\":\"https:\/\/www.africa-press.net\/cameroun\/economie\/tourisme-le-cameroun-plaide-en-europe-pour-le-sauvetage-des-activites-dans-lextreme-nord-apres-boko-haram\",\"url\":\"https:\/\/www.africa-press.net\/cameroun\/economie\/tourisme-le-cameroun-plaide-en-europe-pour-le-sauvetage-des-activites-dans-lextreme-nord-apres-boko-haram\",\"name\":\"Tourisme\u00a0: le Cameroun plaide en Europe pour le sauvetage des activit\u00e9s dans l\u2019Extr\u00eame-Nord apr\u00e8s Boko Haram - Cameroun\",\"isPartOf\":{\"@id\":\"https:\/\/www.africa-press.net\/cameroun\/#website\"},\"primaryImageOfPage\":{\"@id\":\"https:\/\/www.africa-press.net\/cameroun\/economie\/tourisme-le-cameroun-plaide-en-europe-pour-le-sauvetage-des-activites-dans-lextreme-nord-apres-boko-haram#primaryimage\"},\"image\":{\"@id\":\"https:\/\/www.africa-press.net\/cameroun\/economie\/tourisme-le-cameroun-plaide-en-europe-pour-le-sauvetage-des-activites-dans-lextreme-nord-apres-boko-haram#primaryimage\"},\"thumbnailUrl\":\"https:\/\/static.africa-press.net\/cameroun\/sites\/57\/2023\/03\/postQueueImg_1677747035.58.jpg\",\"datePublished\":\"2023-03-02T12:20:11+00:00\",\"dateModified\":\"2023-03-02T12:40:50+00:00\",\"author\":{\"@id\":\"https:\/\/www.africa-press.net\/cameroun\/#\/schema\/person\/2b1cf3cd81a31e3cd26889ca66d677f1\"},\"description\":\"Investir au Cameroun) - Les gouverneurs des re\u0301gions du Nord, Jean Edi\u2019i Abate, et de l\u2019Extre\u0302me-Nord du Cameroun, Midji ...\",\"breadcrumb\":{\"@id\":\"https:\/\/www.africa-press.net\/cameroun\/economie\/tourisme-le-cameroun-plaide-en-europe-pour-le-sauvetage-des-activites-dans-lextreme-nord-apres-boko-haram#breadcrumb\"},\"inLanguage\":\"fr-FR\",\"potentialAction\":[{\"@type\":\"ReadAction\",\"target\":[\"https:\/\/www.africa-press.net\/cameroun\/economie\/tourisme-le-cameroun-plaide-en-europe-pour-le-sauvetage-des-activites-dans-lextreme-nord-apres-boko-haram\"]}]},{\"@type\":\"ImageObject\",\"inLanguage\":\"fr-FR\",\"@id\":\"https:\/\/www.africa-press.net\/cameroun\/economie\/tourisme-le-cameroun-plaide-en-europe-pour-le-sauvetage-des-activites-dans-lextreme-nord-apres-boko-haram#primaryimage\",\"url\":\"https:\/\/static.africa-press.net\/cameroun\/sites\/57\/2023\/03\/postQueueImg_1677747035.58.jpg\",\"contentUrl\":\"https:\/\/static.africa-press.net\/cameroun\/sites\/57\/2023\/03\/postQueueImg_1677747035.58.jpg\",\"width\":720,\"height\":479,\"caption\":\"Tourisme\u00a0: le Cameroun plaide en Europe pour le sauvetage des activit\u00e9s dans l\u2019Extr\u00eame-Nord apr\u00e8s Boko Haram\"},{\"@type\":\"BreadcrumbList\",\"@id\":\"https:\/\/www.africa-press.net\/cameroun\/economie\/tourisme-le-cameroun-plaide-en-europe-pour-le-sauvetage-des-activites-dans-lextreme-nord-apres-boko-haram#breadcrumb\",\"itemListElement\":[{\"@type\":\"ListItem\",\"position\":1,\"name\":\"Accueil\",\"item\":\"https:\/\/www.africa-press.net\/cameroun\/\"},{\"@type\":\"ListItem\",\"position\":2,\"name\":\"Tourisme\u00a0: le Cameroun plaide en Europe pour le sauvetage des activit\u00e9s dans l\u2019Extr\u00eame-Nord apr\u00e8s Boko Haram\"}]},{\"@type\":\"WebSite\",\"@id\":\"https:\/\/www.africa-press.net\/cameroun\/#website\",\"url\":\"https:\/\/www.africa-press.net\/cameroun\/\",\"name\":\"Cameroun\",\"description\":\"Just another Africa News Agency Sites site\",\"potentialAction\":[{\"@type\":\"SearchAction\",\"target\":{\"@type\":\"EntryPoint\",\"urlTemplate\":\"https:\/\/www.africa-press.net\/cameroun\/?s={search_term_string}\"},\"query-input\":{\"@type\":\"PropertyValueSpecification\",\"valueRequired\":true,\"valueName\":\"search_term_string\"}}],\"inLanguage\":\"fr-FR\"},{\"@type\":\"Person\",\"@id\":\"https:\/\/www.africa-press.net\/cameroun\/#\/schema\/person\/2b1cf3cd81a31e3cd26889ca66d677f1\",\"name\":\"cfeditorfr\"}]}<\/script>\n<!-- \/ Yoast SEO Premium plugin. -->","yoast_head_json":{"title":"Tourisme\u00a0: le Cameroun plaide en Europe pour le sauvetage des activit\u00e9s dans l\u2019Extr\u00eame-Nord apr\u00e8s Boko Haram - Cameroun","description":"Investir au Cameroun) - Les gouverneurs des re\u0301gions du Nord, Jean Edi\u2019i Abate, et de l\u2019Extre\u0302me-Nord du Cameroun, Midji ...","robots":{"index":"index","follow":"follow","max-snippet":"max-snippet:-1","max-image-preview":"max-image-preview:large","max-video-preview":"max-video-preview:-1"},"canonical":"https:\/\/www.africa-press.net\/cameroun\/economie\/tourisme-le-cameroun-plaide-en-europe-pour-le-sauvetage-des-activites-dans-lextreme-nord-apres-boko-haram","og_locale":"fr_FR","og_type":"article","og_title":"Tourisme\u00a0: le Cameroun plaide en Europe pour le sauvetage des activit\u00e9s dans l\u2019Extr\u00eame-Nord apr\u00e8s Boko Haram","og_description":"Investir au Cameroun) - Les gouverneurs des re\u0301gions du Nord, Jean Edi\u2019i Abate, et de l\u2019Extre\u0302me-Nord du Cameroun, Midji ...","og_url":"https:\/\/www.africa-press.net\/cameroun\/economie\/tourisme-le-cameroun-plaide-en-europe-pour-le-sauvetage-des-activites-dans-lextreme-nord-apres-boko-haram","og_site_name":"Cameroun","article_published_time":"2023-03-02T12:20:11+00:00","article_modified_time":"2023-03-02T12:40:50+00:00","og_image":[{"width":720,"height":479,"url":"https:\/\/static.africa-press.net\/cameroun\/sites\/57\/2023\/03\/postQueueImg_1677747035.58.jpg","type":"image\/jpeg"}],"author":"cfeditorfr","twitter_card":"summary_large_image","twitter_misc":{"\u00c9crit par":"cfeditorfr","Dur\u00e9e de lecture estim\u00e9e":"3 minutes"},"schema":{"@context":"https:\/\/schema.org","@graph":[{"@type":"Article","@id":"https:\/\/www.africa-press.net\/cameroun\/economie\/tourisme-le-cameroun-plaide-en-europe-pour-le-sauvetage-des-activites-dans-lextreme-nord-apres-boko-haram#article","isPartOf":{"@id":"https:\/\/www.africa-press.net\/cameroun\/economie\/tourisme-le-cameroun-plaide-en-europe-pour-le-sauvetage-des-activites-dans-lextreme-nord-apres-boko-haram"},"author":{"name":"cfeditorfr","@id":"https:\/\/www.africa-press.net\/cameroun\/#\/schema\/person\/2b1cf3cd81a31e3cd26889ca66d677f1"},"headline":"Tourisme\u00a0: le Cameroun plaide en Europe pour le sauvetage des activit\u00e9s dans l\u2019Extr\u00eame-Nord apr\u00e8s Boko Haram","datePublished":"2023-03-02T12:20:11+00:00","dateModified":"2023-03-02T12:40:50+00:00","mainEntityOfPage":{"@id":"https:\/\/www.africa-press.net\/cameroun\/economie\/tourisme-le-cameroun-plaide-en-europe-pour-le-sauvetage-des-activites-dans-lextreme-nord-apres-boko-haram"},"wordCount":656,"commentCount":0,"image":{"@id":"https:\/\/www.africa-press.net\/cameroun\/economie\/tourisme-le-cameroun-plaide-en-europe-pour-le-sauvetage-des-activites-dans-lextreme-nord-apres-boko-haram#primaryimage"},"thumbnailUrl":"https:\/\/static.africa-press.net\/cameroun\/sites\/57\/2023\/03\/postQueueImg_1677747035.58.jpg","keywords":["Africa Press","Africa Press-Cameroun","Cameroun"],"articleSection":["\u00c9conomie","Toutes les actualit\u00e9s"],"inLanguage":"fr-FR","potentialAction":[{"@type":"CommentAction","name":"Comment","target":["https:\/\/www.africa-press.net\/cameroun\/economie\/tourisme-le-cameroun-plaide-en-europe-pour-le-sauvetage-des-activites-dans-lextreme-nord-apres-boko-haram#respond"]}]},{"@type":"WebPage","@id":"https:\/\/www.africa-press.net\/cameroun\/economie\/tourisme-le-cameroun-plaide-en-europe-pour-le-sauvetage-des-activites-dans-lextreme-nord-apres-boko-haram","url":"https:\/\/www.africa-press.net\/cameroun\/economie\/tourisme-le-cameroun-plaide-en-europe-pour-le-sauvetage-des-activites-dans-lextreme-nord-apres-boko-haram","name":"Tourisme\u00a0: le Cameroun plaide en Europe pour le sauvetage des activit\u00e9s dans l\u2019Extr\u00eame-Nord apr\u00e8s Boko Haram - Cameroun","isPartOf":{"@id":"https:\/\/www.africa-press.net\/cameroun\/#website"},"primaryImageOfPage":{"@id":"https:\/\/www.africa-press.net\/cameroun\/economie\/tourisme-le-cameroun-plaide-en-europe-pour-le-sauvetage-des-activites-dans-lextreme-nord-apres-boko-haram#primaryimage"},"image":{"@id":"https:\/\/www.africa-press.net\/cameroun\/economie\/tourisme-le-cameroun-plaide-en-europe-pour-le-sauvetage-des-activites-dans-lextreme-nord-apres-boko-haram#primaryimage"},"thumbnailUrl":"https:\/\/static.africa-press.net\/cameroun\/sites\/57\/2023\/03\/postQueueImg_1677747035.58.jpg","datePublished":"2023-03-02T12:20:11+00:00","dateModified":"2023-03-02T12:40:50+00:00","author":{"@id":"https:\/\/www.africa-press.net\/cameroun\/#\/schema\/person\/2b1cf3cd81a31e3cd26889ca66d677f1"},"description":"Investir au Cameroun) - Les gouverneurs des re\u0301gions du Nord, Jean Edi\u2019i Abate, et de l\u2019Extre\u0302me-Nord du Cameroun, Midji ...","breadcrumb":{"@id":"https:\/\/www.africa-press.net\/cameroun\/economie\/tourisme-le-cameroun-plaide-en-europe-pour-le-sauvetage-des-activites-dans-lextreme-nord-apres-boko-haram#breadcrumb"},"inLanguage":"fr-FR","potentialAction":[{"@type":"ReadAction","target":["https:\/\/www.africa-press.net\/cameroun\/economie\/tourisme-le-cameroun-plaide-en-europe-pour-le-sauvetage-des-activites-dans-lextreme-nord-apres-boko-haram"]}]},{"@type":"ImageObject","inLanguage":"fr-FR","@id":"https:\/\/www.africa-press.net\/cameroun\/economie\/tourisme-le-cameroun-plaide-en-europe-pour-le-sauvetage-des-activites-dans-lextreme-nord-apres-boko-haram#primaryimage","url":"https:\/\/static.africa-press.net\/cameroun\/sites\/57\/2023\/03\/postQueueImg_1677747035.58.jpg","contentUrl":"https:\/\/static.africa-press.net\/cameroun\/sites\/57\/2023\/03\/postQueueImg_1677747035.58.jpg","width":720,"height":479,"caption":"Tourisme\u00a0: le Cameroun plaide en Europe pour le sauvetage des activit\u00e9s dans l\u2019Extr\u00eame-Nord apr\u00e8s Boko Haram"},{"@type":"BreadcrumbList","@id":"https:\/\/www.africa-press.net\/cameroun\/economie\/tourisme-le-cameroun-plaide-en-europe-pour-le-sauvetage-des-activites-dans-lextreme-nord-apres-boko-haram#breadcrumb","itemListElement":[{"@type":"ListItem","position":1,"name":"Accueil","item":"https:\/\/www.africa-press.net\/cameroun\/"},{"@type":"ListItem","position":2,"name":"Tourisme\u00a0: le Cameroun plaide en Europe pour le sauvetage des activit\u00e9s dans l\u2019Extr\u00eame-Nord apr\u00e8s Boko Haram"}]},{"@type":"WebSite","@id":"https:\/\/www.africa-press.net\/cameroun\/#website","url":"https:\/\/www.africa-press.net\/cameroun\/","name":"Cameroun","description":"Just another Africa News Agency Sites site","potentialAction":[{"@type":"SearchAction","target":{"@type":"EntryPoint","urlTemplate":"https:\/\/www.africa-press.net\/cameroun\/?s={search_term_string}"},"query-input":{"@type":"PropertyValueSpecification","valueRequired":true,"valueName":"search_term_string"}}],"inLanguage":"fr-FR"},{"@type":"Person","@id":"https:\/\/www.africa-press.net\/cameroun\/#\/schema\/person\/2b1cf3cd81a31e3cd26889ca66d677f1","name":"cfeditorfr"}]}},"_links":{"self":[{"href":"https:\/\/www.africa-press.net\/cameroun\/wp-json\/wp\/v2\/posts\/38119","targetHints":{"allow":["GET"]}}],"collection":[{"href":"https:\/\/www.africa-press.net\/cameroun\/wp-json\/wp\/v2\/posts"}],"about":[{"href":"https:\/\/www.africa-press.net\/cameroun\/wp-json\/wp\/v2\/types\/post"}],"author":[{"embeddable":true,"href":"https:\/\/www.africa-press.net\/cameroun\/wp-json\/wp\/v2\/users\/82"}],"replies":[{"embeddable":true,"href":"https:\/\/www.africa-press.net\/cameroun\/wp-json\/wp\/v2\/comments?post=38119"}],"version-history":[{"count":0,"href":"https:\/\/www.africa-press.net\/cameroun\/wp-json\/wp\/v2\/posts\/38119\/revisions"}],"wp:featuredmedia":[{"embeddable":true,"href":"https:\/\/www.africa-press.net\/cameroun\/wp-json\/wp\/v2\/media\/38117"}],"wp:attachment":[{"href":"https:\/\/www.africa-press.net\/cameroun\/wp-json\/wp\/v2\/media?parent=38119"}],"wp:term":[{"taxonomy":"category","embeddable":true,"href":"https:\/\/www.africa-press.net\/cameroun\/wp-json\/wp\/v2\/categories?post=38119"},{"taxonomy":"post_tag","embeddable":true,"href":"https:\/\/www.africa-press.net\/cameroun\/wp-json\/wp\/v2\/tags?post=38119"}],"curies":[{"name":"wp","href":"https:\/\/api.w.org\/{rel}","templated":true}]}}