{"id":38120,"date":"2023-03-02T12:16:24","date_gmt":"2023-03-02T12:16:24","guid":{"rendered":"https:\/\/www.africa-press.net\/cameroun\/politique\/radio-canada-met-le-projecteur-sur-les-infirmier-dorigine-camerounaise-qui-travaillent-au-quebec"},"modified":"2023-03-02T12:43:30","modified_gmt":"2023-03-02T12:43:30","slug":"radio-canada-met-le-projecteur-sur-les-infirmier-dorigine-camerounaise-qui-travaillent-au-quebec","status":"publish","type":"post","link":"https:\/\/www.africa-press.net\/cameroun\/toutes-les-actualites\/radio-canada-met-le-projecteur-sur-les-infirmier-dorigine-camerounaise-qui-travaillent-au-quebec","title":{"rendered":"Radio Canada met le projecteur sur les infirmier d&rsquo;origine camerounaise qui travaillent au Qu\u00e9bec"},"content":{"rendered":"<p><span style=\"color: #ff6600\"><strong>Africa-Press &#8211; Cameroun. <\/strong><\/span>Plusieurs Camerounais vivent et travaillent au Canada. Ces dernie\u0300res anne\u0301es, l&rsquo;immigration professionnelle des Camerounais vers le Canada, a touche\u0301 plusieurs secteurs, dont celui de la sante\u0301. Ils sont des centaines d&rsquo;infirmiers qui ont e\u0301te\u0301 recrute\u0301s dans ce pays.<\/p>\n<p>Dans un reportage, Radio Canada a fait de\u0301couvrir a\u0300 les te\u0301le\u0301spectateurs, quelques infirmiers camerounais qui ont e\u0301te\u0301 recrute\u0301s par l&rsquo;Etat canadien, dans le cadre de son vaste programme de recrutement d&rsquo;infirmiers.<\/p>\n<p>Apre\u0300s avoir suivi le reportage, l&rsquo;on se rend compte que des dizaines de professionnels de la sante\u0301, diplo\u0302mes au Cameroun, sont partis dans ce pays qui les accueillent a\u0300 bras grandement ouverts.<\/p>\n<p>\u00ab\u00a0J&rsquo;ai longtemps entendu parler de la profession d&rsquo;infirmier au Que\u0301bec qui est bien re\u0301mune\u0301re\u0301e. J&rsquo;ai entendu dire que c&rsquo;est une profession tre\u0300s bien valorise\u0301e ici. Et c&rsquo;est ce qui m&rsquo;a motive\u0301 a\u0300 venir ici&#8230;\u00a0\u00bb, peut-on e\u0301couter l&rsquo;infirmie\u0300re camerounaise, Ame\u0301lie Leticia Kwebou Tchasseum expliquer dans le reportage.<\/p>\n<p>Le Canada attire aussi des Camerounais, dans le domaine des me\u0301dias. L&rsquo;on a appris par exemple le cas de Ce\u0301drick Noufele qui a rejoint Radio Canada l&rsquo;anne\u0301e dernie\u0300re.<\/p>\n<p>Quelques semaines apre\u0300s sa prise de fonction, le journaliste camerounais a traite\u0301 l&rsquo;un des sujets les plus brulant du Canada, avec brio. Noufele s&rsquo;est en effet inte\u0301resse\u0301 a\u0300 un candidat a\u0300 la mairie de Winnipeg, Glen Murray contraint de quitter son emploi de re\u0302ves a\u0300 la suite de re\u0301ve\u0301lations fracassantes.<\/p>\n<p>Pour l&rsquo;activiste camerounais, Arol Ketch, ce reportage de Noufe\u0301le\u0301 prouve qu&rsquo;il est de\u0301ja\u0300 bien inte\u0301gre\u0301 et que son nouvel employe\u0301 a confiance en ses capacite\u0301s.<\/p>\n<p>\u00ab\u00a0Quelques semaines seulement apre\u0300s son arrive\u0301e a\u0300 Radio Canada, Ce\u0301drick Noufe\u0301le\u0301 est en passe de devenir le chouchou du public. Les te\u0301le\u0301spectateurs sont de\u0301ja\u0300 fascine\u0301s par ce brillant journaliste a\u0300 tel point que la re\u0301daction a de\u0301cide\u0301 de lui confier a\u0300 pre\u0301sent des enque\u0302tes chaudes. Dans ce papier, Ce\u0301drick Noufe\u0301le\u0301 s&rsquo;inte\u0301resse a\u0300 un candidat a\u0300 la mairie; Glen Murray contraint de quitter son emploi de re\u0302ves a\u0300 la suite de re\u0301ve\u0301lations fracassantes. C&rsquo;est vrai qu&rsquo;un grand joueur ne manque pas d&rsquo;e\u0301quipe. Va de l&rsquo;avant Ce\u0301drick Noufe\u0301le\u0301\u00a0\u00bb, e\u0301crit ce dernier.<\/p>\n<p><strong>Pour plus d&rsquo;informations et d&rsquo;analyses sur la <a href=\"https:\/\/www.africa-press.net\/cameroun\">Cameroun<\/a>, suivez <a href=\"https:\/\/www.africa-press.net\/\">Africa-Press<\/a><\/strong><\/p>\n","protected":false},"excerpt":{"rendered":"<p>Africa-Press &#8211; Cameroun. Plusieurs Camerounais vivent et travaillent au Canada. Ces dernie\u0300res anne\u0301es, l&rsquo;immigration professionnelle des Camerounais vers le Canada, a touche\u0301 plusieurs secteurs, dont celui de la sante\u0301. Ils sont des centaines d&rsquo;infirmiers qui ont e\u0301te\u0301 recrute\u0301s dans ce pays. Dans un reportage, Radio Canada a fait de\u0301couvrir a\u0300 les te\u0301le\u0301spectateurs, quelques infirmiers camerounais [&hellip;]<\/p>\n","protected":false},"author":82,"featured_media":38116,"comment_status":"open","ping_status":"closed","sticky":false,"template":"","format":"standard","meta":{"footnotes":""},"categories":[21,10],"tags":[36,50,49],"class_list":["post-38120","post","type-post","status-publish","format-standard","has-post-thumbnail","hentry","category-communaute","category-toutes-les-actualites","tag-africa-press","tag-africa-press-cameroun","tag-cameroun"],"yoast_head":"<!-- This site is optimized with the Yoast SEO Premium plugin v26.1 (Yoast SEO v27.0) - https:\/\/yoast.com\/product\/yoast-seo-premium-wordpress\/ -->\n<title>Radio Canada met le projecteur sur les infirmier d&#039;origine camerounaise qui travaillent au Qu\u00e9bec - Cameroun<\/title>\n<meta name=\"description\" content=\"Plusieurs Camerounais vivent et travaillent au Canada. Ces dernie\u0300res anne\u0301es, l&#039;immigration professionnelle des Camerou ...Plusieurs Camerounais vivent et travaillent au Canada. Ces dernie\u0300res anne\u0301es, l&#039;immigration professionnelle des Camerou ...\" \/>\n<meta name=\"robots\" content=\"index, follow, max-snippet:-1, max-image-preview:large, max-video-preview:-1\" \/>\n<link rel=\"canonical\" href=\"https:\/\/www.africa-press.net\/cameroun\/toutes-les-actualites\/radio-canada-met-le-projecteur-sur-les-infirmier-dorigine-camerounaise-qui-travaillent-au-quebec\" \/>\n<meta property=\"og:locale\" content=\"fr_FR\" \/>\n<meta property=\"og:type\" content=\"article\" \/>\n<meta property=\"og:title\" content=\"Radio Canada met le projecteur sur les infirmier d&#039;origine camerounaise qui travaillent au Qu\u00e9bec\" \/>\n<meta property=\"og:description\" content=\"Plusieurs Camerounais vivent et travaillent au Canada. Ces dernie\u0300res anne\u0301es, l&#039;immigration professionnelle des Camerou ...Plusieurs Camerounais vivent et travaillent au Canada. Ces dernie\u0300res anne\u0301es, l&#039;immigration professionnelle des Camerou ...\" \/>\n<meta property=\"og:url\" content=\"https:\/\/www.africa-press.net\/cameroun\/toutes-les-actualites\/radio-canada-met-le-projecteur-sur-les-infirmier-dorigine-camerounaise-qui-travaillent-au-quebec\" \/>\n<meta property=\"og:site_name\" content=\"Cameroun\" \/>\n<meta property=\"article:published_time\" content=\"2023-03-02T12:16:24+00:00\" \/>\n<meta property=\"article:modified_time\" content=\"2023-03-02T12:43:30+00:00\" \/>\n<meta property=\"og:image\" content=\"https:\/\/static.africa-press.net\/cameroun\/sites\/57\/2023\/03\/postQueueImg_1677746791.36.jpg\" \/>\n\t<meta property=\"og:image:width\" content=\"720\" \/>\n\t<meta property=\"og:image:height\" content=\"360\" \/>\n\t<meta property=\"og:image:type\" content=\"image\/jpeg\" \/>\n<meta name=\"author\" content=\"cfeditorfr\" \/>\n<meta name=\"twitter:card\" content=\"summary_large_image\" \/>\n<meta name=\"twitter:label1\" content=\"\u00c9crit par\" \/>\n\t<meta name=\"twitter:data1\" content=\"cfeditorfr\" \/>\n\t<meta name=\"twitter:label2\" content=\"Dur\u00e9e de lecture estim\u00e9e\" \/>\n\t<meta name=\"twitter:data2\" content=\"2 minutes\" \/>\n<script type=\"application\/ld+json\" class=\"yoast-schema-graph\">{\"@context\":\"https:\/\/schema.org\",\"@graph\":[{\"@type\":\"Article\",\"@id\":\"https:\/\/www.africa-press.net\/cameroun\/toutes-les-actualites\/radio-canada-met-le-projecteur-sur-les-infirmier-dorigine-camerounaise-qui-travaillent-au-quebec#article\",\"isPartOf\":{\"@id\":\"https:\/\/www.africa-press.net\/cameroun\/toutes-les-actualites\/radio-canada-met-le-projecteur-sur-les-infirmier-dorigine-camerounaise-qui-travaillent-au-quebec\"},\"author\":{\"name\":\"cfeditorfr\",\"@id\":\"https:\/\/www.africa-press.net\/cameroun\/#\/schema\/person\/2b1cf3cd81a31e3cd26889ca66d677f1\"},\"headline\":\"Radio Canada met le projecteur sur les infirmier d&rsquo;origine camerounaise qui travaillent au Qu\u00e9bec\",\"datePublished\":\"2023-03-02T12:16:24+00:00\",\"dateModified\":\"2023-03-02T12:43:30+00:00\",\"mainEntityOfPage\":{\"@id\":\"https:\/\/www.africa-press.net\/cameroun\/toutes-les-actualites\/radio-canada-met-le-projecteur-sur-les-infirmier-dorigine-camerounaise-qui-travaillent-au-quebec\"},\"wordCount\":448,\"commentCount\":0,\"image\":{\"@id\":\"https:\/\/www.africa-press.net\/cameroun\/toutes-les-actualites\/radio-canada-met-le-projecteur-sur-les-infirmier-dorigine-camerounaise-qui-travaillent-au-quebec#primaryimage\"},\"thumbnailUrl\":\"https:\/\/static.africa-press.net\/cameroun\/sites\/57\/2023\/03\/postQueueImg_1677746791.36.jpg\",\"keywords\":[\"Africa Press\",\"Africa Press-Cameroun\",\"Cameroun\"],\"articleSection\":[\"Communaut\u00e9\",\"Toutes les actualit\u00e9s\"],\"inLanguage\":\"fr-FR\",\"potentialAction\":[{\"@type\":\"CommentAction\",\"name\":\"Comment\",\"target\":[\"https:\/\/www.africa-press.net\/cameroun\/toutes-les-actualites\/radio-canada-met-le-projecteur-sur-les-infirmier-dorigine-camerounaise-qui-travaillent-au-quebec#respond\"]}]},{\"@type\":\"WebPage\",\"@id\":\"https:\/\/www.africa-press.net\/cameroun\/toutes-les-actualites\/radio-canada-met-le-projecteur-sur-les-infirmier-dorigine-camerounaise-qui-travaillent-au-quebec\",\"url\":\"https:\/\/www.africa-press.net\/cameroun\/toutes-les-actualites\/radio-canada-met-le-projecteur-sur-les-infirmier-dorigine-camerounaise-qui-travaillent-au-quebec\",\"name\":\"Radio Canada met le projecteur sur les infirmier d'origine camerounaise qui travaillent au Qu\u00e9bec - Cameroun\",\"isPartOf\":{\"@id\":\"https:\/\/www.africa-press.net\/cameroun\/#website\"},\"primaryImageOfPage\":{\"@id\":\"https:\/\/www.africa-press.net\/cameroun\/toutes-les-actualites\/radio-canada-met-le-projecteur-sur-les-infirmier-dorigine-camerounaise-qui-travaillent-au-quebec#primaryimage\"},\"image\":{\"@id\":\"https:\/\/www.africa-press.net\/cameroun\/toutes-les-actualites\/radio-canada-met-le-projecteur-sur-les-infirmier-dorigine-camerounaise-qui-travaillent-au-quebec#primaryimage\"},\"thumbnailUrl\":\"https:\/\/static.africa-press.net\/cameroun\/sites\/57\/2023\/03\/postQueueImg_1677746791.36.jpg\",\"datePublished\":\"2023-03-02T12:16:24+00:00\",\"dateModified\":\"2023-03-02T12:43:30+00:00\",\"author\":{\"@id\":\"https:\/\/www.africa-press.net\/cameroun\/#\/schema\/person\/2b1cf3cd81a31e3cd26889ca66d677f1\"},\"description\":\"Plusieurs Camerounais vivent et travaillent au Canada. Ces dernie\u0300res anne\u0301es, l'immigration professionnelle des Camerou ...Plusieurs Camerounais vivent et travaillent au Canada. Ces dernie\u0300res anne\u0301es, l'immigration professionnelle des Camerou ...\",\"breadcrumb\":{\"@id\":\"https:\/\/www.africa-press.net\/cameroun\/toutes-les-actualites\/radio-canada-met-le-projecteur-sur-les-infirmier-dorigine-camerounaise-qui-travaillent-au-quebec#breadcrumb\"},\"inLanguage\":\"fr-FR\",\"potentialAction\":[{\"@type\":\"ReadAction\",\"target\":[\"https:\/\/www.africa-press.net\/cameroun\/toutes-les-actualites\/radio-canada-met-le-projecteur-sur-les-infirmier-dorigine-camerounaise-qui-travaillent-au-quebec\"]}]},{\"@type\":\"ImageObject\",\"inLanguage\":\"fr-FR\",\"@id\":\"https:\/\/www.africa-press.net\/cameroun\/toutes-les-actualites\/radio-canada-met-le-projecteur-sur-les-infirmier-dorigine-camerounaise-qui-travaillent-au-quebec#primaryimage\",\"url\":\"https:\/\/static.africa-press.net\/cameroun\/sites\/57\/2023\/03\/postQueueImg_1677746791.36.jpg\",\"contentUrl\":\"https:\/\/static.africa-press.net\/cameroun\/sites\/57\/2023\/03\/postQueueImg_1677746791.36.jpg\",\"width\":720,\"height\":360,\"caption\":\"Radio Canada met le projecteur sur les infirmier d'origine camerounaise qui travaillent au Qu\u00e9bec\"},{\"@type\":\"BreadcrumbList\",\"@id\":\"https:\/\/www.africa-press.net\/cameroun\/toutes-les-actualites\/radio-canada-met-le-projecteur-sur-les-infirmier-dorigine-camerounaise-qui-travaillent-au-quebec#breadcrumb\",\"itemListElement\":[{\"@type\":\"ListItem\",\"position\":1,\"name\":\"Accueil\",\"item\":\"https:\/\/www.africa-press.net\/cameroun\/\"},{\"@type\":\"ListItem\",\"position\":2,\"name\":\"Radio Canada met le projecteur sur les infirmier d&rsquo;origine camerounaise qui travaillent au Qu\u00e9bec\"}]},{\"@type\":\"WebSite\",\"@id\":\"https:\/\/www.africa-press.net\/cameroun\/#website\",\"url\":\"https:\/\/www.africa-press.net\/cameroun\/\",\"name\":\"Cameroun\",\"description\":\"Just another Africa News Agency Sites site\",\"potentialAction\":[{\"@type\":\"SearchAction\",\"target\":{\"@type\":\"EntryPoint\",\"urlTemplate\":\"https:\/\/www.africa-press.net\/cameroun\/?s={search_term_string}\"},\"query-input\":{\"@type\":\"PropertyValueSpecification\",\"valueRequired\":true,\"valueName\":\"search_term_string\"}}],\"inLanguage\":\"fr-FR\"},{\"@type\":\"Person\",\"@id\":\"https:\/\/www.africa-press.net\/cameroun\/#\/schema\/person\/2b1cf3cd81a31e3cd26889ca66d677f1\",\"name\":\"cfeditorfr\"}]}<\/script>\n<!-- \/ Yoast SEO Premium plugin. -->","yoast_head_json":{"title":"Radio Canada met le projecteur sur les infirmier d'origine camerounaise qui travaillent au Qu\u00e9bec - Cameroun","description":"Plusieurs Camerounais vivent et travaillent au Canada. Ces dernie\u0300res anne\u0301es, l'immigration professionnelle des Camerou ...Plusieurs Camerounais vivent et travaillent au Canada. Ces dernie\u0300res anne\u0301es, l'immigration professionnelle des Camerou ...","robots":{"index":"index","follow":"follow","max-snippet":"max-snippet:-1","max-image-preview":"max-image-preview:large","max-video-preview":"max-video-preview:-1"},"canonical":"https:\/\/www.africa-press.net\/cameroun\/toutes-les-actualites\/radio-canada-met-le-projecteur-sur-les-infirmier-dorigine-camerounaise-qui-travaillent-au-quebec","og_locale":"fr_FR","og_type":"article","og_title":"Radio Canada met le projecteur sur les infirmier d'origine camerounaise qui travaillent au Qu\u00e9bec","og_description":"Plusieurs Camerounais vivent et travaillent au Canada. Ces dernie\u0300res anne\u0301es, l'immigration professionnelle des Camerou ...Plusieurs Camerounais vivent et travaillent au Canada. Ces dernie\u0300res anne\u0301es, l'immigration professionnelle des Camerou ...","og_url":"https:\/\/www.africa-press.net\/cameroun\/toutes-les-actualites\/radio-canada-met-le-projecteur-sur-les-infirmier-dorigine-camerounaise-qui-travaillent-au-quebec","og_site_name":"Cameroun","article_published_time":"2023-03-02T12:16:24+00:00","article_modified_time":"2023-03-02T12:43:30+00:00","og_image":[{"width":720,"height":360,"url":"https:\/\/static.africa-press.net\/cameroun\/sites\/57\/2023\/03\/postQueueImg_1677746791.36.jpg","type":"image\/jpeg"}],"author":"cfeditorfr","twitter_card":"summary_large_image","twitter_misc":{"\u00c9crit par":"cfeditorfr","Dur\u00e9e de lecture estim\u00e9e":"2 minutes"},"schema":{"@context":"https:\/\/schema.org","@graph":[{"@type":"Article","@id":"https:\/\/www.africa-press.net\/cameroun\/toutes-les-actualites\/radio-canada-met-le-projecteur-sur-les-infirmier-dorigine-camerounaise-qui-travaillent-au-quebec#article","isPartOf":{"@id":"https:\/\/www.africa-press.net\/cameroun\/toutes-les-actualites\/radio-canada-met-le-projecteur-sur-les-infirmier-dorigine-camerounaise-qui-travaillent-au-quebec"},"author":{"name":"cfeditorfr","@id":"https:\/\/www.africa-press.net\/cameroun\/#\/schema\/person\/2b1cf3cd81a31e3cd26889ca66d677f1"},"headline":"Radio Canada met le projecteur sur les infirmier d&rsquo;origine camerounaise qui travaillent au Qu\u00e9bec","datePublished":"2023-03-02T12:16:24+00:00","dateModified":"2023-03-02T12:43:30+00:00","mainEntityOfPage":{"@id":"https:\/\/www.africa-press.net\/cameroun\/toutes-les-actualites\/radio-canada-met-le-projecteur-sur-les-infirmier-dorigine-camerounaise-qui-travaillent-au-quebec"},"wordCount":448,"commentCount":0,"image":{"@id":"https:\/\/www.africa-press.net\/cameroun\/toutes-les-actualites\/radio-canada-met-le-projecteur-sur-les-infirmier-dorigine-camerounaise-qui-travaillent-au-quebec#primaryimage"},"thumbnailUrl":"https:\/\/static.africa-press.net\/cameroun\/sites\/57\/2023\/03\/postQueueImg_1677746791.36.jpg","keywords":["Africa Press","Africa Press-Cameroun","Cameroun"],"articleSection":["Communaut\u00e9","Toutes les actualit\u00e9s"],"inLanguage":"fr-FR","potentialAction":[{"@type":"CommentAction","name":"Comment","target":["https:\/\/www.africa-press.net\/cameroun\/toutes-les-actualites\/radio-canada-met-le-projecteur-sur-les-infirmier-dorigine-camerounaise-qui-travaillent-au-quebec#respond"]}]},{"@type":"WebPage","@id":"https:\/\/www.africa-press.net\/cameroun\/toutes-les-actualites\/radio-canada-met-le-projecteur-sur-les-infirmier-dorigine-camerounaise-qui-travaillent-au-quebec","url":"https:\/\/www.africa-press.net\/cameroun\/toutes-les-actualites\/radio-canada-met-le-projecteur-sur-les-infirmier-dorigine-camerounaise-qui-travaillent-au-quebec","name":"Radio Canada met le projecteur sur les infirmier d'origine camerounaise qui travaillent au Qu\u00e9bec - Cameroun","isPartOf":{"@id":"https:\/\/www.africa-press.net\/cameroun\/#website"},"primaryImageOfPage":{"@id":"https:\/\/www.africa-press.net\/cameroun\/toutes-les-actualites\/radio-canada-met-le-projecteur-sur-les-infirmier-dorigine-camerounaise-qui-travaillent-au-quebec#primaryimage"},"image":{"@id":"https:\/\/www.africa-press.net\/cameroun\/toutes-les-actualites\/radio-canada-met-le-projecteur-sur-les-infirmier-dorigine-camerounaise-qui-travaillent-au-quebec#primaryimage"},"thumbnailUrl":"https:\/\/static.africa-press.net\/cameroun\/sites\/57\/2023\/03\/postQueueImg_1677746791.36.jpg","datePublished":"2023-03-02T12:16:24+00:00","dateModified":"2023-03-02T12:43:30+00:00","author":{"@id":"https:\/\/www.africa-press.net\/cameroun\/#\/schema\/person\/2b1cf3cd81a31e3cd26889ca66d677f1"},"description":"Plusieurs Camerounais vivent et travaillent au Canada. Ces dernie\u0300res anne\u0301es, l'immigration professionnelle des Camerou ...Plusieurs Camerounais vivent et travaillent au Canada. Ces dernie\u0300res anne\u0301es, l'immigration professionnelle des Camerou ...","breadcrumb":{"@id":"https:\/\/www.africa-press.net\/cameroun\/toutes-les-actualites\/radio-canada-met-le-projecteur-sur-les-infirmier-dorigine-camerounaise-qui-travaillent-au-quebec#breadcrumb"},"inLanguage":"fr-FR","potentialAction":[{"@type":"ReadAction","target":["https:\/\/www.africa-press.net\/cameroun\/toutes-les-actualites\/radio-canada-met-le-projecteur-sur-les-infirmier-dorigine-camerounaise-qui-travaillent-au-quebec"]}]},{"@type":"ImageObject","inLanguage":"fr-FR","@id":"https:\/\/www.africa-press.net\/cameroun\/toutes-les-actualites\/radio-canada-met-le-projecteur-sur-les-infirmier-dorigine-camerounaise-qui-travaillent-au-quebec#primaryimage","url":"https:\/\/static.africa-press.net\/cameroun\/sites\/57\/2023\/03\/postQueueImg_1677746791.36.jpg","contentUrl":"https:\/\/static.africa-press.net\/cameroun\/sites\/57\/2023\/03\/postQueueImg_1677746791.36.jpg","width":720,"height":360,"caption":"Radio Canada met le projecteur sur les infirmier d'origine camerounaise qui travaillent au Qu\u00e9bec"},{"@type":"BreadcrumbList","@id":"https:\/\/www.africa-press.net\/cameroun\/toutes-les-actualites\/radio-canada-met-le-projecteur-sur-les-infirmier-dorigine-camerounaise-qui-travaillent-au-quebec#breadcrumb","itemListElement":[{"@type":"ListItem","position":1,"name":"Accueil","item":"https:\/\/www.africa-press.net\/cameroun\/"},{"@type":"ListItem","position":2,"name":"Radio Canada met le projecteur sur les infirmier d&rsquo;origine camerounaise qui travaillent au Qu\u00e9bec"}]},{"@type":"WebSite","@id":"https:\/\/www.africa-press.net\/cameroun\/#website","url":"https:\/\/www.africa-press.net\/cameroun\/","name":"Cameroun","description":"Just another Africa News Agency Sites site","potentialAction":[{"@type":"SearchAction","target":{"@type":"EntryPoint","urlTemplate":"https:\/\/www.africa-press.net\/cameroun\/?s={search_term_string}"},"query-input":{"@type":"PropertyValueSpecification","valueRequired":true,"valueName":"search_term_string"}}],"inLanguage":"fr-FR"},{"@type":"Person","@id":"https:\/\/www.africa-press.net\/cameroun\/#\/schema\/person\/2b1cf3cd81a31e3cd26889ca66d677f1","name":"cfeditorfr"}]}},"_links":{"self":[{"href":"https:\/\/www.africa-press.net\/cameroun\/wp-json\/wp\/v2\/posts\/38120","targetHints":{"allow":["GET"]}}],"collection":[{"href":"https:\/\/www.africa-press.net\/cameroun\/wp-json\/wp\/v2\/posts"}],"about":[{"href":"https:\/\/www.africa-press.net\/cameroun\/wp-json\/wp\/v2\/types\/post"}],"author":[{"embeddable":true,"href":"https:\/\/www.africa-press.net\/cameroun\/wp-json\/wp\/v2\/users\/82"}],"replies":[{"embeddable":true,"href":"https:\/\/www.africa-press.net\/cameroun\/wp-json\/wp\/v2\/comments?post=38120"}],"version-history":[{"count":0,"href":"https:\/\/www.africa-press.net\/cameroun\/wp-json\/wp\/v2\/posts\/38120\/revisions"}],"wp:featuredmedia":[{"embeddable":true,"href":"https:\/\/www.africa-press.net\/cameroun\/wp-json\/wp\/v2\/media\/38116"}],"wp:attachment":[{"href":"https:\/\/www.africa-press.net\/cameroun\/wp-json\/wp\/v2\/media?parent=38120"}],"wp:term":[{"taxonomy":"category","embeddable":true,"href":"https:\/\/www.africa-press.net\/cameroun\/wp-json\/wp\/v2\/categories?post=38120"},{"taxonomy":"post_tag","embeddable":true,"href":"https:\/\/www.africa-press.net\/cameroun\/wp-json\/wp\/v2\/tags?post=38120"}],"curies":[{"name":"wp","href":"https:\/\/api.w.org\/{rel}","templated":true}]}}