{"id":38127,"date":"2023-03-02T12:16:33","date_gmt":"2023-03-02T12:16:33","guid":{"rendered":"https:\/\/www.africa-press.net\/cameroun\/politique\/assassinat-de-martinez-zogo-plus-dun-mois-apres-scene-inimaginable-a-la-redaction-damplitude-fm"},"modified":"2023-03-02T12:45:37","modified_gmt":"2023-03-02T12:45:37","slug":"assassinat-de-martinez-zogo-plus-dun-mois-apres-scene-inimaginable-a-la-redaction-damplitude-fm","status":"publish","type":"post","link":"https:\/\/www.africa-press.net\/cameroun\/politique\/assassinat-de-martinez-zogo-plus-dun-mois-apres-scene-inimaginable-a-la-redaction-damplitude-fm","title":{"rendered":"Assassinat de Martinez Zogo : plus d&rsquo;un mois apr\u00e8s, sc\u00e8ne inimaginable \u00e0 la r\u00e9daction d&rsquo;Amplitude FM"},"content":{"rendered":"<p><span style=\"color: #ff6600\"><strong>Africa-Press &#8211; Cameroun. <\/strong><\/span>Plus d\u2019un mois apre\u0300s la disparition du chef de chai\u0302ne, la douleur est toujours pre\u0301sente au sein de cette radio.<\/p>\n<p>L\u2019ambiance de recueillement observe\u0301e il y a quelques semaines au sie\u0300ge d\u2019Amplitude FM sis au carrefour Ceper a\u0300 Yaounde\u0301 commence a\u0300 s\u2019estomper. A\u0300 notre arrive\u0301e en mi-journe\u0301e du lundi dernier, c\u2019est un lieu dessert qui nous accueille. Sur la banderole portant le message du deuil a\u0300 l\u2019entre\u0301e de la maison de la radio, on peut lire : \u00ab Martinez Zogo for ever\u00bb. Juste en bas de l\u2019affiche, l\u2019effigie de l\u2019illustre disparu pose\u0301e sur une petite table improvise\u0301e nous rappelle la vanite\u0301 existentielle de l\u2019homme. Il e\u0301tait 11h 30 environ quand nous arpentons les couloirs de l\u2019immeuble sie\u0300ge de la structure radiophonique. Bien avant la salle de re\u0301daction, une foule de personnes, entre autres, des vendeurs ambulants, des motos-taximen au repos e\u0301coutent religieusement une e\u0301mission. Il s\u2019agit de \u00abEmbouteillage\u00bb, et la voix de Martinez alimente le coin. Le vendeur d\u2019a\u0300 co\u0302te\u0301 se la\u0302che. \u00ab Il s\u2019agit la\u0300 d\u2019une rediffusion de ses e\u0301missions\u00bb.<\/p>\n<p>Dans la salle de re\u0301daction, le re\u0301dacteur en chef et deux de ses collaborateurs pre\u0301parent le journal de midi. Il est question de satisfaire les auditeurs de cette radio.\u00abL\u2019ambiance est morose surtout que nous n\u2019avons pas encore les re\u0301sultats de l\u2019enque\u0302te. Mais, nous faisions des efforts pour venir au travail, pour ne pas abandonner nos auditeurs. Chacun fait l\u2019effort d\u2019e\u0302tre la\u0300 tous les matins. Au fur et a\u0300 mesure que les confre\u0300res viennent nous re\u0301conforter, nous sommes soulage\u0301s. Malgre\u0301 que l\u2019ambiance est morose, nous ne baissons pas les bras nous continuons a\u0300 travailler\u00bb, a de\u0301clare\u0301 Charlie Aime\u0301 Tchouemou, re\u0301dacteur en chef a\u0300 Amplitude FM.<\/p>\n<p>Au nom de ses collaborateurs, le re\u0301dacteur en chef dit avoir confiance a\u0300 la justice camerounaise et refuse tout commentaire sur le processus judiciaire et se dit e\u0302tre de\u0301range\u0301 du prolongement du suspense. \u00abCe n\u2019est plus la grande affluence comme au de\u0301but. Les gens commencent a\u0300 se lasser, au vue des tractations au niveau des enque\u0302teurs. Nous portons toujours le deuil. Le prolongement des processus judiciaires nous de\u0301range, on attend en ce moment a\u0300 voir le corps du chef de chai\u0302ne mais, les choses trai\u0302nent. C\u0327a nous fait beaucoup mal\u00bb s\u2019indigne Charlie Aime\u0301 Tchouemou. Apre\u0300s la de\u0301couverte macabre de la de\u0301pouille du pre\u0301sentateur de l\u2019e\u0301mission \u00abEmbouteillages \u00bb, la presse locale et internationale accorde une place de choix au traitement de cette actualite\u0301. Au sein de la radio ou\u0300 exerc\u0327ait l\u2019animateur, la chapelle ardente allume\u0301e le 23 janvier dernier, au lendemain de la de\u0301couverte du corps mutile\u0301 du chef de chai\u0302ne ne bru\u0302le plus. On parle du chef de Martinez Zogo de\u0301sormais au passe\u0301.<\/p>\n<p>A\u0300 ce jour, c\u2019est un silence total qui re\u0300gne autour de la chapelle ardente. L\u2019animateur de l\u2019e\u0301mission \u00abEmbouteillages \u00bb a e\u0301te\u0301 enleve\u0301 le 17 janvier dernier. Son corps en e\u0301tat de putre\u0301faction a e\u0301te\u0301 retrouve\u0301 cinq jours plus tard a\u0300 Ebogo 3 par Soa, une banlieue de la ville de Yaounde\u0301. Des suspects ont e\u0301te\u0301 interpelle\u0301s a\u0300 la suite de l\u2019enque\u0302te judiciaire ouverte conduite par une commission mixte gendarmerie-police mise sur pied par le pre\u0301sident de la Re\u0301publique.<\/p>\n<p><strong>Pour plus d&rsquo;informations et d&rsquo;analyses sur la <a href=\"https:\/\/www.africa-press.net\/cameroun\">Cameroun<\/a>, suivez <a href=\"https:\/\/www.africa-press.net\/\">Africa-Press<\/a><\/strong><\/p>\n","protected":false},"excerpt":{"rendered":"<p>Africa-Press &#8211; Cameroun. Plus d\u2019un mois apre\u0300s la disparition du chef de chai\u0302ne, la douleur est toujours pre\u0301sente au sein de cette radio. L\u2019ambiance de recueillement observe\u0301e il y a quelques semaines au sie\u0300ge d\u2019Amplitude FM sis au carrefour Ceper a\u0300 Yaounde\u0301 commence a\u0300 s\u2019estomper. A\u0300 notre arrive\u0301e en mi-journe\u0301e du lundi dernier, c\u2019est un [&hellip;]<\/p>\n","protected":false},"author":82,"featured_media":38122,"comment_status":"open","ping_status":"closed","sticky":false,"template":"","format":"standard","meta":{"footnotes":""},"categories":[2,10],"tags":[36,50,49],"class_list":["post-38127","post","type-post","status-publish","format-standard","has-post-thumbnail","hentry","category-politique","category-toutes-les-actualites","tag-africa-press","tag-africa-press-cameroun","tag-cameroun"],"yoast_head":"<!-- This site is optimized with the Yoast SEO Premium plugin v26.1 (Yoast SEO v27.0) - https:\/\/yoast.com\/product\/yoast-seo-premium-wordpress\/ -->\n<title>Assassinat de Martinez Zogo : plus d&#039;un mois apr\u00e8s, sc\u00e8ne inimaginable \u00e0 la r\u00e9daction d&#039;Amplitude FM - Cameroun<\/title>\n<meta name=\"description\" content=\"Plus d\u2019un mois apre\u0300s la disparition du chef de chai\u0302ne, la douleur est toujours pre\u0301sente au sein de cette radio. L\u2019am ...Plus d\u2019un mois apre\u0300s la disparition du chef de chai\u0302ne, la douleur est toujours pre\u0301sente au sein de cette radio. L\u2019am ...\" \/>\n<meta name=\"robots\" content=\"index, follow, max-snippet:-1, max-image-preview:large, max-video-preview:-1\" \/>\n<link rel=\"canonical\" href=\"https:\/\/www.africa-press.net\/cameroun\/politique\/assassinat-de-martinez-zogo-plus-dun-mois-apres-scene-inimaginable-a-la-redaction-damplitude-fm\" \/>\n<meta property=\"og:locale\" content=\"fr_FR\" \/>\n<meta property=\"og:type\" content=\"article\" \/>\n<meta property=\"og:title\" content=\"Assassinat de Martinez Zogo : plus d&#039;un mois apr\u00e8s, sc\u00e8ne inimaginable \u00e0 la r\u00e9daction d&#039;Amplitude FM\" \/>\n<meta property=\"og:description\" content=\"Plus d\u2019un mois apre\u0300s la disparition du chef de chai\u0302ne, la douleur est toujours pre\u0301sente au sein de cette radio. L\u2019am ...Plus d\u2019un mois apre\u0300s la disparition du chef de chai\u0302ne, la douleur est toujours pre\u0301sente au sein de cette radio. L\u2019am ...\" \/>\n<meta property=\"og:url\" content=\"https:\/\/www.africa-press.net\/cameroun\/politique\/assassinat-de-martinez-zogo-plus-dun-mois-apres-scene-inimaginable-a-la-redaction-damplitude-fm\" \/>\n<meta property=\"og:site_name\" content=\"Cameroun\" \/>\n<meta property=\"article:published_time\" content=\"2023-03-02T12:16:33+00:00\" \/>\n<meta property=\"article:modified_time\" content=\"2023-03-02T12:45:37+00:00\" \/>\n<meta property=\"og:image\" content=\"https:\/\/static.africa-press.net\/cameroun\/sites\/57\/2023\/03\/postQueueImg_1677746801.15.jpg\" \/>\n\t<meta property=\"og:image:width\" content=\"720\" \/>\n\t<meta property=\"og:image:height\" content=\"546\" \/>\n\t<meta property=\"og:image:type\" content=\"image\/jpeg\" \/>\n<meta name=\"author\" content=\"cfeditorfr\" \/>\n<meta name=\"twitter:card\" content=\"summary_large_image\" \/>\n<meta name=\"twitter:label1\" content=\"\u00c9crit par\" \/>\n\t<meta name=\"twitter:data1\" content=\"cfeditorfr\" \/>\n\t<meta name=\"twitter:label2\" content=\"Dur\u00e9e de lecture estim\u00e9e\" \/>\n\t<meta name=\"twitter:data2\" content=\"3 minutes\" \/>\n<script type=\"application\/ld+json\" class=\"yoast-schema-graph\">{\"@context\":\"https:\/\/schema.org\",\"@graph\":[{\"@type\":\"Article\",\"@id\":\"https:\/\/www.africa-press.net\/cameroun\/politique\/assassinat-de-martinez-zogo-plus-dun-mois-apres-scene-inimaginable-a-la-redaction-damplitude-fm#article\",\"isPartOf\":{\"@id\":\"https:\/\/www.africa-press.net\/cameroun\/politique\/assassinat-de-martinez-zogo-plus-dun-mois-apres-scene-inimaginable-a-la-redaction-damplitude-fm\"},\"author\":{\"name\":\"cfeditorfr\",\"@id\":\"https:\/\/www.africa-press.net\/cameroun\/#\/schema\/person\/2b1cf3cd81a31e3cd26889ca66d677f1\"},\"headline\":\"Assassinat de Martinez Zogo : plus d&rsquo;un mois apr\u00e8s, sc\u00e8ne inimaginable \u00e0 la r\u00e9daction d&rsquo;Amplitude FM\",\"datePublished\":\"2023-03-02T12:16:33+00:00\",\"dateModified\":\"2023-03-02T12:45:37+00:00\",\"mainEntityOfPage\":{\"@id\":\"https:\/\/www.africa-press.net\/cameroun\/politique\/assassinat-de-martinez-zogo-plus-dun-mois-apres-scene-inimaginable-a-la-redaction-damplitude-fm\"},\"wordCount\":631,\"commentCount\":0,\"image\":{\"@id\":\"https:\/\/www.africa-press.net\/cameroun\/politique\/assassinat-de-martinez-zogo-plus-dun-mois-apres-scene-inimaginable-a-la-redaction-damplitude-fm#primaryimage\"},\"thumbnailUrl\":\"https:\/\/static.africa-press.net\/cameroun\/sites\/57\/2023\/03\/postQueueImg_1677746801.15.jpg\",\"keywords\":[\"Africa Press\",\"Africa Press-Cameroun\",\"Cameroun\"],\"articleSection\":[\"Politique\",\"Toutes les actualit\u00e9s\"],\"inLanguage\":\"fr-FR\",\"potentialAction\":[{\"@type\":\"CommentAction\",\"name\":\"Comment\",\"target\":[\"https:\/\/www.africa-press.net\/cameroun\/politique\/assassinat-de-martinez-zogo-plus-dun-mois-apres-scene-inimaginable-a-la-redaction-damplitude-fm#respond\"]}]},{\"@type\":\"WebPage\",\"@id\":\"https:\/\/www.africa-press.net\/cameroun\/politique\/assassinat-de-martinez-zogo-plus-dun-mois-apres-scene-inimaginable-a-la-redaction-damplitude-fm\",\"url\":\"https:\/\/www.africa-press.net\/cameroun\/politique\/assassinat-de-martinez-zogo-plus-dun-mois-apres-scene-inimaginable-a-la-redaction-damplitude-fm\",\"name\":\"Assassinat de Martinez Zogo : plus d'un mois apr\u00e8s, sc\u00e8ne inimaginable \u00e0 la r\u00e9daction d'Amplitude FM - Cameroun\",\"isPartOf\":{\"@id\":\"https:\/\/www.africa-press.net\/cameroun\/#website\"},\"primaryImageOfPage\":{\"@id\":\"https:\/\/www.africa-press.net\/cameroun\/politique\/assassinat-de-martinez-zogo-plus-dun-mois-apres-scene-inimaginable-a-la-redaction-damplitude-fm#primaryimage\"},\"image\":{\"@id\":\"https:\/\/www.africa-press.net\/cameroun\/politique\/assassinat-de-martinez-zogo-plus-dun-mois-apres-scene-inimaginable-a-la-redaction-damplitude-fm#primaryimage\"},\"thumbnailUrl\":\"https:\/\/static.africa-press.net\/cameroun\/sites\/57\/2023\/03\/postQueueImg_1677746801.15.jpg\",\"datePublished\":\"2023-03-02T12:16:33+00:00\",\"dateModified\":\"2023-03-02T12:45:37+00:00\",\"author\":{\"@id\":\"https:\/\/www.africa-press.net\/cameroun\/#\/schema\/person\/2b1cf3cd81a31e3cd26889ca66d677f1\"},\"description\":\"Plus d\u2019un mois apre\u0300s la disparition du chef de chai\u0302ne, la douleur est toujours pre\u0301sente au sein de cette radio. L\u2019am ...Plus d\u2019un mois apre\u0300s la disparition du chef de chai\u0302ne, la douleur est toujours pre\u0301sente au sein de cette radio. L\u2019am ...\",\"breadcrumb\":{\"@id\":\"https:\/\/www.africa-press.net\/cameroun\/politique\/assassinat-de-martinez-zogo-plus-dun-mois-apres-scene-inimaginable-a-la-redaction-damplitude-fm#breadcrumb\"},\"inLanguage\":\"fr-FR\",\"potentialAction\":[{\"@type\":\"ReadAction\",\"target\":[\"https:\/\/www.africa-press.net\/cameroun\/politique\/assassinat-de-martinez-zogo-plus-dun-mois-apres-scene-inimaginable-a-la-redaction-damplitude-fm\"]}]},{\"@type\":\"ImageObject\",\"inLanguage\":\"fr-FR\",\"@id\":\"https:\/\/www.africa-press.net\/cameroun\/politique\/assassinat-de-martinez-zogo-plus-dun-mois-apres-scene-inimaginable-a-la-redaction-damplitude-fm#primaryimage\",\"url\":\"https:\/\/static.africa-press.net\/cameroun\/sites\/57\/2023\/03\/postQueueImg_1677746801.15.jpg\",\"contentUrl\":\"https:\/\/static.africa-press.net\/cameroun\/sites\/57\/2023\/03\/postQueueImg_1677746801.15.jpg\",\"width\":720,\"height\":546,\"caption\":\"Assassinat de Martinez Zogo : plus d'un mois apr\u00e8s, sc\u00e8ne inimaginable \u00e0 la r\u00e9daction d'Amplitude FM\"},{\"@type\":\"BreadcrumbList\",\"@id\":\"https:\/\/www.africa-press.net\/cameroun\/politique\/assassinat-de-martinez-zogo-plus-dun-mois-apres-scene-inimaginable-a-la-redaction-damplitude-fm#breadcrumb\",\"itemListElement\":[{\"@type\":\"ListItem\",\"position\":1,\"name\":\"Accueil\",\"item\":\"https:\/\/www.africa-press.net\/cameroun\/\"},{\"@type\":\"ListItem\",\"position\":2,\"name\":\"Assassinat de Martinez Zogo : plus d&rsquo;un mois apr\u00e8s, sc\u00e8ne inimaginable \u00e0 la r\u00e9daction d&rsquo;Amplitude FM\"}]},{\"@type\":\"WebSite\",\"@id\":\"https:\/\/www.africa-press.net\/cameroun\/#website\",\"url\":\"https:\/\/www.africa-press.net\/cameroun\/\",\"name\":\"Cameroun\",\"description\":\"Just another Africa News Agency Sites site\",\"potentialAction\":[{\"@type\":\"SearchAction\",\"target\":{\"@type\":\"EntryPoint\",\"urlTemplate\":\"https:\/\/www.africa-press.net\/cameroun\/?s={search_term_string}\"},\"query-input\":{\"@type\":\"PropertyValueSpecification\",\"valueRequired\":true,\"valueName\":\"search_term_string\"}}],\"inLanguage\":\"fr-FR\"},{\"@type\":\"Person\",\"@id\":\"https:\/\/www.africa-press.net\/cameroun\/#\/schema\/person\/2b1cf3cd81a31e3cd26889ca66d677f1\",\"name\":\"cfeditorfr\"}]}<\/script>\n<!-- \/ Yoast SEO Premium plugin. -->","yoast_head_json":{"title":"Assassinat de Martinez Zogo : plus d'un mois apr\u00e8s, sc\u00e8ne inimaginable \u00e0 la r\u00e9daction d'Amplitude FM - Cameroun","description":"Plus d\u2019un mois apre\u0300s la disparition du chef de chai\u0302ne, la douleur est toujours pre\u0301sente au sein de cette radio. L\u2019am ...Plus d\u2019un mois apre\u0300s la disparition du chef de chai\u0302ne, la douleur est toujours pre\u0301sente au sein de cette radio. L\u2019am ...","robots":{"index":"index","follow":"follow","max-snippet":"max-snippet:-1","max-image-preview":"max-image-preview:large","max-video-preview":"max-video-preview:-1"},"canonical":"https:\/\/www.africa-press.net\/cameroun\/politique\/assassinat-de-martinez-zogo-plus-dun-mois-apres-scene-inimaginable-a-la-redaction-damplitude-fm","og_locale":"fr_FR","og_type":"article","og_title":"Assassinat de Martinez Zogo : plus d'un mois apr\u00e8s, sc\u00e8ne inimaginable \u00e0 la r\u00e9daction d'Amplitude FM","og_description":"Plus d\u2019un mois apre\u0300s la disparition du chef de chai\u0302ne, la douleur est toujours pre\u0301sente au sein de cette radio. L\u2019am ...Plus d\u2019un mois apre\u0300s la disparition du chef de chai\u0302ne, la douleur est toujours pre\u0301sente au sein de cette radio. L\u2019am ...","og_url":"https:\/\/www.africa-press.net\/cameroun\/politique\/assassinat-de-martinez-zogo-plus-dun-mois-apres-scene-inimaginable-a-la-redaction-damplitude-fm","og_site_name":"Cameroun","article_published_time":"2023-03-02T12:16:33+00:00","article_modified_time":"2023-03-02T12:45:37+00:00","og_image":[{"width":720,"height":546,"url":"https:\/\/static.africa-press.net\/cameroun\/sites\/57\/2023\/03\/postQueueImg_1677746801.15.jpg","type":"image\/jpeg"}],"author":"cfeditorfr","twitter_card":"summary_large_image","twitter_misc":{"\u00c9crit par":"cfeditorfr","Dur\u00e9e de lecture estim\u00e9e":"3 minutes"},"schema":{"@context":"https:\/\/schema.org","@graph":[{"@type":"Article","@id":"https:\/\/www.africa-press.net\/cameroun\/politique\/assassinat-de-martinez-zogo-plus-dun-mois-apres-scene-inimaginable-a-la-redaction-damplitude-fm#article","isPartOf":{"@id":"https:\/\/www.africa-press.net\/cameroun\/politique\/assassinat-de-martinez-zogo-plus-dun-mois-apres-scene-inimaginable-a-la-redaction-damplitude-fm"},"author":{"name":"cfeditorfr","@id":"https:\/\/www.africa-press.net\/cameroun\/#\/schema\/person\/2b1cf3cd81a31e3cd26889ca66d677f1"},"headline":"Assassinat de Martinez Zogo : plus d&rsquo;un mois apr\u00e8s, sc\u00e8ne inimaginable \u00e0 la r\u00e9daction d&rsquo;Amplitude FM","datePublished":"2023-03-02T12:16:33+00:00","dateModified":"2023-03-02T12:45:37+00:00","mainEntityOfPage":{"@id":"https:\/\/www.africa-press.net\/cameroun\/politique\/assassinat-de-martinez-zogo-plus-dun-mois-apres-scene-inimaginable-a-la-redaction-damplitude-fm"},"wordCount":631,"commentCount":0,"image":{"@id":"https:\/\/www.africa-press.net\/cameroun\/politique\/assassinat-de-martinez-zogo-plus-dun-mois-apres-scene-inimaginable-a-la-redaction-damplitude-fm#primaryimage"},"thumbnailUrl":"https:\/\/static.africa-press.net\/cameroun\/sites\/57\/2023\/03\/postQueueImg_1677746801.15.jpg","keywords":["Africa Press","Africa Press-Cameroun","Cameroun"],"articleSection":["Politique","Toutes les actualit\u00e9s"],"inLanguage":"fr-FR","potentialAction":[{"@type":"CommentAction","name":"Comment","target":["https:\/\/www.africa-press.net\/cameroun\/politique\/assassinat-de-martinez-zogo-plus-dun-mois-apres-scene-inimaginable-a-la-redaction-damplitude-fm#respond"]}]},{"@type":"WebPage","@id":"https:\/\/www.africa-press.net\/cameroun\/politique\/assassinat-de-martinez-zogo-plus-dun-mois-apres-scene-inimaginable-a-la-redaction-damplitude-fm","url":"https:\/\/www.africa-press.net\/cameroun\/politique\/assassinat-de-martinez-zogo-plus-dun-mois-apres-scene-inimaginable-a-la-redaction-damplitude-fm","name":"Assassinat de Martinez Zogo : plus d'un mois apr\u00e8s, sc\u00e8ne inimaginable \u00e0 la r\u00e9daction d'Amplitude FM - Cameroun","isPartOf":{"@id":"https:\/\/www.africa-press.net\/cameroun\/#website"},"primaryImageOfPage":{"@id":"https:\/\/www.africa-press.net\/cameroun\/politique\/assassinat-de-martinez-zogo-plus-dun-mois-apres-scene-inimaginable-a-la-redaction-damplitude-fm#primaryimage"},"image":{"@id":"https:\/\/www.africa-press.net\/cameroun\/politique\/assassinat-de-martinez-zogo-plus-dun-mois-apres-scene-inimaginable-a-la-redaction-damplitude-fm#primaryimage"},"thumbnailUrl":"https:\/\/static.africa-press.net\/cameroun\/sites\/57\/2023\/03\/postQueueImg_1677746801.15.jpg","datePublished":"2023-03-02T12:16:33+00:00","dateModified":"2023-03-02T12:45:37+00:00","author":{"@id":"https:\/\/www.africa-press.net\/cameroun\/#\/schema\/person\/2b1cf3cd81a31e3cd26889ca66d677f1"},"description":"Plus d\u2019un mois apre\u0300s la disparition du chef de chai\u0302ne, la douleur est toujours pre\u0301sente au sein de cette radio. L\u2019am ...Plus d\u2019un mois apre\u0300s la disparition du chef de chai\u0302ne, la douleur est toujours pre\u0301sente au sein de cette radio. L\u2019am ...","breadcrumb":{"@id":"https:\/\/www.africa-press.net\/cameroun\/politique\/assassinat-de-martinez-zogo-plus-dun-mois-apres-scene-inimaginable-a-la-redaction-damplitude-fm#breadcrumb"},"inLanguage":"fr-FR","potentialAction":[{"@type":"ReadAction","target":["https:\/\/www.africa-press.net\/cameroun\/politique\/assassinat-de-martinez-zogo-plus-dun-mois-apres-scene-inimaginable-a-la-redaction-damplitude-fm"]}]},{"@type":"ImageObject","inLanguage":"fr-FR","@id":"https:\/\/www.africa-press.net\/cameroun\/politique\/assassinat-de-martinez-zogo-plus-dun-mois-apres-scene-inimaginable-a-la-redaction-damplitude-fm#primaryimage","url":"https:\/\/static.africa-press.net\/cameroun\/sites\/57\/2023\/03\/postQueueImg_1677746801.15.jpg","contentUrl":"https:\/\/static.africa-press.net\/cameroun\/sites\/57\/2023\/03\/postQueueImg_1677746801.15.jpg","width":720,"height":546,"caption":"Assassinat de Martinez Zogo : plus d'un mois apr\u00e8s, sc\u00e8ne inimaginable \u00e0 la r\u00e9daction d'Amplitude FM"},{"@type":"BreadcrumbList","@id":"https:\/\/www.africa-press.net\/cameroun\/politique\/assassinat-de-martinez-zogo-plus-dun-mois-apres-scene-inimaginable-a-la-redaction-damplitude-fm#breadcrumb","itemListElement":[{"@type":"ListItem","position":1,"name":"Accueil","item":"https:\/\/www.africa-press.net\/cameroun\/"},{"@type":"ListItem","position":2,"name":"Assassinat de Martinez Zogo : plus d&rsquo;un mois apr\u00e8s, sc\u00e8ne inimaginable \u00e0 la r\u00e9daction d&rsquo;Amplitude FM"}]},{"@type":"WebSite","@id":"https:\/\/www.africa-press.net\/cameroun\/#website","url":"https:\/\/www.africa-press.net\/cameroun\/","name":"Cameroun","description":"Just another Africa News Agency Sites site","potentialAction":[{"@type":"SearchAction","target":{"@type":"EntryPoint","urlTemplate":"https:\/\/www.africa-press.net\/cameroun\/?s={search_term_string}"},"query-input":{"@type":"PropertyValueSpecification","valueRequired":true,"valueName":"search_term_string"}}],"inLanguage":"fr-FR"},{"@type":"Person","@id":"https:\/\/www.africa-press.net\/cameroun\/#\/schema\/person\/2b1cf3cd81a31e3cd26889ca66d677f1","name":"cfeditorfr"}]}},"_links":{"self":[{"href":"https:\/\/www.africa-press.net\/cameroun\/wp-json\/wp\/v2\/posts\/38127","targetHints":{"allow":["GET"]}}],"collection":[{"href":"https:\/\/www.africa-press.net\/cameroun\/wp-json\/wp\/v2\/posts"}],"about":[{"href":"https:\/\/www.africa-press.net\/cameroun\/wp-json\/wp\/v2\/types\/post"}],"author":[{"embeddable":true,"href":"https:\/\/www.africa-press.net\/cameroun\/wp-json\/wp\/v2\/users\/82"}],"replies":[{"embeddable":true,"href":"https:\/\/www.africa-press.net\/cameroun\/wp-json\/wp\/v2\/comments?post=38127"}],"version-history":[{"count":0,"href":"https:\/\/www.africa-press.net\/cameroun\/wp-json\/wp\/v2\/posts\/38127\/revisions"}],"wp:featuredmedia":[{"embeddable":true,"href":"https:\/\/www.africa-press.net\/cameroun\/wp-json\/wp\/v2\/media\/38122"}],"wp:attachment":[{"href":"https:\/\/www.africa-press.net\/cameroun\/wp-json\/wp\/v2\/media?parent=38127"}],"wp:term":[{"taxonomy":"category","embeddable":true,"href":"https:\/\/www.africa-press.net\/cameroun\/wp-json\/wp\/v2\/categories?post=38127"},{"taxonomy":"post_tag","embeddable":true,"href":"https:\/\/www.africa-press.net\/cameroun\/wp-json\/wp\/v2\/tags?post=38127"}],"curies":[{"name":"wp","href":"https:\/\/api.w.org\/{rel}","templated":true}]}}