{"id":38128,"date":"2023-03-02T12:18:17","date_gmt":"2023-03-02T12:18:17","guid":{"rendered":"https:\/\/www.africa-press.net\/cameroun\/politique\/necrologie-le-senat-frappe-par-un-grand-deuil-le-rdpc-inconsolable"},"modified":"2023-03-02T12:43:06","modified_gmt":"2023-03-02T12:43:06","slug":"necrologie-le-senat-frappe-par-un-grand-deuil-le-rdpc-inconsolable","status":"publish","type":"post","link":"https:\/\/www.africa-press.net\/cameroun\/politique\/necrologie-le-senat-frappe-par-un-grand-deuil-le-rdpc-inconsolable","title":{"rendered":"N\u00e9crologie : le S\u00e9nat frapp\u00e9 par un grand deuil ; le RDPC inconsolable"},"content":{"rendered":"<p><span style=\"color: #ff6600\"><strong>Africa-Press &#8211; Cameroun. <\/strong><\/span>C&rsquo;est un page noire et si triste qui vient de s&rsquo;ouvrir au Se\u0301nat. Un grand deuil s&rsquo;est abattu sur le Se\u0301nat.<\/p>\n<p>En effet, la se\u0301natrice Rebecca Ankie Affiong, originaire d&rsquo;Isangele, dans la pe\u0301ninsule de Bakassi est passe\u0301e de vie a\u0300 tre\u0301pas. Ce grand malheur arrive au moment me\u0302me ou\u0300 les Camerounais se pre\u0301parent aux se\u0301natoriales dans les prochains jours. La se\u0301natrice Rebecca faisait partie des membres pionnie\u0300res de la Bakassi Women for Peace Task Force (BAWOPETAF).<\/p>\n<p>Si les causes du de\u0301ce\u0300s n&rsquo;ont pas e\u0301te\u0301 e\u0301voque\u0301es, on sait du moins que la de\u0301funte e\u0301tait candidate du RDPC a\u0300 l&rsquo;e\u0301lection se\u0301natoriale du 12 mars prochain. Elle e\u0301tait a\u0300 sa propre succession.<\/p>\n<p>Son douloureux de\u0301ce\u0300s vient rallonger la longue liste d\u2019e\u0301lus camerounais et membres du gouvernement de\u0301ce\u0301de\u0301s ces derniers mois.<\/p>\n<p>Le Code e\u0301lectoral est muet sur les cas de de\u0301ce\u0300s d\u2019un candidat a\u0300 une e\u0301lection se\u0301natoriale. Le texte statue seulement sur le de\u0301ce\u0300s d\u2019un e\u0301lu en fonction. Selon l\u2019article 155 dudit code, lorsqu\u2019un tel cas se pose, une e\u0301lection partielle est organise\u0301e dans la circonscription e\u0301lectorale de l\u2019e\u0301lu de\u0301ce\u0301de\u0301 afin de le remplacer.<\/p>\n<p><strong>Pour plus d&rsquo;informations et d&rsquo;analyses sur la <a href=\"https:\/\/www.africa-press.net\/cameroun\">Cameroun<\/a>, suivez <a href=\"https:\/\/www.africa-press.net\/\">Africa-Press<\/a><\/strong><\/p>\n","protected":false},"excerpt":{"rendered":"<p>Africa-Press &#8211; Cameroun. C&rsquo;est un page noire et si triste qui vient de s&rsquo;ouvrir au Se\u0301nat. Un grand deuil s&rsquo;est abattu sur le Se\u0301nat. En effet, la se\u0301natrice Rebecca Ankie Affiong, originaire d&rsquo;Isangele, dans la pe\u0301ninsule de Bakassi est passe\u0301e de vie a\u0300 tre\u0301pas. Ce grand malheur arrive au moment me\u0302me ou\u0300 les Camerounais se [&hellip;]<\/p>\n","protected":false},"author":82,"featured_media":38123,"comment_status":"open","ping_status":"closed","sticky":false,"template":"","format":"standard","meta":{"footnotes":""},"categories":[2,10],"tags":[36,50,49],"class_list":["post-38128","post","type-post","status-publish","format-standard","has-post-thumbnail","hentry","category-politique","category-toutes-les-actualites","tag-africa-press","tag-africa-press-cameroun","tag-cameroun"],"yoast_head":"<!-- This site is optimized with the Yoast SEO Premium plugin v26.1 (Yoast SEO v27.0) - https:\/\/yoast.com\/product\/yoast-seo-premium-wordpress\/ -->\n<title>N\u00e9crologie : le S\u00e9nat frapp\u00e9 par un grand deuil ; le RDPC inconsolable - Cameroun<\/title>\n<meta name=\"description\" content=\"C&#039;est un page noire et si triste qui vient de s&#039;ouvrir au Se\u0301nat. Un grand deuil s&#039;est abattu sur le Se\u0301nat. En effet, ...C&#039;est un page noire et si triste qui vient de s&#039;ouvrir au Se\u0301nat. Un grand deuil s&#039;est abattu sur le Se\u0301nat. En effet, ...\" \/>\n<meta name=\"robots\" content=\"index, follow, max-snippet:-1, max-image-preview:large, max-video-preview:-1\" \/>\n<link rel=\"canonical\" href=\"https:\/\/www.africa-press.net\/cameroun\/politique\/necrologie-le-senat-frappe-par-un-grand-deuil-le-rdpc-inconsolable\" \/>\n<meta property=\"og:locale\" content=\"fr_FR\" \/>\n<meta property=\"og:type\" content=\"article\" \/>\n<meta property=\"og:title\" content=\"N\u00e9crologie : le S\u00e9nat frapp\u00e9 par un grand deuil ; le RDPC inconsolable\" \/>\n<meta property=\"og:description\" content=\"C&#039;est un page noire et si triste qui vient de s&#039;ouvrir au Se\u0301nat. Un grand deuil s&#039;est abattu sur le Se\u0301nat. En effet, ...C&#039;est un page noire et si triste qui vient de s&#039;ouvrir au Se\u0301nat. Un grand deuil s&#039;est abattu sur le Se\u0301nat. En effet, ...\" \/>\n<meta property=\"og:url\" content=\"https:\/\/www.africa-press.net\/cameroun\/politique\/necrologie-le-senat-frappe-par-un-grand-deuil-le-rdpc-inconsolable\" \/>\n<meta property=\"og:site_name\" content=\"Cameroun\" \/>\n<meta property=\"article:published_time\" content=\"2023-03-02T12:18:17+00:00\" \/>\n<meta property=\"article:modified_time\" content=\"2023-03-02T12:43:06+00:00\" \/>\n<meta property=\"og:image\" content=\"https:\/\/static.africa-press.net\/cameroun\/sites\/57\/2023\/03\/postQueueImg_1677746900.04.jpg\" \/>\n\t<meta property=\"og:image:width\" content=\"720\" \/>\n\t<meta property=\"og:image:height\" content=\"399\" \/>\n\t<meta property=\"og:image:type\" content=\"image\/jpeg\" \/>\n<meta name=\"author\" content=\"cfeditorfr\" \/>\n<meta name=\"twitter:card\" content=\"summary_large_image\" \/>\n<meta name=\"twitter:label1\" content=\"\u00c9crit par\" \/>\n\t<meta name=\"twitter:data1\" content=\"cfeditorfr\" \/>\n\t<meta name=\"twitter:label2\" content=\"Dur\u00e9e de lecture estim\u00e9e\" \/>\n\t<meta name=\"twitter:data2\" content=\"1 minute\" \/>\n<script type=\"application\/ld+json\" class=\"yoast-schema-graph\">{\"@context\":\"https:\/\/schema.org\",\"@graph\":[{\"@type\":\"Article\",\"@id\":\"https:\/\/www.africa-press.net\/cameroun\/politique\/necrologie-le-senat-frappe-par-un-grand-deuil-le-rdpc-inconsolable#article\",\"isPartOf\":{\"@id\":\"https:\/\/www.africa-press.net\/cameroun\/politique\/necrologie-le-senat-frappe-par-un-grand-deuil-le-rdpc-inconsolable\"},\"author\":{\"name\":\"cfeditorfr\",\"@id\":\"https:\/\/www.africa-press.net\/cameroun\/#\/schema\/person\/2b1cf3cd81a31e3cd26889ca66d677f1\"},\"headline\":\"N\u00e9crologie : le S\u00e9nat frapp\u00e9 par un grand deuil ; le RDPC inconsolable\",\"datePublished\":\"2023-03-02T12:18:17+00:00\",\"dateModified\":\"2023-03-02T12:43:06+00:00\",\"mainEntityOfPage\":{\"@id\":\"https:\/\/www.africa-press.net\/cameroun\/politique\/necrologie-le-senat-frappe-par-un-grand-deuil-le-rdpc-inconsolable\"},\"wordCount\":259,\"commentCount\":0,\"image\":{\"@id\":\"https:\/\/www.africa-press.net\/cameroun\/politique\/necrologie-le-senat-frappe-par-un-grand-deuil-le-rdpc-inconsolable#primaryimage\"},\"thumbnailUrl\":\"https:\/\/static.africa-press.net\/cameroun\/sites\/57\/2023\/03\/postQueueImg_1677746900.04.jpg\",\"keywords\":[\"Africa Press\",\"Africa Press-Cameroun\",\"Cameroun\"],\"articleSection\":[\"Politique\",\"Toutes les actualit\u00e9s\"],\"inLanguage\":\"fr-FR\",\"potentialAction\":[{\"@type\":\"CommentAction\",\"name\":\"Comment\",\"target\":[\"https:\/\/www.africa-press.net\/cameroun\/politique\/necrologie-le-senat-frappe-par-un-grand-deuil-le-rdpc-inconsolable#respond\"]}]},{\"@type\":\"WebPage\",\"@id\":\"https:\/\/www.africa-press.net\/cameroun\/politique\/necrologie-le-senat-frappe-par-un-grand-deuil-le-rdpc-inconsolable\",\"url\":\"https:\/\/www.africa-press.net\/cameroun\/politique\/necrologie-le-senat-frappe-par-un-grand-deuil-le-rdpc-inconsolable\",\"name\":\"N\u00e9crologie : le S\u00e9nat frapp\u00e9 par un grand deuil ; le RDPC inconsolable - Cameroun\",\"isPartOf\":{\"@id\":\"https:\/\/www.africa-press.net\/cameroun\/#website\"},\"primaryImageOfPage\":{\"@id\":\"https:\/\/www.africa-press.net\/cameroun\/politique\/necrologie-le-senat-frappe-par-un-grand-deuil-le-rdpc-inconsolable#primaryimage\"},\"image\":{\"@id\":\"https:\/\/www.africa-press.net\/cameroun\/politique\/necrologie-le-senat-frappe-par-un-grand-deuil-le-rdpc-inconsolable#primaryimage\"},\"thumbnailUrl\":\"https:\/\/static.africa-press.net\/cameroun\/sites\/57\/2023\/03\/postQueueImg_1677746900.04.jpg\",\"datePublished\":\"2023-03-02T12:18:17+00:00\",\"dateModified\":\"2023-03-02T12:43:06+00:00\",\"author\":{\"@id\":\"https:\/\/www.africa-press.net\/cameroun\/#\/schema\/person\/2b1cf3cd81a31e3cd26889ca66d677f1\"},\"description\":\"C'est un page noire et si triste qui vient de s'ouvrir au Se\u0301nat. Un grand deuil s'est abattu sur le Se\u0301nat. En effet, ...C'est un page noire et si triste qui vient de s'ouvrir au Se\u0301nat. Un grand deuil s'est abattu sur le Se\u0301nat. En effet, ...\",\"breadcrumb\":{\"@id\":\"https:\/\/www.africa-press.net\/cameroun\/politique\/necrologie-le-senat-frappe-par-un-grand-deuil-le-rdpc-inconsolable#breadcrumb\"},\"inLanguage\":\"fr-FR\",\"potentialAction\":[{\"@type\":\"ReadAction\",\"target\":[\"https:\/\/www.africa-press.net\/cameroun\/politique\/necrologie-le-senat-frappe-par-un-grand-deuil-le-rdpc-inconsolable\"]}]},{\"@type\":\"ImageObject\",\"inLanguage\":\"fr-FR\",\"@id\":\"https:\/\/www.africa-press.net\/cameroun\/politique\/necrologie-le-senat-frappe-par-un-grand-deuil-le-rdpc-inconsolable#primaryimage\",\"url\":\"https:\/\/static.africa-press.net\/cameroun\/sites\/57\/2023\/03\/postQueueImg_1677746900.04.jpg\",\"contentUrl\":\"https:\/\/static.africa-press.net\/cameroun\/sites\/57\/2023\/03\/postQueueImg_1677746900.04.jpg\",\"width\":720,\"height\":399,\"caption\":\"N\u00e9crologie : le S\u00e9nat frapp\u00e9 par un grand deuil ; le RDPC inconsolable\"},{\"@type\":\"BreadcrumbList\",\"@id\":\"https:\/\/www.africa-press.net\/cameroun\/politique\/necrologie-le-senat-frappe-par-un-grand-deuil-le-rdpc-inconsolable#breadcrumb\",\"itemListElement\":[{\"@type\":\"ListItem\",\"position\":1,\"name\":\"Accueil\",\"item\":\"https:\/\/www.africa-press.net\/cameroun\/\"},{\"@type\":\"ListItem\",\"position\":2,\"name\":\"N\u00e9crologie : le S\u00e9nat frapp\u00e9 par un grand deuil ; le RDPC inconsolable\"}]},{\"@type\":\"WebSite\",\"@id\":\"https:\/\/www.africa-press.net\/cameroun\/#website\",\"url\":\"https:\/\/www.africa-press.net\/cameroun\/\",\"name\":\"Cameroun\",\"description\":\"Just another Africa News Agency Sites site\",\"potentialAction\":[{\"@type\":\"SearchAction\",\"target\":{\"@type\":\"EntryPoint\",\"urlTemplate\":\"https:\/\/www.africa-press.net\/cameroun\/?s={search_term_string}\"},\"query-input\":{\"@type\":\"PropertyValueSpecification\",\"valueRequired\":true,\"valueName\":\"search_term_string\"}}],\"inLanguage\":\"fr-FR\"},{\"@type\":\"Person\",\"@id\":\"https:\/\/www.africa-press.net\/cameroun\/#\/schema\/person\/2b1cf3cd81a31e3cd26889ca66d677f1\",\"name\":\"cfeditorfr\"}]}<\/script>\n<!-- \/ Yoast SEO Premium plugin. -->","yoast_head_json":{"title":"N\u00e9crologie : le S\u00e9nat frapp\u00e9 par un grand deuil ; le RDPC inconsolable - Cameroun","description":"C'est un page noire et si triste qui vient de s'ouvrir au Se\u0301nat. Un grand deuil s'est abattu sur le Se\u0301nat. En effet, ...C'est un page noire et si triste qui vient de s'ouvrir au Se\u0301nat. Un grand deuil s'est abattu sur le Se\u0301nat. En effet, ...","robots":{"index":"index","follow":"follow","max-snippet":"max-snippet:-1","max-image-preview":"max-image-preview:large","max-video-preview":"max-video-preview:-1"},"canonical":"https:\/\/www.africa-press.net\/cameroun\/politique\/necrologie-le-senat-frappe-par-un-grand-deuil-le-rdpc-inconsolable","og_locale":"fr_FR","og_type":"article","og_title":"N\u00e9crologie : le S\u00e9nat frapp\u00e9 par un grand deuil ; le RDPC inconsolable","og_description":"C'est un page noire et si triste qui vient de s'ouvrir au Se\u0301nat. Un grand deuil s'est abattu sur le Se\u0301nat. En effet, ...C'est un page noire et si triste qui vient de s'ouvrir au Se\u0301nat. Un grand deuil s'est abattu sur le Se\u0301nat. En effet, ...","og_url":"https:\/\/www.africa-press.net\/cameroun\/politique\/necrologie-le-senat-frappe-par-un-grand-deuil-le-rdpc-inconsolable","og_site_name":"Cameroun","article_published_time":"2023-03-02T12:18:17+00:00","article_modified_time":"2023-03-02T12:43:06+00:00","og_image":[{"width":720,"height":399,"url":"https:\/\/static.africa-press.net\/cameroun\/sites\/57\/2023\/03\/postQueueImg_1677746900.04.jpg","type":"image\/jpeg"}],"author":"cfeditorfr","twitter_card":"summary_large_image","twitter_misc":{"\u00c9crit par":"cfeditorfr","Dur\u00e9e de lecture estim\u00e9e":"1 minute"},"schema":{"@context":"https:\/\/schema.org","@graph":[{"@type":"Article","@id":"https:\/\/www.africa-press.net\/cameroun\/politique\/necrologie-le-senat-frappe-par-un-grand-deuil-le-rdpc-inconsolable#article","isPartOf":{"@id":"https:\/\/www.africa-press.net\/cameroun\/politique\/necrologie-le-senat-frappe-par-un-grand-deuil-le-rdpc-inconsolable"},"author":{"name":"cfeditorfr","@id":"https:\/\/www.africa-press.net\/cameroun\/#\/schema\/person\/2b1cf3cd81a31e3cd26889ca66d677f1"},"headline":"N\u00e9crologie : le S\u00e9nat frapp\u00e9 par un grand deuil ; le RDPC inconsolable","datePublished":"2023-03-02T12:18:17+00:00","dateModified":"2023-03-02T12:43:06+00:00","mainEntityOfPage":{"@id":"https:\/\/www.africa-press.net\/cameroun\/politique\/necrologie-le-senat-frappe-par-un-grand-deuil-le-rdpc-inconsolable"},"wordCount":259,"commentCount":0,"image":{"@id":"https:\/\/www.africa-press.net\/cameroun\/politique\/necrologie-le-senat-frappe-par-un-grand-deuil-le-rdpc-inconsolable#primaryimage"},"thumbnailUrl":"https:\/\/static.africa-press.net\/cameroun\/sites\/57\/2023\/03\/postQueueImg_1677746900.04.jpg","keywords":["Africa Press","Africa Press-Cameroun","Cameroun"],"articleSection":["Politique","Toutes les actualit\u00e9s"],"inLanguage":"fr-FR","potentialAction":[{"@type":"CommentAction","name":"Comment","target":["https:\/\/www.africa-press.net\/cameroun\/politique\/necrologie-le-senat-frappe-par-un-grand-deuil-le-rdpc-inconsolable#respond"]}]},{"@type":"WebPage","@id":"https:\/\/www.africa-press.net\/cameroun\/politique\/necrologie-le-senat-frappe-par-un-grand-deuil-le-rdpc-inconsolable","url":"https:\/\/www.africa-press.net\/cameroun\/politique\/necrologie-le-senat-frappe-par-un-grand-deuil-le-rdpc-inconsolable","name":"N\u00e9crologie : le S\u00e9nat frapp\u00e9 par un grand deuil ; le RDPC inconsolable - Cameroun","isPartOf":{"@id":"https:\/\/www.africa-press.net\/cameroun\/#website"},"primaryImageOfPage":{"@id":"https:\/\/www.africa-press.net\/cameroun\/politique\/necrologie-le-senat-frappe-par-un-grand-deuil-le-rdpc-inconsolable#primaryimage"},"image":{"@id":"https:\/\/www.africa-press.net\/cameroun\/politique\/necrologie-le-senat-frappe-par-un-grand-deuil-le-rdpc-inconsolable#primaryimage"},"thumbnailUrl":"https:\/\/static.africa-press.net\/cameroun\/sites\/57\/2023\/03\/postQueueImg_1677746900.04.jpg","datePublished":"2023-03-02T12:18:17+00:00","dateModified":"2023-03-02T12:43:06+00:00","author":{"@id":"https:\/\/www.africa-press.net\/cameroun\/#\/schema\/person\/2b1cf3cd81a31e3cd26889ca66d677f1"},"description":"C'est un page noire et si triste qui vient de s'ouvrir au Se\u0301nat. Un grand deuil s'est abattu sur le Se\u0301nat. En effet, ...C'est un page noire et si triste qui vient de s'ouvrir au Se\u0301nat. Un grand deuil s'est abattu sur le Se\u0301nat. En effet, ...","breadcrumb":{"@id":"https:\/\/www.africa-press.net\/cameroun\/politique\/necrologie-le-senat-frappe-par-un-grand-deuil-le-rdpc-inconsolable#breadcrumb"},"inLanguage":"fr-FR","potentialAction":[{"@type":"ReadAction","target":["https:\/\/www.africa-press.net\/cameroun\/politique\/necrologie-le-senat-frappe-par-un-grand-deuil-le-rdpc-inconsolable"]}]},{"@type":"ImageObject","inLanguage":"fr-FR","@id":"https:\/\/www.africa-press.net\/cameroun\/politique\/necrologie-le-senat-frappe-par-un-grand-deuil-le-rdpc-inconsolable#primaryimage","url":"https:\/\/static.africa-press.net\/cameroun\/sites\/57\/2023\/03\/postQueueImg_1677746900.04.jpg","contentUrl":"https:\/\/static.africa-press.net\/cameroun\/sites\/57\/2023\/03\/postQueueImg_1677746900.04.jpg","width":720,"height":399,"caption":"N\u00e9crologie : le S\u00e9nat frapp\u00e9 par un grand deuil ; le RDPC inconsolable"},{"@type":"BreadcrumbList","@id":"https:\/\/www.africa-press.net\/cameroun\/politique\/necrologie-le-senat-frappe-par-un-grand-deuil-le-rdpc-inconsolable#breadcrumb","itemListElement":[{"@type":"ListItem","position":1,"name":"Accueil","item":"https:\/\/www.africa-press.net\/cameroun\/"},{"@type":"ListItem","position":2,"name":"N\u00e9crologie : le S\u00e9nat frapp\u00e9 par un grand deuil ; le RDPC inconsolable"}]},{"@type":"WebSite","@id":"https:\/\/www.africa-press.net\/cameroun\/#website","url":"https:\/\/www.africa-press.net\/cameroun\/","name":"Cameroun","description":"Just another Africa News Agency Sites site","potentialAction":[{"@type":"SearchAction","target":{"@type":"EntryPoint","urlTemplate":"https:\/\/www.africa-press.net\/cameroun\/?s={search_term_string}"},"query-input":{"@type":"PropertyValueSpecification","valueRequired":true,"valueName":"search_term_string"}}],"inLanguage":"fr-FR"},{"@type":"Person","@id":"https:\/\/www.africa-press.net\/cameroun\/#\/schema\/person\/2b1cf3cd81a31e3cd26889ca66d677f1","name":"cfeditorfr"}]}},"_links":{"self":[{"href":"https:\/\/www.africa-press.net\/cameroun\/wp-json\/wp\/v2\/posts\/38128","targetHints":{"allow":["GET"]}}],"collection":[{"href":"https:\/\/www.africa-press.net\/cameroun\/wp-json\/wp\/v2\/posts"}],"about":[{"href":"https:\/\/www.africa-press.net\/cameroun\/wp-json\/wp\/v2\/types\/post"}],"author":[{"embeddable":true,"href":"https:\/\/www.africa-press.net\/cameroun\/wp-json\/wp\/v2\/users\/82"}],"replies":[{"embeddable":true,"href":"https:\/\/www.africa-press.net\/cameroun\/wp-json\/wp\/v2\/comments?post=38128"}],"version-history":[{"count":0,"href":"https:\/\/www.africa-press.net\/cameroun\/wp-json\/wp\/v2\/posts\/38128\/revisions"}],"wp:featuredmedia":[{"embeddable":true,"href":"https:\/\/www.africa-press.net\/cameroun\/wp-json\/wp\/v2\/media\/38123"}],"wp:attachment":[{"href":"https:\/\/www.africa-press.net\/cameroun\/wp-json\/wp\/v2\/media?parent=38128"}],"wp:term":[{"taxonomy":"category","embeddable":true,"href":"https:\/\/www.africa-press.net\/cameroun\/wp-json\/wp\/v2\/categories?post=38128"},{"taxonomy":"post_tag","embeddable":true,"href":"https:\/\/www.africa-press.net\/cameroun\/wp-json\/wp\/v2\/tags?post=38128"}],"curies":[{"name":"wp","href":"https:\/\/api.w.org\/{rel}","templated":true}]}}