{"id":38134,"date":"2023-03-02T12:16:43","date_gmt":"2023-03-02T12:16:43","guid":{"rendered":"https:\/\/www.africa-press.net\/cameroun\/politique\/politique-sdf-la-fin-du-mythe-ni-john-fru-ndi"},"modified":"2023-03-02T12:46:51","modified_gmt":"2023-03-02T12:46:51","slug":"politique-sdf-la-fin-du-mythe-ni-john-fru-ndi","status":"publish","type":"post","link":"https:\/\/www.africa-press.net\/cameroun\/politique\/politique-sdf-la-fin-du-mythe-ni-john-fru-ndi","title":{"rendered":"Politique\/Sdf : La fin du mythe Ni John Fru Ndi"},"content":{"rendered":"<p><span style=\"color: #ff6600\"><strong>Africa-Press &#8211; Cameroun. <\/strong><\/span>Qui du Chairman ou du G27 sera de\u0301barque\u0301 du parti ? Telle est la question qui se pose de\u0301sormais suite au niet de ce groupe de quitter le parti apre\u0300s son exclusion par le Nec samedi dernier. Les temps ont de\u0301cide\u0301ment bien change\u0301 ! Ce temps-la\u0300 n\u2019arrange pas malheureusement les choses du patron du Sdf.<\/p>\n<p>Alors qu\u2019a\u0300 travers le pays, la longe\u0301vite\u0301 a\u0300 la te\u0302te des partis politiques est un signe ou me\u0302me e\u0301tonnement un gage de respect et de conside\u0301ration de la part des militants, le Chairman par contre boit la coupe de la contestation et de manque de conside\u0301ration jusqu\u2019a\u0300 la lie.<\/p>\n<p>Quel contraste avec l\u2019aura d\u2019un Paul Biya au sein du Rdpc ou d\u2019un Bello Bouba Mai\u0308gari a\u0300 la te\u0302te de l\u2019Undp pour ne prendre que ces deux exemples de longe\u0301vite\u0301 au sommet de leur parti ! Alors qu\u2019il annonc\u0327ait il y a quelques temps qu\u2019il quittera la te\u0302te du Sdf a\u0300 la Convention qui devrait se tenir en fe\u0301vrier dernier, Ni John Fru Ndi avait-il bien pre\u0301pare\u0301 les termes de son de\u0301part ? C\u2019est une question lancinante qui taraude les esprits face aux soubresauts qui envahissent le parti a\u0300 la balance, toujours sur la sellette avec les accusations re\u0301currentes de violation des textes du parti a\u0300 l\u2019actif du Chairman.<\/p>\n<p>Une autre interrogation a\u0300 l\u2019heure ou\u0300 le parti est entre\u0301 dans la tourmente a\u0300 son sommet, est de savoir si le fondateur du Sdf a tout au moins essaye\u0301 en interne de re\u0301concilier Joshua Osih et Jean Michel Nintcheu.<\/p>\n<p>A la va-vite, il ne va pas manquer des partisans empresse\u0301s de voir la situation se de\u0301te\u0301riorer pour en tirer les marron du feu, de venir rappeler toutes les commissions de re\u0301conciliation de fac\u0327ade mises en place, en vain. Mais a\u0300 la ve\u0301rite\u0301, tant de charognards sont en embuscade pour passer au festin du ge\u0301ant d\u2019autrefois qui livre publiquement sa carcasse.<\/p>\n<p>Le tre\u0300s charismatique Ni John Fru Ndi, a\u0300 l\u2019observation du mal incurable qui frappe son parti de\u0301sormais, re\u0301veille dans la me\u0301moire collective des Camerounais au-dela\u0300 de tout, la fin d\u2019un mythe dans le biotope politique camerounais.<\/p>\n<p>Alors que l\u2019homme est physiquement diminue\u0301, on se demande pourquoi avec la sagesse qui est sienne, n\u2019a-t-il pas fait du pari d\u2019unir ses fils politiques autour des valeurs de\u0301mocratiques a\u0300 de\u0301faut de sceller des accords entre les deux, une priorite\u0301.<\/p>\n<p>Au finish, qu\u2019on se l\u2019avoue ou pas, la Chairman paie cash ses atermoiements, ses louvoiements entre les deux fils aux dents longues de son parti. Dans les couloirs du parti, il se ressasse que le Chairman garde une dent tenace a\u0300 Jean Michel Nintcheu et les siens parce que tout au long de la maladie qui l\u2019a mine\u0301 ces derniers temps, il n\u2019a vu aucun d\u2019eux a\u0300 son chevet, si ce n\u2019est Joshua Osih.<\/p>\n<p>Probable ! Mais, en de\u0301pit de tout, dans un parti politique, le canal d\u2019accession a\u0300 la te\u0302te du parti est prioritairement textuel. Aujourd\u2019hui que le G27 refuse carre\u0301ment de se soumettre aux de\u0301cisions du Nec qui est l\u2019instance politique supre\u0302me du parti, n\u2019est-ce pas le leadership de Fru Ndi qui est plus que jamais vise\u0301 ? On est donc en droit de se demander aujourd\u2019hui, lequel des deux camps va la\u0302cher du lest.<\/p>\n<p>Le Chairman peut-il suivre l\u2019exemple de Laurent Gbagbo en laissant une coquille vide entre les mains de Nintcheu et les siens ? Ce n\u2019est la\u0300 qu\u2019une vue de l\u2019esprit, car la nouvelle posture du G27 indique clairement sa volonte\u0301 d\u2019en de\u0301coudre avec l\u2019homme de Ntarikon pour le contro\u0302le des manettes du parti.<\/p>\n<p>En de\u0301finitive, le Chairman livre-la\u0300 un combat de survie, d\u2019orgueil personnel avant de transmettre le fanion a\u0300 qui de confiance. Et ce n\u2019est pas une mince affaire, cet acharnement de se battre pour ses convictions personnelles, vaille que vaille me\u0302me envers et contre tous, de la loi par-dessus tout. C\u2019est aussi cela la politique chez nous, malheureusement !<\/p>\n<p><strong>Pour plus d&rsquo;informations et d&rsquo;analyses sur la <a href=\"https:\/\/www.africa-press.net\/cameroun\">Cameroun<\/a>, suivez <a href=\"https:\/\/www.africa-press.net\/\">Africa-Press<\/a><\/strong><\/p>\n","protected":false},"excerpt":{"rendered":"<p>Africa-Press &#8211; Cameroun. Qui du Chairman ou du G27 sera de\u0301barque\u0301 du parti ? Telle est la question qui se pose de\u0301sormais suite au niet de ce groupe de quitter le parti apre\u0300s son exclusion par le Nec samedi dernier. Les temps ont de\u0301cide\u0301ment bien change\u0301 ! Ce temps-la\u0300 n\u2019arrange pas malheureusement les choses du [&hellip;]<\/p>\n","protected":false},"author":82,"featured_media":38129,"comment_status":"open","ping_status":"closed","sticky":false,"template":"","format":"standard","meta":{"footnotes":""},"categories":[2,10],"tags":[36,50,49],"class_list":["post-38134","post","type-post","status-publish","format-standard","has-post-thumbnail","hentry","category-politique","category-toutes-les-actualites","tag-africa-press","tag-africa-press-cameroun","tag-cameroun"],"yoast_head":"<!-- This site is optimized with the Yoast SEO Premium plugin v26.1 (Yoast SEO v27.0) - https:\/\/yoast.com\/product\/yoast-seo-premium-wordpress\/ -->\n<title>Politique\/Sdf : La fin du mythe Ni John Fru Ndi - Cameroun<\/title>\n<meta name=\"description\" content=\"Qui du Chairman ou du G27 sera de\u0301barque\u0301 du parti ? Telle est la question qui se pose de\u0301sormais suite au niet de ce gr ...\" \/>\n<meta name=\"robots\" content=\"index, follow, max-snippet:-1, max-image-preview:large, max-video-preview:-1\" \/>\n<link rel=\"canonical\" href=\"https:\/\/www.africa-press.net\/cameroun\/politique\/politique-sdf-la-fin-du-mythe-ni-john-fru-ndi\" \/>\n<meta property=\"og:locale\" content=\"fr_FR\" \/>\n<meta property=\"og:type\" content=\"article\" \/>\n<meta property=\"og:title\" content=\"Politique\/Sdf : La fin du mythe Ni John Fru Ndi\" \/>\n<meta property=\"og:description\" content=\"Qui du Chairman ou du G27 sera de\u0301barque\u0301 du parti ? Telle est la question qui se pose de\u0301sormais suite au niet de ce gr ...\" \/>\n<meta property=\"og:url\" content=\"https:\/\/www.africa-press.net\/cameroun\/politique\/politique-sdf-la-fin-du-mythe-ni-john-fru-ndi\" \/>\n<meta property=\"og:site_name\" content=\"Cameroun\" \/>\n<meta property=\"article:published_time\" content=\"2023-03-02T12:16:43+00:00\" \/>\n<meta property=\"article:modified_time\" content=\"2023-03-02T12:46:51+00:00\" \/>\n<meta property=\"og:image\" content=\"https:\/\/static.africa-press.net\/cameroun\/sites\/57\/2023\/03\/postQueueImg_1677746815.51.jpg\" \/>\n\t<meta property=\"og:image:width\" content=\"720\" \/>\n\t<meta property=\"og:image:height\" content=\"479\" \/>\n\t<meta property=\"og:image:type\" content=\"image\/jpeg\" \/>\n<meta name=\"author\" content=\"cfeditorfr\" \/>\n<meta name=\"twitter:card\" content=\"summary_large_image\" \/>\n<meta name=\"twitter:label1\" content=\"\u00c9crit par\" \/>\n\t<meta name=\"twitter:data1\" content=\"cfeditorfr\" \/>\n\t<meta name=\"twitter:label2\" content=\"Dur\u00e9e de lecture estim\u00e9e\" \/>\n\t<meta name=\"twitter:data2\" content=\"4 minutes\" \/>\n<script type=\"application\/ld+json\" class=\"yoast-schema-graph\">{\"@context\":\"https:\/\/schema.org\",\"@graph\":[{\"@type\":\"Article\",\"@id\":\"https:\/\/www.africa-press.net\/cameroun\/politique\/politique-sdf-la-fin-du-mythe-ni-john-fru-ndi#article\",\"isPartOf\":{\"@id\":\"https:\/\/www.africa-press.net\/cameroun\/politique\/politique-sdf-la-fin-du-mythe-ni-john-fru-ndi\"},\"author\":{\"name\":\"cfeditorfr\",\"@id\":\"https:\/\/www.africa-press.net\/cameroun\/#\/schema\/person\/2b1cf3cd81a31e3cd26889ca66d677f1\"},\"headline\":\"Politique\/Sdf : La fin du mythe Ni John Fru Ndi\",\"datePublished\":\"2023-03-02T12:16:43+00:00\",\"dateModified\":\"2023-03-02T12:46:51+00:00\",\"mainEntityOfPage\":{\"@id\":\"https:\/\/www.africa-press.net\/cameroun\/politique\/politique-sdf-la-fin-du-mythe-ni-john-fru-ndi\"},\"wordCount\":745,\"commentCount\":0,\"image\":{\"@id\":\"https:\/\/www.africa-press.net\/cameroun\/politique\/politique-sdf-la-fin-du-mythe-ni-john-fru-ndi#primaryimage\"},\"thumbnailUrl\":\"https:\/\/static.africa-press.net\/cameroun\/sites\/57\/2023\/03\/postQueueImg_1677746815.51.jpg\",\"keywords\":[\"Africa Press\",\"Africa Press-Cameroun\",\"Cameroun\"],\"articleSection\":[\"Politique\",\"Toutes les actualit\u00e9s\"],\"inLanguage\":\"fr-FR\",\"potentialAction\":[{\"@type\":\"CommentAction\",\"name\":\"Comment\",\"target\":[\"https:\/\/www.africa-press.net\/cameroun\/politique\/politique-sdf-la-fin-du-mythe-ni-john-fru-ndi#respond\"]}]},{\"@type\":\"WebPage\",\"@id\":\"https:\/\/www.africa-press.net\/cameroun\/politique\/politique-sdf-la-fin-du-mythe-ni-john-fru-ndi\",\"url\":\"https:\/\/www.africa-press.net\/cameroun\/politique\/politique-sdf-la-fin-du-mythe-ni-john-fru-ndi\",\"name\":\"Politique\/Sdf : La fin du mythe Ni John Fru Ndi - Cameroun\",\"isPartOf\":{\"@id\":\"https:\/\/www.africa-press.net\/cameroun\/#website\"},\"primaryImageOfPage\":{\"@id\":\"https:\/\/www.africa-press.net\/cameroun\/politique\/politique-sdf-la-fin-du-mythe-ni-john-fru-ndi#primaryimage\"},\"image\":{\"@id\":\"https:\/\/www.africa-press.net\/cameroun\/politique\/politique-sdf-la-fin-du-mythe-ni-john-fru-ndi#primaryimage\"},\"thumbnailUrl\":\"https:\/\/static.africa-press.net\/cameroun\/sites\/57\/2023\/03\/postQueueImg_1677746815.51.jpg\",\"datePublished\":\"2023-03-02T12:16:43+00:00\",\"dateModified\":\"2023-03-02T12:46:51+00:00\",\"author\":{\"@id\":\"https:\/\/www.africa-press.net\/cameroun\/#\/schema\/person\/2b1cf3cd81a31e3cd26889ca66d677f1\"},\"description\":\"Qui du Chairman ou du G27 sera de\u0301barque\u0301 du parti ? Telle est la question qui se pose de\u0301sormais suite au niet de ce gr ...\",\"breadcrumb\":{\"@id\":\"https:\/\/www.africa-press.net\/cameroun\/politique\/politique-sdf-la-fin-du-mythe-ni-john-fru-ndi#breadcrumb\"},\"inLanguage\":\"fr-FR\",\"potentialAction\":[{\"@type\":\"ReadAction\",\"target\":[\"https:\/\/www.africa-press.net\/cameroun\/politique\/politique-sdf-la-fin-du-mythe-ni-john-fru-ndi\"]}]},{\"@type\":\"ImageObject\",\"inLanguage\":\"fr-FR\",\"@id\":\"https:\/\/www.africa-press.net\/cameroun\/politique\/politique-sdf-la-fin-du-mythe-ni-john-fru-ndi#primaryimage\",\"url\":\"https:\/\/static.africa-press.net\/cameroun\/sites\/57\/2023\/03\/postQueueImg_1677746815.51.jpg\",\"contentUrl\":\"https:\/\/static.africa-press.net\/cameroun\/sites\/57\/2023\/03\/postQueueImg_1677746815.51.jpg\",\"width\":720,\"height\":479,\"caption\":\"Politique\/Sdf : La fin du mythe Ni John Fru Ndi\"},{\"@type\":\"BreadcrumbList\",\"@id\":\"https:\/\/www.africa-press.net\/cameroun\/politique\/politique-sdf-la-fin-du-mythe-ni-john-fru-ndi#breadcrumb\",\"itemListElement\":[{\"@type\":\"ListItem\",\"position\":1,\"name\":\"Accueil\",\"item\":\"https:\/\/www.africa-press.net\/cameroun\/\"},{\"@type\":\"ListItem\",\"position\":2,\"name\":\"Politique\/Sdf : La fin du mythe Ni John Fru Ndi\"}]},{\"@type\":\"WebSite\",\"@id\":\"https:\/\/www.africa-press.net\/cameroun\/#website\",\"url\":\"https:\/\/www.africa-press.net\/cameroun\/\",\"name\":\"Cameroun\",\"description\":\"Just another Africa News Agency Sites site\",\"potentialAction\":[{\"@type\":\"SearchAction\",\"target\":{\"@type\":\"EntryPoint\",\"urlTemplate\":\"https:\/\/www.africa-press.net\/cameroun\/?s={search_term_string}\"},\"query-input\":{\"@type\":\"PropertyValueSpecification\",\"valueRequired\":true,\"valueName\":\"search_term_string\"}}],\"inLanguage\":\"fr-FR\"},{\"@type\":\"Person\",\"@id\":\"https:\/\/www.africa-press.net\/cameroun\/#\/schema\/person\/2b1cf3cd81a31e3cd26889ca66d677f1\",\"name\":\"cfeditorfr\"}]}<\/script>\n<!-- \/ Yoast SEO Premium plugin. -->","yoast_head_json":{"title":"Politique\/Sdf : La fin du mythe Ni John Fru Ndi - Cameroun","description":"Qui du Chairman ou du G27 sera de\u0301barque\u0301 du parti ? Telle est la question qui se pose de\u0301sormais suite au niet de ce gr ...","robots":{"index":"index","follow":"follow","max-snippet":"max-snippet:-1","max-image-preview":"max-image-preview:large","max-video-preview":"max-video-preview:-1"},"canonical":"https:\/\/www.africa-press.net\/cameroun\/politique\/politique-sdf-la-fin-du-mythe-ni-john-fru-ndi","og_locale":"fr_FR","og_type":"article","og_title":"Politique\/Sdf : La fin du mythe Ni John Fru Ndi","og_description":"Qui du Chairman ou du G27 sera de\u0301barque\u0301 du parti ? Telle est la question qui se pose de\u0301sormais suite au niet de ce gr ...","og_url":"https:\/\/www.africa-press.net\/cameroun\/politique\/politique-sdf-la-fin-du-mythe-ni-john-fru-ndi","og_site_name":"Cameroun","article_published_time":"2023-03-02T12:16:43+00:00","article_modified_time":"2023-03-02T12:46:51+00:00","og_image":[{"width":720,"height":479,"url":"https:\/\/static.africa-press.net\/cameroun\/sites\/57\/2023\/03\/postQueueImg_1677746815.51.jpg","type":"image\/jpeg"}],"author":"cfeditorfr","twitter_card":"summary_large_image","twitter_misc":{"\u00c9crit par":"cfeditorfr","Dur\u00e9e de lecture estim\u00e9e":"4 minutes"},"schema":{"@context":"https:\/\/schema.org","@graph":[{"@type":"Article","@id":"https:\/\/www.africa-press.net\/cameroun\/politique\/politique-sdf-la-fin-du-mythe-ni-john-fru-ndi#article","isPartOf":{"@id":"https:\/\/www.africa-press.net\/cameroun\/politique\/politique-sdf-la-fin-du-mythe-ni-john-fru-ndi"},"author":{"name":"cfeditorfr","@id":"https:\/\/www.africa-press.net\/cameroun\/#\/schema\/person\/2b1cf3cd81a31e3cd26889ca66d677f1"},"headline":"Politique\/Sdf : La fin du mythe Ni John Fru Ndi","datePublished":"2023-03-02T12:16:43+00:00","dateModified":"2023-03-02T12:46:51+00:00","mainEntityOfPage":{"@id":"https:\/\/www.africa-press.net\/cameroun\/politique\/politique-sdf-la-fin-du-mythe-ni-john-fru-ndi"},"wordCount":745,"commentCount":0,"image":{"@id":"https:\/\/www.africa-press.net\/cameroun\/politique\/politique-sdf-la-fin-du-mythe-ni-john-fru-ndi#primaryimage"},"thumbnailUrl":"https:\/\/static.africa-press.net\/cameroun\/sites\/57\/2023\/03\/postQueueImg_1677746815.51.jpg","keywords":["Africa Press","Africa Press-Cameroun","Cameroun"],"articleSection":["Politique","Toutes les actualit\u00e9s"],"inLanguage":"fr-FR","potentialAction":[{"@type":"CommentAction","name":"Comment","target":["https:\/\/www.africa-press.net\/cameroun\/politique\/politique-sdf-la-fin-du-mythe-ni-john-fru-ndi#respond"]}]},{"@type":"WebPage","@id":"https:\/\/www.africa-press.net\/cameroun\/politique\/politique-sdf-la-fin-du-mythe-ni-john-fru-ndi","url":"https:\/\/www.africa-press.net\/cameroun\/politique\/politique-sdf-la-fin-du-mythe-ni-john-fru-ndi","name":"Politique\/Sdf : La fin du mythe Ni John Fru Ndi - Cameroun","isPartOf":{"@id":"https:\/\/www.africa-press.net\/cameroun\/#website"},"primaryImageOfPage":{"@id":"https:\/\/www.africa-press.net\/cameroun\/politique\/politique-sdf-la-fin-du-mythe-ni-john-fru-ndi#primaryimage"},"image":{"@id":"https:\/\/www.africa-press.net\/cameroun\/politique\/politique-sdf-la-fin-du-mythe-ni-john-fru-ndi#primaryimage"},"thumbnailUrl":"https:\/\/static.africa-press.net\/cameroun\/sites\/57\/2023\/03\/postQueueImg_1677746815.51.jpg","datePublished":"2023-03-02T12:16:43+00:00","dateModified":"2023-03-02T12:46:51+00:00","author":{"@id":"https:\/\/www.africa-press.net\/cameroun\/#\/schema\/person\/2b1cf3cd81a31e3cd26889ca66d677f1"},"description":"Qui du Chairman ou du G27 sera de\u0301barque\u0301 du parti ? Telle est la question qui se pose de\u0301sormais suite au niet de ce gr ...","breadcrumb":{"@id":"https:\/\/www.africa-press.net\/cameroun\/politique\/politique-sdf-la-fin-du-mythe-ni-john-fru-ndi#breadcrumb"},"inLanguage":"fr-FR","potentialAction":[{"@type":"ReadAction","target":["https:\/\/www.africa-press.net\/cameroun\/politique\/politique-sdf-la-fin-du-mythe-ni-john-fru-ndi"]}]},{"@type":"ImageObject","inLanguage":"fr-FR","@id":"https:\/\/www.africa-press.net\/cameroun\/politique\/politique-sdf-la-fin-du-mythe-ni-john-fru-ndi#primaryimage","url":"https:\/\/static.africa-press.net\/cameroun\/sites\/57\/2023\/03\/postQueueImg_1677746815.51.jpg","contentUrl":"https:\/\/static.africa-press.net\/cameroun\/sites\/57\/2023\/03\/postQueueImg_1677746815.51.jpg","width":720,"height":479,"caption":"Politique\/Sdf : La fin du mythe Ni John Fru Ndi"},{"@type":"BreadcrumbList","@id":"https:\/\/www.africa-press.net\/cameroun\/politique\/politique-sdf-la-fin-du-mythe-ni-john-fru-ndi#breadcrumb","itemListElement":[{"@type":"ListItem","position":1,"name":"Accueil","item":"https:\/\/www.africa-press.net\/cameroun\/"},{"@type":"ListItem","position":2,"name":"Politique\/Sdf : La fin du mythe Ni John Fru Ndi"}]},{"@type":"WebSite","@id":"https:\/\/www.africa-press.net\/cameroun\/#website","url":"https:\/\/www.africa-press.net\/cameroun\/","name":"Cameroun","description":"Just another Africa News Agency Sites site","potentialAction":[{"@type":"SearchAction","target":{"@type":"EntryPoint","urlTemplate":"https:\/\/www.africa-press.net\/cameroun\/?s={search_term_string}"},"query-input":{"@type":"PropertyValueSpecification","valueRequired":true,"valueName":"search_term_string"}}],"inLanguage":"fr-FR"},{"@type":"Person","@id":"https:\/\/www.africa-press.net\/cameroun\/#\/schema\/person\/2b1cf3cd81a31e3cd26889ca66d677f1","name":"cfeditorfr"}]}},"_links":{"self":[{"href":"https:\/\/www.africa-press.net\/cameroun\/wp-json\/wp\/v2\/posts\/38134","targetHints":{"allow":["GET"]}}],"collection":[{"href":"https:\/\/www.africa-press.net\/cameroun\/wp-json\/wp\/v2\/posts"}],"about":[{"href":"https:\/\/www.africa-press.net\/cameroun\/wp-json\/wp\/v2\/types\/post"}],"author":[{"embeddable":true,"href":"https:\/\/www.africa-press.net\/cameroun\/wp-json\/wp\/v2\/users\/82"}],"replies":[{"embeddable":true,"href":"https:\/\/www.africa-press.net\/cameroun\/wp-json\/wp\/v2\/comments?post=38134"}],"version-history":[{"count":0,"href":"https:\/\/www.africa-press.net\/cameroun\/wp-json\/wp\/v2\/posts\/38134\/revisions"}],"wp:featuredmedia":[{"embeddable":true,"href":"https:\/\/www.africa-press.net\/cameroun\/wp-json\/wp\/v2\/media\/38129"}],"wp:attachment":[{"href":"https:\/\/www.africa-press.net\/cameroun\/wp-json\/wp\/v2\/media?parent=38134"}],"wp:term":[{"taxonomy":"category","embeddable":true,"href":"https:\/\/www.africa-press.net\/cameroun\/wp-json\/wp\/v2\/categories?post=38134"},{"taxonomy":"post_tag","embeddable":true,"href":"https:\/\/www.africa-press.net\/cameroun\/wp-json\/wp\/v2\/tags?post=38134"}],"curies":[{"name":"wp","href":"https:\/\/api.w.org\/{rel}","templated":true}]}}