{"id":38145,"date":"2023-03-02T12:17:08","date_gmt":"2023-03-02T12:17:08","guid":{"rendered":"https:\/\/www.africa-press.net\/cameroun\/politique\/senatoriales-2023-le-le-rdpc-mobilise-environ-21-millions-de-fcfa-pour-la-campagne-dans-le-haut-nyong"},"modified":"2023-03-02T12:49:17","modified_gmt":"2023-03-02T12:49:17","slug":"senatoriales-2023-le-le-rdpc-mobilise-environ-21-millions-de-fcfa-pour-la-campagne-dans-le-haut-nyong","status":"publish","type":"post","link":"https:\/\/www.africa-press.net\/cameroun\/politique\/senatoriales-2023-le-le-rdpc-mobilise-environ-21-millions-de-fcfa-pour-la-campagne-dans-le-haut-nyong","title":{"rendered":"S\u00e9natoriales 2023 : Le Le Rdpc mobilise environ 21 millions de Fcfa pour la campagne dans le Haut-Nyong"},"content":{"rendered":"<p><span style=\"color: #ff6600\"><strong>Africa-Press &#8211; Cameroun. <\/strong><\/span>Le Ministre de la Fonction Publique et de la Re\u0301forme Administrative, Joseph Le, par ailleurs, pre\u0301sident de la commission de\u0301partementale de campagne pour le Haut-Nyong, a pre\u0301side\u0301 ce lundi 27 fe\u0301vrier 2023, dans la salle des banquets de l&rsquo;ho\u0302tel Bagofit Sun CITY ( Abong-Mbang), une importante se\u0301ance de travail, pour le lancement de la campagne e\u0301lectorale dans ledit de\u0301partement. Occasion offerte aux forces vives du Parti RDPC au sein du plus vaste de\u0301partement de la Re\u0301gion de l&rsquo;Est, de te\u0301moigner leur fide\u0301lite\u0301 aux ide\u0301aux pro\u0302ne\u0301s par le Pre\u0301sident National, Son Excellence Paul BIYA.<\/p>\n<p>Prenant la parole, ceci au nom de l&rsquo;e\u0301lectorat se\u0301natorial constitue\u0301 des conseillers municipauxdu de\u0301partement, le Camarade Maire de la commune de Mindourou-dja, Sa Majeste\u0301 Richard Zengle Ntouh, a appele\u0301 les 350 Grands E\u0301lecteurs a\u0300 respecter la tradition en votant unanimement le RDPC.<\/p>\n<p>Marte\u0300le le *Pre\u0301sident de la Commission De\u0301partementale du Haut-Nyong, le Ministre Joseph LE.<\/p>\n<p>Rappelons que se\u0301ance tenante, les forces vives du de\u0301partement ont re\u0301ussi a\u0300 lever la coquette somme de 20.630.000 de FCFA dont 5.000.000 de FCFA comme contribution personnelle du Pre\u0301sident de la Commission De\u0301partementale du Haut-Nyong.<\/p>\n<p>C&rsquo;est donc une interpellation et un signal fort que lancent les fils et filles de ce grand de\u0301partement afin de garantir un de\u0301ploiement conse\u0301quent et une victoire e\u0301crasante au parti de la flamme, le RDPC dans la Re\u0301gion de l&rsquo;Est.<\/p>\n<p><strong>Pour plus d&rsquo;informations et d&rsquo;analyses sur la <a href=\"https:\/\/www.africa-press.net\/cameroun\">Cameroun<\/a>, suivez <a href=\"https:\/\/www.africa-press.net\/\">Africa-Press<\/a><\/strong><\/p>\n","protected":false},"excerpt":{"rendered":"<p>Africa-Press &#8211; Cameroun. Le Ministre de la Fonction Publique et de la Re\u0301forme Administrative, Joseph Le, par ailleurs, pre\u0301sident de la commission de\u0301partementale de campagne pour le Haut-Nyong, a pre\u0301side\u0301 ce lundi 27 fe\u0301vrier 2023, dans la salle des banquets de l&rsquo;ho\u0302tel Bagofit Sun CITY ( Abong-Mbang), une importante se\u0301ance de travail, pour le lancement [&hellip;]<\/p>\n","protected":false},"author":82,"featured_media":38142,"comment_status":"open","ping_status":"closed","sticky":false,"template":"","format":"standard","meta":{"footnotes":""},"categories":[2,10],"tags":[36,50,49],"class_list":["post-38145","post","type-post","status-publish","format-standard","has-post-thumbnail","hentry","category-politique","category-toutes-les-actualites","tag-africa-press","tag-africa-press-cameroun","tag-cameroun"],"yoast_head":"<!-- This site is optimized with the Yoast SEO Premium plugin v26.1 (Yoast SEO v27.0) - https:\/\/yoast.com\/product\/yoast-seo-premium-wordpress\/ -->\n<title>S\u00e9natoriales 2023 : Le Le Rdpc mobilise environ 21 millions de Fcfa pour la campagne dans le Haut-Nyong - Cameroun<\/title>\n<meta name=\"description\" content=\"Le Ministre de la Fonction Publique et de la Re\u0301forme Administrative, Joseph Le, par ailleurs, pre\u0301sident de la commissi ...\" \/>\n<meta name=\"robots\" content=\"index, follow, max-snippet:-1, max-image-preview:large, max-video-preview:-1\" \/>\n<link rel=\"canonical\" href=\"https:\/\/www.africa-press.net\/cameroun\/politique\/senatoriales-2023-le-le-rdpc-mobilise-environ-21-millions-de-fcfa-pour-la-campagne-dans-le-haut-nyong\" \/>\n<meta property=\"og:locale\" content=\"fr_FR\" \/>\n<meta property=\"og:type\" content=\"article\" \/>\n<meta property=\"og:title\" content=\"S\u00e9natoriales 2023 : Le Le Rdpc mobilise environ 21 millions de Fcfa pour la campagne dans le Haut-Nyong\" \/>\n<meta property=\"og:description\" content=\"Le Ministre de la Fonction Publique et de la Re\u0301forme Administrative, Joseph Le, par ailleurs, pre\u0301sident de la commissi ...\" \/>\n<meta property=\"og:url\" content=\"https:\/\/www.africa-press.net\/cameroun\/politique\/senatoriales-2023-le-le-rdpc-mobilise-environ-21-millions-de-fcfa-pour-la-campagne-dans-le-haut-nyong\" \/>\n<meta property=\"og:site_name\" content=\"Cameroun\" \/>\n<meta property=\"article:published_time\" content=\"2023-03-02T12:17:08+00:00\" \/>\n<meta property=\"article:modified_time\" content=\"2023-03-02T12:49:17+00:00\" \/>\n<meta property=\"og:image\" content=\"https:\/\/static.africa-press.net\/cameroun\/sites\/57\/2023\/03\/postQueueImg_1677746833.54.jpg\" \/>\n\t<meta property=\"og:image:width\" content=\"720\" \/>\n\t<meta property=\"og:image:height\" content=\"447\" \/>\n\t<meta property=\"og:image:type\" content=\"image\/jpeg\" \/>\n<meta name=\"author\" content=\"cfeditorfr\" \/>\n<meta name=\"twitter:card\" content=\"summary_large_image\" \/>\n<meta name=\"twitter:label1\" content=\"\u00c9crit par\" \/>\n\t<meta name=\"twitter:data1\" content=\"cfeditorfr\" \/>\n\t<meta name=\"twitter:label2\" content=\"Dur\u00e9e de lecture estim\u00e9e\" \/>\n\t<meta name=\"twitter:data2\" content=\"1 minute\" \/>\n<script type=\"application\/ld+json\" class=\"yoast-schema-graph\">{\"@context\":\"https:\/\/schema.org\",\"@graph\":[{\"@type\":\"Article\",\"@id\":\"https:\/\/www.africa-press.net\/cameroun\/politique\/senatoriales-2023-le-le-rdpc-mobilise-environ-21-millions-de-fcfa-pour-la-campagne-dans-le-haut-nyong#article\",\"isPartOf\":{\"@id\":\"https:\/\/www.africa-press.net\/cameroun\/politique\/senatoriales-2023-le-le-rdpc-mobilise-environ-21-millions-de-fcfa-pour-la-campagne-dans-le-haut-nyong\"},\"author\":{\"name\":\"cfeditorfr\",\"@id\":\"https:\/\/www.africa-press.net\/cameroun\/#\/schema\/person\/2b1cf3cd81a31e3cd26889ca66d677f1\"},\"headline\":\"S\u00e9natoriales 2023 : Le Le Rdpc mobilise environ 21 millions de Fcfa pour la campagne dans le Haut-Nyong\",\"datePublished\":\"2023-03-02T12:17:08+00:00\",\"dateModified\":\"2023-03-02T12:49:17+00:00\",\"mainEntityOfPage\":{\"@id\":\"https:\/\/www.africa-press.net\/cameroun\/politique\/senatoriales-2023-le-le-rdpc-mobilise-environ-21-millions-de-fcfa-pour-la-campagne-dans-le-haut-nyong\"},\"wordCount\":287,\"commentCount\":0,\"image\":{\"@id\":\"https:\/\/www.africa-press.net\/cameroun\/politique\/senatoriales-2023-le-le-rdpc-mobilise-environ-21-millions-de-fcfa-pour-la-campagne-dans-le-haut-nyong#primaryimage\"},\"thumbnailUrl\":\"https:\/\/static.africa-press.net\/cameroun\/sites\/57\/2023\/03\/postQueueImg_1677746833.54.jpg\",\"keywords\":[\"Africa Press\",\"Africa Press-Cameroun\",\"Cameroun\"],\"articleSection\":[\"Politique\",\"Toutes les actualit\u00e9s\"],\"inLanguage\":\"fr-FR\",\"potentialAction\":[{\"@type\":\"CommentAction\",\"name\":\"Comment\",\"target\":[\"https:\/\/www.africa-press.net\/cameroun\/politique\/senatoriales-2023-le-le-rdpc-mobilise-environ-21-millions-de-fcfa-pour-la-campagne-dans-le-haut-nyong#respond\"]}]},{\"@type\":\"WebPage\",\"@id\":\"https:\/\/www.africa-press.net\/cameroun\/politique\/senatoriales-2023-le-le-rdpc-mobilise-environ-21-millions-de-fcfa-pour-la-campagne-dans-le-haut-nyong\",\"url\":\"https:\/\/www.africa-press.net\/cameroun\/politique\/senatoriales-2023-le-le-rdpc-mobilise-environ-21-millions-de-fcfa-pour-la-campagne-dans-le-haut-nyong\",\"name\":\"S\u00e9natoriales 2023 : Le Le Rdpc mobilise environ 21 millions de Fcfa pour la campagne dans le Haut-Nyong - Cameroun\",\"isPartOf\":{\"@id\":\"https:\/\/www.africa-press.net\/cameroun\/#website\"},\"primaryImageOfPage\":{\"@id\":\"https:\/\/www.africa-press.net\/cameroun\/politique\/senatoriales-2023-le-le-rdpc-mobilise-environ-21-millions-de-fcfa-pour-la-campagne-dans-le-haut-nyong#primaryimage\"},\"image\":{\"@id\":\"https:\/\/www.africa-press.net\/cameroun\/politique\/senatoriales-2023-le-le-rdpc-mobilise-environ-21-millions-de-fcfa-pour-la-campagne-dans-le-haut-nyong#primaryimage\"},\"thumbnailUrl\":\"https:\/\/static.africa-press.net\/cameroun\/sites\/57\/2023\/03\/postQueueImg_1677746833.54.jpg\",\"datePublished\":\"2023-03-02T12:17:08+00:00\",\"dateModified\":\"2023-03-02T12:49:17+00:00\",\"author\":{\"@id\":\"https:\/\/www.africa-press.net\/cameroun\/#\/schema\/person\/2b1cf3cd81a31e3cd26889ca66d677f1\"},\"description\":\"Le Ministre de la Fonction Publique et de la Re\u0301forme Administrative, Joseph Le, par ailleurs, pre\u0301sident de la commissi ...\",\"breadcrumb\":{\"@id\":\"https:\/\/www.africa-press.net\/cameroun\/politique\/senatoriales-2023-le-le-rdpc-mobilise-environ-21-millions-de-fcfa-pour-la-campagne-dans-le-haut-nyong#breadcrumb\"},\"inLanguage\":\"fr-FR\",\"potentialAction\":[{\"@type\":\"ReadAction\",\"target\":[\"https:\/\/www.africa-press.net\/cameroun\/politique\/senatoriales-2023-le-le-rdpc-mobilise-environ-21-millions-de-fcfa-pour-la-campagne-dans-le-haut-nyong\"]}]},{\"@type\":\"ImageObject\",\"inLanguage\":\"fr-FR\",\"@id\":\"https:\/\/www.africa-press.net\/cameroun\/politique\/senatoriales-2023-le-le-rdpc-mobilise-environ-21-millions-de-fcfa-pour-la-campagne-dans-le-haut-nyong#primaryimage\",\"url\":\"https:\/\/static.africa-press.net\/cameroun\/sites\/57\/2023\/03\/postQueueImg_1677746833.54.jpg\",\"contentUrl\":\"https:\/\/static.africa-press.net\/cameroun\/sites\/57\/2023\/03\/postQueueImg_1677746833.54.jpg\",\"width\":720,\"height\":447,\"caption\":\"S\u00e9natoriales 2023 : Le Le Rdpc mobilise environ 21 millions de Fcfa pour la campagne dans le Haut-Nyong\"},{\"@type\":\"BreadcrumbList\",\"@id\":\"https:\/\/www.africa-press.net\/cameroun\/politique\/senatoriales-2023-le-le-rdpc-mobilise-environ-21-millions-de-fcfa-pour-la-campagne-dans-le-haut-nyong#breadcrumb\",\"itemListElement\":[{\"@type\":\"ListItem\",\"position\":1,\"name\":\"Accueil\",\"item\":\"https:\/\/www.africa-press.net\/cameroun\/\"},{\"@type\":\"ListItem\",\"position\":2,\"name\":\"S\u00e9natoriales 2023 : Le Le Rdpc mobilise environ 21 millions de Fcfa pour la campagne dans le Haut-Nyong\"}]},{\"@type\":\"WebSite\",\"@id\":\"https:\/\/www.africa-press.net\/cameroun\/#website\",\"url\":\"https:\/\/www.africa-press.net\/cameroun\/\",\"name\":\"Cameroun\",\"description\":\"Just another Africa News Agency Sites site\",\"potentialAction\":[{\"@type\":\"SearchAction\",\"target\":{\"@type\":\"EntryPoint\",\"urlTemplate\":\"https:\/\/www.africa-press.net\/cameroun\/?s={search_term_string}\"},\"query-input\":{\"@type\":\"PropertyValueSpecification\",\"valueRequired\":true,\"valueName\":\"search_term_string\"}}],\"inLanguage\":\"fr-FR\"},{\"@type\":\"Person\",\"@id\":\"https:\/\/www.africa-press.net\/cameroun\/#\/schema\/person\/2b1cf3cd81a31e3cd26889ca66d677f1\",\"name\":\"cfeditorfr\"}]}<\/script>\n<!-- \/ Yoast SEO Premium plugin. -->","yoast_head_json":{"title":"S\u00e9natoriales 2023 : Le Le Rdpc mobilise environ 21 millions de Fcfa pour la campagne dans le Haut-Nyong - Cameroun","description":"Le Ministre de la Fonction Publique et de la Re\u0301forme Administrative, Joseph Le, par ailleurs, pre\u0301sident de la commissi ...","robots":{"index":"index","follow":"follow","max-snippet":"max-snippet:-1","max-image-preview":"max-image-preview:large","max-video-preview":"max-video-preview:-1"},"canonical":"https:\/\/www.africa-press.net\/cameroun\/politique\/senatoriales-2023-le-le-rdpc-mobilise-environ-21-millions-de-fcfa-pour-la-campagne-dans-le-haut-nyong","og_locale":"fr_FR","og_type":"article","og_title":"S\u00e9natoriales 2023 : Le Le Rdpc mobilise environ 21 millions de Fcfa pour la campagne dans le Haut-Nyong","og_description":"Le Ministre de la Fonction Publique et de la Re\u0301forme Administrative, Joseph Le, par ailleurs, pre\u0301sident de la commissi ...","og_url":"https:\/\/www.africa-press.net\/cameroun\/politique\/senatoriales-2023-le-le-rdpc-mobilise-environ-21-millions-de-fcfa-pour-la-campagne-dans-le-haut-nyong","og_site_name":"Cameroun","article_published_time":"2023-03-02T12:17:08+00:00","article_modified_time":"2023-03-02T12:49:17+00:00","og_image":[{"width":720,"height":447,"url":"https:\/\/static.africa-press.net\/cameroun\/sites\/57\/2023\/03\/postQueueImg_1677746833.54.jpg","type":"image\/jpeg"}],"author":"cfeditorfr","twitter_card":"summary_large_image","twitter_misc":{"\u00c9crit par":"cfeditorfr","Dur\u00e9e de lecture estim\u00e9e":"1 minute"},"schema":{"@context":"https:\/\/schema.org","@graph":[{"@type":"Article","@id":"https:\/\/www.africa-press.net\/cameroun\/politique\/senatoriales-2023-le-le-rdpc-mobilise-environ-21-millions-de-fcfa-pour-la-campagne-dans-le-haut-nyong#article","isPartOf":{"@id":"https:\/\/www.africa-press.net\/cameroun\/politique\/senatoriales-2023-le-le-rdpc-mobilise-environ-21-millions-de-fcfa-pour-la-campagne-dans-le-haut-nyong"},"author":{"name":"cfeditorfr","@id":"https:\/\/www.africa-press.net\/cameroun\/#\/schema\/person\/2b1cf3cd81a31e3cd26889ca66d677f1"},"headline":"S\u00e9natoriales 2023 : Le Le Rdpc mobilise environ 21 millions de Fcfa pour la campagne dans le Haut-Nyong","datePublished":"2023-03-02T12:17:08+00:00","dateModified":"2023-03-02T12:49:17+00:00","mainEntityOfPage":{"@id":"https:\/\/www.africa-press.net\/cameroun\/politique\/senatoriales-2023-le-le-rdpc-mobilise-environ-21-millions-de-fcfa-pour-la-campagne-dans-le-haut-nyong"},"wordCount":287,"commentCount":0,"image":{"@id":"https:\/\/www.africa-press.net\/cameroun\/politique\/senatoriales-2023-le-le-rdpc-mobilise-environ-21-millions-de-fcfa-pour-la-campagne-dans-le-haut-nyong#primaryimage"},"thumbnailUrl":"https:\/\/static.africa-press.net\/cameroun\/sites\/57\/2023\/03\/postQueueImg_1677746833.54.jpg","keywords":["Africa Press","Africa Press-Cameroun","Cameroun"],"articleSection":["Politique","Toutes les actualit\u00e9s"],"inLanguage":"fr-FR","potentialAction":[{"@type":"CommentAction","name":"Comment","target":["https:\/\/www.africa-press.net\/cameroun\/politique\/senatoriales-2023-le-le-rdpc-mobilise-environ-21-millions-de-fcfa-pour-la-campagne-dans-le-haut-nyong#respond"]}]},{"@type":"WebPage","@id":"https:\/\/www.africa-press.net\/cameroun\/politique\/senatoriales-2023-le-le-rdpc-mobilise-environ-21-millions-de-fcfa-pour-la-campagne-dans-le-haut-nyong","url":"https:\/\/www.africa-press.net\/cameroun\/politique\/senatoriales-2023-le-le-rdpc-mobilise-environ-21-millions-de-fcfa-pour-la-campagne-dans-le-haut-nyong","name":"S\u00e9natoriales 2023 : Le Le Rdpc mobilise environ 21 millions de Fcfa pour la campagne dans le Haut-Nyong - Cameroun","isPartOf":{"@id":"https:\/\/www.africa-press.net\/cameroun\/#website"},"primaryImageOfPage":{"@id":"https:\/\/www.africa-press.net\/cameroun\/politique\/senatoriales-2023-le-le-rdpc-mobilise-environ-21-millions-de-fcfa-pour-la-campagne-dans-le-haut-nyong#primaryimage"},"image":{"@id":"https:\/\/www.africa-press.net\/cameroun\/politique\/senatoriales-2023-le-le-rdpc-mobilise-environ-21-millions-de-fcfa-pour-la-campagne-dans-le-haut-nyong#primaryimage"},"thumbnailUrl":"https:\/\/static.africa-press.net\/cameroun\/sites\/57\/2023\/03\/postQueueImg_1677746833.54.jpg","datePublished":"2023-03-02T12:17:08+00:00","dateModified":"2023-03-02T12:49:17+00:00","author":{"@id":"https:\/\/www.africa-press.net\/cameroun\/#\/schema\/person\/2b1cf3cd81a31e3cd26889ca66d677f1"},"description":"Le Ministre de la Fonction Publique et de la Re\u0301forme Administrative, Joseph Le, par ailleurs, pre\u0301sident de la commissi ...","breadcrumb":{"@id":"https:\/\/www.africa-press.net\/cameroun\/politique\/senatoriales-2023-le-le-rdpc-mobilise-environ-21-millions-de-fcfa-pour-la-campagne-dans-le-haut-nyong#breadcrumb"},"inLanguage":"fr-FR","potentialAction":[{"@type":"ReadAction","target":["https:\/\/www.africa-press.net\/cameroun\/politique\/senatoriales-2023-le-le-rdpc-mobilise-environ-21-millions-de-fcfa-pour-la-campagne-dans-le-haut-nyong"]}]},{"@type":"ImageObject","inLanguage":"fr-FR","@id":"https:\/\/www.africa-press.net\/cameroun\/politique\/senatoriales-2023-le-le-rdpc-mobilise-environ-21-millions-de-fcfa-pour-la-campagne-dans-le-haut-nyong#primaryimage","url":"https:\/\/static.africa-press.net\/cameroun\/sites\/57\/2023\/03\/postQueueImg_1677746833.54.jpg","contentUrl":"https:\/\/static.africa-press.net\/cameroun\/sites\/57\/2023\/03\/postQueueImg_1677746833.54.jpg","width":720,"height":447,"caption":"S\u00e9natoriales 2023 : Le Le Rdpc mobilise environ 21 millions de Fcfa pour la campagne dans le Haut-Nyong"},{"@type":"BreadcrumbList","@id":"https:\/\/www.africa-press.net\/cameroun\/politique\/senatoriales-2023-le-le-rdpc-mobilise-environ-21-millions-de-fcfa-pour-la-campagne-dans-le-haut-nyong#breadcrumb","itemListElement":[{"@type":"ListItem","position":1,"name":"Accueil","item":"https:\/\/www.africa-press.net\/cameroun\/"},{"@type":"ListItem","position":2,"name":"S\u00e9natoriales 2023 : Le Le Rdpc mobilise environ 21 millions de Fcfa pour la campagne dans le Haut-Nyong"}]},{"@type":"WebSite","@id":"https:\/\/www.africa-press.net\/cameroun\/#website","url":"https:\/\/www.africa-press.net\/cameroun\/","name":"Cameroun","description":"Just another Africa News Agency Sites site","potentialAction":[{"@type":"SearchAction","target":{"@type":"EntryPoint","urlTemplate":"https:\/\/www.africa-press.net\/cameroun\/?s={search_term_string}"},"query-input":{"@type":"PropertyValueSpecification","valueRequired":true,"valueName":"search_term_string"}}],"inLanguage":"fr-FR"},{"@type":"Person","@id":"https:\/\/www.africa-press.net\/cameroun\/#\/schema\/person\/2b1cf3cd81a31e3cd26889ca66d677f1","name":"cfeditorfr"}]}},"_links":{"self":[{"href":"https:\/\/www.africa-press.net\/cameroun\/wp-json\/wp\/v2\/posts\/38145","targetHints":{"allow":["GET"]}}],"collection":[{"href":"https:\/\/www.africa-press.net\/cameroun\/wp-json\/wp\/v2\/posts"}],"about":[{"href":"https:\/\/www.africa-press.net\/cameroun\/wp-json\/wp\/v2\/types\/post"}],"author":[{"embeddable":true,"href":"https:\/\/www.africa-press.net\/cameroun\/wp-json\/wp\/v2\/users\/82"}],"replies":[{"embeddable":true,"href":"https:\/\/www.africa-press.net\/cameroun\/wp-json\/wp\/v2\/comments?post=38145"}],"version-history":[{"count":0,"href":"https:\/\/www.africa-press.net\/cameroun\/wp-json\/wp\/v2\/posts\/38145\/revisions"}],"wp:featuredmedia":[{"embeddable":true,"href":"https:\/\/www.africa-press.net\/cameroun\/wp-json\/wp\/v2\/media\/38142"}],"wp:attachment":[{"href":"https:\/\/www.africa-press.net\/cameroun\/wp-json\/wp\/v2\/media?parent=38145"}],"wp:term":[{"taxonomy":"category","embeddable":true,"href":"https:\/\/www.africa-press.net\/cameroun\/wp-json\/wp\/v2\/categories?post=38145"},{"taxonomy":"post_tag","embeddable":true,"href":"https:\/\/www.africa-press.net\/cameroun\/wp-json\/wp\/v2\/tags?post=38145"}],"curies":[{"name":"wp","href":"https:\/\/api.w.org\/{rel}","templated":true}]}}