{"id":38150,"date":"2023-03-02T12:17:14","date_gmt":"2023-03-02T12:17:14","guid":{"rendered":"https:\/\/www.africa-press.net\/cameroun\/politique\/senatoriales-marcel-niat-njifenji-sadresse-aux-candidats-rdpc-et-au-college-electoral-de-louest"},"modified":"2023-03-02T12:50:28","modified_gmt":"2023-03-02T12:50:28","slug":"senatoriales-marcel-niat-njifenji-sadresse-aux-candidats-rdpc-et-au-college-electoral-de-louest","status":"publish","type":"post","link":"https:\/\/www.africa-press.net\/cameroun\/politique\/senatoriales-marcel-niat-njifenji-sadresse-aux-candidats-rdpc-et-au-college-electoral-de-louest","title":{"rendered":"S\u00e9natoriales : Marcel Niat Njifenji s&rsquo;adresse aux candidats Rdpc et au coll\u00e8ge \u00e9lectoral de l&rsquo;Ouest"},"content":{"rendered":"<p><span style=\"color: #ff6600\"><strong>Africa-Press &#8211; Cameroun. <\/strong><\/span>C&rsquo;e\u0301tait au cours d&rsquo;une rencontre fraternelle au sein de sa re\u0301sidence a\u0300 Bangangte\u0301 dans le chef-lieu du de\u0301partement du Nde\u0301 a\u0300 l&rsquo;Ouest Cameroun.<\/p>\n<p>A\u0300 l&rsquo;invitation du Pre\u0301sident de l&rsquo;auguste chambre du parlement camerounais, les diffe\u0301rentes de\u0301le\u0301gations sont venues des huit de\u0301partements de la re\u0301gion. Les acteurs en pre\u0301sence ont e\u0301te\u0301 invite\u0301s a\u0300 donner au Rassemblement De\u0301mocratique du Peuple Camerounais (Rdpc) une victoire optimale et une majorite\u0301 absolue au soir du 12 mars prochain. Les forces des uns et des autres doivent e\u0302tre mutualise\u0301es sur le terrain ; afin qu&rsquo;aucune voix ne se perde. Les grandes batailles de 2025 sont de\u0301ja\u0300 engage\u0301es. Le Pre\u0301sident Marcel Niat Njifenji a souligne\u0301 que la plus capitale sera celle de la communication, inte\u0301grant les nouveaux outils. La victoire d&rsquo;aujourd&rsquo;hui pre\u0301conise celle de demain.<\/p>\n<p>Le Pre\u0301sident du Se\u0301nat qui avait a\u0300 ses co\u0302te\u0301s son e\u0301pouse Madame Marcine Niat Njifenji, a fait remarquer a\u0300 l&rsquo;assistance que les e\u0301lections se\u0301natoriales du dimanche 12 mars prochain repre\u0301sentent la croise\u0301e des chemins. Il est judicieux de choisir la bonne voie et d&rsquo;e\u0302tre fide\u0300le au Pre\u0301sident de la Re\u0301publique, Chef de l&rsquo;E\u0301tat Paul Biya, Pre\u0301sident National du Rassemblement De\u0301mocratique du Peuple Camerounais (Rdpc). Les responsabilite\u0301s doivent e\u0302tre assume\u0301es avec beaucoup de tacts. L&rsquo;enjeu majeur pour le Cameroun tout entier est de rechercher une solution durable. Cela doit inte\u0301grer les principes d&rsquo;e\u0301galite\u0301, d&rsquo;e\u0301quite\u0301 et de fraternite\u0301.<\/p>\n<p>Le Pre\u0301sident de la Commission Re\u0301gionale de campagne pour l&rsquo;Ouest Cameroun, Emmanuel Nzete a recommande\u0301 aux acteurs principaux du prochain processus e\u0301lectoral de reposer leurs actions sur deux piliers. Il s&rsquo;agit de la se\u0301curisation de toutes les voix des grands e\u0301lecteurs issus de leurs rangs par tous les moyens et celles des partis politiques de l&rsquo;autre bord. Le Charge\u0301 de Mission de la Commission Re\u0301gionale, le Professeur Pettang Chrispin a pre\u0301sente\u0301 les candidats et leurs supple\u0301ants, sous la conduite de Ngouchinghe Sylvestre, te\u0302te de liste a\u0300 l&rsquo;Ouest Cameroun.<\/p>\n<p><strong>Pour plus d&rsquo;informations et d&rsquo;analyses sur la <a href=\"https:\/\/www.africa-press.net\/cameroun\">Cameroun<\/a>, suivez <a href=\"https:\/\/www.africa-press.net\/\">Africa-Press<\/a><\/strong><\/p>\n","protected":false},"excerpt":{"rendered":"<p>Africa-Press &#8211; Cameroun. C&rsquo;e\u0301tait au cours d&rsquo;une rencontre fraternelle au sein de sa re\u0301sidence a\u0300 Bangangte\u0301 dans le chef-lieu du de\u0301partement du Nde\u0301 a\u0300 l&rsquo;Ouest Cameroun. A\u0300 l&rsquo;invitation du Pre\u0301sident de l&rsquo;auguste chambre du parlement camerounais, les diffe\u0301rentes de\u0301le\u0301gations sont venues des huit de\u0301partements de la re\u0301gion. Les acteurs en pre\u0301sence ont e\u0301te\u0301 invite\u0301s a\u0300 [&hellip;]<\/p>\n","protected":false},"author":82,"featured_media":38147,"comment_status":"open","ping_status":"closed","sticky":false,"template":"","format":"standard","meta":{"footnotes":""},"categories":[2,10],"tags":[36,50,49],"class_list":["post-38150","post","type-post","status-publish","format-standard","has-post-thumbnail","hentry","category-politique","category-toutes-les-actualites","tag-africa-press","tag-africa-press-cameroun","tag-cameroun"],"yoast_head":"<!-- This site is optimized with the Yoast SEO Premium plugin v26.1 (Yoast SEO v27.0) - https:\/\/yoast.com\/product\/yoast-seo-premium-wordpress\/ -->\n<title>S\u00e9natoriales : Marcel Niat Njifenji s&#039;adresse aux candidats Rdpc et au coll\u00e8ge \u00e9lectoral de l&#039;Ouest - Cameroun<\/title>\n<meta name=\"description\" content=\"C&#039;e\u0301tait au cours d&#039;une rencontre fraternelle au sein de sa re\u0301sidence a\u0300 Bangangte\u0301 dans le chef-lieu du de\u0301partement d ...\" \/>\n<meta name=\"robots\" content=\"index, follow, max-snippet:-1, max-image-preview:large, max-video-preview:-1\" \/>\n<link rel=\"canonical\" href=\"https:\/\/www.africa-press.net\/cameroun\/politique\/senatoriales-marcel-niat-njifenji-sadresse-aux-candidats-rdpc-et-au-college-electoral-de-louest\" \/>\n<meta property=\"og:locale\" content=\"fr_FR\" \/>\n<meta property=\"og:type\" content=\"article\" \/>\n<meta property=\"og:title\" content=\"S\u00e9natoriales : Marcel Niat Njifenji s&#039;adresse aux candidats Rdpc et au coll\u00e8ge \u00e9lectoral de l&#039;Ouest\" \/>\n<meta property=\"og:description\" content=\"C&#039;e\u0301tait au cours d&#039;une rencontre fraternelle au sein de sa re\u0301sidence a\u0300 Bangangte\u0301 dans le chef-lieu du de\u0301partement d ...\" \/>\n<meta property=\"og:url\" content=\"https:\/\/www.africa-press.net\/cameroun\/politique\/senatoriales-marcel-niat-njifenji-sadresse-aux-candidats-rdpc-et-au-college-electoral-de-louest\" \/>\n<meta property=\"og:site_name\" content=\"Cameroun\" \/>\n<meta property=\"article:published_time\" content=\"2023-03-02T12:17:14+00:00\" \/>\n<meta property=\"article:modified_time\" content=\"2023-03-02T12:50:28+00:00\" \/>\n<meta property=\"og:image\" content=\"https:\/\/static.africa-press.net\/cameroun\/sites\/57\/2023\/03\/postQueueImg_1677746840.01.jpg\" \/>\n\t<meta property=\"og:image:width\" content=\"720\" \/>\n\t<meta property=\"og:image:height\" content=\"439\" \/>\n\t<meta property=\"og:image:type\" content=\"image\/jpeg\" \/>\n<meta name=\"author\" content=\"cfeditorfr\" \/>\n<meta name=\"twitter:card\" content=\"summary_large_image\" \/>\n<meta name=\"twitter:label1\" content=\"\u00c9crit par\" \/>\n\t<meta name=\"twitter:data1\" content=\"cfeditorfr\" \/>\n\t<meta name=\"twitter:label2\" content=\"Dur\u00e9e de lecture estim\u00e9e\" \/>\n\t<meta name=\"twitter:data2\" content=\"2 minutes\" \/>\n<script type=\"application\/ld+json\" class=\"yoast-schema-graph\">{\"@context\":\"https:\/\/schema.org\",\"@graph\":[{\"@type\":\"Article\",\"@id\":\"https:\/\/www.africa-press.net\/cameroun\/politique\/senatoriales-marcel-niat-njifenji-sadresse-aux-candidats-rdpc-et-au-college-electoral-de-louest#article\",\"isPartOf\":{\"@id\":\"https:\/\/www.africa-press.net\/cameroun\/politique\/senatoriales-marcel-niat-njifenji-sadresse-aux-candidats-rdpc-et-au-college-electoral-de-louest\"},\"author\":{\"name\":\"cfeditorfr\",\"@id\":\"https:\/\/www.africa-press.net\/cameroun\/#\/schema\/person\/2b1cf3cd81a31e3cd26889ca66d677f1\"},\"headline\":\"S\u00e9natoriales : Marcel Niat Njifenji s&rsquo;adresse aux candidats Rdpc et au coll\u00e8ge \u00e9lectoral de l&rsquo;Ouest\",\"datePublished\":\"2023-03-02T12:17:14+00:00\",\"dateModified\":\"2023-03-02T12:50:28+00:00\",\"mainEntityOfPage\":{\"@id\":\"https:\/\/www.africa-press.net\/cameroun\/politique\/senatoriales-marcel-niat-njifenji-sadresse-aux-candidats-rdpc-et-au-college-electoral-de-louest\"},\"wordCount\":410,\"commentCount\":0,\"image\":{\"@id\":\"https:\/\/www.africa-press.net\/cameroun\/politique\/senatoriales-marcel-niat-njifenji-sadresse-aux-candidats-rdpc-et-au-college-electoral-de-louest#primaryimage\"},\"thumbnailUrl\":\"https:\/\/static.africa-press.net\/cameroun\/sites\/57\/2023\/03\/postQueueImg_1677746840.01.jpg\",\"keywords\":[\"Africa Press\",\"Africa Press-Cameroun\",\"Cameroun\"],\"articleSection\":[\"Politique\",\"Toutes les actualit\u00e9s\"],\"inLanguage\":\"fr-FR\",\"potentialAction\":[{\"@type\":\"CommentAction\",\"name\":\"Comment\",\"target\":[\"https:\/\/www.africa-press.net\/cameroun\/politique\/senatoriales-marcel-niat-njifenji-sadresse-aux-candidats-rdpc-et-au-college-electoral-de-louest#respond\"]}]},{\"@type\":\"WebPage\",\"@id\":\"https:\/\/www.africa-press.net\/cameroun\/politique\/senatoriales-marcel-niat-njifenji-sadresse-aux-candidats-rdpc-et-au-college-electoral-de-louest\",\"url\":\"https:\/\/www.africa-press.net\/cameroun\/politique\/senatoriales-marcel-niat-njifenji-sadresse-aux-candidats-rdpc-et-au-college-electoral-de-louest\",\"name\":\"S\u00e9natoriales : Marcel Niat Njifenji s'adresse aux candidats Rdpc et au coll\u00e8ge \u00e9lectoral de l'Ouest - Cameroun\",\"isPartOf\":{\"@id\":\"https:\/\/www.africa-press.net\/cameroun\/#website\"},\"primaryImageOfPage\":{\"@id\":\"https:\/\/www.africa-press.net\/cameroun\/politique\/senatoriales-marcel-niat-njifenji-sadresse-aux-candidats-rdpc-et-au-college-electoral-de-louest#primaryimage\"},\"image\":{\"@id\":\"https:\/\/www.africa-press.net\/cameroun\/politique\/senatoriales-marcel-niat-njifenji-sadresse-aux-candidats-rdpc-et-au-college-electoral-de-louest#primaryimage\"},\"thumbnailUrl\":\"https:\/\/static.africa-press.net\/cameroun\/sites\/57\/2023\/03\/postQueueImg_1677746840.01.jpg\",\"datePublished\":\"2023-03-02T12:17:14+00:00\",\"dateModified\":\"2023-03-02T12:50:28+00:00\",\"author\":{\"@id\":\"https:\/\/www.africa-press.net\/cameroun\/#\/schema\/person\/2b1cf3cd81a31e3cd26889ca66d677f1\"},\"description\":\"C'e\u0301tait au cours d'une rencontre fraternelle au sein de sa re\u0301sidence a\u0300 Bangangte\u0301 dans le chef-lieu du de\u0301partement d ...\",\"breadcrumb\":{\"@id\":\"https:\/\/www.africa-press.net\/cameroun\/politique\/senatoriales-marcel-niat-njifenji-sadresse-aux-candidats-rdpc-et-au-college-electoral-de-louest#breadcrumb\"},\"inLanguage\":\"fr-FR\",\"potentialAction\":[{\"@type\":\"ReadAction\",\"target\":[\"https:\/\/www.africa-press.net\/cameroun\/politique\/senatoriales-marcel-niat-njifenji-sadresse-aux-candidats-rdpc-et-au-college-electoral-de-louest\"]}]},{\"@type\":\"ImageObject\",\"inLanguage\":\"fr-FR\",\"@id\":\"https:\/\/www.africa-press.net\/cameroun\/politique\/senatoriales-marcel-niat-njifenji-sadresse-aux-candidats-rdpc-et-au-college-electoral-de-louest#primaryimage\",\"url\":\"https:\/\/static.africa-press.net\/cameroun\/sites\/57\/2023\/03\/postQueueImg_1677746840.01.jpg\",\"contentUrl\":\"https:\/\/static.africa-press.net\/cameroun\/sites\/57\/2023\/03\/postQueueImg_1677746840.01.jpg\",\"width\":720,\"height\":439,\"caption\":\"S\u00e9natoriales : Marcel Niat Njifenji s'adresse aux candidats Rdpc et au coll\u00e8ge \u00e9lectoral de l'Ouest\"},{\"@type\":\"BreadcrumbList\",\"@id\":\"https:\/\/www.africa-press.net\/cameroun\/politique\/senatoriales-marcel-niat-njifenji-sadresse-aux-candidats-rdpc-et-au-college-electoral-de-louest#breadcrumb\",\"itemListElement\":[{\"@type\":\"ListItem\",\"position\":1,\"name\":\"Accueil\",\"item\":\"https:\/\/www.africa-press.net\/cameroun\/\"},{\"@type\":\"ListItem\",\"position\":2,\"name\":\"S\u00e9natoriales : Marcel Niat Njifenji s&rsquo;adresse aux candidats Rdpc et au coll\u00e8ge \u00e9lectoral de l&rsquo;Ouest\"}]},{\"@type\":\"WebSite\",\"@id\":\"https:\/\/www.africa-press.net\/cameroun\/#website\",\"url\":\"https:\/\/www.africa-press.net\/cameroun\/\",\"name\":\"Cameroun\",\"description\":\"Just another Africa News Agency Sites site\",\"potentialAction\":[{\"@type\":\"SearchAction\",\"target\":{\"@type\":\"EntryPoint\",\"urlTemplate\":\"https:\/\/www.africa-press.net\/cameroun\/?s={search_term_string}\"},\"query-input\":{\"@type\":\"PropertyValueSpecification\",\"valueRequired\":true,\"valueName\":\"search_term_string\"}}],\"inLanguage\":\"fr-FR\"},{\"@type\":\"Person\",\"@id\":\"https:\/\/www.africa-press.net\/cameroun\/#\/schema\/person\/2b1cf3cd81a31e3cd26889ca66d677f1\",\"name\":\"cfeditorfr\"}]}<\/script>\n<!-- \/ Yoast SEO Premium plugin. -->","yoast_head_json":{"title":"S\u00e9natoriales : Marcel Niat Njifenji s'adresse aux candidats Rdpc et au coll\u00e8ge \u00e9lectoral de l'Ouest - Cameroun","description":"C'e\u0301tait au cours d'une rencontre fraternelle au sein de sa re\u0301sidence a\u0300 Bangangte\u0301 dans le chef-lieu du de\u0301partement d ...","robots":{"index":"index","follow":"follow","max-snippet":"max-snippet:-1","max-image-preview":"max-image-preview:large","max-video-preview":"max-video-preview:-1"},"canonical":"https:\/\/www.africa-press.net\/cameroun\/politique\/senatoriales-marcel-niat-njifenji-sadresse-aux-candidats-rdpc-et-au-college-electoral-de-louest","og_locale":"fr_FR","og_type":"article","og_title":"S\u00e9natoriales : Marcel Niat Njifenji s'adresse aux candidats Rdpc et au coll\u00e8ge \u00e9lectoral de l'Ouest","og_description":"C'e\u0301tait au cours d'une rencontre fraternelle au sein de sa re\u0301sidence a\u0300 Bangangte\u0301 dans le chef-lieu du de\u0301partement d ...","og_url":"https:\/\/www.africa-press.net\/cameroun\/politique\/senatoriales-marcel-niat-njifenji-sadresse-aux-candidats-rdpc-et-au-college-electoral-de-louest","og_site_name":"Cameroun","article_published_time":"2023-03-02T12:17:14+00:00","article_modified_time":"2023-03-02T12:50:28+00:00","og_image":[{"width":720,"height":439,"url":"https:\/\/static.africa-press.net\/cameroun\/sites\/57\/2023\/03\/postQueueImg_1677746840.01.jpg","type":"image\/jpeg"}],"author":"cfeditorfr","twitter_card":"summary_large_image","twitter_misc":{"\u00c9crit par":"cfeditorfr","Dur\u00e9e de lecture estim\u00e9e":"2 minutes"},"schema":{"@context":"https:\/\/schema.org","@graph":[{"@type":"Article","@id":"https:\/\/www.africa-press.net\/cameroun\/politique\/senatoriales-marcel-niat-njifenji-sadresse-aux-candidats-rdpc-et-au-college-electoral-de-louest#article","isPartOf":{"@id":"https:\/\/www.africa-press.net\/cameroun\/politique\/senatoriales-marcel-niat-njifenji-sadresse-aux-candidats-rdpc-et-au-college-electoral-de-louest"},"author":{"name":"cfeditorfr","@id":"https:\/\/www.africa-press.net\/cameroun\/#\/schema\/person\/2b1cf3cd81a31e3cd26889ca66d677f1"},"headline":"S\u00e9natoriales : Marcel Niat Njifenji s&rsquo;adresse aux candidats Rdpc et au coll\u00e8ge \u00e9lectoral de l&rsquo;Ouest","datePublished":"2023-03-02T12:17:14+00:00","dateModified":"2023-03-02T12:50:28+00:00","mainEntityOfPage":{"@id":"https:\/\/www.africa-press.net\/cameroun\/politique\/senatoriales-marcel-niat-njifenji-sadresse-aux-candidats-rdpc-et-au-college-electoral-de-louest"},"wordCount":410,"commentCount":0,"image":{"@id":"https:\/\/www.africa-press.net\/cameroun\/politique\/senatoriales-marcel-niat-njifenji-sadresse-aux-candidats-rdpc-et-au-college-electoral-de-louest#primaryimage"},"thumbnailUrl":"https:\/\/static.africa-press.net\/cameroun\/sites\/57\/2023\/03\/postQueueImg_1677746840.01.jpg","keywords":["Africa Press","Africa Press-Cameroun","Cameroun"],"articleSection":["Politique","Toutes les actualit\u00e9s"],"inLanguage":"fr-FR","potentialAction":[{"@type":"CommentAction","name":"Comment","target":["https:\/\/www.africa-press.net\/cameroun\/politique\/senatoriales-marcel-niat-njifenji-sadresse-aux-candidats-rdpc-et-au-college-electoral-de-louest#respond"]}]},{"@type":"WebPage","@id":"https:\/\/www.africa-press.net\/cameroun\/politique\/senatoriales-marcel-niat-njifenji-sadresse-aux-candidats-rdpc-et-au-college-electoral-de-louest","url":"https:\/\/www.africa-press.net\/cameroun\/politique\/senatoriales-marcel-niat-njifenji-sadresse-aux-candidats-rdpc-et-au-college-electoral-de-louest","name":"S\u00e9natoriales : Marcel Niat Njifenji s'adresse aux candidats Rdpc et au coll\u00e8ge \u00e9lectoral de l'Ouest - Cameroun","isPartOf":{"@id":"https:\/\/www.africa-press.net\/cameroun\/#website"},"primaryImageOfPage":{"@id":"https:\/\/www.africa-press.net\/cameroun\/politique\/senatoriales-marcel-niat-njifenji-sadresse-aux-candidats-rdpc-et-au-college-electoral-de-louest#primaryimage"},"image":{"@id":"https:\/\/www.africa-press.net\/cameroun\/politique\/senatoriales-marcel-niat-njifenji-sadresse-aux-candidats-rdpc-et-au-college-electoral-de-louest#primaryimage"},"thumbnailUrl":"https:\/\/static.africa-press.net\/cameroun\/sites\/57\/2023\/03\/postQueueImg_1677746840.01.jpg","datePublished":"2023-03-02T12:17:14+00:00","dateModified":"2023-03-02T12:50:28+00:00","author":{"@id":"https:\/\/www.africa-press.net\/cameroun\/#\/schema\/person\/2b1cf3cd81a31e3cd26889ca66d677f1"},"description":"C'e\u0301tait au cours d'une rencontre fraternelle au sein de sa re\u0301sidence a\u0300 Bangangte\u0301 dans le chef-lieu du de\u0301partement d ...","breadcrumb":{"@id":"https:\/\/www.africa-press.net\/cameroun\/politique\/senatoriales-marcel-niat-njifenji-sadresse-aux-candidats-rdpc-et-au-college-electoral-de-louest#breadcrumb"},"inLanguage":"fr-FR","potentialAction":[{"@type":"ReadAction","target":["https:\/\/www.africa-press.net\/cameroun\/politique\/senatoriales-marcel-niat-njifenji-sadresse-aux-candidats-rdpc-et-au-college-electoral-de-louest"]}]},{"@type":"ImageObject","inLanguage":"fr-FR","@id":"https:\/\/www.africa-press.net\/cameroun\/politique\/senatoriales-marcel-niat-njifenji-sadresse-aux-candidats-rdpc-et-au-college-electoral-de-louest#primaryimage","url":"https:\/\/static.africa-press.net\/cameroun\/sites\/57\/2023\/03\/postQueueImg_1677746840.01.jpg","contentUrl":"https:\/\/static.africa-press.net\/cameroun\/sites\/57\/2023\/03\/postQueueImg_1677746840.01.jpg","width":720,"height":439,"caption":"S\u00e9natoriales : Marcel Niat Njifenji s'adresse aux candidats Rdpc et au coll\u00e8ge \u00e9lectoral de l'Ouest"},{"@type":"BreadcrumbList","@id":"https:\/\/www.africa-press.net\/cameroun\/politique\/senatoriales-marcel-niat-njifenji-sadresse-aux-candidats-rdpc-et-au-college-electoral-de-louest#breadcrumb","itemListElement":[{"@type":"ListItem","position":1,"name":"Accueil","item":"https:\/\/www.africa-press.net\/cameroun\/"},{"@type":"ListItem","position":2,"name":"S\u00e9natoriales : Marcel Niat Njifenji s&rsquo;adresse aux candidats Rdpc et au coll\u00e8ge \u00e9lectoral de l&rsquo;Ouest"}]},{"@type":"WebSite","@id":"https:\/\/www.africa-press.net\/cameroun\/#website","url":"https:\/\/www.africa-press.net\/cameroun\/","name":"Cameroun","description":"Just another Africa News Agency Sites site","potentialAction":[{"@type":"SearchAction","target":{"@type":"EntryPoint","urlTemplate":"https:\/\/www.africa-press.net\/cameroun\/?s={search_term_string}"},"query-input":{"@type":"PropertyValueSpecification","valueRequired":true,"valueName":"search_term_string"}}],"inLanguage":"fr-FR"},{"@type":"Person","@id":"https:\/\/www.africa-press.net\/cameroun\/#\/schema\/person\/2b1cf3cd81a31e3cd26889ca66d677f1","name":"cfeditorfr"}]}},"_links":{"self":[{"href":"https:\/\/www.africa-press.net\/cameroun\/wp-json\/wp\/v2\/posts\/38150","targetHints":{"allow":["GET"]}}],"collection":[{"href":"https:\/\/www.africa-press.net\/cameroun\/wp-json\/wp\/v2\/posts"}],"about":[{"href":"https:\/\/www.africa-press.net\/cameroun\/wp-json\/wp\/v2\/types\/post"}],"author":[{"embeddable":true,"href":"https:\/\/www.africa-press.net\/cameroun\/wp-json\/wp\/v2\/users\/82"}],"replies":[{"embeddable":true,"href":"https:\/\/www.africa-press.net\/cameroun\/wp-json\/wp\/v2\/comments?post=38150"}],"version-history":[{"count":0,"href":"https:\/\/www.africa-press.net\/cameroun\/wp-json\/wp\/v2\/posts\/38150\/revisions"}],"wp:featuredmedia":[{"embeddable":true,"href":"https:\/\/www.africa-press.net\/cameroun\/wp-json\/wp\/v2\/media\/38147"}],"wp:attachment":[{"href":"https:\/\/www.africa-press.net\/cameroun\/wp-json\/wp\/v2\/media?parent=38150"}],"wp:term":[{"taxonomy":"category","embeddable":true,"href":"https:\/\/www.africa-press.net\/cameroun\/wp-json\/wp\/v2\/categories?post=38150"},{"taxonomy":"post_tag","embeddable":true,"href":"https:\/\/www.africa-press.net\/cameroun\/wp-json\/wp\/v2\/tags?post=38150"}],"curies":[{"name":"wp","href":"https:\/\/api.w.org\/{rel}","templated":true}]}}