{"id":38151,"date":"2023-03-02T12:18:43","date_gmt":"2023-03-02T12:18:43","guid":{"rendered":"https:\/\/www.africa-press.net\/cameroun\/politique\/louis-paul-motaze-a-quitte-nuitamment-le-pays-voici-sa-destination"},"modified":"2023-03-02T12:47:10","modified_gmt":"2023-03-02T12:47:10","slug":"louis-paul-motaze-a-quitte-nuitamment-le-pays-voici-sa-destination","status":"publish","type":"post","link":"https:\/\/www.africa-press.net\/cameroun\/politique\/louis-paul-motaze-a-quitte-nuitamment-le-pays-voici-sa-destination","title":{"rendered":"Louis Paul Motaze a quitt\u00e9 nuitamment le pays ; voici sa destination"},"content":{"rendered":"<p><span style=\"color: #ff6600\"><strong>Africa-Press &#8211; Cameroun. <\/strong><\/span>Le ministre des Finances, Louis Paul Motaze a quitte\u0301 le Cameroun a\u0300 bord d&rsquo;un avion de nuit.<\/p>\n<p>Le patron du ministe\u0300re des Finances du Cameroun, est l&rsquo;e\u0301missaire spe\u0301cial du Pre\u0301sident Paul Biya. Il s&rsquo;est rendu en Re\u0301publique Centrafricaine et au Congo. Louis Paul Motaze est porteur d&rsquo;un message de Paul Biya a\u0300 ses homologues Touadera et Sassou Nguesso.<\/p>\n<p>Cite\u0301 dans l&rsquo;affaire de l&rsquo;assassinat du journaliste d&rsquo;investigation Martinez Zogo, l&rsquo;argentier camerounais e\u0301tait dans le viseur des enque\u0302teurs tout comme son colle\u0300gue de la justice et garde des Sceaux, Laurent Esso.<\/p>\n<p>Il y a quelques jours, le secre\u0301taire de la primaute\u0301, Fouda Se\u0301raphin Magloire est revenu sur une demande particulie\u0300re de sortie du ministre. Motaze avait rec\u0327u d\u2019urgence, une note particulie\u0300re venant des services de la primature camerounaise.<\/p>\n<p>Dans un courrier re\u0301ponse adresse\u0301 au ministre, le secre\u0301taire Ge\u0301ne\u0301ral des Services du Premier Ministre, Fouda Se\u0301raphin Magloire est revenu sur le \u2018projet de signature de l&rsquo;avenant n\u00b01 du contrat PSRD-NG\u2019.<\/p>\n<p>\u00ab Faisant suite a\u0300 votre demande d&rsquo;autorisation de sortie en vue de conduire une de\u0301le\u0301gation pour la signature avec la SGS de l&rsquo;avenant n\u00b01 au contrat relatif au Programme de Se\u0301curisation des Recettes Douanie\u0300res de Nouvelle Ge\u0301ne\u0301ration, j&rsquo;ai l&rsquo;honneur de vous re\u0301percuter les hautes instructions du Premier Ministre, Chef du Gouvernement d&rsquo;y surseoir en attendant la maturation concerte\u0301e du choix politique et strate\u0301gique du Gouvernement dans la ne\u0301gociation en cours \u00bb, a e\u0301crit FOUDA Se\u0301raphin Magloire dans la note re\u0301ponse envoye\u0301e au ministre Motaze.<\/p>\n<p>Cette note a e\u0301te\u0301 diversement commente\u0301 sur les re\u0301seaux sociaux. Pour la plupart, en lisant le document on dirait que Louis Paul Motaze est interdit de sortie du territoire \u00bb.<\/p>\n<p><strong>Pour plus d&rsquo;informations et d&rsquo;analyses sur la <a href=\"https:\/\/www.africa-press.net\/cameroun\">Cameroun<\/a>, suivez <a href=\"https:\/\/www.africa-press.net\/\">Africa-Press<\/a><\/strong><\/p>\n","protected":false},"excerpt":{"rendered":"<p>Africa-Press &#8211; Cameroun. Le ministre des Finances, Louis Paul Motaze a quitte\u0301 le Cameroun a\u0300 bord d&rsquo;un avion de nuit. Le patron du ministe\u0300re des Finances du Cameroun, est l&rsquo;e\u0301missaire spe\u0301cial du Pre\u0301sident Paul Biya. Il s&rsquo;est rendu en Re\u0301publique Centrafricaine et au Congo. Louis Paul Motaze est porteur d&rsquo;un message de Paul Biya a\u0300 [&hellip;]<\/p>\n","protected":false},"author":82,"featured_media":38148,"comment_status":"open","ping_status":"closed","sticky":false,"template":"","format":"standard","meta":{"footnotes":""},"categories":[2,10],"tags":[36,50,49],"class_list":["post-38151","post","type-post","status-publish","format-standard","has-post-thumbnail","hentry","category-politique","category-toutes-les-actualites","tag-africa-press","tag-africa-press-cameroun","tag-cameroun"],"yoast_head":"<!-- This site is optimized with the Yoast SEO Premium plugin v26.1 (Yoast SEO v27.0) - https:\/\/yoast.com\/product\/yoast-seo-premium-wordpress\/ -->\n<title>Louis Paul Motaze a quitt\u00e9 nuitamment le pays ; voici sa destination - Cameroun<\/title>\n<meta name=\"description\" content=\"Le ministre des Finances, Louis Paul Motaze a quitte\u0301 le Cameroun a\u0300 bord d&#039;un avion de nuit. Le patron du ministe\u0300re d ...\" \/>\n<meta name=\"robots\" content=\"index, follow, max-snippet:-1, max-image-preview:large, max-video-preview:-1\" \/>\n<link rel=\"canonical\" href=\"https:\/\/www.africa-press.net\/cameroun\/politique\/louis-paul-motaze-a-quitte-nuitamment-le-pays-voici-sa-destination\" \/>\n<meta property=\"og:locale\" content=\"fr_FR\" \/>\n<meta property=\"og:type\" content=\"article\" \/>\n<meta property=\"og:title\" content=\"Louis Paul Motaze a quitt\u00e9 nuitamment le pays ; voici sa destination\" \/>\n<meta property=\"og:description\" content=\"Le ministre des Finances, Louis Paul Motaze a quitte\u0301 le Cameroun a\u0300 bord d&#039;un avion de nuit. Le patron du ministe\u0300re d ...\" \/>\n<meta property=\"og:url\" content=\"https:\/\/www.africa-press.net\/cameroun\/politique\/louis-paul-motaze-a-quitte-nuitamment-le-pays-voici-sa-destination\" \/>\n<meta property=\"og:site_name\" content=\"Cameroun\" \/>\n<meta property=\"article:published_time\" content=\"2023-03-02T12:18:43+00:00\" \/>\n<meta property=\"article:modified_time\" content=\"2023-03-02T12:47:10+00:00\" \/>\n<meta property=\"og:image\" content=\"https:\/\/static.africa-press.net\/cameroun\/sites\/57\/2023\/03\/postQueueImg_1677746927.56.jpg\" \/>\n\t<meta property=\"og:image:width\" content=\"720\" \/>\n\t<meta property=\"og:image:height\" content=\"345\" \/>\n\t<meta property=\"og:image:type\" content=\"image\/jpeg\" \/>\n<meta name=\"author\" content=\"cfeditorfr\" \/>\n<meta name=\"twitter:card\" content=\"summary_large_image\" \/>\n<meta name=\"twitter:label1\" content=\"\u00c9crit par\" \/>\n\t<meta name=\"twitter:data1\" content=\"cfeditorfr\" \/>\n\t<meta name=\"twitter:label2\" content=\"Dur\u00e9e de lecture estim\u00e9e\" \/>\n\t<meta name=\"twitter:data2\" content=\"2 minutes\" \/>\n<script type=\"application\/ld+json\" class=\"yoast-schema-graph\">{\"@context\":\"https:\/\/schema.org\",\"@graph\":[{\"@type\":\"Article\",\"@id\":\"https:\/\/www.africa-press.net\/cameroun\/politique\/louis-paul-motaze-a-quitte-nuitamment-le-pays-voici-sa-destination#article\",\"isPartOf\":{\"@id\":\"https:\/\/www.africa-press.net\/cameroun\/politique\/louis-paul-motaze-a-quitte-nuitamment-le-pays-voici-sa-destination\"},\"author\":{\"name\":\"cfeditorfr\",\"@id\":\"https:\/\/www.africa-press.net\/cameroun\/#\/schema\/person\/2b1cf3cd81a31e3cd26889ca66d677f1\"},\"headline\":\"Louis Paul Motaze a quitt\u00e9 nuitamment le pays ; voici sa destination\",\"datePublished\":\"2023-03-02T12:18:43+00:00\",\"dateModified\":\"2023-03-02T12:47:10+00:00\",\"mainEntityOfPage\":{\"@id\":\"https:\/\/www.africa-press.net\/cameroun\/politique\/louis-paul-motaze-a-quitte-nuitamment-le-pays-voici-sa-destination\"},\"wordCount\":343,\"commentCount\":0,\"image\":{\"@id\":\"https:\/\/www.africa-press.net\/cameroun\/politique\/louis-paul-motaze-a-quitte-nuitamment-le-pays-voici-sa-destination#primaryimage\"},\"thumbnailUrl\":\"https:\/\/static.africa-press.net\/cameroun\/sites\/57\/2023\/03\/postQueueImg_1677746927.56.jpg\",\"keywords\":[\"Africa Press\",\"Africa Press-Cameroun\",\"Cameroun\"],\"articleSection\":[\"Politique\",\"Toutes les actualit\u00e9s\"],\"inLanguage\":\"fr-FR\",\"potentialAction\":[{\"@type\":\"CommentAction\",\"name\":\"Comment\",\"target\":[\"https:\/\/www.africa-press.net\/cameroun\/politique\/louis-paul-motaze-a-quitte-nuitamment-le-pays-voici-sa-destination#respond\"]}]},{\"@type\":\"WebPage\",\"@id\":\"https:\/\/www.africa-press.net\/cameroun\/politique\/louis-paul-motaze-a-quitte-nuitamment-le-pays-voici-sa-destination\",\"url\":\"https:\/\/www.africa-press.net\/cameroun\/politique\/louis-paul-motaze-a-quitte-nuitamment-le-pays-voici-sa-destination\",\"name\":\"Louis Paul Motaze a quitt\u00e9 nuitamment le pays ; voici sa destination - Cameroun\",\"isPartOf\":{\"@id\":\"https:\/\/www.africa-press.net\/cameroun\/#website\"},\"primaryImageOfPage\":{\"@id\":\"https:\/\/www.africa-press.net\/cameroun\/politique\/louis-paul-motaze-a-quitte-nuitamment-le-pays-voici-sa-destination#primaryimage\"},\"image\":{\"@id\":\"https:\/\/www.africa-press.net\/cameroun\/politique\/louis-paul-motaze-a-quitte-nuitamment-le-pays-voici-sa-destination#primaryimage\"},\"thumbnailUrl\":\"https:\/\/static.africa-press.net\/cameroun\/sites\/57\/2023\/03\/postQueueImg_1677746927.56.jpg\",\"datePublished\":\"2023-03-02T12:18:43+00:00\",\"dateModified\":\"2023-03-02T12:47:10+00:00\",\"author\":{\"@id\":\"https:\/\/www.africa-press.net\/cameroun\/#\/schema\/person\/2b1cf3cd81a31e3cd26889ca66d677f1\"},\"description\":\"Le ministre des Finances, Louis Paul Motaze a quitte\u0301 le Cameroun a\u0300 bord d'un avion de nuit. Le patron du ministe\u0300re d ...\",\"breadcrumb\":{\"@id\":\"https:\/\/www.africa-press.net\/cameroun\/politique\/louis-paul-motaze-a-quitte-nuitamment-le-pays-voici-sa-destination#breadcrumb\"},\"inLanguage\":\"fr-FR\",\"potentialAction\":[{\"@type\":\"ReadAction\",\"target\":[\"https:\/\/www.africa-press.net\/cameroun\/politique\/louis-paul-motaze-a-quitte-nuitamment-le-pays-voici-sa-destination\"]}]},{\"@type\":\"ImageObject\",\"inLanguage\":\"fr-FR\",\"@id\":\"https:\/\/www.africa-press.net\/cameroun\/politique\/louis-paul-motaze-a-quitte-nuitamment-le-pays-voici-sa-destination#primaryimage\",\"url\":\"https:\/\/static.africa-press.net\/cameroun\/sites\/57\/2023\/03\/postQueueImg_1677746927.56.jpg\",\"contentUrl\":\"https:\/\/static.africa-press.net\/cameroun\/sites\/57\/2023\/03\/postQueueImg_1677746927.56.jpg\",\"width\":720,\"height\":345,\"caption\":\"Louis Paul Motaze a quitt\u00e9 nuitamment le pays ; voici sa destination\"},{\"@type\":\"BreadcrumbList\",\"@id\":\"https:\/\/www.africa-press.net\/cameroun\/politique\/louis-paul-motaze-a-quitte-nuitamment-le-pays-voici-sa-destination#breadcrumb\",\"itemListElement\":[{\"@type\":\"ListItem\",\"position\":1,\"name\":\"Accueil\",\"item\":\"https:\/\/www.africa-press.net\/cameroun\/\"},{\"@type\":\"ListItem\",\"position\":2,\"name\":\"Louis Paul Motaze a quitt\u00e9 nuitamment le pays ; voici sa destination\"}]},{\"@type\":\"WebSite\",\"@id\":\"https:\/\/www.africa-press.net\/cameroun\/#website\",\"url\":\"https:\/\/www.africa-press.net\/cameroun\/\",\"name\":\"Cameroun\",\"description\":\"Just another Africa News Agency Sites site\",\"potentialAction\":[{\"@type\":\"SearchAction\",\"target\":{\"@type\":\"EntryPoint\",\"urlTemplate\":\"https:\/\/www.africa-press.net\/cameroun\/?s={search_term_string}\"},\"query-input\":{\"@type\":\"PropertyValueSpecification\",\"valueRequired\":true,\"valueName\":\"search_term_string\"}}],\"inLanguage\":\"fr-FR\"},{\"@type\":\"Person\",\"@id\":\"https:\/\/www.africa-press.net\/cameroun\/#\/schema\/person\/2b1cf3cd81a31e3cd26889ca66d677f1\",\"name\":\"cfeditorfr\"}]}<\/script>\n<!-- \/ Yoast SEO Premium plugin. -->","yoast_head_json":{"title":"Louis Paul Motaze a quitt\u00e9 nuitamment le pays ; voici sa destination - Cameroun","description":"Le ministre des Finances, Louis Paul Motaze a quitte\u0301 le Cameroun a\u0300 bord d'un avion de nuit. Le patron du ministe\u0300re d ...","robots":{"index":"index","follow":"follow","max-snippet":"max-snippet:-1","max-image-preview":"max-image-preview:large","max-video-preview":"max-video-preview:-1"},"canonical":"https:\/\/www.africa-press.net\/cameroun\/politique\/louis-paul-motaze-a-quitte-nuitamment-le-pays-voici-sa-destination","og_locale":"fr_FR","og_type":"article","og_title":"Louis Paul Motaze a quitt\u00e9 nuitamment le pays ; voici sa destination","og_description":"Le ministre des Finances, Louis Paul Motaze a quitte\u0301 le Cameroun a\u0300 bord d'un avion de nuit. Le patron du ministe\u0300re d ...","og_url":"https:\/\/www.africa-press.net\/cameroun\/politique\/louis-paul-motaze-a-quitte-nuitamment-le-pays-voici-sa-destination","og_site_name":"Cameroun","article_published_time":"2023-03-02T12:18:43+00:00","article_modified_time":"2023-03-02T12:47:10+00:00","og_image":[{"width":720,"height":345,"url":"https:\/\/static.africa-press.net\/cameroun\/sites\/57\/2023\/03\/postQueueImg_1677746927.56.jpg","type":"image\/jpeg"}],"author":"cfeditorfr","twitter_card":"summary_large_image","twitter_misc":{"\u00c9crit par":"cfeditorfr","Dur\u00e9e de lecture estim\u00e9e":"2 minutes"},"schema":{"@context":"https:\/\/schema.org","@graph":[{"@type":"Article","@id":"https:\/\/www.africa-press.net\/cameroun\/politique\/louis-paul-motaze-a-quitte-nuitamment-le-pays-voici-sa-destination#article","isPartOf":{"@id":"https:\/\/www.africa-press.net\/cameroun\/politique\/louis-paul-motaze-a-quitte-nuitamment-le-pays-voici-sa-destination"},"author":{"name":"cfeditorfr","@id":"https:\/\/www.africa-press.net\/cameroun\/#\/schema\/person\/2b1cf3cd81a31e3cd26889ca66d677f1"},"headline":"Louis Paul Motaze a quitt\u00e9 nuitamment le pays ; voici sa destination","datePublished":"2023-03-02T12:18:43+00:00","dateModified":"2023-03-02T12:47:10+00:00","mainEntityOfPage":{"@id":"https:\/\/www.africa-press.net\/cameroun\/politique\/louis-paul-motaze-a-quitte-nuitamment-le-pays-voici-sa-destination"},"wordCount":343,"commentCount":0,"image":{"@id":"https:\/\/www.africa-press.net\/cameroun\/politique\/louis-paul-motaze-a-quitte-nuitamment-le-pays-voici-sa-destination#primaryimage"},"thumbnailUrl":"https:\/\/static.africa-press.net\/cameroun\/sites\/57\/2023\/03\/postQueueImg_1677746927.56.jpg","keywords":["Africa Press","Africa Press-Cameroun","Cameroun"],"articleSection":["Politique","Toutes les actualit\u00e9s"],"inLanguage":"fr-FR","potentialAction":[{"@type":"CommentAction","name":"Comment","target":["https:\/\/www.africa-press.net\/cameroun\/politique\/louis-paul-motaze-a-quitte-nuitamment-le-pays-voici-sa-destination#respond"]}]},{"@type":"WebPage","@id":"https:\/\/www.africa-press.net\/cameroun\/politique\/louis-paul-motaze-a-quitte-nuitamment-le-pays-voici-sa-destination","url":"https:\/\/www.africa-press.net\/cameroun\/politique\/louis-paul-motaze-a-quitte-nuitamment-le-pays-voici-sa-destination","name":"Louis Paul Motaze a quitt\u00e9 nuitamment le pays ; voici sa destination - Cameroun","isPartOf":{"@id":"https:\/\/www.africa-press.net\/cameroun\/#website"},"primaryImageOfPage":{"@id":"https:\/\/www.africa-press.net\/cameroun\/politique\/louis-paul-motaze-a-quitte-nuitamment-le-pays-voici-sa-destination#primaryimage"},"image":{"@id":"https:\/\/www.africa-press.net\/cameroun\/politique\/louis-paul-motaze-a-quitte-nuitamment-le-pays-voici-sa-destination#primaryimage"},"thumbnailUrl":"https:\/\/static.africa-press.net\/cameroun\/sites\/57\/2023\/03\/postQueueImg_1677746927.56.jpg","datePublished":"2023-03-02T12:18:43+00:00","dateModified":"2023-03-02T12:47:10+00:00","author":{"@id":"https:\/\/www.africa-press.net\/cameroun\/#\/schema\/person\/2b1cf3cd81a31e3cd26889ca66d677f1"},"description":"Le ministre des Finances, Louis Paul Motaze a quitte\u0301 le Cameroun a\u0300 bord d'un avion de nuit. Le patron du ministe\u0300re d ...","breadcrumb":{"@id":"https:\/\/www.africa-press.net\/cameroun\/politique\/louis-paul-motaze-a-quitte-nuitamment-le-pays-voici-sa-destination#breadcrumb"},"inLanguage":"fr-FR","potentialAction":[{"@type":"ReadAction","target":["https:\/\/www.africa-press.net\/cameroun\/politique\/louis-paul-motaze-a-quitte-nuitamment-le-pays-voici-sa-destination"]}]},{"@type":"ImageObject","inLanguage":"fr-FR","@id":"https:\/\/www.africa-press.net\/cameroun\/politique\/louis-paul-motaze-a-quitte-nuitamment-le-pays-voici-sa-destination#primaryimage","url":"https:\/\/static.africa-press.net\/cameroun\/sites\/57\/2023\/03\/postQueueImg_1677746927.56.jpg","contentUrl":"https:\/\/static.africa-press.net\/cameroun\/sites\/57\/2023\/03\/postQueueImg_1677746927.56.jpg","width":720,"height":345,"caption":"Louis Paul Motaze a quitt\u00e9 nuitamment le pays ; voici sa destination"},{"@type":"BreadcrumbList","@id":"https:\/\/www.africa-press.net\/cameroun\/politique\/louis-paul-motaze-a-quitte-nuitamment-le-pays-voici-sa-destination#breadcrumb","itemListElement":[{"@type":"ListItem","position":1,"name":"Accueil","item":"https:\/\/www.africa-press.net\/cameroun\/"},{"@type":"ListItem","position":2,"name":"Louis Paul Motaze a quitt\u00e9 nuitamment le pays ; voici sa destination"}]},{"@type":"WebSite","@id":"https:\/\/www.africa-press.net\/cameroun\/#website","url":"https:\/\/www.africa-press.net\/cameroun\/","name":"Cameroun","description":"Just another Africa News Agency Sites site","potentialAction":[{"@type":"SearchAction","target":{"@type":"EntryPoint","urlTemplate":"https:\/\/www.africa-press.net\/cameroun\/?s={search_term_string}"},"query-input":{"@type":"PropertyValueSpecification","valueRequired":true,"valueName":"search_term_string"}}],"inLanguage":"fr-FR"},{"@type":"Person","@id":"https:\/\/www.africa-press.net\/cameroun\/#\/schema\/person\/2b1cf3cd81a31e3cd26889ca66d677f1","name":"cfeditorfr"}]}},"_links":{"self":[{"href":"https:\/\/www.africa-press.net\/cameroun\/wp-json\/wp\/v2\/posts\/38151","targetHints":{"allow":["GET"]}}],"collection":[{"href":"https:\/\/www.africa-press.net\/cameroun\/wp-json\/wp\/v2\/posts"}],"about":[{"href":"https:\/\/www.africa-press.net\/cameroun\/wp-json\/wp\/v2\/types\/post"}],"author":[{"embeddable":true,"href":"https:\/\/www.africa-press.net\/cameroun\/wp-json\/wp\/v2\/users\/82"}],"replies":[{"embeddable":true,"href":"https:\/\/www.africa-press.net\/cameroun\/wp-json\/wp\/v2\/comments?post=38151"}],"version-history":[{"count":0,"href":"https:\/\/www.africa-press.net\/cameroun\/wp-json\/wp\/v2\/posts\/38151\/revisions"}],"wp:featuredmedia":[{"embeddable":true,"href":"https:\/\/www.africa-press.net\/cameroun\/wp-json\/wp\/v2\/media\/38148"}],"wp:attachment":[{"href":"https:\/\/www.africa-press.net\/cameroun\/wp-json\/wp\/v2\/media?parent=38151"}],"wp:term":[{"taxonomy":"category","embeddable":true,"href":"https:\/\/www.africa-press.net\/cameroun\/wp-json\/wp\/v2\/categories?post=38151"},{"taxonomy":"post_tag","embeddable":true,"href":"https:\/\/www.africa-press.net\/cameroun\/wp-json\/wp\/v2\/tags?post=38151"}],"curies":[{"name":"wp","href":"https:\/\/api.w.org\/{rel}","templated":true}]}}