{"id":38155,"date":"2023-03-02T12:18:51","date_gmt":"2023-03-02T12:18:51","guid":{"rendered":"https:\/\/www.africa-press.net\/cameroun\/politique\/pauvre-isole-et-sans-espoir-billy-billy-veut-mettre-fin-a-sa-vie"},"modified":"2023-03-02T12:48:14","modified_gmt":"2023-03-02T12:48:14","slug":"pauvre-isole-et-sans-espoir-billy-billy-veut-mettre-fin-a-sa-vie","status":"publish","type":"post","link":"https:\/\/www.africa-press.net\/cameroun\/toutes-les-actualites\/pauvre-isole-et-sans-espoir-billy-billy-veut-mettre-fin-a-sa-vie","title":{"rendered":"Pauvre, isol\u00e9 et sans espoir : Billy Billy veut mettre fin \u00e0 sa vie"},"content":{"rendered":"<p><span style=\"color: #ff6600\"><strong>Africa-Press &#8211; Cameroun. <\/strong><\/span>Billy Billy, le redoutable activiste pro Biya, vit dans une mise\u0300re de\u0301concertante depuis son retour au Cameroun. L\u2019homme qui pourchassait avec arme a\u0300 feu les opposants au re\u0301gime de Paul Biya est au bord du suicide. Dans un inquie\u0301tant message publie\u0301 sur sa page Facebook il e\u0301voque ses regrets et sa de\u0301ception. Billy Billy de son vrai nom Billy Nicolas Akele Tchuisseu veut mettre fin a\u0300 sa vie pour se soulager.<\/p>\n<p>Bonjour, j&rsquo;aimerais poser certaines questions a\u0300 mon gouvernement que j&rsquo;ai soutenu pour son image ,pour ses institutions, pour ceux qui les incarnent. Je suis devenu quoi aujourd&rsquo;hui ? J&rsquo;ai eu quoi , quel est ma re\u0301compense pour service rendu a\u0300 la nation , si c&rsquo;est pas honte ,injures , perte de mes activite\u0301s professionnelles et autres , qui pense encore a\u0300 moi ,qui ce souvient encore de moi.<\/p>\n<p>Aujourd&rsquo;hui je suis abandonne\u0301 a\u0300 moi-me\u0302me ,seul et face a\u0300 mon propre destin pendant que certaines personnes nourrissent les prostitue\u0301s et les logent avec l&rsquo;argent du contribuable camerounais dans des ho\u0302tels de luxe et donnent des privile\u0300ges aux ennemis de la nation . Le pre\u0301sident que j&rsquo;ai soutenu me connais me\u0302me ? Il a mon temps ? Il se souvient me\u0302me de moi ? J&rsquo;ai vraiment honte de moi me\u0302me aujourd&rsquo;hui au point de vouloir me\u0302me me\u0302me o\u0302te\u0301 la vie.le stress peux me tuer j\u2019ai honte de moi mais j&rsquo;ai toujours l&rsquo;amour pour ce pays je ne sais pourquoi mais le coeur a la haine pour certains dirigeants de ce pays pour de vrai et le regret envahit mon c\u0153ur.<\/p>\n<p>Pour des gens comme nous qui avons combattu pour ce pays et tout donne\u0301 devrions e\u0302tre au-moins e\u0302tre re\u0301compense\u0301 et soutenu donc je pourrais cite\u0301 les noms Come ( amer kmer, Marie Marie PaulePaule , Aron Banderas,et autres ..)je ne pourrai vous mentir je pense de\u0301ja\u0300 a\u0300 un suicide dans des jours tre\u0300s proches voila\u0300 a\u0300 quoi je suis re\u0301duit aujourd&rsquo;hui ( mise\u0300re,honte , souffrance morale, je vous remercie beaucoup )vous avez donne\u0301 raison a\u0300 ceux donc je croyais e\u0302tre mes ennemis dans le passe\u0301. Je comprends que j&rsquo;ai combattu ceux que je ne devrais pas combattre ,je vais vous laisser avec votre terre ,donc attendez vous a\u0300 recevoir une mauvaise nouvelle dans peu de temps.. a\u0300 un certain moment le suicide a sa place .<\/p>\n<p>Apre\u0300s tout ce grand boulot abattu, apre\u0300s tous s&rsquo;est risques, apre\u0300s tout ce sacrifice pour la nation .donc si je m&rsquo;e\u0301tais fait tue\u0301 pendant ce combat ma de\u0301pouille serait aux oubliettes et ignore\u0301 ? C&rsquo;est vraiment ingrat et me\u0301chant.<\/p>\n<p><strong>Pour plus d&rsquo;informations et d&rsquo;analyses sur la <a href=\"https:\/\/www.africa-press.net\/cameroun\">Cameroun<\/a>, suivez <a href=\"https:\/\/www.africa-press.net\/\">Africa-Press<\/a><\/strong><\/p>\n","protected":false},"excerpt":{"rendered":"<p>Africa-Press &#8211; Cameroun. Billy Billy, le redoutable activiste pro Biya, vit dans une mise\u0300re de\u0301concertante depuis son retour au Cameroun. L\u2019homme qui pourchassait avec arme a\u0300 feu les opposants au re\u0301gime de Paul Biya est au bord du suicide. Dans un inquie\u0301tant message publie\u0301 sur sa page Facebook il e\u0301voque ses regrets et sa de\u0301ception. [&hellip;]<\/p>\n","protected":false},"author":82,"featured_media":38153,"comment_status":"open","ping_status":"closed","sticky":false,"template":"","format":"standard","meta":{"footnotes":""},"categories":[21,10],"tags":[36,50,49],"class_list":["post-38155","post","type-post","status-publish","format-standard","has-post-thumbnail","hentry","category-communaute","category-toutes-les-actualites","tag-africa-press","tag-africa-press-cameroun","tag-cameroun"],"yoast_head":"<!-- This site is optimized with the Yoast SEO Premium plugin v26.1 (Yoast SEO v27.0) - https:\/\/yoast.com\/product\/yoast-seo-premium-wordpress\/ -->\n<title>Pauvre, isol\u00e9 et sans espoir : Billy Billy veut mettre fin \u00e0 sa vie - Cameroun<\/title>\n<meta name=\"description\" content=\"Billy Billy, le redoutable activiste pro Biya, vit dans une mise\u0300re de\u0301concertante depuis son retour au Cameroun. L\u2019homm ...\" \/>\n<meta name=\"robots\" content=\"index, follow, max-snippet:-1, max-image-preview:large, max-video-preview:-1\" \/>\n<link rel=\"canonical\" href=\"https:\/\/www.africa-press.net\/cameroun\/toutes-les-actualites\/pauvre-isole-et-sans-espoir-billy-billy-veut-mettre-fin-a-sa-vie\" \/>\n<meta property=\"og:locale\" content=\"fr_FR\" \/>\n<meta property=\"og:type\" content=\"article\" \/>\n<meta property=\"og:title\" content=\"Pauvre, isol\u00e9 et sans espoir : Billy Billy veut mettre fin \u00e0 sa vie\" \/>\n<meta property=\"og:description\" content=\"Billy Billy, le redoutable activiste pro Biya, vit dans une mise\u0300re de\u0301concertante depuis son retour au Cameroun. L\u2019homm ...\" \/>\n<meta property=\"og:url\" content=\"https:\/\/www.africa-press.net\/cameroun\/toutes-les-actualites\/pauvre-isole-et-sans-espoir-billy-billy-veut-mettre-fin-a-sa-vie\" \/>\n<meta property=\"og:site_name\" content=\"Cameroun\" \/>\n<meta property=\"article:published_time\" content=\"2023-03-02T12:18:51+00:00\" \/>\n<meta property=\"article:modified_time\" content=\"2023-03-02T12:48:14+00:00\" \/>\n<meta property=\"og:image\" content=\"https:\/\/static.africa-press.net\/cameroun\/sites\/57\/2023\/03\/postQueueImg_1677746937.56.jpg\" \/>\n\t<meta property=\"og:image:width\" content=\"720\" \/>\n\t<meta property=\"og:image:height\" content=\"537\" \/>\n\t<meta property=\"og:image:type\" content=\"image\/jpeg\" \/>\n<meta name=\"author\" content=\"cfeditorfr\" \/>\n<meta name=\"twitter:card\" content=\"summary_large_image\" \/>\n<meta name=\"twitter:label1\" content=\"\u00c9crit par\" \/>\n\t<meta name=\"twitter:data1\" content=\"cfeditorfr\" \/>\n\t<meta name=\"twitter:label2\" content=\"Dur\u00e9e de lecture estim\u00e9e\" \/>\n\t<meta name=\"twitter:data2\" content=\"2 minutes\" \/>\n<script type=\"application\/ld+json\" class=\"yoast-schema-graph\">{\"@context\":\"https:\/\/schema.org\",\"@graph\":[{\"@type\":\"Article\",\"@id\":\"https:\/\/www.africa-press.net\/cameroun\/toutes-les-actualites\/pauvre-isole-et-sans-espoir-billy-billy-veut-mettre-fin-a-sa-vie#article\",\"isPartOf\":{\"@id\":\"https:\/\/www.africa-press.net\/cameroun\/toutes-les-actualites\/pauvre-isole-et-sans-espoir-billy-billy-veut-mettre-fin-a-sa-vie\"},\"author\":{\"name\":\"cfeditorfr\",\"@id\":\"https:\/\/www.africa-press.net\/cameroun\/#\/schema\/person\/2b1cf3cd81a31e3cd26889ca66d677f1\"},\"headline\":\"Pauvre, isol\u00e9 et sans espoir : Billy Billy veut mettre fin \u00e0 sa vie\",\"datePublished\":\"2023-03-02T12:18:51+00:00\",\"dateModified\":\"2023-03-02T12:48:14+00:00\",\"mainEntityOfPage\":{\"@id\":\"https:\/\/www.africa-press.net\/cameroun\/toutes-les-actualites\/pauvre-isole-et-sans-espoir-billy-billy-veut-mettre-fin-a-sa-vie\"},\"wordCount\":492,\"commentCount\":0,\"image\":{\"@id\":\"https:\/\/www.africa-press.net\/cameroun\/toutes-les-actualites\/pauvre-isole-et-sans-espoir-billy-billy-veut-mettre-fin-a-sa-vie#primaryimage\"},\"thumbnailUrl\":\"https:\/\/static.africa-press.net\/cameroun\/sites\/57\/2023\/03\/postQueueImg_1677746937.56.jpg\",\"keywords\":[\"Africa Press\",\"Africa Press-Cameroun\",\"Cameroun\"],\"articleSection\":[\"Communaut\u00e9\",\"Toutes les actualit\u00e9s\"],\"inLanguage\":\"fr-FR\",\"potentialAction\":[{\"@type\":\"CommentAction\",\"name\":\"Comment\",\"target\":[\"https:\/\/www.africa-press.net\/cameroun\/toutes-les-actualites\/pauvre-isole-et-sans-espoir-billy-billy-veut-mettre-fin-a-sa-vie#respond\"]}]},{\"@type\":\"WebPage\",\"@id\":\"https:\/\/www.africa-press.net\/cameroun\/toutes-les-actualites\/pauvre-isole-et-sans-espoir-billy-billy-veut-mettre-fin-a-sa-vie\",\"url\":\"https:\/\/www.africa-press.net\/cameroun\/toutes-les-actualites\/pauvre-isole-et-sans-espoir-billy-billy-veut-mettre-fin-a-sa-vie\",\"name\":\"Pauvre, isol\u00e9 et sans espoir : Billy Billy veut mettre fin \u00e0 sa vie - Cameroun\",\"isPartOf\":{\"@id\":\"https:\/\/www.africa-press.net\/cameroun\/#website\"},\"primaryImageOfPage\":{\"@id\":\"https:\/\/www.africa-press.net\/cameroun\/toutes-les-actualites\/pauvre-isole-et-sans-espoir-billy-billy-veut-mettre-fin-a-sa-vie#primaryimage\"},\"image\":{\"@id\":\"https:\/\/www.africa-press.net\/cameroun\/toutes-les-actualites\/pauvre-isole-et-sans-espoir-billy-billy-veut-mettre-fin-a-sa-vie#primaryimage\"},\"thumbnailUrl\":\"https:\/\/static.africa-press.net\/cameroun\/sites\/57\/2023\/03\/postQueueImg_1677746937.56.jpg\",\"datePublished\":\"2023-03-02T12:18:51+00:00\",\"dateModified\":\"2023-03-02T12:48:14+00:00\",\"author\":{\"@id\":\"https:\/\/www.africa-press.net\/cameroun\/#\/schema\/person\/2b1cf3cd81a31e3cd26889ca66d677f1\"},\"description\":\"Billy Billy, le redoutable activiste pro Biya, vit dans une mise\u0300re de\u0301concertante depuis son retour au Cameroun. L\u2019homm ...\",\"breadcrumb\":{\"@id\":\"https:\/\/www.africa-press.net\/cameroun\/toutes-les-actualites\/pauvre-isole-et-sans-espoir-billy-billy-veut-mettre-fin-a-sa-vie#breadcrumb\"},\"inLanguage\":\"fr-FR\",\"potentialAction\":[{\"@type\":\"ReadAction\",\"target\":[\"https:\/\/www.africa-press.net\/cameroun\/toutes-les-actualites\/pauvre-isole-et-sans-espoir-billy-billy-veut-mettre-fin-a-sa-vie\"]}]},{\"@type\":\"ImageObject\",\"inLanguage\":\"fr-FR\",\"@id\":\"https:\/\/www.africa-press.net\/cameroun\/toutes-les-actualites\/pauvre-isole-et-sans-espoir-billy-billy-veut-mettre-fin-a-sa-vie#primaryimage\",\"url\":\"https:\/\/static.africa-press.net\/cameroun\/sites\/57\/2023\/03\/postQueueImg_1677746937.56.jpg\",\"contentUrl\":\"https:\/\/static.africa-press.net\/cameroun\/sites\/57\/2023\/03\/postQueueImg_1677746937.56.jpg\",\"width\":720,\"height\":537,\"caption\":\"Pauvre, isol\u00e9 et sans espoir : Billy Billy veut mettre fin \u00e0 sa vie\"},{\"@type\":\"BreadcrumbList\",\"@id\":\"https:\/\/www.africa-press.net\/cameroun\/toutes-les-actualites\/pauvre-isole-et-sans-espoir-billy-billy-veut-mettre-fin-a-sa-vie#breadcrumb\",\"itemListElement\":[{\"@type\":\"ListItem\",\"position\":1,\"name\":\"Accueil\",\"item\":\"https:\/\/www.africa-press.net\/cameroun\/\"},{\"@type\":\"ListItem\",\"position\":2,\"name\":\"Pauvre, isol\u00e9 et sans espoir : Billy Billy veut mettre fin \u00e0 sa vie\"}]},{\"@type\":\"WebSite\",\"@id\":\"https:\/\/www.africa-press.net\/cameroun\/#website\",\"url\":\"https:\/\/www.africa-press.net\/cameroun\/\",\"name\":\"Cameroun\",\"description\":\"Just another Africa News Agency Sites site\",\"potentialAction\":[{\"@type\":\"SearchAction\",\"target\":{\"@type\":\"EntryPoint\",\"urlTemplate\":\"https:\/\/www.africa-press.net\/cameroun\/?s={search_term_string}\"},\"query-input\":{\"@type\":\"PropertyValueSpecification\",\"valueRequired\":true,\"valueName\":\"search_term_string\"}}],\"inLanguage\":\"fr-FR\"},{\"@type\":\"Person\",\"@id\":\"https:\/\/www.africa-press.net\/cameroun\/#\/schema\/person\/2b1cf3cd81a31e3cd26889ca66d677f1\",\"name\":\"cfeditorfr\"}]}<\/script>\n<!-- \/ Yoast SEO Premium plugin. -->","yoast_head_json":{"title":"Pauvre, isol\u00e9 et sans espoir : Billy Billy veut mettre fin \u00e0 sa vie - Cameroun","description":"Billy Billy, le redoutable activiste pro Biya, vit dans une mise\u0300re de\u0301concertante depuis son retour au Cameroun. L\u2019homm ...","robots":{"index":"index","follow":"follow","max-snippet":"max-snippet:-1","max-image-preview":"max-image-preview:large","max-video-preview":"max-video-preview:-1"},"canonical":"https:\/\/www.africa-press.net\/cameroun\/toutes-les-actualites\/pauvre-isole-et-sans-espoir-billy-billy-veut-mettre-fin-a-sa-vie","og_locale":"fr_FR","og_type":"article","og_title":"Pauvre, isol\u00e9 et sans espoir : Billy Billy veut mettre fin \u00e0 sa vie","og_description":"Billy Billy, le redoutable activiste pro Biya, vit dans une mise\u0300re de\u0301concertante depuis son retour au Cameroun. L\u2019homm ...","og_url":"https:\/\/www.africa-press.net\/cameroun\/toutes-les-actualites\/pauvre-isole-et-sans-espoir-billy-billy-veut-mettre-fin-a-sa-vie","og_site_name":"Cameroun","article_published_time":"2023-03-02T12:18:51+00:00","article_modified_time":"2023-03-02T12:48:14+00:00","og_image":[{"width":720,"height":537,"url":"https:\/\/static.africa-press.net\/cameroun\/sites\/57\/2023\/03\/postQueueImg_1677746937.56.jpg","type":"image\/jpeg"}],"author":"cfeditorfr","twitter_card":"summary_large_image","twitter_misc":{"\u00c9crit par":"cfeditorfr","Dur\u00e9e de lecture estim\u00e9e":"2 minutes"},"schema":{"@context":"https:\/\/schema.org","@graph":[{"@type":"Article","@id":"https:\/\/www.africa-press.net\/cameroun\/toutes-les-actualites\/pauvre-isole-et-sans-espoir-billy-billy-veut-mettre-fin-a-sa-vie#article","isPartOf":{"@id":"https:\/\/www.africa-press.net\/cameroun\/toutes-les-actualites\/pauvre-isole-et-sans-espoir-billy-billy-veut-mettre-fin-a-sa-vie"},"author":{"name":"cfeditorfr","@id":"https:\/\/www.africa-press.net\/cameroun\/#\/schema\/person\/2b1cf3cd81a31e3cd26889ca66d677f1"},"headline":"Pauvre, isol\u00e9 et sans espoir : Billy Billy veut mettre fin \u00e0 sa vie","datePublished":"2023-03-02T12:18:51+00:00","dateModified":"2023-03-02T12:48:14+00:00","mainEntityOfPage":{"@id":"https:\/\/www.africa-press.net\/cameroun\/toutes-les-actualites\/pauvre-isole-et-sans-espoir-billy-billy-veut-mettre-fin-a-sa-vie"},"wordCount":492,"commentCount":0,"image":{"@id":"https:\/\/www.africa-press.net\/cameroun\/toutes-les-actualites\/pauvre-isole-et-sans-espoir-billy-billy-veut-mettre-fin-a-sa-vie#primaryimage"},"thumbnailUrl":"https:\/\/static.africa-press.net\/cameroun\/sites\/57\/2023\/03\/postQueueImg_1677746937.56.jpg","keywords":["Africa Press","Africa Press-Cameroun","Cameroun"],"articleSection":["Communaut\u00e9","Toutes les actualit\u00e9s"],"inLanguage":"fr-FR","potentialAction":[{"@type":"CommentAction","name":"Comment","target":["https:\/\/www.africa-press.net\/cameroun\/toutes-les-actualites\/pauvre-isole-et-sans-espoir-billy-billy-veut-mettre-fin-a-sa-vie#respond"]}]},{"@type":"WebPage","@id":"https:\/\/www.africa-press.net\/cameroun\/toutes-les-actualites\/pauvre-isole-et-sans-espoir-billy-billy-veut-mettre-fin-a-sa-vie","url":"https:\/\/www.africa-press.net\/cameroun\/toutes-les-actualites\/pauvre-isole-et-sans-espoir-billy-billy-veut-mettre-fin-a-sa-vie","name":"Pauvre, isol\u00e9 et sans espoir : Billy Billy veut mettre fin \u00e0 sa vie - Cameroun","isPartOf":{"@id":"https:\/\/www.africa-press.net\/cameroun\/#website"},"primaryImageOfPage":{"@id":"https:\/\/www.africa-press.net\/cameroun\/toutes-les-actualites\/pauvre-isole-et-sans-espoir-billy-billy-veut-mettre-fin-a-sa-vie#primaryimage"},"image":{"@id":"https:\/\/www.africa-press.net\/cameroun\/toutes-les-actualites\/pauvre-isole-et-sans-espoir-billy-billy-veut-mettre-fin-a-sa-vie#primaryimage"},"thumbnailUrl":"https:\/\/static.africa-press.net\/cameroun\/sites\/57\/2023\/03\/postQueueImg_1677746937.56.jpg","datePublished":"2023-03-02T12:18:51+00:00","dateModified":"2023-03-02T12:48:14+00:00","author":{"@id":"https:\/\/www.africa-press.net\/cameroun\/#\/schema\/person\/2b1cf3cd81a31e3cd26889ca66d677f1"},"description":"Billy Billy, le redoutable activiste pro Biya, vit dans une mise\u0300re de\u0301concertante depuis son retour au Cameroun. L\u2019homm ...","breadcrumb":{"@id":"https:\/\/www.africa-press.net\/cameroun\/toutes-les-actualites\/pauvre-isole-et-sans-espoir-billy-billy-veut-mettre-fin-a-sa-vie#breadcrumb"},"inLanguage":"fr-FR","potentialAction":[{"@type":"ReadAction","target":["https:\/\/www.africa-press.net\/cameroun\/toutes-les-actualites\/pauvre-isole-et-sans-espoir-billy-billy-veut-mettre-fin-a-sa-vie"]}]},{"@type":"ImageObject","inLanguage":"fr-FR","@id":"https:\/\/www.africa-press.net\/cameroun\/toutes-les-actualites\/pauvre-isole-et-sans-espoir-billy-billy-veut-mettre-fin-a-sa-vie#primaryimage","url":"https:\/\/static.africa-press.net\/cameroun\/sites\/57\/2023\/03\/postQueueImg_1677746937.56.jpg","contentUrl":"https:\/\/static.africa-press.net\/cameroun\/sites\/57\/2023\/03\/postQueueImg_1677746937.56.jpg","width":720,"height":537,"caption":"Pauvre, isol\u00e9 et sans espoir : Billy Billy veut mettre fin \u00e0 sa vie"},{"@type":"BreadcrumbList","@id":"https:\/\/www.africa-press.net\/cameroun\/toutes-les-actualites\/pauvre-isole-et-sans-espoir-billy-billy-veut-mettre-fin-a-sa-vie#breadcrumb","itemListElement":[{"@type":"ListItem","position":1,"name":"Accueil","item":"https:\/\/www.africa-press.net\/cameroun\/"},{"@type":"ListItem","position":2,"name":"Pauvre, isol\u00e9 et sans espoir : Billy Billy veut mettre fin \u00e0 sa vie"}]},{"@type":"WebSite","@id":"https:\/\/www.africa-press.net\/cameroun\/#website","url":"https:\/\/www.africa-press.net\/cameroun\/","name":"Cameroun","description":"Just another Africa News Agency Sites site","potentialAction":[{"@type":"SearchAction","target":{"@type":"EntryPoint","urlTemplate":"https:\/\/www.africa-press.net\/cameroun\/?s={search_term_string}"},"query-input":{"@type":"PropertyValueSpecification","valueRequired":true,"valueName":"search_term_string"}}],"inLanguage":"fr-FR"},{"@type":"Person","@id":"https:\/\/www.africa-press.net\/cameroun\/#\/schema\/person\/2b1cf3cd81a31e3cd26889ca66d677f1","name":"cfeditorfr"}]}},"_links":{"self":[{"href":"https:\/\/www.africa-press.net\/cameroun\/wp-json\/wp\/v2\/posts\/38155","targetHints":{"allow":["GET"]}}],"collection":[{"href":"https:\/\/www.africa-press.net\/cameroun\/wp-json\/wp\/v2\/posts"}],"about":[{"href":"https:\/\/www.africa-press.net\/cameroun\/wp-json\/wp\/v2\/types\/post"}],"author":[{"embeddable":true,"href":"https:\/\/www.africa-press.net\/cameroun\/wp-json\/wp\/v2\/users\/82"}],"replies":[{"embeddable":true,"href":"https:\/\/www.africa-press.net\/cameroun\/wp-json\/wp\/v2\/comments?post=38155"}],"version-history":[{"count":0,"href":"https:\/\/www.africa-press.net\/cameroun\/wp-json\/wp\/v2\/posts\/38155\/revisions"}],"wp:featuredmedia":[{"embeddable":true,"href":"https:\/\/www.africa-press.net\/cameroun\/wp-json\/wp\/v2\/media\/38153"}],"wp:attachment":[{"href":"https:\/\/www.africa-press.net\/cameroun\/wp-json\/wp\/v2\/media?parent=38155"}],"wp:term":[{"taxonomy":"category","embeddable":true,"href":"https:\/\/www.africa-press.net\/cameroun\/wp-json\/wp\/v2\/categories?post=38155"},{"taxonomy":"post_tag","embeddable":true,"href":"https:\/\/www.africa-press.net\/cameroun\/wp-json\/wp\/v2\/tags?post=38155"}],"curies":[{"name":"wp","href":"https:\/\/api.w.org\/{rel}","templated":true}]}}