{"id":38159,"date":"2023-03-02T12:19:00","date_gmt":"2023-03-02T12:19:00","guid":{"rendered":"https:\/\/www.africa-press.net\/cameroun\/politique\/une-personne-presentant-des-signes-de-folie-tue-un-bebe-de-03-mois-a-garoua"},"modified":"2023-03-02T12:49:33","modified_gmt":"2023-03-02T12:49:33","slug":"une-personne-presentant-des-signes-de-folie-tue-un-bebe-de-03-mois-a-garoua","status":"publish","type":"post","link":"https:\/\/www.africa-press.net\/cameroun\/toutes-les-actualites\/une-personne-presentant-des-signes-de-folie-tue-un-bebe-de-03-mois-a-garoua","title":{"rendered":"Une personne pr\u00e9sentant des signes de folie tue un b\u00e9b\u00e9 de 03 mois \u00e0 Garoua"},"content":{"rendered":"<p><span style=\"color: #ff6600\"><strong>Africa-Press &#8211; Cameroun. <\/strong><\/span>D&rsquo;apre\u0300s nos confre\u0300res de Griote TV, le be\u0301be\u0301 de trois (03) mois a e\u0301te\u0301 retrouve\u0301 mort dans un appartement a\u0300 Garoua il y a un peu moins de 24 heures. Les habitants du quartier Wouro Talaka ou\u0300 le be\u0301be\u0301 a e\u0301te\u0301 retrouve\u0301 par des pompiers, pensent qu&rsquo;il a e\u0301te\u0301 probablement tue\u0301 par un des ses parents pre\u0301sentant des signes de folie.<\/p>\n<p>\u00ab\u00a0La de\u0301couverte a e\u0301te\u0301 faite par les sapeurs pompiers de la 301e\u0300 compagnie d&rsquo;incendie au Cameroun, alors que ces derniers avaient e\u0301te\u0301 alerte\u0301s pour porter secours a\u0300 une personne pre\u0301sentant des signes de folie dans un appartement au quartier Wouro Talaka. Ils ont trouve\u0301 le corps sans vie du nourrisson une fois les lieux\u00a0\u00bb, e\u0301crit Griote Tv.<\/p>\n<p>Le corps des sapeurs pompiers a e\u0301te\u0301 particulie\u0300rement sollicite\u0301 ces derniers jours.<\/p>\n<p>Mardi, 28 fe\u0301vrier 2023 a\u0300 23h47, les secours de la 401e Compagnie d&rsquo;Incendie de Maroua ont e\u0301te\u0301 alerte\u0301s pour une jeune femme, tombe\u0301e de sa propre hauteur au quartier Pitoare\u0301 a\u0300 Maroua. Les soldats du feu ont promptement re\u0301agi, et ont e\u0301vacue\u0301 cette dernie\u0300re aux urgences de l&rsquo;ho\u0302pital re\u0301gional de Maroua.<\/p>\n<p>Toujours le mardi 28 fe\u0301vrier 2023 aux environs de 15H00, les personnels du Centre de Secours de Ngaounde\u0301re\u0301 ont e\u0301te\u0301 alerte\u0301s pour de\u0301couverte de corps au quartier Nord CIFAN. Il s&rsquo;agit d&rsquo;un homme d&rsquo;une trentaine d&rsquo;anne\u0301es environ retrouve\u0301 en e\u0301tat de de\u0301composition avance\u0301e. Apre\u0300s les constatations d&rsquo;usage effectue\u0301es par les autorite\u0301s compe\u0301tentes, le corps a e\u0301te\u0301 conditionne\u0301 dans une Housse.<\/p>\n<p><strong>Pour plus d&rsquo;informations et d&rsquo;analyses sur la <a href=\"https:\/\/www.africa-press.net\/cameroun\">Cameroun<\/a>, suivez <a href=\"https:\/\/www.africa-press.net\/\">Africa-Press<\/a><\/strong><\/p>\n","protected":false},"excerpt":{"rendered":"<p>Africa-Press &#8211; Cameroun. D&rsquo;apre\u0300s nos confre\u0300res de Griote TV, le be\u0301be\u0301 de trois (03) mois a e\u0301te\u0301 retrouve\u0301 mort dans un appartement a\u0300 Garoua il y a un peu moins de 24 heures. Les habitants du quartier Wouro Talaka ou\u0300 le be\u0301be\u0301 a e\u0301te\u0301 retrouve\u0301 par des pompiers, pensent qu&rsquo;il a e\u0301te\u0301 probablement tue\u0301 par [&hellip;]<\/p>\n","protected":false},"author":82,"featured_media":38157,"comment_status":"open","ping_status":"closed","sticky":false,"template":"","format":"standard","meta":{"footnotes":""},"categories":[21,10],"tags":[36,50,49],"class_list":["post-38159","post","type-post","status-publish","format-standard","has-post-thumbnail","hentry","category-communaute","category-toutes-les-actualites","tag-africa-press","tag-africa-press-cameroun","tag-cameroun"],"yoast_head":"<!-- This site is optimized with the Yoast SEO Premium plugin v26.1 (Yoast SEO v27.0) - https:\/\/yoast.com\/product\/yoast-seo-premium-wordpress\/ -->\n<title>Une personne pr\u00e9sentant des signes de folie tue un b\u00e9b\u00e9 de 03 mois \u00e0 Garoua - Cameroun<\/title>\n<meta name=\"description\" content=\"D&#039;apre\u0300s nos confre\u0300res de Griote TV, le be\u0301be\u0301 de trois (03) mois a e\u0301te\u0301 retrouve\u0301 mort dans un appartement a\u0300 Garoua ...\" \/>\n<meta name=\"robots\" content=\"index, follow, max-snippet:-1, max-image-preview:large, max-video-preview:-1\" \/>\n<link rel=\"canonical\" href=\"https:\/\/www.africa-press.net\/cameroun\/toutes-les-actualites\/une-personne-presentant-des-signes-de-folie-tue-un-bebe-de-03-mois-a-garoua\" \/>\n<meta property=\"og:locale\" content=\"fr_FR\" \/>\n<meta property=\"og:type\" content=\"article\" \/>\n<meta property=\"og:title\" content=\"Une personne pr\u00e9sentant des signes de folie tue un b\u00e9b\u00e9 de 03 mois \u00e0 Garoua\" \/>\n<meta property=\"og:description\" content=\"D&#039;apre\u0300s nos confre\u0300res de Griote TV, le be\u0301be\u0301 de trois (03) mois a e\u0301te\u0301 retrouve\u0301 mort dans un appartement a\u0300 Garoua ...\" \/>\n<meta property=\"og:url\" content=\"https:\/\/www.africa-press.net\/cameroun\/toutes-les-actualites\/une-personne-presentant-des-signes-de-folie-tue-un-bebe-de-03-mois-a-garoua\" \/>\n<meta property=\"og:site_name\" content=\"Cameroun\" \/>\n<meta property=\"article:published_time\" content=\"2023-03-02T12:19:00+00:00\" \/>\n<meta property=\"article:modified_time\" content=\"2023-03-02T12:49:33+00:00\" \/>\n<meta property=\"og:image\" content=\"https:\/\/static.africa-press.net\/cameroun\/sites\/57\/2023\/03\/postQueueImg_1677746945.16.jpg\" \/>\n\t<meta property=\"og:image:width\" content=\"720\" \/>\n\t<meta property=\"og:image:height\" content=\"390\" \/>\n\t<meta property=\"og:image:type\" content=\"image\/jpeg\" \/>\n<meta name=\"author\" content=\"cfeditorfr\" \/>\n<meta name=\"twitter:card\" content=\"summary_large_image\" \/>\n<meta name=\"twitter:label1\" content=\"\u00c9crit par\" \/>\n\t<meta name=\"twitter:data1\" content=\"cfeditorfr\" \/>\n\t<meta name=\"twitter:label2\" content=\"Dur\u00e9e de lecture estim\u00e9e\" \/>\n\t<meta name=\"twitter:data2\" content=\"1 minute\" \/>\n<script type=\"application\/ld+json\" class=\"yoast-schema-graph\">{\"@context\":\"https:\/\/schema.org\",\"@graph\":[{\"@type\":\"Article\",\"@id\":\"https:\/\/www.africa-press.net\/cameroun\/toutes-les-actualites\/une-personne-presentant-des-signes-de-folie-tue-un-bebe-de-03-mois-a-garoua#article\",\"isPartOf\":{\"@id\":\"https:\/\/www.africa-press.net\/cameroun\/toutes-les-actualites\/une-personne-presentant-des-signes-de-folie-tue-un-bebe-de-03-mois-a-garoua\"},\"author\":{\"name\":\"cfeditorfr\",\"@id\":\"https:\/\/www.africa-press.net\/cameroun\/#\/schema\/person\/2b1cf3cd81a31e3cd26889ca66d677f1\"},\"headline\":\"Une personne pr\u00e9sentant des signes de folie tue un b\u00e9b\u00e9 de 03 mois \u00e0 Garoua\",\"datePublished\":\"2023-03-02T12:19:00+00:00\",\"dateModified\":\"2023-03-02T12:49:33+00:00\",\"mainEntityOfPage\":{\"@id\":\"https:\/\/www.africa-press.net\/cameroun\/toutes-les-actualites\/une-personne-presentant-des-signes-de-folie-tue-un-bebe-de-03-mois-a-garoua\"},\"wordCount\":314,\"commentCount\":0,\"image\":{\"@id\":\"https:\/\/www.africa-press.net\/cameroun\/toutes-les-actualites\/une-personne-presentant-des-signes-de-folie-tue-un-bebe-de-03-mois-a-garoua#primaryimage\"},\"thumbnailUrl\":\"https:\/\/static.africa-press.net\/cameroun\/sites\/57\/2023\/03\/postQueueImg_1677746945.16.jpg\",\"keywords\":[\"Africa Press\",\"Africa Press-Cameroun\",\"Cameroun\"],\"articleSection\":[\"Communaut\u00e9\",\"Toutes les actualit\u00e9s\"],\"inLanguage\":\"fr-FR\",\"potentialAction\":[{\"@type\":\"CommentAction\",\"name\":\"Comment\",\"target\":[\"https:\/\/www.africa-press.net\/cameroun\/toutes-les-actualites\/une-personne-presentant-des-signes-de-folie-tue-un-bebe-de-03-mois-a-garoua#respond\"]}]},{\"@type\":\"WebPage\",\"@id\":\"https:\/\/www.africa-press.net\/cameroun\/toutes-les-actualites\/une-personne-presentant-des-signes-de-folie-tue-un-bebe-de-03-mois-a-garoua\",\"url\":\"https:\/\/www.africa-press.net\/cameroun\/toutes-les-actualites\/une-personne-presentant-des-signes-de-folie-tue-un-bebe-de-03-mois-a-garoua\",\"name\":\"Une personne pr\u00e9sentant des signes de folie tue un b\u00e9b\u00e9 de 03 mois \u00e0 Garoua - Cameroun\",\"isPartOf\":{\"@id\":\"https:\/\/www.africa-press.net\/cameroun\/#website\"},\"primaryImageOfPage\":{\"@id\":\"https:\/\/www.africa-press.net\/cameroun\/toutes-les-actualites\/une-personne-presentant-des-signes-de-folie-tue-un-bebe-de-03-mois-a-garoua#primaryimage\"},\"image\":{\"@id\":\"https:\/\/www.africa-press.net\/cameroun\/toutes-les-actualites\/une-personne-presentant-des-signes-de-folie-tue-un-bebe-de-03-mois-a-garoua#primaryimage\"},\"thumbnailUrl\":\"https:\/\/static.africa-press.net\/cameroun\/sites\/57\/2023\/03\/postQueueImg_1677746945.16.jpg\",\"datePublished\":\"2023-03-02T12:19:00+00:00\",\"dateModified\":\"2023-03-02T12:49:33+00:00\",\"author\":{\"@id\":\"https:\/\/www.africa-press.net\/cameroun\/#\/schema\/person\/2b1cf3cd81a31e3cd26889ca66d677f1\"},\"description\":\"D'apre\u0300s nos confre\u0300res de Griote TV, le be\u0301be\u0301 de trois (03) mois a e\u0301te\u0301 retrouve\u0301 mort dans un appartement a\u0300 Garoua ...\",\"breadcrumb\":{\"@id\":\"https:\/\/www.africa-press.net\/cameroun\/toutes-les-actualites\/une-personne-presentant-des-signes-de-folie-tue-un-bebe-de-03-mois-a-garoua#breadcrumb\"},\"inLanguage\":\"fr-FR\",\"potentialAction\":[{\"@type\":\"ReadAction\",\"target\":[\"https:\/\/www.africa-press.net\/cameroun\/toutes-les-actualites\/une-personne-presentant-des-signes-de-folie-tue-un-bebe-de-03-mois-a-garoua\"]}]},{\"@type\":\"ImageObject\",\"inLanguage\":\"fr-FR\",\"@id\":\"https:\/\/www.africa-press.net\/cameroun\/toutes-les-actualites\/une-personne-presentant-des-signes-de-folie-tue-un-bebe-de-03-mois-a-garoua#primaryimage\",\"url\":\"https:\/\/static.africa-press.net\/cameroun\/sites\/57\/2023\/03\/postQueueImg_1677746945.16.jpg\",\"contentUrl\":\"https:\/\/static.africa-press.net\/cameroun\/sites\/57\/2023\/03\/postQueueImg_1677746945.16.jpg\",\"width\":720,\"height\":390,\"caption\":\"Une personne pr\u00e9sentant des signes de folie tue un b\u00e9b\u00e9 de 03 mois \u00e0 Garoua\"},{\"@type\":\"BreadcrumbList\",\"@id\":\"https:\/\/www.africa-press.net\/cameroun\/toutes-les-actualites\/une-personne-presentant-des-signes-de-folie-tue-un-bebe-de-03-mois-a-garoua#breadcrumb\",\"itemListElement\":[{\"@type\":\"ListItem\",\"position\":1,\"name\":\"Accueil\",\"item\":\"https:\/\/www.africa-press.net\/cameroun\/\"},{\"@type\":\"ListItem\",\"position\":2,\"name\":\"Une personne pr\u00e9sentant des signes de folie tue un b\u00e9b\u00e9 de 03 mois \u00e0 Garoua\"}]},{\"@type\":\"WebSite\",\"@id\":\"https:\/\/www.africa-press.net\/cameroun\/#website\",\"url\":\"https:\/\/www.africa-press.net\/cameroun\/\",\"name\":\"Cameroun\",\"description\":\"Just another Africa News Agency Sites site\",\"potentialAction\":[{\"@type\":\"SearchAction\",\"target\":{\"@type\":\"EntryPoint\",\"urlTemplate\":\"https:\/\/www.africa-press.net\/cameroun\/?s={search_term_string}\"},\"query-input\":{\"@type\":\"PropertyValueSpecification\",\"valueRequired\":true,\"valueName\":\"search_term_string\"}}],\"inLanguage\":\"fr-FR\"},{\"@type\":\"Person\",\"@id\":\"https:\/\/www.africa-press.net\/cameroun\/#\/schema\/person\/2b1cf3cd81a31e3cd26889ca66d677f1\",\"name\":\"cfeditorfr\"}]}<\/script>\n<!-- \/ Yoast SEO Premium plugin. -->","yoast_head_json":{"title":"Une personne pr\u00e9sentant des signes de folie tue un b\u00e9b\u00e9 de 03 mois \u00e0 Garoua - Cameroun","description":"D'apre\u0300s nos confre\u0300res de Griote TV, le be\u0301be\u0301 de trois (03) mois a e\u0301te\u0301 retrouve\u0301 mort dans un appartement a\u0300 Garoua ...","robots":{"index":"index","follow":"follow","max-snippet":"max-snippet:-1","max-image-preview":"max-image-preview:large","max-video-preview":"max-video-preview:-1"},"canonical":"https:\/\/www.africa-press.net\/cameroun\/toutes-les-actualites\/une-personne-presentant-des-signes-de-folie-tue-un-bebe-de-03-mois-a-garoua","og_locale":"fr_FR","og_type":"article","og_title":"Une personne pr\u00e9sentant des signes de folie tue un b\u00e9b\u00e9 de 03 mois \u00e0 Garoua","og_description":"D'apre\u0300s nos confre\u0300res de Griote TV, le be\u0301be\u0301 de trois (03) mois a e\u0301te\u0301 retrouve\u0301 mort dans un appartement a\u0300 Garoua ...","og_url":"https:\/\/www.africa-press.net\/cameroun\/toutes-les-actualites\/une-personne-presentant-des-signes-de-folie-tue-un-bebe-de-03-mois-a-garoua","og_site_name":"Cameroun","article_published_time":"2023-03-02T12:19:00+00:00","article_modified_time":"2023-03-02T12:49:33+00:00","og_image":[{"width":720,"height":390,"url":"https:\/\/static.africa-press.net\/cameroun\/sites\/57\/2023\/03\/postQueueImg_1677746945.16.jpg","type":"image\/jpeg"}],"author":"cfeditorfr","twitter_card":"summary_large_image","twitter_misc":{"\u00c9crit par":"cfeditorfr","Dur\u00e9e de lecture estim\u00e9e":"1 minute"},"schema":{"@context":"https:\/\/schema.org","@graph":[{"@type":"Article","@id":"https:\/\/www.africa-press.net\/cameroun\/toutes-les-actualites\/une-personne-presentant-des-signes-de-folie-tue-un-bebe-de-03-mois-a-garoua#article","isPartOf":{"@id":"https:\/\/www.africa-press.net\/cameroun\/toutes-les-actualites\/une-personne-presentant-des-signes-de-folie-tue-un-bebe-de-03-mois-a-garoua"},"author":{"name":"cfeditorfr","@id":"https:\/\/www.africa-press.net\/cameroun\/#\/schema\/person\/2b1cf3cd81a31e3cd26889ca66d677f1"},"headline":"Une personne pr\u00e9sentant des signes de folie tue un b\u00e9b\u00e9 de 03 mois \u00e0 Garoua","datePublished":"2023-03-02T12:19:00+00:00","dateModified":"2023-03-02T12:49:33+00:00","mainEntityOfPage":{"@id":"https:\/\/www.africa-press.net\/cameroun\/toutes-les-actualites\/une-personne-presentant-des-signes-de-folie-tue-un-bebe-de-03-mois-a-garoua"},"wordCount":314,"commentCount":0,"image":{"@id":"https:\/\/www.africa-press.net\/cameroun\/toutes-les-actualites\/une-personne-presentant-des-signes-de-folie-tue-un-bebe-de-03-mois-a-garoua#primaryimage"},"thumbnailUrl":"https:\/\/static.africa-press.net\/cameroun\/sites\/57\/2023\/03\/postQueueImg_1677746945.16.jpg","keywords":["Africa Press","Africa Press-Cameroun","Cameroun"],"articleSection":["Communaut\u00e9","Toutes les actualit\u00e9s"],"inLanguage":"fr-FR","potentialAction":[{"@type":"CommentAction","name":"Comment","target":["https:\/\/www.africa-press.net\/cameroun\/toutes-les-actualites\/une-personne-presentant-des-signes-de-folie-tue-un-bebe-de-03-mois-a-garoua#respond"]}]},{"@type":"WebPage","@id":"https:\/\/www.africa-press.net\/cameroun\/toutes-les-actualites\/une-personne-presentant-des-signes-de-folie-tue-un-bebe-de-03-mois-a-garoua","url":"https:\/\/www.africa-press.net\/cameroun\/toutes-les-actualites\/une-personne-presentant-des-signes-de-folie-tue-un-bebe-de-03-mois-a-garoua","name":"Une personne pr\u00e9sentant des signes de folie tue un b\u00e9b\u00e9 de 03 mois \u00e0 Garoua - Cameroun","isPartOf":{"@id":"https:\/\/www.africa-press.net\/cameroun\/#website"},"primaryImageOfPage":{"@id":"https:\/\/www.africa-press.net\/cameroun\/toutes-les-actualites\/une-personne-presentant-des-signes-de-folie-tue-un-bebe-de-03-mois-a-garoua#primaryimage"},"image":{"@id":"https:\/\/www.africa-press.net\/cameroun\/toutes-les-actualites\/une-personne-presentant-des-signes-de-folie-tue-un-bebe-de-03-mois-a-garoua#primaryimage"},"thumbnailUrl":"https:\/\/static.africa-press.net\/cameroun\/sites\/57\/2023\/03\/postQueueImg_1677746945.16.jpg","datePublished":"2023-03-02T12:19:00+00:00","dateModified":"2023-03-02T12:49:33+00:00","author":{"@id":"https:\/\/www.africa-press.net\/cameroun\/#\/schema\/person\/2b1cf3cd81a31e3cd26889ca66d677f1"},"description":"D'apre\u0300s nos confre\u0300res de Griote TV, le be\u0301be\u0301 de trois (03) mois a e\u0301te\u0301 retrouve\u0301 mort dans un appartement a\u0300 Garoua ...","breadcrumb":{"@id":"https:\/\/www.africa-press.net\/cameroun\/toutes-les-actualites\/une-personne-presentant-des-signes-de-folie-tue-un-bebe-de-03-mois-a-garoua#breadcrumb"},"inLanguage":"fr-FR","potentialAction":[{"@type":"ReadAction","target":["https:\/\/www.africa-press.net\/cameroun\/toutes-les-actualites\/une-personne-presentant-des-signes-de-folie-tue-un-bebe-de-03-mois-a-garoua"]}]},{"@type":"ImageObject","inLanguage":"fr-FR","@id":"https:\/\/www.africa-press.net\/cameroun\/toutes-les-actualites\/une-personne-presentant-des-signes-de-folie-tue-un-bebe-de-03-mois-a-garoua#primaryimage","url":"https:\/\/static.africa-press.net\/cameroun\/sites\/57\/2023\/03\/postQueueImg_1677746945.16.jpg","contentUrl":"https:\/\/static.africa-press.net\/cameroun\/sites\/57\/2023\/03\/postQueueImg_1677746945.16.jpg","width":720,"height":390,"caption":"Une personne pr\u00e9sentant des signes de folie tue un b\u00e9b\u00e9 de 03 mois \u00e0 Garoua"},{"@type":"BreadcrumbList","@id":"https:\/\/www.africa-press.net\/cameroun\/toutes-les-actualites\/une-personne-presentant-des-signes-de-folie-tue-un-bebe-de-03-mois-a-garoua#breadcrumb","itemListElement":[{"@type":"ListItem","position":1,"name":"Accueil","item":"https:\/\/www.africa-press.net\/cameroun\/"},{"@type":"ListItem","position":2,"name":"Une personne pr\u00e9sentant des signes de folie tue un b\u00e9b\u00e9 de 03 mois \u00e0 Garoua"}]},{"@type":"WebSite","@id":"https:\/\/www.africa-press.net\/cameroun\/#website","url":"https:\/\/www.africa-press.net\/cameroun\/","name":"Cameroun","description":"Just another Africa News Agency Sites site","potentialAction":[{"@type":"SearchAction","target":{"@type":"EntryPoint","urlTemplate":"https:\/\/www.africa-press.net\/cameroun\/?s={search_term_string}"},"query-input":{"@type":"PropertyValueSpecification","valueRequired":true,"valueName":"search_term_string"}}],"inLanguage":"fr-FR"},{"@type":"Person","@id":"https:\/\/www.africa-press.net\/cameroun\/#\/schema\/person\/2b1cf3cd81a31e3cd26889ca66d677f1","name":"cfeditorfr"}]}},"_links":{"self":[{"href":"https:\/\/www.africa-press.net\/cameroun\/wp-json\/wp\/v2\/posts\/38159","targetHints":{"allow":["GET"]}}],"collection":[{"href":"https:\/\/www.africa-press.net\/cameroun\/wp-json\/wp\/v2\/posts"}],"about":[{"href":"https:\/\/www.africa-press.net\/cameroun\/wp-json\/wp\/v2\/types\/post"}],"author":[{"embeddable":true,"href":"https:\/\/www.africa-press.net\/cameroun\/wp-json\/wp\/v2\/users\/82"}],"replies":[{"embeddable":true,"href":"https:\/\/www.africa-press.net\/cameroun\/wp-json\/wp\/v2\/comments?post=38159"}],"version-history":[{"count":0,"href":"https:\/\/www.africa-press.net\/cameroun\/wp-json\/wp\/v2\/posts\/38159\/revisions"}],"wp:featuredmedia":[{"embeddable":true,"href":"https:\/\/www.africa-press.net\/cameroun\/wp-json\/wp\/v2\/media\/38157"}],"wp:attachment":[{"href":"https:\/\/www.africa-press.net\/cameroun\/wp-json\/wp\/v2\/media?parent=38159"}],"wp:term":[{"taxonomy":"category","embeddable":true,"href":"https:\/\/www.africa-press.net\/cameroun\/wp-json\/wp\/v2\/categories?post=38159"},{"taxonomy":"post_tag","embeddable":true,"href":"https:\/\/www.africa-press.net\/cameroun\/wp-json\/wp\/v2\/tags?post=38159"}],"curies":[{"name":"wp","href":"https:\/\/api.w.org\/{rel}","templated":true}]}}