{"id":38166,"date":"2023-03-02T12:19:23","date_gmt":"2023-03-02T12:19:23","guid":{"rendered":"https:\/\/www.africa-press.net\/cameroun\/politique\/le-cameroun-sur-le-front-du-developpement-durable"},"modified":"2023-03-02T12:50:41","modified_gmt":"2023-03-02T12:50:41","slug":"le-cameroun-sur-le-front-du-developpement-durable","status":"publish","type":"post","link":"https:\/\/www.africa-press.net\/cameroun\/politique\/le-cameroun-sur-le-front-du-developpement-durable","title":{"rendered":"Le Cameroun sur le front du d\u00e9veloppement durable"},"content":{"rendered":"<p><span style=\"color: #ff6600\"><strong>Africa-Press &#8211; Cameroun. <\/strong><\/span><b>Le vice-pre\u0301sident de l\u2019Assemble\u0301e nationale, Hilarion Etong, est au Gabon ou\u0300 il participe a\u0300 la confe\u0301rence internationale du Re\u0301seau des parlementaires sur l\u2019e\u0301cosyste\u0300me&#8230;<\/b><\/p>\n<p>Pre\u0300s de 250 experts dont des de\u0301pute\u0301s et se\u0301nateurs de la sous-re\u0301gion Afrique centrale sont re\u0301unis depuis le 27 fe\u0301vrier a\u0300 Libreville, Gabon. Cette rencontre s\u2019inscrit dans le cadre de la troisie\u0300me Confe\u0301rence internationale du Re\u0301seau des parlementaires pour la gestion durable des e\u0301cosyste\u0300mes forestiers d\u2019Afrique centrale.<\/p>\n<p>La de\u0301le\u0301gation camerounaise est conduite par l\u2019honorable Hilarion Etong, vice-pre\u0301sident de l\u2019Assemble\u0301e nationale du Cameroun et l\u2019honorable Jean Jacques Zam, coordinateur re\u0301gional du Re\u0301seau des parlementaires pour la gestion durable des e\u0301cosyste\u0300mes forestiers d\u2019Afrique centrale (Rapar-AC).<\/p>\n<p>A travers ces rencontres, les parlementaires de la sous-re\u0301gion s\u2019engagent a\u0300 lutter pour la pre\u0301servation de la nature. Cela se traduit pas des consultations et la formulation de propositions adresse\u0301es aux gouvernements des pays d\u2019Afrique centrale afin d\u2019ame\u0301liorer les actions mene\u0301es jusqu\u2019a\u0300 pre\u0301sent.<\/p>\n<p><strong>Pour plus d&rsquo;informations et d&rsquo;analyses sur la <a href=\"https:\/\/www.africa-press.net\/cameroun\">Cameroun<\/a>, suivez <a href=\"https:\/\/www.africa-press.net\/\">Africa-Press<\/a><\/strong><\/p>\n","protected":false},"excerpt":{"rendered":"<p>Africa-Press &#8211; Cameroun. Le vice-pre\u0301sident de l\u2019Assemble\u0301e nationale, Hilarion Etong, est au Gabon ou\u0300 il participe a\u0300 la confe\u0301rence internationale du Re\u0301seau des parlementaires sur l\u2019e\u0301cosyste\u0300me&#8230; Pre\u0300s de 250 experts dont des de\u0301pute\u0301s et se\u0301nateurs de la sous-re\u0301gion Afrique centrale sont re\u0301unis depuis le 27 fe\u0301vrier a\u0300 Libreville, Gabon. Cette rencontre s\u2019inscrit dans le cadre [&hellip;]<\/p>\n","protected":false},"author":82,"featured_media":38163,"comment_status":"open","ping_status":"closed","sticky":false,"template":"","format":"standard","meta":{"footnotes":""},"categories":[2,10],"tags":[36,50,49],"class_list":["post-38166","post","type-post","status-publish","format-standard","has-post-thumbnail","hentry","category-politique","category-toutes-les-actualites","tag-africa-press","tag-africa-press-cameroun","tag-cameroun"],"yoast_head":"<!-- This site is optimized with the Yoast SEO Premium plugin v26.1 (Yoast SEO v27.0) - https:\/\/yoast.com\/product\/yoast-seo-premium-wordpress\/ -->\n<title>Le Cameroun sur le front du d\u00e9veloppement durable - Cameroun<\/title>\n<meta name=\"description\" content=\"Le vice-pre\u0301sident de l\u2019Assemble\u0301e nationale, Hilarion Etong, est au Gabon ou\u0300 il participe a\u0300 la confe\u0301rence interna ...\" \/>\n<meta name=\"robots\" content=\"index, follow, max-snippet:-1, max-image-preview:large, max-video-preview:-1\" \/>\n<link rel=\"canonical\" href=\"https:\/\/www.africa-press.net\/cameroun\/politique\/le-cameroun-sur-le-front-du-developpement-durable\" \/>\n<meta property=\"og:locale\" content=\"fr_FR\" \/>\n<meta property=\"og:type\" content=\"article\" \/>\n<meta property=\"og:title\" content=\"Le Cameroun sur le front du d\u00e9veloppement durable\" \/>\n<meta property=\"og:description\" content=\"Le vice-pre\u0301sident de l\u2019Assemble\u0301e nationale, Hilarion Etong, est au Gabon ou\u0300 il participe a\u0300 la confe\u0301rence interna ...\" \/>\n<meta property=\"og:url\" content=\"https:\/\/www.africa-press.net\/cameroun\/politique\/le-cameroun-sur-le-front-du-developpement-durable\" \/>\n<meta property=\"og:site_name\" content=\"Cameroun\" \/>\n<meta property=\"article:published_time\" content=\"2023-03-02T12:19:23+00:00\" \/>\n<meta property=\"article:modified_time\" content=\"2023-03-02T12:50:41+00:00\" \/>\n<meta property=\"og:image\" content=\"https:\/\/static.africa-press.net\/cameroun\/sites\/57\/2023\/03\/postQueueImg_1677746965.22.jpg\" \/>\n\t<meta property=\"og:image:width\" content=\"720\" \/>\n\t<meta property=\"og:image:height\" content=\"479\" \/>\n\t<meta property=\"og:image:type\" content=\"image\/jpeg\" \/>\n<meta name=\"author\" content=\"cfeditorfr\" \/>\n<meta name=\"twitter:card\" content=\"summary_large_image\" \/>\n<meta name=\"twitter:label1\" content=\"\u00c9crit par\" \/>\n\t<meta name=\"twitter:data1\" content=\"cfeditorfr\" \/>\n\t<meta name=\"twitter:label2\" content=\"Dur\u00e9e de lecture estim\u00e9e\" \/>\n\t<meta name=\"twitter:data2\" content=\"1 minute\" \/>\n<script type=\"application\/ld+json\" class=\"yoast-schema-graph\">{\"@context\":\"https:\/\/schema.org\",\"@graph\":[{\"@type\":\"Article\",\"@id\":\"https:\/\/www.africa-press.net\/cameroun\/politique\/le-cameroun-sur-le-front-du-developpement-durable#article\",\"isPartOf\":{\"@id\":\"https:\/\/www.africa-press.net\/cameroun\/politique\/le-cameroun-sur-le-front-du-developpement-durable\"},\"author\":{\"name\":\"cfeditorfr\",\"@id\":\"https:\/\/www.africa-press.net\/cameroun\/#\/schema\/person\/2b1cf3cd81a31e3cd26889ca66d677f1\"},\"headline\":\"Le Cameroun sur le front du d\u00e9veloppement durable\",\"datePublished\":\"2023-03-02T12:19:23+00:00\",\"dateModified\":\"2023-03-02T12:50:41+00:00\",\"mainEntityOfPage\":{\"@id\":\"https:\/\/www.africa-press.net\/cameroun\/politique\/le-cameroun-sur-le-front-du-developpement-durable\"},\"wordCount\":215,\"commentCount\":0,\"image\":{\"@id\":\"https:\/\/www.africa-press.net\/cameroun\/politique\/le-cameroun-sur-le-front-du-developpement-durable#primaryimage\"},\"thumbnailUrl\":\"https:\/\/static.africa-press.net\/cameroun\/sites\/57\/2023\/03\/postQueueImg_1677746965.22.jpg\",\"keywords\":[\"Africa Press\",\"Africa Press-Cameroun\",\"Cameroun\"],\"articleSection\":[\"Politique\",\"Toutes les actualit\u00e9s\"],\"inLanguage\":\"fr-FR\",\"potentialAction\":[{\"@type\":\"CommentAction\",\"name\":\"Comment\",\"target\":[\"https:\/\/www.africa-press.net\/cameroun\/politique\/le-cameroun-sur-le-front-du-developpement-durable#respond\"]}]},{\"@type\":\"WebPage\",\"@id\":\"https:\/\/www.africa-press.net\/cameroun\/politique\/le-cameroun-sur-le-front-du-developpement-durable\",\"url\":\"https:\/\/www.africa-press.net\/cameroun\/politique\/le-cameroun-sur-le-front-du-developpement-durable\",\"name\":\"Le Cameroun sur le front du d\u00e9veloppement durable - Cameroun\",\"isPartOf\":{\"@id\":\"https:\/\/www.africa-press.net\/cameroun\/#website\"},\"primaryImageOfPage\":{\"@id\":\"https:\/\/www.africa-press.net\/cameroun\/politique\/le-cameroun-sur-le-front-du-developpement-durable#primaryimage\"},\"image\":{\"@id\":\"https:\/\/www.africa-press.net\/cameroun\/politique\/le-cameroun-sur-le-front-du-developpement-durable#primaryimage\"},\"thumbnailUrl\":\"https:\/\/static.africa-press.net\/cameroun\/sites\/57\/2023\/03\/postQueueImg_1677746965.22.jpg\",\"datePublished\":\"2023-03-02T12:19:23+00:00\",\"dateModified\":\"2023-03-02T12:50:41+00:00\",\"author\":{\"@id\":\"https:\/\/www.africa-press.net\/cameroun\/#\/schema\/person\/2b1cf3cd81a31e3cd26889ca66d677f1\"},\"description\":\"Le vice-pre\u0301sident de l\u2019Assemble\u0301e nationale, Hilarion Etong, est au Gabon ou\u0300 il participe a\u0300 la confe\u0301rence interna ...\",\"breadcrumb\":{\"@id\":\"https:\/\/www.africa-press.net\/cameroun\/politique\/le-cameroun-sur-le-front-du-developpement-durable#breadcrumb\"},\"inLanguage\":\"fr-FR\",\"potentialAction\":[{\"@type\":\"ReadAction\",\"target\":[\"https:\/\/www.africa-press.net\/cameroun\/politique\/le-cameroun-sur-le-front-du-developpement-durable\"]}]},{\"@type\":\"ImageObject\",\"inLanguage\":\"fr-FR\",\"@id\":\"https:\/\/www.africa-press.net\/cameroun\/politique\/le-cameroun-sur-le-front-du-developpement-durable#primaryimage\",\"url\":\"https:\/\/static.africa-press.net\/cameroun\/sites\/57\/2023\/03\/postQueueImg_1677746965.22.jpg\",\"contentUrl\":\"https:\/\/static.africa-press.net\/cameroun\/sites\/57\/2023\/03\/postQueueImg_1677746965.22.jpg\",\"width\":720,\"height\":479,\"caption\":\"Le Cameroun sur le front du d\u00e9veloppement durable\"},{\"@type\":\"BreadcrumbList\",\"@id\":\"https:\/\/www.africa-press.net\/cameroun\/politique\/le-cameroun-sur-le-front-du-developpement-durable#breadcrumb\",\"itemListElement\":[{\"@type\":\"ListItem\",\"position\":1,\"name\":\"Accueil\",\"item\":\"https:\/\/www.africa-press.net\/cameroun\/\"},{\"@type\":\"ListItem\",\"position\":2,\"name\":\"Le Cameroun sur le front du d\u00e9veloppement durable\"}]},{\"@type\":\"WebSite\",\"@id\":\"https:\/\/www.africa-press.net\/cameroun\/#website\",\"url\":\"https:\/\/www.africa-press.net\/cameroun\/\",\"name\":\"Cameroun\",\"description\":\"Just another Africa News Agency Sites site\",\"potentialAction\":[{\"@type\":\"SearchAction\",\"target\":{\"@type\":\"EntryPoint\",\"urlTemplate\":\"https:\/\/www.africa-press.net\/cameroun\/?s={search_term_string}\"},\"query-input\":{\"@type\":\"PropertyValueSpecification\",\"valueRequired\":true,\"valueName\":\"search_term_string\"}}],\"inLanguage\":\"fr-FR\"},{\"@type\":\"Person\",\"@id\":\"https:\/\/www.africa-press.net\/cameroun\/#\/schema\/person\/2b1cf3cd81a31e3cd26889ca66d677f1\",\"name\":\"cfeditorfr\"}]}<\/script>\n<!-- \/ Yoast SEO Premium plugin. -->","yoast_head_json":{"title":"Le Cameroun sur le front du d\u00e9veloppement durable - Cameroun","description":"Le vice-pre\u0301sident de l\u2019Assemble\u0301e nationale, Hilarion Etong, est au Gabon ou\u0300 il participe a\u0300 la confe\u0301rence interna ...","robots":{"index":"index","follow":"follow","max-snippet":"max-snippet:-1","max-image-preview":"max-image-preview:large","max-video-preview":"max-video-preview:-1"},"canonical":"https:\/\/www.africa-press.net\/cameroun\/politique\/le-cameroun-sur-le-front-du-developpement-durable","og_locale":"fr_FR","og_type":"article","og_title":"Le Cameroun sur le front du d\u00e9veloppement durable","og_description":"Le vice-pre\u0301sident de l\u2019Assemble\u0301e nationale, Hilarion Etong, est au Gabon ou\u0300 il participe a\u0300 la confe\u0301rence interna ...","og_url":"https:\/\/www.africa-press.net\/cameroun\/politique\/le-cameroun-sur-le-front-du-developpement-durable","og_site_name":"Cameroun","article_published_time":"2023-03-02T12:19:23+00:00","article_modified_time":"2023-03-02T12:50:41+00:00","og_image":[{"width":720,"height":479,"url":"https:\/\/static.africa-press.net\/cameroun\/sites\/57\/2023\/03\/postQueueImg_1677746965.22.jpg","type":"image\/jpeg"}],"author":"cfeditorfr","twitter_card":"summary_large_image","twitter_misc":{"\u00c9crit par":"cfeditorfr","Dur\u00e9e de lecture estim\u00e9e":"1 minute"},"schema":{"@context":"https:\/\/schema.org","@graph":[{"@type":"Article","@id":"https:\/\/www.africa-press.net\/cameroun\/politique\/le-cameroun-sur-le-front-du-developpement-durable#article","isPartOf":{"@id":"https:\/\/www.africa-press.net\/cameroun\/politique\/le-cameroun-sur-le-front-du-developpement-durable"},"author":{"name":"cfeditorfr","@id":"https:\/\/www.africa-press.net\/cameroun\/#\/schema\/person\/2b1cf3cd81a31e3cd26889ca66d677f1"},"headline":"Le Cameroun sur le front du d\u00e9veloppement durable","datePublished":"2023-03-02T12:19:23+00:00","dateModified":"2023-03-02T12:50:41+00:00","mainEntityOfPage":{"@id":"https:\/\/www.africa-press.net\/cameroun\/politique\/le-cameroun-sur-le-front-du-developpement-durable"},"wordCount":215,"commentCount":0,"image":{"@id":"https:\/\/www.africa-press.net\/cameroun\/politique\/le-cameroun-sur-le-front-du-developpement-durable#primaryimage"},"thumbnailUrl":"https:\/\/static.africa-press.net\/cameroun\/sites\/57\/2023\/03\/postQueueImg_1677746965.22.jpg","keywords":["Africa Press","Africa Press-Cameroun","Cameroun"],"articleSection":["Politique","Toutes les actualit\u00e9s"],"inLanguage":"fr-FR","potentialAction":[{"@type":"CommentAction","name":"Comment","target":["https:\/\/www.africa-press.net\/cameroun\/politique\/le-cameroun-sur-le-front-du-developpement-durable#respond"]}]},{"@type":"WebPage","@id":"https:\/\/www.africa-press.net\/cameroun\/politique\/le-cameroun-sur-le-front-du-developpement-durable","url":"https:\/\/www.africa-press.net\/cameroun\/politique\/le-cameroun-sur-le-front-du-developpement-durable","name":"Le Cameroun sur le front du d\u00e9veloppement durable - Cameroun","isPartOf":{"@id":"https:\/\/www.africa-press.net\/cameroun\/#website"},"primaryImageOfPage":{"@id":"https:\/\/www.africa-press.net\/cameroun\/politique\/le-cameroun-sur-le-front-du-developpement-durable#primaryimage"},"image":{"@id":"https:\/\/www.africa-press.net\/cameroun\/politique\/le-cameroun-sur-le-front-du-developpement-durable#primaryimage"},"thumbnailUrl":"https:\/\/static.africa-press.net\/cameroun\/sites\/57\/2023\/03\/postQueueImg_1677746965.22.jpg","datePublished":"2023-03-02T12:19:23+00:00","dateModified":"2023-03-02T12:50:41+00:00","author":{"@id":"https:\/\/www.africa-press.net\/cameroun\/#\/schema\/person\/2b1cf3cd81a31e3cd26889ca66d677f1"},"description":"Le vice-pre\u0301sident de l\u2019Assemble\u0301e nationale, Hilarion Etong, est au Gabon ou\u0300 il participe a\u0300 la confe\u0301rence interna ...","breadcrumb":{"@id":"https:\/\/www.africa-press.net\/cameroun\/politique\/le-cameroun-sur-le-front-du-developpement-durable#breadcrumb"},"inLanguage":"fr-FR","potentialAction":[{"@type":"ReadAction","target":["https:\/\/www.africa-press.net\/cameroun\/politique\/le-cameroun-sur-le-front-du-developpement-durable"]}]},{"@type":"ImageObject","inLanguage":"fr-FR","@id":"https:\/\/www.africa-press.net\/cameroun\/politique\/le-cameroun-sur-le-front-du-developpement-durable#primaryimage","url":"https:\/\/static.africa-press.net\/cameroun\/sites\/57\/2023\/03\/postQueueImg_1677746965.22.jpg","contentUrl":"https:\/\/static.africa-press.net\/cameroun\/sites\/57\/2023\/03\/postQueueImg_1677746965.22.jpg","width":720,"height":479,"caption":"Le Cameroun sur le front du d\u00e9veloppement durable"},{"@type":"BreadcrumbList","@id":"https:\/\/www.africa-press.net\/cameroun\/politique\/le-cameroun-sur-le-front-du-developpement-durable#breadcrumb","itemListElement":[{"@type":"ListItem","position":1,"name":"Accueil","item":"https:\/\/www.africa-press.net\/cameroun\/"},{"@type":"ListItem","position":2,"name":"Le Cameroun sur le front du d\u00e9veloppement durable"}]},{"@type":"WebSite","@id":"https:\/\/www.africa-press.net\/cameroun\/#website","url":"https:\/\/www.africa-press.net\/cameroun\/","name":"Cameroun","description":"Just another Africa News Agency Sites site","potentialAction":[{"@type":"SearchAction","target":{"@type":"EntryPoint","urlTemplate":"https:\/\/www.africa-press.net\/cameroun\/?s={search_term_string}"},"query-input":{"@type":"PropertyValueSpecification","valueRequired":true,"valueName":"search_term_string"}}],"inLanguage":"fr-FR"},{"@type":"Person","@id":"https:\/\/www.africa-press.net\/cameroun\/#\/schema\/person\/2b1cf3cd81a31e3cd26889ca66d677f1","name":"cfeditorfr"}]}},"_links":{"self":[{"href":"https:\/\/www.africa-press.net\/cameroun\/wp-json\/wp\/v2\/posts\/38166","targetHints":{"allow":["GET"]}}],"collection":[{"href":"https:\/\/www.africa-press.net\/cameroun\/wp-json\/wp\/v2\/posts"}],"about":[{"href":"https:\/\/www.africa-press.net\/cameroun\/wp-json\/wp\/v2\/types\/post"}],"author":[{"embeddable":true,"href":"https:\/\/www.africa-press.net\/cameroun\/wp-json\/wp\/v2\/users\/82"}],"replies":[{"embeddable":true,"href":"https:\/\/www.africa-press.net\/cameroun\/wp-json\/wp\/v2\/comments?post=38166"}],"version-history":[{"count":0,"href":"https:\/\/www.africa-press.net\/cameroun\/wp-json\/wp\/v2\/posts\/38166\/revisions"}],"wp:featuredmedia":[{"embeddable":true,"href":"https:\/\/www.africa-press.net\/cameroun\/wp-json\/wp\/v2\/media\/38163"}],"wp:attachment":[{"href":"https:\/\/www.africa-press.net\/cameroun\/wp-json\/wp\/v2\/media?parent=38166"}],"wp:term":[{"taxonomy":"category","embeddable":true,"href":"https:\/\/www.africa-press.net\/cameroun\/wp-json\/wp\/v2\/categories?post=38166"},{"taxonomy":"post_tag","embeddable":true,"href":"https:\/\/www.africa-press.net\/cameroun\/wp-json\/wp\/v2\/tags?post=38166"}],"curies":[{"name":"wp","href":"https:\/\/api.w.org\/{rel}","templated":true}]}}