{"id":38167,"date":"2023-03-02T12:17:35","date_gmt":"2023-03-02T12:17:35","guid":{"rendered":"https:\/\/www.africa-press.net\/cameroun\/politique\/detention-damougou-belinga-le-cas-marafa-hamidou-yaya-revient-sur-le-devant-de-la-scene"},"modified":"2023-03-02T12:54:19","modified_gmt":"2023-03-02T12:54:19","slug":"detention-damougou-belinga-le-cas-marafa-hamidou-yaya-revient-sur-le-devant-de-la-scene","status":"publish","type":"post","link":"https:\/\/www.africa-press.net\/cameroun\/politique\/detention-damougou-belinga-le-cas-marafa-hamidou-yaya-revient-sur-le-devant-de-la-scene","title":{"rendered":"D\u00e9tention d\u2019Amougou Belinga : le cas Marafa Hamidou Yaya revient sur le devant de la sc\u00e8ne"},"content":{"rendered":"<p><span style=\"color: #ff6600\"><strong>Africa-Press &#8211; Cameroun. <\/strong><\/span>Arlette Framboise Doumbe Ding a de nouveau pris sa plume pour analyser la situation d\u2019Amougou Belinga qui enchai\u0302ne plusieurs jours de de\u0301tention dans le dossier Martinez Zogo. par ailleurs, l\u2019activiste fait le paralle\u0300le d\u2019 Marafa Hamidou Yaya qui reste toujours en de\u0301tention avec un dossier flou.<\/p>\n<p>Aujourd&rsquo;hui il y en qui interrogent et qui demandent les preuves mate\u0301rielles qui justifient la de\u0301tention de Amougou Belinga. C&rsquo;est une question de bon sens .<\/p>\n<p>Sauf que la question n&rsquo;est pose\u0301e par certains que parceque la victime s&rsquo;appelle Amougou Belinga.<\/p>\n<p>Ils n&rsquo;ont pas pose\u0301 la me\u0302me question quand la victime s&rsquo;appelait Marafa Hamidou Yaya.<\/p>\n<p>Apre\u0300s tant d&rsquo;anne\u0301es d&#8217;emprisonnement, qui peut nous dire exactement ce qui est reproche\u0301 a\u0300 Monsieur Marafa Hamidou Yaya ? Il n&rsquo;a pas vole\u0301 l&rsquo;argent de l&rsquo;E\u0301tat et pourtant il a\u0300 e\u0301te\u0301 condamne\u0301 a\u0300 une tre\u0300s lourde peine de prison pour \u00ab\u00a0complicite\u0301 intellectuelle\u00a0\u00bb dans une affaire de de\u0301tournement d&rsquo;argent. La qualification \u00ab\u00a0complicite\u0301 intellectuelle\u00a0\u00bb n&rsquo;existe pas dans les lois Camerounaises. Ce qui veut dire qu&rsquo;il a\u0300 e\u0301te\u0301 condamne\u0301 sur la base d&rsquo;une infraction imaginaire et donc, sa condamnation est clairement ille\u0301gale. Une injustice sur laquelle ceux qui demandent bruyamment la libe\u0301ration de Amougou Belinga ont toujours ferme\u0301 les yeux .<\/p>\n<p>Il y en a qui sont alle\u0301s jusqu&rsquo;a\u0300 se re\u0301jouir de l&rsquo;arrestation et de l&#8217;emprisonnement pourtant arbitraire des militants du MRC. Aujourd&rsquo;hui ils demandent les preuves de l&rsquo;arrestation de AB et exigent me\u0302me sa libe\u0301ration. Mais pourquoi n&rsquo;exigent t-ils pas la libe\u0301ration de Marafa Hamidou Yaya, Alain Fogue , Madame Awansu Mispa, Salomon Be\u0301as ou Bibou Nissack, tous emprisonne\u0301s arbitrairement ? Pourquoi ne demandent-ils pas les preuves de leurs arrestations. Pourquoi se taisent-ils depuis que ces derniers sont condamne\u0301s sans la moindre preuve de leur culpabilite\u0301 ?<\/p>\n<p>L&rsquo;attitude de ceux qui demandent la libe\u0301ration de AB montre que ce n&rsquo;est pas la justice qui les les inte\u0301resse en re\u0301alite\u0301. Car si c&rsquo;est la justice qui les inte\u0301ressait, ils demanderaient la libe\u0301ration de toutes les personnes emprisonne\u0301es injustement au Cameroun. Ils sont incapables de franchir ce pas car domine\u0301s par la me\u0301chancete\u0301 et le tribalisme. Ils veulent simplement qu&rsquo;on libe\u0300re un fre\u0300re.<\/p>\n<p>Ils veulent qu&rsquo;on libe\u0300re un fre\u0300re quitte a\u0300 ce que les autres pe\u0301rissent en prison me\u0302me s&rsquo;ils sont injustement incarce\u0301re\u0301s. C&rsquo;est c\u0327a qui est de\u0301solant.<\/p>\n<p>Je me demande pourquoi l&rsquo;e\u0302tre humain peut e\u0302tre me\u0301chant jusqu&rsquo;a\u0300 ce point ?<\/p>\n<p>Est-ce le tribalisme seul qui a pu de\u0301truire les structures mentales de certains de nos compatriotes incapables de penser la vie au-dela\u0300 des conside\u0301rations tribales ?<\/p>\n<p>Je me rends compte aujourd&rsquo;hui qu&rsquo;apre\u0300s le de\u0301part de Biya, il faudra au moins 30 ans pour refaire les mentalite\u0301s aussi profonde\u0301ment abi\u0302me\u0301es au Cameroun.<\/p>\n<p>Mais en attendant, ceux qui pensent que l&rsquo;injustice est bonne pour les autres doivent apprendre ceci:<\/p>\n<p><strong>Pour plus d&rsquo;informations et d&rsquo;analyses sur la <a href=\"https:\/\/www.africa-press.net\/cameroun\">Cameroun<\/a>, suivez <a href=\"https:\/\/www.africa-press.net\/\">Africa-Press<\/a><\/strong><\/p>\n","protected":false},"excerpt":{"rendered":"<p>Africa-Press &#8211; Cameroun. Arlette Framboise Doumbe Ding a de nouveau pris sa plume pour analyser la situation d\u2019Amougou Belinga qui enchai\u0302ne plusieurs jours de de\u0301tention dans le dossier Martinez Zogo. par ailleurs, l\u2019activiste fait le paralle\u0300le d\u2019 Marafa Hamidou Yaya qui reste toujours en de\u0301tention avec un dossier flou. Aujourd&rsquo;hui il y en qui interrogent [&hellip;]<\/p>\n","protected":false},"author":82,"featured_media":38162,"comment_status":"open","ping_status":"closed","sticky":false,"template":"","format":"standard","meta":{"footnotes":""},"categories":[2,10],"tags":[36,50,49],"class_list":["post-38167","post","type-post","status-publish","format-standard","has-post-thumbnail","hentry","category-politique","category-toutes-les-actualites","tag-africa-press","tag-africa-press-cameroun","tag-cameroun"],"yoast_head":"<!-- This site is optimized with the Yoast SEO Premium plugin v26.1 (Yoast SEO v27.0) - https:\/\/yoast.com\/product\/yoast-seo-premium-wordpress\/ -->\n<title>D\u00e9tention d\u2019Amougou Belinga : le cas Marafa Hamidou Yaya revient sur le devant de la sc\u00e8ne - Cameroun<\/title>\n<meta name=\"description\" content=\"Arlette Framboise Doumbe Ding a de nouveau pris sa plume pour analyser la situation d\u2019Amougou Belinga qui enchai\u0302ne plus ...\" \/>\n<meta name=\"robots\" content=\"index, follow, max-snippet:-1, max-image-preview:large, max-video-preview:-1\" \/>\n<link rel=\"canonical\" href=\"https:\/\/www.africa-press.net\/cameroun\/politique\/detention-damougou-belinga-le-cas-marafa-hamidou-yaya-revient-sur-le-devant-de-la-scene\" \/>\n<meta property=\"og:locale\" content=\"fr_FR\" \/>\n<meta property=\"og:type\" content=\"article\" \/>\n<meta property=\"og:title\" content=\"D\u00e9tention d\u2019Amougou Belinga : le cas Marafa Hamidou Yaya revient sur le devant de la sc\u00e8ne\" \/>\n<meta property=\"og:description\" content=\"Arlette Framboise Doumbe Ding a de nouveau pris sa plume pour analyser la situation d\u2019Amougou Belinga qui enchai\u0302ne plus ...\" \/>\n<meta property=\"og:url\" content=\"https:\/\/www.africa-press.net\/cameroun\/politique\/detention-damougou-belinga-le-cas-marafa-hamidou-yaya-revient-sur-le-devant-de-la-scene\" \/>\n<meta property=\"og:site_name\" content=\"Cameroun\" \/>\n<meta property=\"article:published_time\" content=\"2023-03-02T12:17:35+00:00\" \/>\n<meta property=\"article:modified_time\" content=\"2023-03-02T12:54:19+00:00\" \/>\n<meta property=\"og:image\" content=\"https:\/\/static.africa-press.net\/cameroun\/sites\/57\/2023\/03\/postQueueImg_1677746867.43.jpg\" \/>\n\t<meta property=\"og:image:width\" content=\"720\" \/>\n\t<meta property=\"og:image:height\" content=\"406\" \/>\n\t<meta property=\"og:image:type\" content=\"image\/jpeg\" \/>\n<meta name=\"author\" content=\"cfeditorfr\" \/>\n<meta name=\"twitter:card\" content=\"summary_large_image\" \/>\n<meta name=\"twitter:label1\" content=\"\u00c9crit par\" \/>\n\t<meta name=\"twitter:data1\" content=\"cfeditorfr\" \/>\n\t<meta name=\"twitter:label2\" content=\"Dur\u00e9e de lecture estim\u00e9e\" \/>\n\t<meta name=\"twitter:data2\" content=\"3 minutes\" \/>\n<script type=\"application\/ld+json\" class=\"yoast-schema-graph\">{\"@context\":\"https:\/\/schema.org\",\"@graph\":[{\"@type\":\"Article\",\"@id\":\"https:\/\/www.africa-press.net\/cameroun\/politique\/detention-damougou-belinga-le-cas-marafa-hamidou-yaya-revient-sur-le-devant-de-la-scene#article\",\"isPartOf\":{\"@id\":\"https:\/\/www.africa-press.net\/cameroun\/politique\/detention-damougou-belinga-le-cas-marafa-hamidou-yaya-revient-sur-le-devant-de-la-scene\"},\"author\":{\"name\":\"cfeditorfr\",\"@id\":\"https:\/\/www.africa-press.net\/cameroun\/#\/schema\/person\/2b1cf3cd81a31e3cd26889ca66d677f1\"},\"headline\":\"D\u00e9tention d\u2019Amougou Belinga : le cas Marafa Hamidou Yaya revient sur le devant de la sc\u00e8ne\",\"datePublished\":\"2023-03-02T12:17:35+00:00\",\"dateModified\":\"2023-03-02T12:54:19+00:00\",\"mainEntityOfPage\":{\"@id\":\"https:\/\/www.africa-press.net\/cameroun\/politique\/detention-damougou-belinga-le-cas-marafa-hamidou-yaya-revient-sur-le-devant-de-la-scene\"},\"wordCount\":568,\"commentCount\":0,\"image\":{\"@id\":\"https:\/\/www.africa-press.net\/cameroun\/politique\/detention-damougou-belinga-le-cas-marafa-hamidou-yaya-revient-sur-le-devant-de-la-scene#primaryimage\"},\"thumbnailUrl\":\"https:\/\/static.africa-press.net\/cameroun\/sites\/57\/2023\/03\/postQueueImg_1677746867.43.jpg\",\"keywords\":[\"Africa Press\",\"Africa Press-Cameroun\",\"Cameroun\"],\"articleSection\":[\"Politique\",\"Toutes les actualit\u00e9s\"],\"inLanguage\":\"fr-FR\",\"potentialAction\":[{\"@type\":\"CommentAction\",\"name\":\"Comment\",\"target\":[\"https:\/\/www.africa-press.net\/cameroun\/politique\/detention-damougou-belinga-le-cas-marafa-hamidou-yaya-revient-sur-le-devant-de-la-scene#respond\"]}]},{\"@type\":\"WebPage\",\"@id\":\"https:\/\/www.africa-press.net\/cameroun\/politique\/detention-damougou-belinga-le-cas-marafa-hamidou-yaya-revient-sur-le-devant-de-la-scene\",\"url\":\"https:\/\/www.africa-press.net\/cameroun\/politique\/detention-damougou-belinga-le-cas-marafa-hamidou-yaya-revient-sur-le-devant-de-la-scene\",\"name\":\"D\u00e9tention d\u2019Amougou Belinga : le cas Marafa Hamidou Yaya revient sur le devant de la sc\u00e8ne - Cameroun\",\"isPartOf\":{\"@id\":\"https:\/\/www.africa-press.net\/cameroun\/#website\"},\"primaryImageOfPage\":{\"@id\":\"https:\/\/www.africa-press.net\/cameroun\/politique\/detention-damougou-belinga-le-cas-marafa-hamidou-yaya-revient-sur-le-devant-de-la-scene#primaryimage\"},\"image\":{\"@id\":\"https:\/\/www.africa-press.net\/cameroun\/politique\/detention-damougou-belinga-le-cas-marafa-hamidou-yaya-revient-sur-le-devant-de-la-scene#primaryimage\"},\"thumbnailUrl\":\"https:\/\/static.africa-press.net\/cameroun\/sites\/57\/2023\/03\/postQueueImg_1677746867.43.jpg\",\"datePublished\":\"2023-03-02T12:17:35+00:00\",\"dateModified\":\"2023-03-02T12:54:19+00:00\",\"author\":{\"@id\":\"https:\/\/www.africa-press.net\/cameroun\/#\/schema\/person\/2b1cf3cd81a31e3cd26889ca66d677f1\"},\"description\":\"Arlette Framboise Doumbe Ding a de nouveau pris sa plume pour analyser la situation d\u2019Amougou Belinga qui enchai\u0302ne plus ...\",\"breadcrumb\":{\"@id\":\"https:\/\/www.africa-press.net\/cameroun\/politique\/detention-damougou-belinga-le-cas-marafa-hamidou-yaya-revient-sur-le-devant-de-la-scene#breadcrumb\"},\"inLanguage\":\"fr-FR\",\"potentialAction\":[{\"@type\":\"ReadAction\",\"target\":[\"https:\/\/www.africa-press.net\/cameroun\/politique\/detention-damougou-belinga-le-cas-marafa-hamidou-yaya-revient-sur-le-devant-de-la-scene\"]}]},{\"@type\":\"ImageObject\",\"inLanguage\":\"fr-FR\",\"@id\":\"https:\/\/www.africa-press.net\/cameroun\/politique\/detention-damougou-belinga-le-cas-marafa-hamidou-yaya-revient-sur-le-devant-de-la-scene#primaryimage\",\"url\":\"https:\/\/static.africa-press.net\/cameroun\/sites\/57\/2023\/03\/postQueueImg_1677746867.43.jpg\",\"contentUrl\":\"https:\/\/static.africa-press.net\/cameroun\/sites\/57\/2023\/03\/postQueueImg_1677746867.43.jpg\",\"width\":720,\"height\":406,\"caption\":\"D\u00e9tention d\u2019Amougou Belinga : le cas Marafa Hamidou Yaya revient sur le devant de la sc\u00e8ne\"},{\"@type\":\"BreadcrumbList\",\"@id\":\"https:\/\/www.africa-press.net\/cameroun\/politique\/detention-damougou-belinga-le-cas-marafa-hamidou-yaya-revient-sur-le-devant-de-la-scene#breadcrumb\",\"itemListElement\":[{\"@type\":\"ListItem\",\"position\":1,\"name\":\"Accueil\",\"item\":\"https:\/\/www.africa-press.net\/cameroun\/\"},{\"@type\":\"ListItem\",\"position\":2,\"name\":\"D\u00e9tention d\u2019Amougou Belinga : le cas Marafa Hamidou Yaya revient sur le devant de la sc\u00e8ne\"}]},{\"@type\":\"WebSite\",\"@id\":\"https:\/\/www.africa-press.net\/cameroun\/#website\",\"url\":\"https:\/\/www.africa-press.net\/cameroun\/\",\"name\":\"Cameroun\",\"description\":\"Just another Africa News Agency Sites site\",\"potentialAction\":[{\"@type\":\"SearchAction\",\"target\":{\"@type\":\"EntryPoint\",\"urlTemplate\":\"https:\/\/www.africa-press.net\/cameroun\/?s={search_term_string}\"},\"query-input\":{\"@type\":\"PropertyValueSpecification\",\"valueRequired\":true,\"valueName\":\"search_term_string\"}}],\"inLanguage\":\"fr-FR\"},{\"@type\":\"Person\",\"@id\":\"https:\/\/www.africa-press.net\/cameroun\/#\/schema\/person\/2b1cf3cd81a31e3cd26889ca66d677f1\",\"name\":\"cfeditorfr\"}]}<\/script>\n<!-- \/ Yoast SEO Premium plugin. -->","yoast_head_json":{"title":"D\u00e9tention d\u2019Amougou Belinga : le cas Marafa Hamidou Yaya revient sur le devant de la sc\u00e8ne - Cameroun","description":"Arlette Framboise Doumbe Ding a de nouveau pris sa plume pour analyser la situation d\u2019Amougou Belinga qui enchai\u0302ne plus ...","robots":{"index":"index","follow":"follow","max-snippet":"max-snippet:-1","max-image-preview":"max-image-preview:large","max-video-preview":"max-video-preview:-1"},"canonical":"https:\/\/www.africa-press.net\/cameroun\/politique\/detention-damougou-belinga-le-cas-marafa-hamidou-yaya-revient-sur-le-devant-de-la-scene","og_locale":"fr_FR","og_type":"article","og_title":"D\u00e9tention d\u2019Amougou Belinga : le cas Marafa Hamidou Yaya revient sur le devant de la sc\u00e8ne","og_description":"Arlette Framboise Doumbe Ding a de nouveau pris sa plume pour analyser la situation d\u2019Amougou Belinga qui enchai\u0302ne plus ...","og_url":"https:\/\/www.africa-press.net\/cameroun\/politique\/detention-damougou-belinga-le-cas-marafa-hamidou-yaya-revient-sur-le-devant-de-la-scene","og_site_name":"Cameroun","article_published_time":"2023-03-02T12:17:35+00:00","article_modified_time":"2023-03-02T12:54:19+00:00","og_image":[{"width":720,"height":406,"url":"https:\/\/static.africa-press.net\/cameroun\/sites\/57\/2023\/03\/postQueueImg_1677746867.43.jpg","type":"image\/jpeg"}],"author":"cfeditorfr","twitter_card":"summary_large_image","twitter_misc":{"\u00c9crit par":"cfeditorfr","Dur\u00e9e de lecture estim\u00e9e":"3 minutes"},"schema":{"@context":"https:\/\/schema.org","@graph":[{"@type":"Article","@id":"https:\/\/www.africa-press.net\/cameroun\/politique\/detention-damougou-belinga-le-cas-marafa-hamidou-yaya-revient-sur-le-devant-de-la-scene#article","isPartOf":{"@id":"https:\/\/www.africa-press.net\/cameroun\/politique\/detention-damougou-belinga-le-cas-marafa-hamidou-yaya-revient-sur-le-devant-de-la-scene"},"author":{"name":"cfeditorfr","@id":"https:\/\/www.africa-press.net\/cameroun\/#\/schema\/person\/2b1cf3cd81a31e3cd26889ca66d677f1"},"headline":"D\u00e9tention d\u2019Amougou Belinga : le cas Marafa Hamidou Yaya revient sur le devant de la sc\u00e8ne","datePublished":"2023-03-02T12:17:35+00:00","dateModified":"2023-03-02T12:54:19+00:00","mainEntityOfPage":{"@id":"https:\/\/www.africa-press.net\/cameroun\/politique\/detention-damougou-belinga-le-cas-marafa-hamidou-yaya-revient-sur-le-devant-de-la-scene"},"wordCount":568,"commentCount":0,"image":{"@id":"https:\/\/www.africa-press.net\/cameroun\/politique\/detention-damougou-belinga-le-cas-marafa-hamidou-yaya-revient-sur-le-devant-de-la-scene#primaryimage"},"thumbnailUrl":"https:\/\/static.africa-press.net\/cameroun\/sites\/57\/2023\/03\/postQueueImg_1677746867.43.jpg","keywords":["Africa Press","Africa Press-Cameroun","Cameroun"],"articleSection":["Politique","Toutes les actualit\u00e9s"],"inLanguage":"fr-FR","potentialAction":[{"@type":"CommentAction","name":"Comment","target":["https:\/\/www.africa-press.net\/cameroun\/politique\/detention-damougou-belinga-le-cas-marafa-hamidou-yaya-revient-sur-le-devant-de-la-scene#respond"]}]},{"@type":"WebPage","@id":"https:\/\/www.africa-press.net\/cameroun\/politique\/detention-damougou-belinga-le-cas-marafa-hamidou-yaya-revient-sur-le-devant-de-la-scene","url":"https:\/\/www.africa-press.net\/cameroun\/politique\/detention-damougou-belinga-le-cas-marafa-hamidou-yaya-revient-sur-le-devant-de-la-scene","name":"D\u00e9tention d\u2019Amougou Belinga : le cas Marafa Hamidou Yaya revient sur le devant de la sc\u00e8ne - Cameroun","isPartOf":{"@id":"https:\/\/www.africa-press.net\/cameroun\/#website"},"primaryImageOfPage":{"@id":"https:\/\/www.africa-press.net\/cameroun\/politique\/detention-damougou-belinga-le-cas-marafa-hamidou-yaya-revient-sur-le-devant-de-la-scene#primaryimage"},"image":{"@id":"https:\/\/www.africa-press.net\/cameroun\/politique\/detention-damougou-belinga-le-cas-marafa-hamidou-yaya-revient-sur-le-devant-de-la-scene#primaryimage"},"thumbnailUrl":"https:\/\/static.africa-press.net\/cameroun\/sites\/57\/2023\/03\/postQueueImg_1677746867.43.jpg","datePublished":"2023-03-02T12:17:35+00:00","dateModified":"2023-03-02T12:54:19+00:00","author":{"@id":"https:\/\/www.africa-press.net\/cameroun\/#\/schema\/person\/2b1cf3cd81a31e3cd26889ca66d677f1"},"description":"Arlette Framboise Doumbe Ding a de nouveau pris sa plume pour analyser la situation d\u2019Amougou Belinga qui enchai\u0302ne plus ...","breadcrumb":{"@id":"https:\/\/www.africa-press.net\/cameroun\/politique\/detention-damougou-belinga-le-cas-marafa-hamidou-yaya-revient-sur-le-devant-de-la-scene#breadcrumb"},"inLanguage":"fr-FR","potentialAction":[{"@type":"ReadAction","target":["https:\/\/www.africa-press.net\/cameroun\/politique\/detention-damougou-belinga-le-cas-marafa-hamidou-yaya-revient-sur-le-devant-de-la-scene"]}]},{"@type":"ImageObject","inLanguage":"fr-FR","@id":"https:\/\/www.africa-press.net\/cameroun\/politique\/detention-damougou-belinga-le-cas-marafa-hamidou-yaya-revient-sur-le-devant-de-la-scene#primaryimage","url":"https:\/\/static.africa-press.net\/cameroun\/sites\/57\/2023\/03\/postQueueImg_1677746867.43.jpg","contentUrl":"https:\/\/static.africa-press.net\/cameroun\/sites\/57\/2023\/03\/postQueueImg_1677746867.43.jpg","width":720,"height":406,"caption":"D\u00e9tention d\u2019Amougou Belinga : le cas Marafa Hamidou Yaya revient sur le devant de la sc\u00e8ne"},{"@type":"BreadcrumbList","@id":"https:\/\/www.africa-press.net\/cameroun\/politique\/detention-damougou-belinga-le-cas-marafa-hamidou-yaya-revient-sur-le-devant-de-la-scene#breadcrumb","itemListElement":[{"@type":"ListItem","position":1,"name":"Accueil","item":"https:\/\/www.africa-press.net\/cameroun\/"},{"@type":"ListItem","position":2,"name":"D\u00e9tention d\u2019Amougou Belinga : le cas Marafa Hamidou Yaya revient sur le devant de la sc\u00e8ne"}]},{"@type":"WebSite","@id":"https:\/\/www.africa-press.net\/cameroun\/#website","url":"https:\/\/www.africa-press.net\/cameroun\/","name":"Cameroun","description":"Just another Africa News Agency Sites site","potentialAction":[{"@type":"SearchAction","target":{"@type":"EntryPoint","urlTemplate":"https:\/\/www.africa-press.net\/cameroun\/?s={search_term_string}"},"query-input":{"@type":"PropertyValueSpecification","valueRequired":true,"valueName":"search_term_string"}}],"inLanguage":"fr-FR"},{"@type":"Person","@id":"https:\/\/www.africa-press.net\/cameroun\/#\/schema\/person\/2b1cf3cd81a31e3cd26889ca66d677f1","name":"cfeditorfr"}]}},"_links":{"self":[{"href":"https:\/\/www.africa-press.net\/cameroun\/wp-json\/wp\/v2\/posts\/38167","targetHints":{"allow":["GET"]}}],"collection":[{"href":"https:\/\/www.africa-press.net\/cameroun\/wp-json\/wp\/v2\/posts"}],"about":[{"href":"https:\/\/www.africa-press.net\/cameroun\/wp-json\/wp\/v2\/types\/post"}],"author":[{"embeddable":true,"href":"https:\/\/www.africa-press.net\/cameroun\/wp-json\/wp\/v2\/users\/82"}],"replies":[{"embeddable":true,"href":"https:\/\/www.africa-press.net\/cameroun\/wp-json\/wp\/v2\/comments?post=38167"}],"version-history":[{"count":0,"href":"https:\/\/www.africa-press.net\/cameroun\/wp-json\/wp\/v2\/posts\/38167\/revisions"}],"wp:featuredmedia":[{"embeddable":true,"href":"https:\/\/www.africa-press.net\/cameroun\/wp-json\/wp\/v2\/media\/38162"}],"wp:attachment":[{"href":"https:\/\/www.africa-press.net\/cameroun\/wp-json\/wp\/v2\/media?parent=38167"}],"wp:term":[{"taxonomy":"category","embeddable":true,"href":"https:\/\/www.africa-press.net\/cameroun\/wp-json\/wp\/v2\/categories?post=38167"},{"taxonomy":"post_tag","embeddable":true,"href":"https:\/\/www.africa-press.net\/cameroun\/wp-json\/wp\/v2\/tags?post=38167"}],"curies":[{"name":"wp","href":"https:\/\/api.w.org\/{rel}","templated":true}]}}