{"id":38171,"date":"2023-03-02T12:19:29","date_gmt":"2023-03-02T12:19:29","guid":{"rendered":"https:\/\/www.africa-press.net\/cameroun\/politique\/la-bdeac-prete-plus-5-milliards-de-f-a-afrijet-pour-developper-ses-affaires"},"modified":"2023-03-02T12:51:46","modified_gmt":"2023-03-02T12:51:46","slug":"la-bdeac-prete-plus-5-milliards-de-f-a-afrijet-pour-developper-ses-affaires","status":"publish","type":"post","link":"https:\/\/www.africa-press.net\/cameroun\/economie\/la-bdeac-prete-plus-5-milliards-de-f-a-afrijet-pour-developper-ses-affaires","title":{"rendered":"La Bdeac pr\u00eate plus 5 milliards de F \u00e0 Afrijet pour d\u00e9velopper ses affaires"},"content":{"rendered":"<p><span style=\"color: #ff6600\"><strong>Africa-Press &#8211; Cameroun. <\/strong><\/span>La signature d\u2019une convention de pre\u0302t destine\u0301e a\u0300 soutenir le projet a eu lieu le 28 fe\u0301vrier 2023 au Gabon.<\/p>\n<p>Dieudonne\u0301 Evou Mekou, Pre\u0301sident de la Banque de De\u0301veloppement des Etats de l\u2019Afrique Centrale (BDEAC), Loukoumanou WAIDI, Administrateur Directeur Ge\u0301ne\u0301ral de BGFIBank Gabon et Nyl MORET MBA, Directeur Ge\u0301ne\u0301ral Adjoint de la compagnie prive\u0301e gabonaise ope\u0301rant dans le transport ae\u0301rien <b>Afrijet Business Services<\/b> (ABS), ont proce\u0301de\u0301 a\u0300 la signature d\u2019une convention de pre\u0302t destine\u0301e a\u0300 soutenir le projet de de\u0301veloppement de ladite compagnie. C\u2019e\u0301tait le 28 fe\u0301vrier anne\u0301e courante au Gabon.<\/p>\n<p>La BDEAC octroie a\u0300 la compagnie Afrijet un pre\u0302t d\u2019un montant de FCFA 5 milliards 325 millions de F. Gra\u0302ce a\u0300 ce pre\u0302t <b>Afrijet <\/b>financera la premie\u0300re phase de son plan de de\u0301veloppement 2022-2026 qui vise sur le plan spe\u0301cifique a\u0300 : comple\u0301ter progressivement la flotte de la compagnie, par l\u2019acquisition d\u2019ae\u0301ronefs neufs ; (remplacer les ae\u0301ronefs devenus ve\u0301tustes.<\/p>\n<p>Aussi, acque\u0301rir un stock de pie\u0300ces de rechange et d\u2019outillage pour la maintenance, ainsi qu\u2019un ensemble d\u2019autres e\u0301quipements ne\u0301cessaires a\u0300 l\u2019exploitation des ae\u0301ronefs. Sur le plan ope\u0301rationnel, les objectifs vise\u0301s sont : l\u2019ouverture de cinq (05) nouvelles destinations (Kinshasa, Lagos, Port Harcourt, Dakar et Johannesburg), la digitalisation les services et enfin la mise a\u0300 niveau les espaces de travail.<\/p>\n<p>Rappelons qu\u2019a\u0300 travers cette ope\u0301ration, la BDEAC porte ses interventions en faveur la Re\u0301publique Gabonaise a\u0300 plus de <b>540 milliards<\/b> <b>FCFA<\/b> et renforce spe\u0301cifiquement ses concours en faveur du secteur prive\u0301.<\/p>\n<p><strong>Pour plus d&rsquo;informations et d&rsquo;analyses sur la <a href=\"https:\/\/www.africa-press.net\/cameroun\">Cameroun<\/a>, suivez <a href=\"https:\/\/www.africa-press.net\/\">Africa-Press<\/a><\/strong><\/p>\n","protected":false},"excerpt":{"rendered":"<p>Africa-Press &#8211; Cameroun. La signature d\u2019une convention de pre\u0302t destine\u0301e a\u0300 soutenir le projet a eu lieu le 28 fe\u0301vrier 2023 au Gabon. Dieudonne\u0301 Evou Mekou, Pre\u0301sident de la Banque de De\u0301veloppement des Etats de l\u2019Afrique Centrale (BDEAC), Loukoumanou WAIDI, Administrateur Directeur Ge\u0301ne\u0301ral de BGFIBank Gabon et Nyl MORET MBA, Directeur Ge\u0301ne\u0301ral Adjoint de la [&hellip;]<\/p>\n","protected":false},"author":82,"featured_media":38169,"comment_status":"open","ping_status":"closed","sticky":false,"template":"","format":"standard","meta":{"footnotes":""},"categories":[3,10],"tags":[36,50,49],"class_list":["post-38171","post","type-post","status-publish","format-standard","has-post-thumbnail","hentry","category-economie","category-toutes-les-actualites","tag-africa-press","tag-africa-press-cameroun","tag-cameroun"],"yoast_head":"<!-- This site is optimized with the Yoast SEO Premium plugin v26.1 (Yoast SEO v27.0) - https:\/\/yoast.com\/product\/yoast-seo-premium-wordpress\/ -->\n<title>La Bdeac pr\u00eate plus 5 milliards de F \u00e0 Afrijet pour d\u00e9velopper ses affaires - Cameroun<\/title>\n<meta name=\"description\" content=\"La signature d\u2019une convention de pre\u0302t destine\u0301e a\u0300 soutenir le projet a eu lieu le 28 fe\u0301vrier 2023 au Gabon. Dieudonn ...\" \/>\n<meta name=\"robots\" content=\"index, follow, max-snippet:-1, max-image-preview:large, max-video-preview:-1\" \/>\n<link rel=\"canonical\" href=\"https:\/\/www.africa-press.net\/cameroun\/economie\/la-bdeac-prete-plus-5-milliards-de-f-a-afrijet-pour-developper-ses-affaires\" \/>\n<meta property=\"og:locale\" content=\"fr_FR\" \/>\n<meta property=\"og:type\" content=\"article\" \/>\n<meta property=\"og:title\" content=\"La Bdeac pr\u00eate plus 5 milliards de F \u00e0 Afrijet pour d\u00e9velopper ses affaires\" \/>\n<meta property=\"og:description\" content=\"La signature d\u2019une convention de pre\u0302t destine\u0301e a\u0300 soutenir le projet a eu lieu le 28 fe\u0301vrier 2023 au Gabon. Dieudonn ...\" \/>\n<meta property=\"og:url\" content=\"https:\/\/www.africa-press.net\/cameroun\/economie\/la-bdeac-prete-plus-5-milliards-de-f-a-afrijet-pour-developper-ses-affaires\" \/>\n<meta property=\"og:site_name\" content=\"Cameroun\" \/>\n<meta property=\"article:published_time\" content=\"2023-03-02T12:19:29+00:00\" \/>\n<meta property=\"article:modified_time\" content=\"2023-03-02T12:51:46+00:00\" \/>\n<meta property=\"og:image\" content=\"https:\/\/static.africa-press.net\/cameroun\/sites\/57\/2023\/03\/postQueueImg_1677746973.77.jpg\" \/>\n\t<meta property=\"og:image:width\" content=\"720\" \/>\n\t<meta property=\"og:image:height\" content=\"480\" \/>\n\t<meta property=\"og:image:type\" content=\"image\/jpeg\" \/>\n<meta name=\"author\" content=\"cfeditorfr\" \/>\n<meta name=\"twitter:card\" content=\"summary_large_image\" \/>\n<meta name=\"twitter:label1\" content=\"\u00c9crit par\" \/>\n\t<meta name=\"twitter:data1\" content=\"cfeditorfr\" \/>\n\t<meta name=\"twitter:label2\" content=\"Dur\u00e9e de lecture estim\u00e9e\" \/>\n\t<meta name=\"twitter:data2\" content=\"1 minute\" \/>\n<script type=\"application\/ld+json\" class=\"yoast-schema-graph\">{\"@context\":\"https:\/\/schema.org\",\"@graph\":[{\"@type\":\"Article\",\"@id\":\"https:\/\/www.africa-press.net\/cameroun\/economie\/la-bdeac-prete-plus-5-milliards-de-f-a-afrijet-pour-developper-ses-affaires#article\",\"isPartOf\":{\"@id\":\"https:\/\/www.africa-press.net\/cameroun\/economie\/la-bdeac-prete-plus-5-milliards-de-f-a-afrijet-pour-developper-ses-affaires\"},\"author\":{\"name\":\"cfeditorfr\",\"@id\":\"https:\/\/www.africa-press.net\/cameroun\/#\/schema\/person\/2b1cf3cd81a31e3cd26889ca66d677f1\"},\"headline\":\"La Bdeac pr\u00eate plus 5 milliards de F \u00e0 Afrijet pour d\u00e9velopper ses affaires\",\"datePublished\":\"2023-03-02T12:19:29+00:00\",\"dateModified\":\"2023-03-02T12:51:46+00:00\",\"mainEntityOfPage\":{\"@id\":\"https:\/\/www.africa-press.net\/cameroun\/economie\/la-bdeac-prete-plus-5-milliards-de-f-a-afrijet-pour-developper-ses-affaires\"},\"wordCount\":311,\"commentCount\":0,\"image\":{\"@id\":\"https:\/\/www.africa-press.net\/cameroun\/economie\/la-bdeac-prete-plus-5-milliards-de-f-a-afrijet-pour-developper-ses-affaires#primaryimage\"},\"thumbnailUrl\":\"https:\/\/static.africa-press.net\/cameroun\/sites\/57\/2023\/03\/postQueueImg_1677746973.77.jpg\",\"keywords\":[\"Africa Press\",\"Africa Press-Cameroun\",\"Cameroun\"],\"articleSection\":[\"\u00c9conomie\",\"Toutes les actualit\u00e9s\"],\"inLanguage\":\"fr-FR\",\"potentialAction\":[{\"@type\":\"CommentAction\",\"name\":\"Comment\",\"target\":[\"https:\/\/www.africa-press.net\/cameroun\/economie\/la-bdeac-prete-plus-5-milliards-de-f-a-afrijet-pour-developper-ses-affaires#respond\"]}]},{\"@type\":\"WebPage\",\"@id\":\"https:\/\/www.africa-press.net\/cameroun\/economie\/la-bdeac-prete-plus-5-milliards-de-f-a-afrijet-pour-developper-ses-affaires\",\"url\":\"https:\/\/www.africa-press.net\/cameroun\/economie\/la-bdeac-prete-plus-5-milliards-de-f-a-afrijet-pour-developper-ses-affaires\",\"name\":\"La Bdeac pr\u00eate plus 5 milliards de F \u00e0 Afrijet pour d\u00e9velopper ses affaires - Cameroun\",\"isPartOf\":{\"@id\":\"https:\/\/www.africa-press.net\/cameroun\/#website\"},\"primaryImageOfPage\":{\"@id\":\"https:\/\/www.africa-press.net\/cameroun\/economie\/la-bdeac-prete-plus-5-milliards-de-f-a-afrijet-pour-developper-ses-affaires#primaryimage\"},\"image\":{\"@id\":\"https:\/\/www.africa-press.net\/cameroun\/economie\/la-bdeac-prete-plus-5-milliards-de-f-a-afrijet-pour-developper-ses-affaires#primaryimage\"},\"thumbnailUrl\":\"https:\/\/static.africa-press.net\/cameroun\/sites\/57\/2023\/03\/postQueueImg_1677746973.77.jpg\",\"datePublished\":\"2023-03-02T12:19:29+00:00\",\"dateModified\":\"2023-03-02T12:51:46+00:00\",\"author\":{\"@id\":\"https:\/\/www.africa-press.net\/cameroun\/#\/schema\/person\/2b1cf3cd81a31e3cd26889ca66d677f1\"},\"description\":\"La signature d\u2019une convention de pre\u0302t destine\u0301e a\u0300 soutenir le projet a eu lieu le 28 fe\u0301vrier 2023 au Gabon. Dieudonn ...\",\"breadcrumb\":{\"@id\":\"https:\/\/www.africa-press.net\/cameroun\/economie\/la-bdeac-prete-plus-5-milliards-de-f-a-afrijet-pour-developper-ses-affaires#breadcrumb\"},\"inLanguage\":\"fr-FR\",\"potentialAction\":[{\"@type\":\"ReadAction\",\"target\":[\"https:\/\/www.africa-press.net\/cameroun\/economie\/la-bdeac-prete-plus-5-milliards-de-f-a-afrijet-pour-developper-ses-affaires\"]}]},{\"@type\":\"ImageObject\",\"inLanguage\":\"fr-FR\",\"@id\":\"https:\/\/www.africa-press.net\/cameroun\/economie\/la-bdeac-prete-plus-5-milliards-de-f-a-afrijet-pour-developper-ses-affaires#primaryimage\",\"url\":\"https:\/\/static.africa-press.net\/cameroun\/sites\/57\/2023\/03\/postQueueImg_1677746973.77.jpg\",\"contentUrl\":\"https:\/\/static.africa-press.net\/cameroun\/sites\/57\/2023\/03\/postQueueImg_1677746973.77.jpg\",\"width\":720,\"height\":480,\"caption\":\"La Bdeac pr\u00eate plus 5 milliards de F \u00e0 Afrijet pour d\u00e9velopper ses affaires\"},{\"@type\":\"BreadcrumbList\",\"@id\":\"https:\/\/www.africa-press.net\/cameroun\/economie\/la-bdeac-prete-plus-5-milliards-de-f-a-afrijet-pour-developper-ses-affaires#breadcrumb\",\"itemListElement\":[{\"@type\":\"ListItem\",\"position\":1,\"name\":\"Accueil\",\"item\":\"https:\/\/www.africa-press.net\/cameroun\/\"},{\"@type\":\"ListItem\",\"position\":2,\"name\":\"La Bdeac pr\u00eate plus 5 milliards de F \u00e0 Afrijet pour d\u00e9velopper ses affaires\"}]},{\"@type\":\"WebSite\",\"@id\":\"https:\/\/www.africa-press.net\/cameroun\/#website\",\"url\":\"https:\/\/www.africa-press.net\/cameroun\/\",\"name\":\"Cameroun\",\"description\":\"Just another Africa News Agency Sites site\",\"potentialAction\":[{\"@type\":\"SearchAction\",\"target\":{\"@type\":\"EntryPoint\",\"urlTemplate\":\"https:\/\/www.africa-press.net\/cameroun\/?s={search_term_string}\"},\"query-input\":{\"@type\":\"PropertyValueSpecification\",\"valueRequired\":true,\"valueName\":\"search_term_string\"}}],\"inLanguage\":\"fr-FR\"},{\"@type\":\"Person\",\"@id\":\"https:\/\/www.africa-press.net\/cameroun\/#\/schema\/person\/2b1cf3cd81a31e3cd26889ca66d677f1\",\"name\":\"cfeditorfr\"}]}<\/script>\n<!-- \/ Yoast SEO Premium plugin. -->","yoast_head_json":{"title":"La Bdeac pr\u00eate plus 5 milliards de F \u00e0 Afrijet pour d\u00e9velopper ses affaires - Cameroun","description":"La signature d\u2019une convention de pre\u0302t destine\u0301e a\u0300 soutenir le projet a eu lieu le 28 fe\u0301vrier 2023 au Gabon. Dieudonn ...","robots":{"index":"index","follow":"follow","max-snippet":"max-snippet:-1","max-image-preview":"max-image-preview:large","max-video-preview":"max-video-preview:-1"},"canonical":"https:\/\/www.africa-press.net\/cameroun\/economie\/la-bdeac-prete-plus-5-milliards-de-f-a-afrijet-pour-developper-ses-affaires","og_locale":"fr_FR","og_type":"article","og_title":"La Bdeac pr\u00eate plus 5 milliards de F \u00e0 Afrijet pour d\u00e9velopper ses affaires","og_description":"La signature d\u2019une convention de pre\u0302t destine\u0301e a\u0300 soutenir le projet a eu lieu le 28 fe\u0301vrier 2023 au Gabon. Dieudonn ...","og_url":"https:\/\/www.africa-press.net\/cameroun\/economie\/la-bdeac-prete-plus-5-milliards-de-f-a-afrijet-pour-developper-ses-affaires","og_site_name":"Cameroun","article_published_time":"2023-03-02T12:19:29+00:00","article_modified_time":"2023-03-02T12:51:46+00:00","og_image":[{"width":720,"height":480,"url":"https:\/\/static.africa-press.net\/cameroun\/sites\/57\/2023\/03\/postQueueImg_1677746973.77.jpg","type":"image\/jpeg"}],"author":"cfeditorfr","twitter_card":"summary_large_image","twitter_misc":{"\u00c9crit par":"cfeditorfr","Dur\u00e9e de lecture estim\u00e9e":"1 minute"},"schema":{"@context":"https:\/\/schema.org","@graph":[{"@type":"Article","@id":"https:\/\/www.africa-press.net\/cameroun\/economie\/la-bdeac-prete-plus-5-milliards-de-f-a-afrijet-pour-developper-ses-affaires#article","isPartOf":{"@id":"https:\/\/www.africa-press.net\/cameroun\/economie\/la-bdeac-prete-plus-5-milliards-de-f-a-afrijet-pour-developper-ses-affaires"},"author":{"name":"cfeditorfr","@id":"https:\/\/www.africa-press.net\/cameroun\/#\/schema\/person\/2b1cf3cd81a31e3cd26889ca66d677f1"},"headline":"La Bdeac pr\u00eate plus 5 milliards de F \u00e0 Afrijet pour d\u00e9velopper ses affaires","datePublished":"2023-03-02T12:19:29+00:00","dateModified":"2023-03-02T12:51:46+00:00","mainEntityOfPage":{"@id":"https:\/\/www.africa-press.net\/cameroun\/economie\/la-bdeac-prete-plus-5-milliards-de-f-a-afrijet-pour-developper-ses-affaires"},"wordCount":311,"commentCount":0,"image":{"@id":"https:\/\/www.africa-press.net\/cameroun\/economie\/la-bdeac-prete-plus-5-milliards-de-f-a-afrijet-pour-developper-ses-affaires#primaryimage"},"thumbnailUrl":"https:\/\/static.africa-press.net\/cameroun\/sites\/57\/2023\/03\/postQueueImg_1677746973.77.jpg","keywords":["Africa Press","Africa Press-Cameroun","Cameroun"],"articleSection":["\u00c9conomie","Toutes les actualit\u00e9s"],"inLanguage":"fr-FR","potentialAction":[{"@type":"CommentAction","name":"Comment","target":["https:\/\/www.africa-press.net\/cameroun\/economie\/la-bdeac-prete-plus-5-milliards-de-f-a-afrijet-pour-developper-ses-affaires#respond"]}]},{"@type":"WebPage","@id":"https:\/\/www.africa-press.net\/cameroun\/economie\/la-bdeac-prete-plus-5-milliards-de-f-a-afrijet-pour-developper-ses-affaires","url":"https:\/\/www.africa-press.net\/cameroun\/economie\/la-bdeac-prete-plus-5-milliards-de-f-a-afrijet-pour-developper-ses-affaires","name":"La Bdeac pr\u00eate plus 5 milliards de F \u00e0 Afrijet pour d\u00e9velopper ses affaires - Cameroun","isPartOf":{"@id":"https:\/\/www.africa-press.net\/cameroun\/#website"},"primaryImageOfPage":{"@id":"https:\/\/www.africa-press.net\/cameroun\/economie\/la-bdeac-prete-plus-5-milliards-de-f-a-afrijet-pour-developper-ses-affaires#primaryimage"},"image":{"@id":"https:\/\/www.africa-press.net\/cameroun\/economie\/la-bdeac-prete-plus-5-milliards-de-f-a-afrijet-pour-developper-ses-affaires#primaryimage"},"thumbnailUrl":"https:\/\/static.africa-press.net\/cameroun\/sites\/57\/2023\/03\/postQueueImg_1677746973.77.jpg","datePublished":"2023-03-02T12:19:29+00:00","dateModified":"2023-03-02T12:51:46+00:00","author":{"@id":"https:\/\/www.africa-press.net\/cameroun\/#\/schema\/person\/2b1cf3cd81a31e3cd26889ca66d677f1"},"description":"La signature d\u2019une convention de pre\u0302t destine\u0301e a\u0300 soutenir le projet a eu lieu le 28 fe\u0301vrier 2023 au Gabon. Dieudonn ...","breadcrumb":{"@id":"https:\/\/www.africa-press.net\/cameroun\/economie\/la-bdeac-prete-plus-5-milliards-de-f-a-afrijet-pour-developper-ses-affaires#breadcrumb"},"inLanguage":"fr-FR","potentialAction":[{"@type":"ReadAction","target":["https:\/\/www.africa-press.net\/cameroun\/economie\/la-bdeac-prete-plus-5-milliards-de-f-a-afrijet-pour-developper-ses-affaires"]}]},{"@type":"ImageObject","inLanguage":"fr-FR","@id":"https:\/\/www.africa-press.net\/cameroun\/economie\/la-bdeac-prete-plus-5-milliards-de-f-a-afrijet-pour-developper-ses-affaires#primaryimage","url":"https:\/\/static.africa-press.net\/cameroun\/sites\/57\/2023\/03\/postQueueImg_1677746973.77.jpg","contentUrl":"https:\/\/static.africa-press.net\/cameroun\/sites\/57\/2023\/03\/postQueueImg_1677746973.77.jpg","width":720,"height":480,"caption":"La Bdeac pr\u00eate plus 5 milliards de F \u00e0 Afrijet pour d\u00e9velopper ses affaires"},{"@type":"BreadcrumbList","@id":"https:\/\/www.africa-press.net\/cameroun\/economie\/la-bdeac-prete-plus-5-milliards-de-f-a-afrijet-pour-developper-ses-affaires#breadcrumb","itemListElement":[{"@type":"ListItem","position":1,"name":"Accueil","item":"https:\/\/www.africa-press.net\/cameroun\/"},{"@type":"ListItem","position":2,"name":"La Bdeac pr\u00eate plus 5 milliards de F \u00e0 Afrijet pour d\u00e9velopper ses affaires"}]},{"@type":"WebSite","@id":"https:\/\/www.africa-press.net\/cameroun\/#website","url":"https:\/\/www.africa-press.net\/cameroun\/","name":"Cameroun","description":"Just another Africa News Agency Sites site","potentialAction":[{"@type":"SearchAction","target":{"@type":"EntryPoint","urlTemplate":"https:\/\/www.africa-press.net\/cameroun\/?s={search_term_string}"},"query-input":{"@type":"PropertyValueSpecification","valueRequired":true,"valueName":"search_term_string"}}],"inLanguage":"fr-FR"},{"@type":"Person","@id":"https:\/\/www.africa-press.net\/cameroun\/#\/schema\/person\/2b1cf3cd81a31e3cd26889ca66d677f1","name":"cfeditorfr"}]}},"_links":{"self":[{"href":"https:\/\/www.africa-press.net\/cameroun\/wp-json\/wp\/v2\/posts\/38171","targetHints":{"allow":["GET"]}}],"collection":[{"href":"https:\/\/www.africa-press.net\/cameroun\/wp-json\/wp\/v2\/posts"}],"about":[{"href":"https:\/\/www.africa-press.net\/cameroun\/wp-json\/wp\/v2\/types\/post"}],"author":[{"embeddable":true,"href":"https:\/\/www.africa-press.net\/cameroun\/wp-json\/wp\/v2\/users\/82"}],"replies":[{"embeddable":true,"href":"https:\/\/www.africa-press.net\/cameroun\/wp-json\/wp\/v2\/comments?post=38171"}],"version-history":[{"count":0,"href":"https:\/\/www.africa-press.net\/cameroun\/wp-json\/wp\/v2\/posts\/38171\/revisions"}],"wp:featuredmedia":[{"embeddable":true,"href":"https:\/\/www.africa-press.net\/cameroun\/wp-json\/wp\/v2\/media\/38169"}],"wp:attachment":[{"href":"https:\/\/www.africa-press.net\/cameroun\/wp-json\/wp\/v2\/media?parent=38171"}],"wp:term":[{"taxonomy":"category","embeddable":true,"href":"https:\/\/www.africa-press.net\/cameroun\/wp-json\/wp\/v2\/categories?post=38171"},{"taxonomy":"post_tag","embeddable":true,"href":"https:\/\/www.africa-press.net\/cameroun\/wp-json\/wp\/v2\/tags?post=38171"}],"curies":[{"name":"wp","href":"https:\/\/api.w.org\/{rel}","templated":true}]}}