{"id":38189,"date":"2023-03-02T19:02:31","date_gmt":"2023-03-02T19:02:31","guid":{"rendered":"https:\/\/www.africa-press.net\/cameroun\/politique\/affaire-martinez-zogo-des-employes-de-vision-4-tabasses-au-marche-mfoundi"},"modified":"2023-03-02T19:22:11","modified_gmt":"2023-03-02T19:22:11","slug":"affaire-martinez-zogo-des-employes-de-vision-4-tabasses-au-marche-mfoundi","status":"publish","type":"post","link":"https:\/\/www.africa-press.net\/cameroun\/toutes-les-actualites\/affaire-martinez-zogo-des-employes-de-vision-4-tabasses-au-marche-mfoundi","title":{"rendered":"Affaire Martinez Zogo : Des employ\u00e9s de Vision 4 tabass\u00e9s au march\u00e9 Mfoundi"},"content":{"rendered":"<p><span style=\"color: #ff6600\"><strong>Africa-Press &#8211; Cameroun. <\/strong><\/span>Dans un communique\u0301 du SNJC, on apprend que quelques es journalistes de vision 4 ont e\u0301te\u0301 tabas.se\u0301s par les vendeurs a\u0300 la sauvette du marche\u0301 du Mfoundi a\u0300 Yaounde\u0301, alors qu&rsquo;ils e\u0301taient sur le terrain pour re\u0301aliser un reportage sur le 8 mars.<\/p>\n<p>\u00ab\u00a0Pierre parfait Ndongo cameraman a\u0300 vision4tv , blesse\u0301 hier, a subit lui ,et ses colle\u0300gues une agression d&rsquo;un groupe de vendeurs a\u0300 la sauvette du marche\u0301 du Mfoundi.<\/p>\n<p>Descendus sur le terrain pour la re\u0301alisation d&rsquo;un papier sur le 8 Mars(journe\u0301e internationale de la femme),ceux ci n&rsquo;ont pu finalement le faire.<\/p>\n<p>Leurs agresseurs n&rsquo;ont pas manque\u0301 de les traiter de meurtrier faisant lien avec l&rsquo;arrestation de leur PdG et compagnie dans l&rsquo;assassinat du chef de chai\u0302ne d&rsquo;Amplitude FM.<\/p>\n<p>Pour les \u00ab\u00a0dinosaures\u00a0\u00bb de l&rsquo;information ce matin dans \u00ab\u00a0tour d&rsquo;horizon \u00ab\u00a0,la manipulation de l&rsquo;info,est pointe\u0301e du doigt comme cause de cette \u00ab\u00a0bavure\u00a0\u00bb.<\/p>\n<p>Amougou Belinga et Bruno Bidjang, journalistes,principaux suspects dans une affaire de meu.rtre sont enclaustre\u0301s depuis plus de 2 semaines maintenant pour besoin d&rsquo;enque\u0302tes au secre\u0301tariat d&rsquo;E\u0301tat a\u0300 la de\u0301fense, sans qu&rsquo;aucun des syndicats nationaux ou encore organismes internationaux de de\u0301fense de la presse ne s&rsquo;inquie\u0300tent pour leurs cas.<\/p>\n<p>Les re\u0301sultats de la dite enque\u0302te restent toujours attendus.<\/p>\n<p><strong>Pour plus d&rsquo;informations et d&rsquo;analyses sur la <a href=\"https:\/\/www.africa-press.net\/cameroun\">Cameroun<\/a>, suivez <a href=\"https:\/\/www.africa-press.net\/\">Africa-Press<\/a><\/strong><\/p>\n","protected":false},"excerpt":{"rendered":"<p>Africa-Press &#8211; Cameroun. Dans un communique\u0301 du SNJC, on apprend que quelques es journalistes de vision 4 ont e\u0301te\u0301 tabas.se\u0301s par les vendeurs a\u0300 la sauvette du marche\u0301 du Mfoundi a\u0300 Yaounde\u0301, alors qu&rsquo;ils e\u0301taient sur le terrain pour re\u0301aliser un reportage sur le 8 mars. \u00ab\u00a0Pierre parfait Ndongo cameraman a\u0300 vision4tv , blesse\u0301 hier, [&hellip;]<\/p>\n","protected":false},"author":82,"featured_media":38188,"comment_status":"open","ping_status":"closed","sticky":false,"template":"","format":"standard","meta":{"footnotes":""},"categories":[21,10],"tags":[36,50,49],"class_list":["post-38189","post","type-post","status-publish","format-standard","has-post-thumbnail","hentry","category-communaute","category-toutes-les-actualites","tag-africa-press","tag-africa-press-cameroun","tag-cameroun"],"yoast_head":"<!-- This site is optimized with the Yoast SEO Premium plugin v26.1 (Yoast SEO v27.0) - https:\/\/yoast.com\/product\/yoast-seo-premium-wordpress\/ -->\n<title>Affaire Martinez Zogo : Des employ\u00e9s de Vision 4 tabass\u00e9s au march\u00e9 Mfoundi - Cameroun<\/title>\n<meta name=\"description\" content=\"Dans un communique\u0301 du SNJC, on apprend que quelques es journalistes de vision 4 ont e\u0301te\u0301 tabas.se\u0301s par les vendeurs a ...\" \/>\n<meta name=\"robots\" content=\"index, follow, max-snippet:-1, max-image-preview:large, max-video-preview:-1\" \/>\n<link rel=\"canonical\" href=\"https:\/\/www.africa-press.net\/cameroun\/toutes-les-actualites\/affaire-martinez-zogo-des-employes-de-vision-4-tabasses-au-marche-mfoundi\" \/>\n<meta property=\"og:locale\" content=\"fr_FR\" \/>\n<meta property=\"og:type\" content=\"article\" \/>\n<meta property=\"og:title\" content=\"Affaire Martinez Zogo : Des employ\u00e9s de Vision 4 tabass\u00e9s au march\u00e9 Mfoundi\" \/>\n<meta property=\"og:description\" content=\"Dans un communique\u0301 du SNJC, on apprend que quelques es journalistes de vision 4 ont e\u0301te\u0301 tabas.se\u0301s par les vendeurs a ...\" \/>\n<meta property=\"og:url\" content=\"https:\/\/www.africa-press.net\/cameroun\/toutes-les-actualites\/affaire-martinez-zogo-des-employes-de-vision-4-tabasses-au-marche-mfoundi\" \/>\n<meta property=\"og:site_name\" content=\"Cameroun\" \/>\n<meta property=\"article:published_time\" content=\"2023-03-02T19:02:31+00:00\" \/>\n<meta property=\"article:modified_time\" content=\"2023-03-02T19:22:11+00:00\" \/>\n<meta property=\"og:image\" content=\"https:\/\/static.africa-press.net\/cameroun\/sites\/57\/2023\/03\/postQueueImg_1677771158.28.jpg\" \/>\n\t<meta property=\"og:image:width\" content=\"720\" \/>\n\t<meta property=\"og:image:height\" content=\"350\" \/>\n\t<meta property=\"og:image:type\" content=\"image\/jpeg\" \/>\n<meta name=\"author\" content=\"cfeditorfr\" \/>\n<meta name=\"twitter:card\" content=\"summary_large_image\" \/>\n<meta name=\"twitter:label1\" content=\"\u00c9crit par\" \/>\n\t<meta name=\"twitter:data1\" content=\"cfeditorfr\" \/>\n\t<meta name=\"twitter:label2\" content=\"Dur\u00e9e de lecture estim\u00e9e\" \/>\n\t<meta name=\"twitter:data2\" content=\"1 minute\" \/>\n<script type=\"application\/ld+json\" class=\"yoast-schema-graph\">{\"@context\":\"https:\/\/schema.org\",\"@graph\":[{\"@type\":\"Article\",\"@id\":\"https:\/\/www.africa-press.net\/cameroun\/toutes-les-actualites\/affaire-martinez-zogo-des-employes-de-vision-4-tabasses-au-marche-mfoundi#article\",\"isPartOf\":{\"@id\":\"https:\/\/www.africa-press.net\/cameroun\/toutes-les-actualites\/affaire-martinez-zogo-des-employes-de-vision-4-tabasses-au-marche-mfoundi\"},\"author\":{\"name\":\"cfeditorfr\",\"@id\":\"https:\/\/www.africa-press.net\/cameroun\/#\/schema\/person\/2b1cf3cd81a31e3cd26889ca66d677f1\"},\"headline\":\"Affaire Martinez Zogo : Des employ\u00e9s de Vision 4 tabass\u00e9s au march\u00e9 Mfoundi\",\"datePublished\":\"2023-03-02T19:02:31+00:00\",\"dateModified\":\"2023-03-02T19:22:11+00:00\",\"mainEntityOfPage\":{\"@id\":\"https:\/\/www.africa-press.net\/cameroun\/toutes-les-actualites\/affaire-martinez-zogo-des-employes-de-vision-4-tabasses-au-marche-mfoundi\"},\"wordCount\":263,\"commentCount\":0,\"image\":{\"@id\":\"https:\/\/www.africa-press.net\/cameroun\/toutes-les-actualites\/affaire-martinez-zogo-des-employes-de-vision-4-tabasses-au-marche-mfoundi#primaryimage\"},\"thumbnailUrl\":\"https:\/\/static.africa-press.net\/cameroun\/sites\/57\/2023\/03\/postQueueImg_1677771158.28.jpg\",\"keywords\":[\"Africa Press\",\"Africa Press-Cameroun\",\"Cameroun\"],\"articleSection\":[\"Communaut\u00e9\",\"Toutes les actualit\u00e9s\"],\"inLanguage\":\"fr-FR\",\"potentialAction\":[{\"@type\":\"CommentAction\",\"name\":\"Comment\",\"target\":[\"https:\/\/www.africa-press.net\/cameroun\/toutes-les-actualites\/affaire-martinez-zogo-des-employes-de-vision-4-tabasses-au-marche-mfoundi#respond\"]}]},{\"@type\":\"WebPage\",\"@id\":\"https:\/\/www.africa-press.net\/cameroun\/toutes-les-actualites\/affaire-martinez-zogo-des-employes-de-vision-4-tabasses-au-marche-mfoundi\",\"url\":\"https:\/\/www.africa-press.net\/cameroun\/toutes-les-actualites\/affaire-martinez-zogo-des-employes-de-vision-4-tabasses-au-marche-mfoundi\",\"name\":\"Affaire Martinez Zogo : Des employ\u00e9s de Vision 4 tabass\u00e9s au march\u00e9 Mfoundi - Cameroun\",\"isPartOf\":{\"@id\":\"https:\/\/www.africa-press.net\/cameroun\/#website\"},\"primaryImageOfPage\":{\"@id\":\"https:\/\/www.africa-press.net\/cameroun\/toutes-les-actualites\/affaire-martinez-zogo-des-employes-de-vision-4-tabasses-au-marche-mfoundi#primaryimage\"},\"image\":{\"@id\":\"https:\/\/www.africa-press.net\/cameroun\/toutes-les-actualites\/affaire-martinez-zogo-des-employes-de-vision-4-tabasses-au-marche-mfoundi#primaryimage\"},\"thumbnailUrl\":\"https:\/\/static.africa-press.net\/cameroun\/sites\/57\/2023\/03\/postQueueImg_1677771158.28.jpg\",\"datePublished\":\"2023-03-02T19:02:31+00:00\",\"dateModified\":\"2023-03-02T19:22:11+00:00\",\"author\":{\"@id\":\"https:\/\/www.africa-press.net\/cameroun\/#\/schema\/person\/2b1cf3cd81a31e3cd26889ca66d677f1\"},\"description\":\"Dans un communique\u0301 du SNJC, on apprend que quelques es journalistes de vision 4 ont e\u0301te\u0301 tabas.se\u0301s par les vendeurs a ...\",\"breadcrumb\":{\"@id\":\"https:\/\/www.africa-press.net\/cameroun\/toutes-les-actualites\/affaire-martinez-zogo-des-employes-de-vision-4-tabasses-au-marche-mfoundi#breadcrumb\"},\"inLanguage\":\"fr-FR\",\"potentialAction\":[{\"@type\":\"ReadAction\",\"target\":[\"https:\/\/www.africa-press.net\/cameroun\/toutes-les-actualites\/affaire-martinez-zogo-des-employes-de-vision-4-tabasses-au-marche-mfoundi\"]}]},{\"@type\":\"ImageObject\",\"inLanguage\":\"fr-FR\",\"@id\":\"https:\/\/www.africa-press.net\/cameroun\/toutes-les-actualites\/affaire-martinez-zogo-des-employes-de-vision-4-tabasses-au-marche-mfoundi#primaryimage\",\"url\":\"https:\/\/static.africa-press.net\/cameroun\/sites\/57\/2023\/03\/postQueueImg_1677771158.28.jpg\",\"contentUrl\":\"https:\/\/static.africa-press.net\/cameroun\/sites\/57\/2023\/03\/postQueueImg_1677771158.28.jpg\",\"width\":720,\"height\":350,\"caption\":\"Affaire Martinez Zogo : Des employ\u00e9s de Vision 4 tabass\u00e9s au march\u00e9 Mfoundi\"},{\"@type\":\"BreadcrumbList\",\"@id\":\"https:\/\/www.africa-press.net\/cameroun\/toutes-les-actualites\/affaire-martinez-zogo-des-employes-de-vision-4-tabasses-au-marche-mfoundi#breadcrumb\",\"itemListElement\":[{\"@type\":\"ListItem\",\"position\":1,\"name\":\"Accueil\",\"item\":\"https:\/\/www.africa-press.net\/cameroun\/\"},{\"@type\":\"ListItem\",\"position\":2,\"name\":\"Affaire Martinez Zogo : Des employ\u00e9s de Vision 4 tabass\u00e9s au march\u00e9 Mfoundi\"}]},{\"@type\":\"WebSite\",\"@id\":\"https:\/\/www.africa-press.net\/cameroun\/#website\",\"url\":\"https:\/\/www.africa-press.net\/cameroun\/\",\"name\":\"Cameroun\",\"description\":\"Just another Africa News Agency Sites site\",\"potentialAction\":[{\"@type\":\"SearchAction\",\"target\":{\"@type\":\"EntryPoint\",\"urlTemplate\":\"https:\/\/www.africa-press.net\/cameroun\/?s={search_term_string}\"},\"query-input\":{\"@type\":\"PropertyValueSpecification\",\"valueRequired\":true,\"valueName\":\"search_term_string\"}}],\"inLanguage\":\"fr-FR\"},{\"@type\":\"Person\",\"@id\":\"https:\/\/www.africa-press.net\/cameroun\/#\/schema\/person\/2b1cf3cd81a31e3cd26889ca66d677f1\",\"name\":\"cfeditorfr\"}]}<\/script>\n<!-- \/ Yoast SEO Premium plugin. -->","yoast_head_json":{"title":"Affaire Martinez Zogo : Des employ\u00e9s de Vision 4 tabass\u00e9s au march\u00e9 Mfoundi - Cameroun","description":"Dans un communique\u0301 du SNJC, on apprend que quelques es journalistes de vision 4 ont e\u0301te\u0301 tabas.se\u0301s par les vendeurs a ...","robots":{"index":"index","follow":"follow","max-snippet":"max-snippet:-1","max-image-preview":"max-image-preview:large","max-video-preview":"max-video-preview:-1"},"canonical":"https:\/\/www.africa-press.net\/cameroun\/toutes-les-actualites\/affaire-martinez-zogo-des-employes-de-vision-4-tabasses-au-marche-mfoundi","og_locale":"fr_FR","og_type":"article","og_title":"Affaire Martinez Zogo : Des employ\u00e9s de Vision 4 tabass\u00e9s au march\u00e9 Mfoundi","og_description":"Dans un communique\u0301 du SNJC, on apprend que quelques es journalistes de vision 4 ont e\u0301te\u0301 tabas.se\u0301s par les vendeurs a ...","og_url":"https:\/\/www.africa-press.net\/cameroun\/toutes-les-actualites\/affaire-martinez-zogo-des-employes-de-vision-4-tabasses-au-marche-mfoundi","og_site_name":"Cameroun","article_published_time":"2023-03-02T19:02:31+00:00","article_modified_time":"2023-03-02T19:22:11+00:00","og_image":[{"width":720,"height":350,"url":"https:\/\/static.africa-press.net\/cameroun\/sites\/57\/2023\/03\/postQueueImg_1677771158.28.jpg","type":"image\/jpeg"}],"author":"cfeditorfr","twitter_card":"summary_large_image","twitter_misc":{"\u00c9crit par":"cfeditorfr","Dur\u00e9e de lecture estim\u00e9e":"1 minute"},"schema":{"@context":"https:\/\/schema.org","@graph":[{"@type":"Article","@id":"https:\/\/www.africa-press.net\/cameroun\/toutes-les-actualites\/affaire-martinez-zogo-des-employes-de-vision-4-tabasses-au-marche-mfoundi#article","isPartOf":{"@id":"https:\/\/www.africa-press.net\/cameroun\/toutes-les-actualites\/affaire-martinez-zogo-des-employes-de-vision-4-tabasses-au-marche-mfoundi"},"author":{"name":"cfeditorfr","@id":"https:\/\/www.africa-press.net\/cameroun\/#\/schema\/person\/2b1cf3cd81a31e3cd26889ca66d677f1"},"headline":"Affaire Martinez Zogo : Des employ\u00e9s de Vision 4 tabass\u00e9s au march\u00e9 Mfoundi","datePublished":"2023-03-02T19:02:31+00:00","dateModified":"2023-03-02T19:22:11+00:00","mainEntityOfPage":{"@id":"https:\/\/www.africa-press.net\/cameroun\/toutes-les-actualites\/affaire-martinez-zogo-des-employes-de-vision-4-tabasses-au-marche-mfoundi"},"wordCount":263,"commentCount":0,"image":{"@id":"https:\/\/www.africa-press.net\/cameroun\/toutes-les-actualites\/affaire-martinez-zogo-des-employes-de-vision-4-tabasses-au-marche-mfoundi#primaryimage"},"thumbnailUrl":"https:\/\/static.africa-press.net\/cameroun\/sites\/57\/2023\/03\/postQueueImg_1677771158.28.jpg","keywords":["Africa Press","Africa Press-Cameroun","Cameroun"],"articleSection":["Communaut\u00e9","Toutes les actualit\u00e9s"],"inLanguage":"fr-FR","potentialAction":[{"@type":"CommentAction","name":"Comment","target":["https:\/\/www.africa-press.net\/cameroun\/toutes-les-actualites\/affaire-martinez-zogo-des-employes-de-vision-4-tabasses-au-marche-mfoundi#respond"]}]},{"@type":"WebPage","@id":"https:\/\/www.africa-press.net\/cameroun\/toutes-les-actualites\/affaire-martinez-zogo-des-employes-de-vision-4-tabasses-au-marche-mfoundi","url":"https:\/\/www.africa-press.net\/cameroun\/toutes-les-actualites\/affaire-martinez-zogo-des-employes-de-vision-4-tabasses-au-marche-mfoundi","name":"Affaire Martinez Zogo : Des employ\u00e9s de Vision 4 tabass\u00e9s au march\u00e9 Mfoundi - Cameroun","isPartOf":{"@id":"https:\/\/www.africa-press.net\/cameroun\/#website"},"primaryImageOfPage":{"@id":"https:\/\/www.africa-press.net\/cameroun\/toutes-les-actualites\/affaire-martinez-zogo-des-employes-de-vision-4-tabasses-au-marche-mfoundi#primaryimage"},"image":{"@id":"https:\/\/www.africa-press.net\/cameroun\/toutes-les-actualites\/affaire-martinez-zogo-des-employes-de-vision-4-tabasses-au-marche-mfoundi#primaryimage"},"thumbnailUrl":"https:\/\/static.africa-press.net\/cameroun\/sites\/57\/2023\/03\/postQueueImg_1677771158.28.jpg","datePublished":"2023-03-02T19:02:31+00:00","dateModified":"2023-03-02T19:22:11+00:00","author":{"@id":"https:\/\/www.africa-press.net\/cameroun\/#\/schema\/person\/2b1cf3cd81a31e3cd26889ca66d677f1"},"description":"Dans un communique\u0301 du SNJC, on apprend que quelques es journalistes de vision 4 ont e\u0301te\u0301 tabas.se\u0301s par les vendeurs a ...","breadcrumb":{"@id":"https:\/\/www.africa-press.net\/cameroun\/toutes-les-actualites\/affaire-martinez-zogo-des-employes-de-vision-4-tabasses-au-marche-mfoundi#breadcrumb"},"inLanguage":"fr-FR","potentialAction":[{"@type":"ReadAction","target":["https:\/\/www.africa-press.net\/cameroun\/toutes-les-actualites\/affaire-martinez-zogo-des-employes-de-vision-4-tabasses-au-marche-mfoundi"]}]},{"@type":"ImageObject","inLanguage":"fr-FR","@id":"https:\/\/www.africa-press.net\/cameroun\/toutes-les-actualites\/affaire-martinez-zogo-des-employes-de-vision-4-tabasses-au-marche-mfoundi#primaryimage","url":"https:\/\/static.africa-press.net\/cameroun\/sites\/57\/2023\/03\/postQueueImg_1677771158.28.jpg","contentUrl":"https:\/\/static.africa-press.net\/cameroun\/sites\/57\/2023\/03\/postQueueImg_1677771158.28.jpg","width":720,"height":350,"caption":"Affaire Martinez Zogo : Des employ\u00e9s de Vision 4 tabass\u00e9s au march\u00e9 Mfoundi"},{"@type":"BreadcrumbList","@id":"https:\/\/www.africa-press.net\/cameroun\/toutes-les-actualites\/affaire-martinez-zogo-des-employes-de-vision-4-tabasses-au-marche-mfoundi#breadcrumb","itemListElement":[{"@type":"ListItem","position":1,"name":"Accueil","item":"https:\/\/www.africa-press.net\/cameroun\/"},{"@type":"ListItem","position":2,"name":"Affaire Martinez Zogo : Des employ\u00e9s de Vision 4 tabass\u00e9s au march\u00e9 Mfoundi"}]},{"@type":"WebSite","@id":"https:\/\/www.africa-press.net\/cameroun\/#website","url":"https:\/\/www.africa-press.net\/cameroun\/","name":"Cameroun","description":"Just another Africa News Agency Sites site","potentialAction":[{"@type":"SearchAction","target":{"@type":"EntryPoint","urlTemplate":"https:\/\/www.africa-press.net\/cameroun\/?s={search_term_string}"},"query-input":{"@type":"PropertyValueSpecification","valueRequired":true,"valueName":"search_term_string"}}],"inLanguage":"fr-FR"},{"@type":"Person","@id":"https:\/\/www.africa-press.net\/cameroun\/#\/schema\/person\/2b1cf3cd81a31e3cd26889ca66d677f1","name":"cfeditorfr"}]}},"_links":{"self":[{"href":"https:\/\/www.africa-press.net\/cameroun\/wp-json\/wp\/v2\/posts\/38189","targetHints":{"allow":["GET"]}}],"collection":[{"href":"https:\/\/www.africa-press.net\/cameroun\/wp-json\/wp\/v2\/posts"}],"about":[{"href":"https:\/\/www.africa-press.net\/cameroun\/wp-json\/wp\/v2\/types\/post"}],"author":[{"embeddable":true,"href":"https:\/\/www.africa-press.net\/cameroun\/wp-json\/wp\/v2\/users\/82"}],"replies":[{"embeddable":true,"href":"https:\/\/www.africa-press.net\/cameroun\/wp-json\/wp\/v2\/comments?post=38189"}],"version-history":[{"count":0,"href":"https:\/\/www.africa-press.net\/cameroun\/wp-json\/wp\/v2\/posts\/38189\/revisions"}],"wp:featuredmedia":[{"embeddable":true,"href":"https:\/\/www.africa-press.net\/cameroun\/wp-json\/wp\/v2\/media\/38188"}],"wp:attachment":[{"href":"https:\/\/www.africa-press.net\/cameroun\/wp-json\/wp\/v2\/media?parent=38189"}],"wp:term":[{"taxonomy":"category","embeddable":true,"href":"https:\/\/www.africa-press.net\/cameroun\/wp-json\/wp\/v2\/categories?post=38189"},{"taxonomy":"post_tag","embeddable":true,"href":"https:\/\/www.africa-press.net\/cameroun\/wp-json\/wp\/v2\/tags?post=38189"}],"curies":[{"name":"wp","href":"https:\/\/api.w.org\/{rel}","templated":true}]}}