{"id":38191,"date":"2023-03-02T19:03:17","date_gmt":"2023-03-02T19:03:17","guid":{"rendered":"https:\/\/www.africa-press.net\/cameroun\/politique\/affaire-martinez-zogo-le-ministre-rene-sadi-violemment-epingle-ses-liens-avec-amougou-belinga-devoiles"},"modified":"2023-03-02T19:22:40","modified_gmt":"2023-03-02T19:22:40","slug":"affaire-martinez-zogo-le-ministre-rene-sadi-violemment-epingle-ses-liens-avec-amougou-belinga-devoiles","status":"publish","type":"post","link":"https:\/\/www.africa-press.net\/cameroun\/toutes-les-actualites\/affaire-martinez-zogo-le-ministre-rene-sadi-violemment-epingle-ses-liens-avec-amougou-belinga-devoiles","title":{"rendered":"Affaire Martinez Zogo : le ministre Ren\u00e9 Sadi violemment \u00e9pingl\u00e9, ses liens avec Amougou Belinga d\u00e9voil\u00e9s"},"content":{"rendered":"<p><span style=\"color: #ff6600\"><strong>Africa-Press &#8211; Cameroun. <\/strong><\/span>Le communique\u0301 du ministre de la communication Rene\u0301 Emmanuel Sadi passe mal aux yeux de l&rsquo;opinion. En effet, le ministre de la communication, porte-parole du gouvernement, a publie\u0301 ce mercredi 1er mars 2023, un nouveau communique\u0301 dans le cadre de l\u2019affaire Martinez Zogo.<\/p>\n<p>Le ministre dans son communique\u0301 de\u0301nonce la pression et les critiques que fait l&rsquo;opinion a\u0300 propos de l&rsquo;affaire. Il faut dire que la lenteur de la prce\u0301dure pose proble\u0300me aux camerounais qui re\u0301clament une justice pour Martinez Zogo et le plus rapidement possible.<\/p>\n<p>D&rsquo;ailleurs, Paul Chouta a e\u0301crit une lettre re\u0301ponse a\u0300 l&rsquo;endroit du ministre lui expliquant les raisons qui poussent les camerounais a\u0300 se plaindre autant.<\/p>\n<p>\u00ab Excellence, vous auriez pu avoir raison si par le passe\u0301 les choses se passaient comme il se doit. Vous auriez pu avoir raison si les Camerounais n&rsquo;avaient pas l&rsquo;impression d&rsquo;e\u0302tre berne\u0301s par le gouvernement. Le proble\u0300me qui se pose c&rsquo;est l&rsquo;absence d&rsquo;avance\u0301e sur certains dossiers. C\u0327a cre\u0301e des suspicion et etiole la confiance du peuple vis a\u0300 vis des institutions. A\u0300 mon avis je crois que vous ne devez pas vous en prendre aux Camerounais qui ont soif de la justice dans l&rsquo;affaire Martinez Zogo. Vous devez pluto\u0302t vous en prendre au re\u0301gime que vous servez depuis des lustres car par le passe\u0301, il y a eu plusieurs affaires de ce genre qui n&rsquo;ont jamais e\u0301te\u0301 e\u0301lucide\u0301es, laissant le peuple sur sa soif. Lorsqu&rsquo;un peuple n&rsquo;a plus confiance a\u0300 la justice, il se rend justice. Les Camerounais ne vous prennent plus au se\u0301rieux. Un adage dit : . Les Camerounais sont de\u0301sormais avertis.<\/p>\n<p>Excellence, Dois-je vous rappeler qu&rsquo;on nous a dit, dans ce pays qu&rsquo;un e\u0301ve\u0302que, s&rsquo;est leve\u0301 au beau milieu de la nuit, s&rsquo;est casse\u0301 un bras, porte\u0301 ses chaussures a\u0300 l&rsquo;envers, et au-dela\u0300 de tout, s&rsquo;est carre\u0301ment jete\u0301 dans l&rsquo;eau pour se noyer apre\u0300s avoir gare\u0301 son ve\u0301hicule sur le pont Ebebda ? Monsieur le Ministre, connaissez-vous les affaires suivantes :<\/p>\n<p>&#8211; Affaire Wazizi,<\/p>\n<p>&#8211; Affaire Mgr Benoi\u0302t Balla,<\/p>\n<p>&#8211; Assassinat des Mpondo,<\/p>\n<p>&#8211; Assassinat de Dippah Prison,<\/p>\n<p>&#8211; Affaire Dikoum,<\/p>\n<p>&#8211; Affaire Ngongo Ottou,<\/p>\n<p>&#8211; Mort du pe\u0300re Engelbert Mveng,<\/p>\n<p>&#8211; Assassinat de l&rsquo;Abbe\u0301 Mbassi,<\/p>\n<p>&#8211; Assassinat de Boum Emmanuel,<\/p>\n<p>&#8211; Exe\u0301cution de Me Mbouopda,<\/p>\n<p>&#8211; Affaire de Zanzibar,<\/p>\n<p>&#8211; Assassinat de Yves Mlumey,<\/p>\n<p>&#8211; Assassinat des religieuses de Djoum<\/p>\n<p>Etc<\/p>\n<p>Si vous avez connaissance de ces affaires sus cite\u0301es, pouvez-vous nous dire quels sont les re\u0301sultats des enque\u0302tes ? Si vous re\u0301pondez a\u0300 cette question, je crois que les Camerounais vont cesser de commenter l&rsquo;affaire Martinez Zogo \u00bb lit-on dans la correspondance de Paul Chouta.<\/p>\n<p>Pour Jean-Claude Mbede, il ne sert a\u0300 rien d&rsquo;en vouloir au ministre de la communication car ce dernier serait tre\u0300s proche des suspects.<\/p>\n<p>\u00ab On savait la justice entre leurs mains. Il va falloir inte\u0300grer que me\u0302me le Ministre de la communication est beaucoup plus proche des suspects que quiconque. D\u2019ou\u0300 l\u2019ambigui\u0308te\u0301 et volontaire le\u0301ge\u0300rete\u0301 dans ses sorties qui intimident les journalistes et leur demande a\u0300 mots a\u0300 peine voile\u0301s, de ne pas faire ce que nous e\u0301coutons chaque heure sur les me\u0301dias internationaux : la chronique judiciaire. Si vous vous connectez sur n\u2019importe quelle radio ou te\u0301le\u0301 en ce moment, on rend compte d\u2019enque\u0302tes criminelles y compris pre\u0301liminaires. Car les journalistes sont dans leur ro\u0302le de rendre compte de ce qui se fait en recourant aux commentaires des experts. Le Cameroun est vraiment une galaxie qui ne fait rien comme partout ailleurs. Mais justement cette posture souille\u0301e de ministres corrompus et trempe\u0301s doit amener les journalistes a\u0300 e\u0302tre solidaire et a\u0300 redoubler de ze\u0300le pour re\u0301clamer la ve\u0301rite\u0301. En attendant, dites au ministre Sadi que les re\u0301seaux sociaux vont continuer a\u0300 mettre la pression. Et les commanditaires et exe\u0301cutants de la charcuterie sur Martinez Zogo re\u0301pondront de leurs actes \u00bb indique Jean-Claude Mbede.<\/p>\n<p>Il faut ajouter e\u0301galement que le ministre dans son communique\u0301 tente de rassurer l\u2019opinion publique sur la de\u0301termination des pouvoirs publics a\u0300 tout mettre en \u0153uvre afin que les personnes implique\u0301es dans l\u2019assassinat de Martinez Zogo soient punies.<\/p>\n<p><strong>Pour plus d&rsquo;informations et d&rsquo;analyses sur la <a href=\"https:\/\/www.africa-press.net\/cameroun\">Cameroun<\/a>, suivez <a href=\"https:\/\/www.africa-press.net\/\">Africa-Press<\/a><\/strong><\/p>\n","protected":false},"excerpt":{"rendered":"<p>Africa-Press &#8211; Cameroun. Le communique\u0301 du ministre de la communication Rene\u0301 Emmanuel Sadi passe mal aux yeux de l&rsquo;opinion. En effet, le ministre de la communication, porte-parole du gouvernement, a publie\u0301 ce mercredi 1er mars 2023, un nouveau communique\u0301 dans le cadre de l\u2019affaire Martinez Zogo. Le ministre dans son communique\u0301 de\u0301nonce la pression et [&hellip;]<\/p>\n","protected":false},"author":82,"featured_media":38190,"comment_status":"open","ping_status":"closed","sticky":false,"template":"","format":"standard","meta":{"footnotes":""},"categories":[21,10],"tags":[36,50,49],"class_list":["post-38191","post","type-post","status-publish","format-standard","has-post-thumbnail","hentry","category-communaute","category-toutes-les-actualites","tag-africa-press","tag-africa-press-cameroun","tag-cameroun"],"yoast_head":"<!-- This site is optimized with the Yoast SEO Premium plugin v26.1 (Yoast SEO v27.0) - https:\/\/yoast.com\/product\/yoast-seo-premium-wordpress\/ -->\n<title>Affaire Martinez Zogo : le ministre Ren\u00e9 Sadi violemment \u00e9pingl\u00e9, ses liens avec Amougou Belinga d\u00e9voil\u00e9s - Cameroun<\/title>\n<meta name=\"description\" content=\"Le communique\u0301 du ministre de la communication Rene\u0301 Emmanuel Sadi passe mal aux yeux de l&#039;opinion. En effet, le ministr ...\" \/>\n<meta name=\"robots\" content=\"index, follow, max-snippet:-1, max-image-preview:large, max-video-preview:-1\" \/>\n<link rel=\"canonical\" href=\"https:\/\/www.africa-press.net\/cameroun\/toutes-les-actualites\/affaire-martinez-zogo-le-ministre-rene-sadi-violemment-epingle-ses-liens-avec-amougou-belinga-devoiles\" \/>\n<meta property=\"og:locale\" content=\"fr_FR\" \/>\n<meta property=\"og:type\" content=\"article\" \/>\n<meta property=\"og:title\" content=\"Affaire Martinez Zogo : le ministre Ren\u00e9 Sadi violemment \u00e9pingl\u00e9, ses liens avec Amougou Belinga d\u00e9voil\u00e9s\" \/>\n<meta property=\"og:description\" content=\"Le communique\u0301 du ministre de la communication Rene\u0301 Emmanuel Sadi passe mal aux yeux de l&#039;opinion. En effet, le ministr ...\" \/>\n<meta property=\"og:url\" content=\"https:\/\/www.africa-press.net\/cameroun\/toutes-les-actualites\/affaire-martinez-zogo-le-ministre-rene-sadi-violemment-epingle-ses-liens-avec-amougou-belinga-devoiles\" \/>\n<meta property=\"og:site_name\" content=\"Cameroun\" \/>\n<meta property=\"article:published_time\" content=\"2023-03-02T19:03:17+00:00\" \/>\n<meta property=\"article:modified_time\" content=\"2023-03-02T19:22:40+00:00\" \/>\n<meta property=\"og:image\" content=\"https:\/\/static.africa-press.net\/cameroun\/sites\/57\/2023\/03\/postQueueImg_1677771202.71.jpg\" \/>\n\t<meta property=\"og:image:width\" content=\"720\" \/>\n\t<meta property=\"og:image:height\" content=\"440\" \/>\n\t<meta property=\"og:image:type\" content=\"image\/jpeg\" \/>\n<meta name=\"author\" content=\"cfeditorfr\" \/>\n<meta name=\"twitter:card\" content=\"summary_large_image\" \/>\n<meta name=\"twitter:label1\" content=\"\u00c9crit par\" \/>\n\t<meta name=\"twitter:data1\" content=\"cfeditorfr\" \/>\n\t<meta name=\"twitter:label2\" content=\"Dur\u00e9e de lecture estim\u00e9e\" \/>\n\t<meta name=\"twitter:data2\" content=\"4 minutes\" \/>\n<script type=\"application\/ld+json\" class=\"yoast-schema-graph\">{\"@context\":\"https:\/\/schema.org\",\"@graph\":[{\"@type\":\"Article\",\"@id\":\"https:\/\/www.africa-press.net\/cameroun\/toutes-les-actualites\/affaire-martinez-zogo-le-ministre-rene-sadi-violemment-epingle-ses-liens-avec-amougou-belinga-devoiles#article\",\"isPartOf\":{\"@id\":\"https:\/\/www.africa-press.net\/cameroun\/toutes-les-actualites\/affaire-martinez-zogo-le-ministre-rene-sadi-violemment-epingle-ses-liens-avec-amougou-belinga-devoiles\"},\"author\":{\"name\":\"cfeditorfr\",\"@id\":\"https:\/\/www.africa-press.net\/cameroun\/#\/schema\/person\/2b1cf3cd81a31e3cd26889ca66d677f1\"},\"headline\":\"Affaire Martinez Zogo : le ministre Ren\u00e9 Sadi violemment \u00e9pingl\u00e9, ses liens avec Amougou Belinga d\u00e9voil\u00e9s\",\"datePublished\":\"2023-03-02T19:03:17+00:00\",\"dateModified\":\"2023-03-02T19:22:40+00:00\",\"mainEntityOfPage\":{\"@id\":\"https:\/\/www.africa-press.net\/cameroun\/toutes-les-actualites\/affaire-martinez-zogo-le-ministre-rene-sadi-violemment-epingle-ses-liens-avec-amougou-belinga-devoiles\"},\"wordCount\":781,\"commentCount\":0,\"image\":{\"@id\":\"https:\/\/www.africa-press.net\/cameroun\/toutes-les-actualites\/affaire-martinez-zogo-le-ministre-rene-sadi-violemment-epingle-ses-liens-avec-amougou-belinga-devoiles#primaryimage\"},\"thumbnailUrl\":\"https:\/\/static.africa-press.net\/cameroun\/sites\/57\/2023\/03\/postQueueImg_1677771202.71.jpg\",\"keywords\":[\"Africa Press\",\"Africa Press-Cameroun\",\"Cameroun\"],\"articleSection\":[\"Communaut\u00e9\",\"Toutes les actualit\u00e9s\"],\"inLanguage\":\"fr-FR\",\"potentialAction\":[{\"@type\":\"CommentAction\",\"name\":\"Comment\",\"target\":[\"https:\/\/www.africa-press.net\/cameroun\/toutes-les-actualites\/affaire-martinez-zogo-le-ministre-rene-sadi-violemment-epingle-ses-liens-avec-amougou-belinga-devoiles#respond\"]}]},{\"@type\":\"WebPage\",\"@id\":\"https:\/\/www.africa-press.net\/cameroun\/toutes-les-actualites\/affaire-martinez-zogo-le-ministre-rene-sadi-violemment-epingle-ses-liens-avec-amougou-belinga-devoiles\",\"url\":\"https:\/\/www.africa-press.net\/cameroun\/toutes-les-actualites\/affaire-martinez-zogo-le-ministre-rene-sadi-violemment-epingle-ses-liens-avec-amougou-belinga-devoiles\",\"name\":\"Affaire Martinez Zogo : le ministre Ren\u00e9 Sadi violemment \u00e9pingl\u00e9, ses liens avec Amougou Belinga d\u00e9voil\u00e9s - Cameroun\",\"isPartOf\":{\"@id\":\"https:\/\/www.africa-press.net\/cameroun\/#website\"},\"primaryImageOfPage\":{\"@id\":\"https:\/\/www.africa-press.net\/cameroun\/toutes-les-actualites\/affaire-martinez-zogo-le-ministre-rene-sadi-violemment-epingle-ses-liens-avec-amougou-belinga-devoiles#primaryimage\"},\"image\":{\"@id\":\"https:\/\/www.africa-press.net\/cameroun\/toutes-les-actualites\/affaire-martinez-zogo-le-ministre-rene-sadi-violemment-epingle-ses-liens-avec-amougou-belinga-devoiles#primaryimage\"},\"thumbnailUrl\":\"https:\/\/static.africa-press.net\/cameroun\/sites\/57\/2023\/03\/postQueueImg_1677771202.71.jpg\",\"datePublished\":\"2023-03-02T19:03:17+00:00\",\"dateModified\":\"2023-03-02T19:22:40+00:00\",\"author\":{\"@id\":\"https:\/\/www.africa-press.net\/cameroun\/#\/schema\/person\/2b1cf3cd81a31e3cd26889ca66d677f1\"},\"description\":\"Le communique\u0301 du ministre de la communication Rene\u0301 Emmanuel Sadi passe mal aux yeux de l'opinion. En effet, le ministr ...\",\"breadcrumb\":{\"@id\":\"https:\/\/www.africa-press.net\/cameroun\/toutes-les-actualites\/affaire-martinez-zogo-le-ministre-rene-sadi-violemment-epingle-ses-liens-avec-amougou-belinga-devoiles#breadcrumb\"},\"inLanguage\":\"fr-FR\",\"potentialAction\":[{\"@type\":\"ReadAction\",\"target\":[\"https:\/\/www.africa-press.net\/cameroun\/toutes-les-actualites\/affaire-martinez-zogo-le-ministre-rene-sadi-violemment-epingle-ses-liens-avec-amougou-belinga-devoiles\"]}]},{\"@type\":\"ImageObject\",\"inLanguage\":\"fr-FR\",\"@id\":\"https:\/\/www.africa-press.net\/cameroun\/toutes-les-actualites\/affaire-martinez-zogo-le-ministre-rene-sadi-violemment-epingle-ses-liens-avec-amougou-belinga-devoiles#primaryimage\",\"url\":\"https:\/\/static.africa-press.net\/cameroun\/sites\/57\/2023\/03\/postQueueImg_1677771202.71.jpg\",\"contentUrl\":\"https:\/\/static.africa-press.net\/cameroun\/sites\/57\/2023\/03\/postQueueImg_1677771202.71.jpg\",\"width\":720,\"height\":440,\"caption\":\"Affaire Martinez Zogo : le ministre Ren\u00e9 Sadi violemment \u00e9pingl\u00e9, ses liens avec Amougou Belinga d\u00e9voil\u00e9s\"},{\"@type\":\"BreadcrumbList\",\"@id\":\"https:\/\/www.africa-press.net\/cameroun\/toutes-les-actualites\/affaire-martinez-zogo-le-ministre-rene-sadi-violemment-epingle-ses-liens-avec-amougou-belinga-devoiles#breadcrumb\",\"itemListElement\":[{\"@type\":\"ListItem\",\"position\":1,\"name\":\"Accueil\",\"item\":\"https:\/\/www.africa-press.net\/cameroun\/\"},{\"@type\":\"ListItem\",\"position\":2,\"name\":\"Affaire Martinez Zogo : le ministre Ren\u00e9 Sadi violemment \u00e9pingl\u00e9, ses liens avec Amougou Belinga d\u00e9voil\u00e9s\"}]},{\"@type\":\"WebSite\",\"@id\":\"https:\/\/www.africa-press.net\/cameroun\/#website\",\"url\":\"https:\/\/www.africa-press.net\/cameroun\/\",\"name\":\"Cameroun\",\"description\":\"Just another Africa News Agency Sites site\",\"potentialAction\":[{\"@type\":\"SearchAction\",\"target\":{\"@type\":\"EntryPoint\",\"urlTemplate\":\"https:\/\/www.africa-press.net\/cameroun\/?s={search_term_string}\"},\"query-input\":{\"@type\":\"PropertyValueSpecification\",\"valueRequired\":true,\"valueName\":\"search_term_string\"}}],\"inLanguage\":\"fr-FR\"},{\"@type\":\"Person\",\"@id\":\"https:\/\/www.africa-press.net\/cameroun\/#\/schema\/person\/2b1cf3cd81a31e3cd26889ca66d677f1\",\"name\":\"cfeditorfr\"}]}<\/script>\n<!-- \/ Yoast SEO Premium plugin. -->","yoast_head_json":{"title":"Affaire Martinez Zogo : le ministre Ren\u00e9 Sadi violemment \u00e9pingl\u00e9, ses liens avec Amougou Belinga d\u00e9voil\u00e9s - Cameroun","description":"Le communique\u0301 du ministre de la communication Rene\u0301 Emmanuel Sadi passe mal aux yeux de l'opinion. En effet, le ministr ...","robots":{"index":"index","follow":"follow","max-snippet":"max-snippet:-1","max-image-preview":"max-image-preview:large","max-video-preview":"max-video-preview:-1"},"canonical":"https:\/\/www.africa-press.net\/cameroun\/toutes-les-actualites\/affaire-martinez-zogo-le-ministre-rene-sadi-violemment-epingle-ses-liens-avec-amougou-belinga-devoiles","og_locale":"fr_FR","og_type":"article","og_title":"Affaire Martinez Zogo : le ministre Ren\u00e9 Sadi violemment \u00e9pingl\u00e9, ses liens avec Amougou Belinga d\u00e9voil\u00e9s","og_description":"Le communique\u0301 du ministre de la communication Rene\u0301 Emmanuel Sadi passe mal aux yeux de l'opinion. En effet, le ministr ...","og_url":"https:\/\/www.africa-press.net\/cameroun\/toutes-les-actualites\/affaire-martinez-zogo-le-ministre-rene-sadi-violemment-epingle-ses-liens-avec-amougou-belinga-devoiles","og_site_name":"Cameroun","article_published_time":"2023-03-02T19:03:17+00:00","article_modified_time":"2023-03-02T19:22:40+00:00","og_image":[{"width":720,"height":440,"url":"https:\/\/static.africa-press.net\/cameroun\/sites\/57\/2023\/03\/postQueueImg_1677771202.71.jpg","type":"image\/jpeg"}],"author":"cfeditorfr","twitter_card":"summary_large_image","twitter_misc":{"\u00c9crit par":"cfeditorfr","Dur\u00e9e de lecture estim\u00e9e":"4 minutes"},"schema":{"@context":"https:\/\/schema.org","@graph":[{"@type":"Article","@id":"https:\/\/www.africa-press.net\/cameroun\/toutes-les-actualites\/affaire-martinez-zogo-le-ministre-rene-sadi-violemment-epingle-ses-liens-avec-amougou-belinga-devoiles#article","isPartOf":{"@id":"https:\/\/www.africa-press.net\/cameroun\/toutes-les-actualites\/affaire-martinez-zogo-le-ministre-rene-sadi-violemment-epingle-ses-liens-avec-amougou-belinga-devoiles"},"author":{"name":"cfeditorfr","@id":"https:\/\/www.africa-press.net\/cameroun\/#\/schema\/person\/2b1cf3cd81a31e3cd26889ca66d677f1"},"headline":"Affaire Martinez Zogo : le ministre Ren\u00e9 Sadi violemment \u00e9pingl\u00e9, ses liens avec Amougou Belinga d\u00e9voil\u00e9s","datePublished":"2023-03-02T19:03:17+00:00","dateModified":"2023-03-02T19:22:40+00:00","mainEntityOfPage":{"@id":"https:\/\/www.africa-press.net\/cameroun\/toutes-les-actualites\/affaire-martinez-zogo-le-ministre-rene-sadi-violemment-epingle-ses-liens-avec-amougou-belinga-devoiles"},"wordCount":781,"commentCount":0,"image":{"@id":"https:\/\/www.africa-press.net\/cameroun\/toutes-les-actualites\/affaire-martinez-zogo-le-ministre-rene-sadi-violemment-epingle-ses-liens-avec-amougou-belinga-devoiles#primaryimage"},"thumbnailUrl":"https:\/\/static.africa-press.net\/cameroun\/sites\/57\/2023\/03\/postQueueImg_1677771202.71.jpg","keywords":["Africa Press","Africa Press-Cameroun","Cameroun"],"articleSection":["Communaut\u00e9","Toutes les actualit\u00e9s"],"inLanguage":"fr-FR","potentialAction":[{"@type":"CommentAction","name":"Comment","target":["https:\/\/www.africa-press.net\/cameroun\/toutes-les-actualites\/affaire-martinez-zogo-le-ministre-rene-sadi-violemment-epingle-ses-liens-avec-amougou-belinga-devoiles#respond"]}]},{"@type":"WebPage","@id":"https:\/\/www.africa-press.net\/cameroun\/toutes-les-actualites\/affaire-martinez-zogo-le-ministre-rene-sadi-violemment-epingle-ses-liens-avec-amougou-belinga-devoiles","url":"https:\/\/www.africa-press.net\/cameroun\/toutes-les-actualites\/affaire-martinez-zogo-le-ministre-rene-sadi-violemment-epingle-ses-liens-avec-amougou-belinga-devoiles","name":"Affaire Martinez Zogo : le ministre Ren\u00e9 Sadi violemment \u00e9pingl\u00e9, ses liens avec Amougou Belinga d\u00e9voil\u00e9s - Cameroun","isPartOf":{"@id":"https:\/\/www.africa-press.net\/cameroun\/#website"},"primaryImageOfPage":{"@id":"https:\/\/www.africa-press.net\/cameroun\/toutes-les-actualites\/affaire-martinez-zogo-le-ministre-rene-sadi-violemment-epingle-ses-liens-avec-amougou-belinga-devoiles#primaryimage"},"image":{"@id":"https:\/\/www.africa-press.net\/cameroun\/toutes-les-actualites\/affaire-martinez-zogo-le-ministre-rene-sadi-violemment-epingle-ses-liens-avec-amougou-belinga-devoiles#primaryimage"},"thumbnailUrl":"https:\/\/static.africa-press.net\/cameroun\/sites\/57\/2023\/03\/postQueueImg_1677771202.71.jpg","datePublished":"2023-03-02T19:03:17+00:00","dateModified":"2023-03-02T19:22:40+00:00","author":{"@id":"https:\/\/www.africa-press.net\/cameroun\/#\/schema\/person\/2b1cf3cd81a31e3cd26889ca66d677f1"},"description":"Le communique\u0301 du ministre de la communication Rene\u0301 Emmanuel Sadi passe mal aux yeux de l'opinion. En effet, le ministr ...","breadcrumb":{"@id":"https:\/\/www.africa-press.net\/cameroun\/toutes-les-actualites\/affaire-martinez-zogo-le-ministre-rene-sadi-violemment-epingle-ses-liens-avec-amougou-belinga-devoiles#breadcrumb"},"inLanguage":"fr-FR","potentialAction":[{"@type":"ReadAction","target":["https:\/\/www.africa-press.net\/cameroun\/toutes-les-actualites\/affaire-martinez-zogo-le-ministre-rene-sadi-violemment-epingle-ses-liens-avec-amougou-belinga-devoiles"]}]},{"@type":"ImageObject","inLanguage":"fr-FR","@id":"https:\/\/www.africa-press.net\/cameroun\/toutes-les-actualites\/affaire-martinez-zogo-le-ministre-rene-sadi-violemment-epingle-ses-liens-avec-amougou-belinga-devoiles#primaryimage","url":"https:\/\/static.africa-press.net\/cameroun\/sites\/57\/2023\/03\/postQueueImg_1677771202.71.jpg","contentUrl":"https:\/\/static.africa-press.net\/cameroun\/sites\/57\/2023\/03\/postQueueImg_1677771202.71.jpg","width":720,"height":440,"caption":"Affaire Martinez Zogo : le ministre Ren\u00e9 Sadi violemment \u00e9pingl\u00e9, ses liens avec Amougou Belinga d\u00e9voil\u00e9s"},{"@type":"BreadcrumbList","@id":"https:\/\/www.africa-press.net\/cameroun\/toutes-les-actualites\/affaire-martinez-zogo-le-ministre-rene-sadi-violemment-epingle-ses-liens-avec-amougou-belinga-devoiles#breadcrumb","itemListElement":[{"@type":"ListItem","position":1,"name":"Accueil","item":"https:\/\/www.africa-press.net\/cameroun\/"},{"@type":"ListItem","position":2,"name":"Affaire Martinez Zogo : le ministre Ren\u00e9 Sadi violemment \u00e9pingl\u00e9, ses liens avec Amougou Belinga d\u00e9voil\u00e9s"}]},{"@type":"WebSite","@id":"https:\/\/www.africa-press.net\/cameroun\/#website","url":"https:\/\/www.africa-press.net\/cameroun\/","name":"Cameroun","description":"Just another Africa News Agency Sites site","potentialAction":[{"@type":"SearchAction","target":{"@type":"EntryPoint","urlTemplate":"https:\/\/www.africa-press.net\/cameroun\/?s={search_term_string}"},"query-input":{"@type":"PropertyValueSpecification","valueRequired":true,"valueName":"search_term_string"}}],"inLanguage":"fr-FR"},{"@type":"Person","@id":"https:\/\/www.africa-press.net\/cameroun\/#\/schema\/person\/2b1cf3cd81a31e3cd26889ca66d677f1","name":"cfeditorfr"}]}},"_links":{"self":[{"href":"https:\/\/www.africa-press.net\/cameroun\/wp-json\/wp\/v2\/posts\/38191","targetHints":{"allow":["GET"]}}],"collection":[{"href":"https:\/\/www.africa-press.net\/cameroun\/wp-json\/wp\/v2\/posts"}],"about":[{"href":"https:\/\/www.africa-press.net\/cameroun\/wp-json\/wp\/v2\/types\/post"}],"author":[{"embeddable":true,"href":"https:\/\/www.africa-press.net\/cameroun\/wp-json\/wp\/v2\/users\/82"}],"replies":[{"embeddable":true,"href":"https:\/\/www.africa-press.net\/cameroun\/wp-json\/wp\/v2\/comments?post=38191"}],"version-history":[{"count":0,"href":"https:\/\/www.africa-press.net\/cameroun\/wp-json\/wp\/v2\/posts\/38191\/revisions"}],"wp:featuredmedia":[{"embeddable":true,"href":"https:\/\/www.africa-press.net\/cameroun\/wp-json\/wp\/v2\/media\/38190"}],"wp:attachment":[{"href":"https:\/\/www.africa-press.net\/cameroun\/wp-json\/wp\/v2\/media?parent=38191"}],"wp:term":[{"taxonomy":"category","embeddable":true,"href":"https:\/\/www.africa-press.net\/cameroun\/wp-json\/wp\/v2\/categories?post=38191"},{"taxonomy":"post_tag","embeddable":true,"href":"https:\/\/www.africa-press.net\/cameroun\/wp-json\/wp\/v2\/tags?post=38191"}],"curies":[{"name":"wp","href":"https:\/\/api.w.org\/{rel}","templated":true}]}}