{"id":38196,"date":"2023-03-02T19:03:34","date_gmt":"2023-03-02T19:03:34","guid":{"rendered":"https:\/\/www.africa-press.net\/cameroun\/politique\/protocole-accueil-de-chef-detat-le-jour-ou-amougou-belinga-a-ete-recu-au-togo"},"modified":"2023-03-02T19:23:50","modified_gmt":"2023-03-02T19:23:50","slug":"protocole-accueil-de-chef-detat-le-jour-ou-amougou-belinga-a-ete-recu-au-togo","status":"publish","type":"post","link":"https:\/\/www.africa-press.net\/cameroun\/politique\/protocole-accueil-de-chef-detat-le-jour-ou-amougou-belinga-a-ete-recu-au-togo","title":{"rendered":"Protocole, accueil de chef d&rsquo;Etat: le jour o\u00f9 Amougou Belinga a \u00e9t\u00e9 re\u00e7u au Togo"},"content":{"rendered":"<p><span style=\"color: #ff6600\"><strong>Africa-Press &#8211; Cameroun. <\/strong><\/span>Il y a quelques anne\u0301es, le PDG du groupe l&rsquo;anecdote avait e\u0301te\u0301 rec\u0327u a\u0300 Lome\u0301 par le chef de l&rsquo;Etat togolais, Faure Gnassingbe\u0301.<\/p>\n<p>Ce voyage de Yaounde\u0301 a\u0300 Lome\u0301, Amougou Belinga l&rsquo;avait fait, avec son Jet prive\u0301. Il e\u0301tait accompagne\u0301 de quelques cadres du groupe l&rsquo;Anecdote et de sa te\u0301le\u0301vision Vision4.<\/p>\n<p>De l&rsquo;ae\u0301roport a\u0300 la pre\u0301sidence de la Re\u0301publique, Amougou Belinga a be\u0301ne\u0301ficie\u0301 des services du protocole d&rsquo;Etat togolais.<\/p>\n<p>Une fois a\u0300 la pre\u0301sidence, le Zomloa des Zomloa aujourd&rsquo;hui en garde a\u0300 vue dans une affaire de meurtre, avait discute\u0301 avec le pre\u0301sident de la Re\u0301publique togolaise.<\/p>\n<p>L&rsquo;on parle de l&rsquo;ouverture des bureaux de Vision4 a\u0300, Lome\u0301 et des investissements. Sauf qu&rsquo;a\u0300 ce jour, les projets d&rsquo;Amougou Belinga ne se sont jamais re\u0301alise\u0301s dans ce pays d&rsquo;Afrique de l&rsquo;ouest.<\/p>\n<p><strong>Pour plus d&rsquo;informations et d&rsquo;analyses sur la <a href=\"https:\/\/www.africa-press.net\/cameroun\">Cameroun<\/a>, suivez <a href=\"https:\/\/www.africa-press.net\/\">Africa-Press<\/a><\/strong><\/p>\n","protected":false},"excerpt":{"rendered":"<p>Africa-Press &#8211; Cameroun. Il y a quelques anne\u0301es, le PDG du groupe l&rsquo;anecdote avait e\u0301te\u0301 rec\u0327u a\u0300 Lome\u0301 par le chef de l&rsquo;Etat togolais, Faure Gnassingbe\u0301. Ce voyage de Yaounde\u0301 a\u0300 Lome\u0301, Amougou Belinga l&rsquo;avait fait, avec son Jet prive\u0301. Il e\u0301tait accompagne\u0301 de quelques cadres du groupe l&rsquo;Anecdote et de sa te\u0301le\u0301vision Vision4. De [&hellip;]<\/p>\n","protected":false},"author":82,"featured_media":38194,"comment_status":"open","ping_status":"closed","sticky":false,"template":"","format":"standard","meta":{"footnotes":""},"categories":[2,10],"tags":[36,50,49],"class_list":["post-38196","post","type-post","status-publish","format-standard","has-post-thumbnail","hentry","category-politique","category-toutes-les-actualites","tag-africa-press","tag-africa-press-cameroun","tag-cameroun"],"yoast_head":"<!-- This site is optimized with the Yoast SEO Premium plugin v26.1 (Yoast SEO v27.0) - https:\/\/yoast.com\/product\/yoast-seo-premium-wordpress\/ -->\n<title>Protocole, accueil de chef d&#039;Etat: le jour o\u00f9 Amougou Belinga a \u00e9t\u00e9 re\u00e7u au Togo - Cameroun<\/title>\n<meta name=\"description\" content=\"Il y a quelques anne\u0301es, le PDG du groupe l&#039;anecdote avait e\u0301te\u0301 rec\u0327u a\u0300 Lome\u0301 par le chef de l&#039;Etat togolais, Faure Gn ...\" \/>\n<meta name=\"robots\" content=\"index, follow, max-snippet:-1, max-image-preview:large, max-video-preview:-1\" \/>\n<link rel=\"canonical\" href=\"https:\/\/www.africa-press.net\/cameroun\/politique\/protocole-accueil-de-chef-detat-le-jour-ou-amougou-belinga-a-ete-recu-au-togo\" \/>\n<meta property=\"og:locale\" content=\"fr_FR\" \/>\n<meta property=\"og:type\" content=\"article\" \/>\n<meta property=\"og:title\" content=\"Protocole, accueil de chef d&#039;Etat: le jour o\u00f9 Amougou Belinga a \u00e9t\u00e9 re\u00e7u au Togo\" \/>\n<meta property=\"og:description\" content=\"Il y a quelques anne\u0301es, le PDG du groupe l&#039;anecdote avait e\u0301te\u0301 rec\u0327u a\u0300 Lome\u0301 par le chef de l&#039;Etat togolais, Faure Gn ...\" \/>\n<meta property=\"og:url\" content=\"https:\/\/www.africa-press.net\/cameroun\/politique\/protocole-accueil-de-chef-detat-le-jour-ou-amougou-belinga-a-ete-recu-au-togo\" \/>\n<meta property=\"og:site_name\" content=\"Cameroun\" \/>\n<meta property=\"article:published_time\" content=\"2023-03-02T19:03:34+00:00\" \/>\n<meta property=\"article:modified_time\" content=\"2023-03-02T19:23:50+00:00\" \/>\n<meta property=\"og:image\" content=\"https:\/\/static.africa-press.net\/cameroun\/sites\/57\/2023\/03\/postQueueImg_1677771216.52.jpg\" \/>\n\t<meta property=\"og:image:width\" content=\"720\" \/>\n\t<meta property=\"og:image:height\" content=\"372\" \/>\n\t<meta property=\"og:image:type\" content=\"image\/jpeg\" \/>\n<meta name=\"author\" content=\"cfeditorfr\" \/>\n<meta name=\"twitter:card\" content=\"summary_large_image\" \/>\n<meta name=\"twitter:label1\" content=\"\u00c9crit par\" \/>\n\t<meta name=\"twitter:data1\" content=\"cfeditorfr\" \/>\n\t<meta name=\"twitter:label2\" content=\"Dur\u00e9e de lecture estim\u00e9e\" \/>\n\t<meta name=\"twitter:data2\" content=\"1 minute\" \/>\n<script type=\"application\/ld+json\" class=\"yoast-schema-graph\">{\"@context\":\"https:\/\/schema.org\",\"@graph\":[{\"@type\":\"Article\",\"@id\":\"https:\/\/www.africa-press.net\/cameroun\/politique\/protocole-accueil-de-chef-detat-le-jour-ou-amougou-belinga-a-ete-recu-au-togo#article\",\"isPartOf\":{\"@id\":\"https:\/\/www.africa-press.net\/cameroun\/politique\/protocole-accueil-de-chef-detat-le-jour-ou-amougou-belinga-a-ete-recu-au-togo\"},\"author\":{\"name\":\"cfeditorfr\",\"@id\":\"https:\/\/www.africa-press.net\/cameroun\/#\/schema\/person\/2b1cf3cd81a31e3cd26889ca66d677f1\"},\"headline\":\"Protocole, accueil de chef d&rsquo;Etat: le jour o\u00f9 Amougou Belinga a \u00e9t\u00e9 re\u00e7u au Togo\",\"datePublished\":\"2023-03-02T19:03:34+00:00\",\"dateModified\":\"2023-03-02T19:23:50+00:00\",\"mainEntityOfPage\":{\"@id\":\"https:\/\/www.africa-press.net\/cameroun\/politique\/protocole-accueil-de-chef-detat-le-jour-ou-amougou-belinga-a-ete-recu-au-togo\"},\"wordCount\":190,\"commentCount\":0,\"image\":{\"@id\":\"https:\/\/www.africa-press.net\/cameroun\/politique\/protocole-accueil-de-chef-detat-le-jour-ou-amougou-belinga-a-ete-recu-au-togo#primaryimage\"},\"thumbnailUrl\":\"https:\/\/static.africa-press.net\/cameroun\/sites\/57\/2023\/03\/postQueueImg_1677771216.52.jpg\",\"keywords\":[\"Africa Press\",\"Africa Press-Cameroun\",\"Cameroun\"],\"articleSection\":[\"Politique\",\"Toutes les actualit\u00e9s\"],\"inLanguage\":\"fr-FR\",\"potentialAction\":[{\"@type\":\"CommentAction\",\"name\":\"Comment\",\"target\":[\"https:\/\/www.africa-press.net\/cameroun\/politique\/protocole-accueil-de-chef-detat-le-jour-ou-amougou-belinga-a-ete-recu-au-togo#respond\"]}]},{\"@type\":\"WebPage\",\"@id\":\"https:\/\/www.africa-press.net\/cameroun\/politique\/protocole-accueil-de-chef-detat-le-jour-ou-amougou-belinga-a-ete-recu-au-togo\",\"url\":\"https:\/\/www.africa-press.net\/cameroun\/politique\/protocole-accueil-de-chef-detat-le-jour-ou-amougou-belinga-a-ete-recu-au-togo\",\"name\":\"Protocole, accueil de chef d'Etat: le jour o\u00f9 Amougou Belinga a \u00e9t\u00e9 re\u00e7u au Togo - Cameroun\",\"isPartOf\":{\"@id\":\"https:\/\/www.africa-press.net\/cameroun\/#website\"},\"primaryImageOfPage\":{\"@id\":\"https:\/\/www.africa-press.net\/cameroun\/politique\/protocole-accueil-de-chef-detat-le-jour-ou-amougou-belinga-a-ete-recu-au-togo#primaryimage\"},\"image\":{\"@id\":\"https:\/\/www.africa-press.net\/cameroun\/politique\/protocole-accueil-de-chef-detat-le-jour-ou-amougou-belinga-a-ete-recu-au-togo#primaryimage\"},\"thumbnailUrl\":\"https:\/\/static.africa-press.net\/cameroun\/sites\/57\/2023\/03\/postQueueImg_1677771216.52.jpg\",\"datePublished\":\"2023-03-02T19:03:34+00:00\",\"dateModified\":\"2023-03-02T19:23:50+00:00\",\"author\":{\"@id\":\"https:\/\/www.africa-press.net\/cameroun\/#\/schema\/person\/2b1cf3cd81a31e3cd26889ca66d677f1\"},\"description\":\"Il y a quelques anne\u0301es, le PDG du groupe l'anecdote avait e\u0301te\u0301 rec\u0327u a\u0300 Lome\u0301 par le chef de l'Etat togolais, Faure Gn ...\",\"breadcrumb\":{\"@id\":\"https:\/\/www.africa-press.net\/cameroun\/politique\/protocole-accueil-de-chef-detat-le-jour-ou-amougou-belinga-a-ete-recu-au-togo#breadcrumb\"},\"inLanguage\":\"fr-FR\",\"potentialAction\":[{\"@type\":\"ReadAction\",\"target\":[\"https:\/\/www.africa-press.net\/cameroun\/politique\/protocole-accueil-de-chef-detat-le-jour-ou-amougou-belinga-a-ete-recu-au-togo\"]}]},{\"@type\":\"ImageObject\",\"inLanguage\":\"fr-FR\",\"@id\":\"https:\/\/www.africa-press.net\/cameroun\/politique\/protocole-accueil-de-chef-detat-le-jour-ou-amougou-belinga-a-ete-recu-au-togo#primaryimage\",\"url\":\"https:\/\/static.africa-press.net\/cameroun\/sites\/57\/2023\/03\/postQueueImg_1677771216.52.jpg\",\"contentUrl\":\"https:\/\/static.africa-press.net\/cameroun\/sites\/57\/2023\/03\/postQueueImg_1677771216.52.jpg\",\"width\":720,\"height\":372,\"caption\":\"Protocole, accueil de chef d'Etat: le jour o\u00f9 Amougou Belinga a \u00e9t\u00e9 re\u00e7u au Togo\"},{\"@type\":\"BreadcrumbList\",\"@id\":\"https:\/\/www.africa-press.net\/cameroun\/politique\/protocole-accueil-de-chef-detat-le-jour-ou-amougou-belinga-a-ete-recu-au-togo#breadcrumb\",\"itemListElement\":[{\"@type\":\"ListItem\",\"position\":1,\"name\":\"Accueil\",\"item\":\"https:\/\/www.africa-press.net\/cameroun\/\"},{\"@type\":\"ListItem\",\"position\":2,\"name\":\"Protocole, accueil de chef d&rsquo;Etat: le jour o\u00f9 Amougou Belinga a \u00e9t\u00e9 re\u00e7u au Togo\"}]},{\"@type\":\"WebSite\",\"@id\":\"https:\/\/www.africa-press.net\/cameroun\/#website\",\"url\":\"https:\/\/www.africa-press.net\/cameroun\/\",\"name\":\"Cameroun\",\"description\":\"Just another Africa News Agency Sites site\",\"potentialAction\":[{\"@type\":\"SearchAction\",\"target\":{\"@type\":\"EntryPoint\",\"urlTemplate\":\"https:\/\/www.africa-press.net\/cameroun\/?s={search_term_string}\"},\"query-input\":{\"@type\":\"PropertyValueSpecification\",\"valueRequired\":true,\"valueName\":\"search_term_string\"}}],\"inLanguage\":\"fr-FR\"},{\"@type\":\"Person\",\"@id\":\"https:\/\/www.africa-press.net\/cameroun\/#\/schema\/person\/2b1cf3cd81a31e3cd26889ca66d677f1\",\"name\":\"cfeditorfr\"}]}<\/script>\n<!-- \/ Yoast SEO Premium plugin. -->","yoast_head_json":{"title":"Protocole, accueil de chef d'Etat: le jour o\u00f9 Amougou Belinga a \u00e9t\u00e9 re\u00e7u au Togo - Cameroun","description":"Il y a quelques anne\u0301es, le PDG du groupe l'anecdote avait e\u0301te\u0301 rec\u0327u a\u0300 Lome\u0301 par le chef de l'Etat togolais, Faure Gn ...","robots":{"index":"index","follow":"follow","max-snippet":"max-snippet:-1","max-image-preview":"max-image-preview:large","max-video-preview":"max-video-preview:-1"},"canonical":"https:\/\/www.africa-press.net\/cameroun\/politique\/protocole-accueil-de-chef-detat-le-jour-ou-amougou-belinga-a-ete-recu-au-togo","og_locale":"fr_FR","og_type":"article","og_title":"Protocole, accueil de chef d'Etat: le jour o\u00f9 Amougou Belinga a \u00e9t\u00e9 re\u00e7u au Togo","og_description":"Il y a quelques anne\u0301es, le PDG du groupe l'anecdote avait e\u0301te\u0301 rec\u0327u a\u0300 Lome\u0301 par le chef de l'Etat togolais, Faure Gn ...","og_url":"https:\/\/www.africa-press.net\/cameroun\/politique\/protocole-accueil-de-chef-detat-le-jour-ou-amougou-belinga-a-ete-recu-au-togo","og_site_name":"Cameroun","article_published_time":"2023-03-02T19:03:34+00:00","article_modified_time":"2023-03-02T19:23:50+00:00","og_image":[{"width":720,"height":372,"url":"https:\/\/static.africa-press.net\/cameroun\/sites\/57\/2023\/03\/postQueueImg_1677771216.52.jpg","type":"image\/jpeg"}],"author":"cfeditorfr","twitter_card":"summary_large_image","twitter_misc":{"\u00c9crit par":"cfeditorfr","Dur\u00e9e de lecture estim\u00e9e":"1 minute"},"schema":{"@context":"https:\/\/schema.org","@graph":[{"@type":"Article","@id":"https:\/\/www.africa-press.net\/cameroun\/politique\/protocole-accueil-de-chef-detat-le-jour-ou-amougou-belinga-a-ete-recu-au-togo#article","isPartOf":{"@id":"https:\/\/www.africa-press.net\/cameroun\/politique\/protocole-accueil-de-chef-detat-le-jour-ou-amougou-belinga-a-ete-recu-au-togo"},"author":{"name":"cfeditorfr","@id":"https:\/\/www.africa-press.net\/cameroun\/#\/schema\/person\/2b1cf3cd81a31e3cd26889ca66d677f1"},"headline":"Protocole, accueil de chef d&rsquo;Etat: le jour o\u00f9 Amougou Belinga a \u00e9t\u00e9 re\u00e7u au Togo","datePublished":"2023-03-02T19:03:34+00:00","dateModified":"2023-03-02T19:23:50+00:00","mainEntityOfPage":{"@id":"https:\/\/www.africa-press.net\/cameroun\/politique\/protocole-accueil-de-chef-detat-le-jour-ou-amougou-belinga-a-ete-recu-au-togo"},"wordCount":190,"commentCount":0,"image":{"@id":"https:\/\/www.africa-press.net\/cameroun\/politique\/protocole-accueil-de-chef-detat-le-jour-ou-amougou-belinga-a-ete-recu-au-togo#primaryimage"},"thumbnailUrl":"https:\/\/static.africa-press.net\/cameroun\/sites\/57\/2023\/03\/postQueueImg_1677771216.52.jpg","keywords":["Africa Press","Africa Press-Cameroun","Cameroun"],"articleSection":["Politique","Toutes les actualit\u00e9s"],"inLanguage":"fr-FR","potentialAction":[{"@type":"CommentAction","name":"Comment","target":["https:\/\/www.africa-press.net\/cameroun\/politique\/protocole-accueil-de-chef-detat-le-jour-ou-amougou-belinga-a-ete-recu-au-togo#respond"]}]},{"@type":"WebPage","@id":"https:\/\/www.africa-press.net\/cameroun\/politique\/protocole-accueil-de-chef-detat-le-jour-ou-amougou-belinga-a-ete-recu-au-togo","url":"https:\/\/www.africa-press.net\/cameroun\/politique\/protocole-accueil-de-chef-detat-le-jour-ou-amougou-belinga-a-ete-recu-au-togo","name":"Protocole, accueil de chef d'Etat: le jour o\u00f9 Amougou Belinga a \u00e9t\u00e9 re\u00e7u au Togo - Cameroun","isPartOf":{"@id":"https:\/\/www.africa-press.net\/cameroun\/#website"},"primaryImageOfPage":{"@id":"https:\/\/www.africa-press.net\/cameroun\/politique\/protocole-accueil-de-chef-detat-le-jour-ou-amougou-belinga-a-ete-recu-au-togo#primaryimage"},"image":{"@id":"https:\/\/www.africa-press.net\/cameroun\/politique\/protocole-accueil-de-chef-detat-le-jour-ou-amougou-belinga-a-ete-recu-au-togo#primaryimage"},"thumbnailUrl":"https:\/\/static.africa-press.net\/cameroun\/sites\/57\/2023\/03\/postQueueImg_1677771216.52.jpg","datePublished":"2023-03-02T19:03:34+00:00","dateModified":"2023-03-02T19:23:50+00:00","author":{"@id":"https:\/\/www.africa-press.net\/cameroun\/#\/schema\/person\/2b1cf3cd81a31e3cd26889ca66d677f1"},"description":"Il y a quelques anne\u0301es, le PDG du groupe l'anecdote avait e\u0301te\u0301 rec\u0327u a\u0300 Lome\u0301 par le chef de l'Etat togolais, Faure Gn ...","breadcrumb":{"@id":"https:\/\/www.africa-press.net\/cameroun\/politique\/protocole-accueil-de-chef-detat-le-jour-ou-amougou-belinga-a-ete-recu-au-togo#breadcrumb"},"inLanguage":"fr-FR","potentialAction":[{"@type":"ReadAction","target":["https:\/\/www.africa-press.net\/cameroun\/politique\/protocole-accueil-de-chef-detat-le-jour-ou-amougou-belinga-a-ete-recu-au-togo"]}]},{"@type":"ImageObject","inLanguage":"fr-FR","@id":"https:\/\/www.africa-press.net\/cameroun\/politique\/protocole-accueil-de-chef-detat-le-jour-ou-amougou-belinga-a-ete-recu-au-togo#primaryimage","url":"https:\/\/static.africa-press.net\/cameroun\/sites\/57\/2023\/03\/postQueueImg_1677771216.52.jpg","contentUrl":"https:\/\/static.africa-press.net\/cameroun\/sites\/57\/2023\/03\/postQueueImg_1677771216.52.jpg","width":720,"height":372,"caption":"Protocole, accueil de chef d'Etat: le jour o\u00f9 Amougou Belinga a \u00e9t\u00e9 re\u00e7u au Togo"},{"@type":"BreadcrumbList","@id":"https:\/\/www.africa-press.net\/cameroun\/politique\/protocole-accueil-de-chef-detat-le-jour-ou-amougou-belinga-a-ete-recu-au-togo#breadcrumb","itemListElement":[{"@type":"ListItem","position":1,"name":"Accueil","item":"https:\/\/www.africa-press.net\/cameroun\/"},{"@type":"ListItem","position":2,"name":"Protocole, accueil de chef d&rsquo;Etat: le jour o\u00f9 Amougou Belinga a \u00e9t\u00e9 re\u00e7u au Togo"}]},{"@type":"WebSite","@id":"https:\/\/www.africa-press.net\/cameroun\/#website","url":"https:\/\/www.africa-press.net\/cameroun\/","name":"Cameroun","description":"Just another Africa News Agency Sites site","potentialAction":[{"@type":"SearchAction","target":{"@type":"EntryPoint","urlTemplate":"https:\/\/www.africa-press.net\/cameroun\/?s={search_term_string}"},"query-input":{"@type":"PropertyValueSpecification","valueRequired":true,"valueName":"search_term_string"}}],"inLanguage":"fr-FR"},{"@type":"Person","@id":"https:\/\/www.africa-press.net\/cameroun\/#\/schema\/person\/2b1cf3cd81a31e3cd26889ca66d677f1","name":"cfeditorfr"}]}},"_links":{"self":[{"href":"https:\/\/www.africa-press.net\/cameroun\/wp-json\/wp\/v2\/posts\/38196","targetHints":{"allow":["GET"]}}],"collection":[{"href":"https:\/\/www.africa-press.net\/cameroun\/wp-json\/wp\/v2\/posts"}],"about":[{"href":"https:\/\/www.africa-press.net\/cameroun\/wp-json\/wp\/v2\/types\/post"}],"author":[{"embeddable":true,"href":"https:\/\/www.africa-press.net\/cameroun\/wp-json\/wp\/v2\/users\/82"}],"replies":[{"embeddable":true,"href":"https:\/\/www.africa-press.net\/cameroun\/wp-json\/wp\/v2\/comments?post=38196"}],"version-history":[{"count":0,"href":"https:\/\/www.africa-press.net\/cameroun\/wp-json\/wp\/v2\/posts\/38196\/revisions"}],"wp:featuredmedia":[{"embeddable":true,"href":"https:\/\/www.africa-press.net\/cameroun\/wp-json\/wp\/v2\/media\/38194"}],"wp:attachment":[{"href":"https:\/\/www.africa-press.net\/cameroun\/wp-json\/wp\/v2\/media?parent=38196"}],"wp:term":[{"taxonomy":"category","embeddable":true,"href":"https:\/\/www.africa-press.net\/cameroun\/wp-json\/wp\/v2\/categories?post=38196"},{"taxonomy":"post_tag","embeddable":true,"href":"https:\/\/www.africa-press.net\/cameroun\/wp-json\/wp\/v2\/tags?post=38196"}],"curies":[{"name":"wp","href":"https:\/\/api.w.org\/{rel}","templated":true}]}}