{"id":38198,"date":"2023-03-02T19:03:42","date_gmt":"2023-03-02T19:03:42","guid":{"rendered":"https:\/\/www.africa-press.net\/cameroun\/politique\/demission-ca-chauffe-pour-le-ministre-gaston-eloundou-essomba-un-de-moins"},"modified":"2023-03-02T19:24:28","modified_gmt":"2023-03-02T19:24:28","slug":"demission-ca-chauffe-pour-le-ministre-gaston-eloundou-essomba-un-de-moins","status":"publish","type":"post","link":"https:\/\/www.africa-press.net\/cameroun\/politique\/demission-ca-chauffe-pour-le-ministre-gaston-eloundou-essomba-un-de-moins","title":{"rendered":"D\u00e9mission : \u00e7a chauffe pour le ministre Gaston Eloundou Essomba, un de moins"},"content":{"rendered":"<p><span style=\"color: #ff6600\"><strong>Africa-Press &#8211; Cameroun. <\/strong><\/span>C\u2019est un coup de gueule venant d\u2019un citoyen qui en a finalement ras-le-bol de toujours e\u0302tre mal servi par les socie\u0301te\u0301s Eneo (en charge de la distribution de l\u2019e\u0301lectricite\u0301) et Camwater (qui s\u2019occupe de l\u2019eau potable).<\/p>\n<p>Jouir de l&rsquo;e\u0301lectricite\u0301 et de l&rsquo;eau dans son propre pays est devenu un ve\u0301ritable combat de titans. Les habitants de certains quartiers de Douala depuis quelques jours sont plonge\u0301s dans l&rsquo;obscurite\u0301 totale en plus d&rsquo;avoir les proble\u0300mes d&rsquo;eau.<\/p>\n<p>Eneo et Camwater sont deux entite\u0301s tre\u0300s strictes quand il faut appliquer les frais de pe\u0301nalite\u0301s aux clients qui ne sont pas a\u0300 jour, on se demande pourquoi c&rsquo;est aussi difficile pour elles de nous procurer de la plus belle des manie\u0300res ce dont nous payons pour avoir.<\/p>\n<p>De\u0301ja\u0300 trois (03) jours sans e\u0301lectricite\u0301. Et des coupures d&rsquo;eau qui re\u0300gnent en mai\u0302tre sur toute l&rsquo;e\u0301tendue de nos quartiers, c&rsquo;est a\u0300 peine qu&rsquo;il est possible de se procurer de ce qu&rsquo;on dit e\u0302tre \u00ab la vie \u00bb donc l&rsquo;eau.<\/p>\n<p>Ces coupures incessantes et persistantes ont des conse\u0301quences directes aussi bien dans nos activite\u0301s que dans celles de nos me\u0300res et s\u0153urs qui se battent dans la vente du poisson, du fole\u0301re\u0301, du yaourt et du djindja : le marche\u0301 est en pause et les poissons pourrissent.<\/p>\n<p>De\u0301ja\u0300 que la cherte\u0301 de la vie ne nous laisse pas, et que se passer des impo\u0302ts est impossible me\u0302me en tant que jeune entrepreneur, il faudrait encore qu&rsquo;on subisse les caprices des entreprises pour lesquelles nous payons les factures. Non ! A\u0300 un moment c&rsquo;est de trop quand me\u0302me.<\/p>\n<p>Honne\u0302tement, nous sommes des clients tre\u0300s mais alors tre\u0300s tre\u0300s insatisfaits par rapport aux services qui leur sont offerts par ces deux entreprises a\u0300 telle enseigne que s&rsquo;il fallait leur donner une note, pendant que Camwater a 01\/20, Eneo a carre\u0301ment 00\/20.<\/p>\n<p>Le comble dans tout c\u0327a c&rsquo;est que communiquer pour ces entreprises est tellement trop leur demander. Comme d&rsquo;habitude on subit. C&rsquo;est nous qui perdons nos appareils a\u0300 cause des de\u0301lestages, c&rsquo;est nous qui ne menons pas a\u0300 bien nos activite\u0301s a\u0300 cause du manque d&rsquo;e\u0301nergie mais c&rsquo;est nous qui sommes contraints de payer des factures a\u0300 temps malgre\u0301 tous ces sorts qu&rsquo;on subit.<\/p>\n<p>C&rsquo;est devenu un effet de mode, de\u0300s que Eneo coupe, quelques secondes plus tard c&rsquo;est le tour de Camwater. A\u0300 croire qu&rsquo;ils n&rsquo;e\u0301valuent pas le degre\u0301 d&rsquo;insatisfaction re\u0301pe\u0301titive de leurs clients. A\u0300 moins qu&rsquo;ils le savent mais se foutent juste d&rsquo;eux.<\/p>\n<p>Vous nous donnez l&rsquo;impression que tout ce qui vous inte\u0301resse c&rsquo;est l&rsquo;argent et non la satisfaction de votre cliente\u0300le. Sinon, comment justifier le fait que malgre\u0301 toutes ces plaintes, rien n&rsquo;est encore fait ? Les me\u0302mes choses se re\u0301pe\u0300tent encore et encore.<\/p>\n<p>De\u0301ja\u0300 trois (03) jours sans courant et des caprices bizarres d&rsquo;eau qui suintent a\u0300 peine dans nos robinets. Ce ras-le-bol n\u2019est ni le premier et ne sera certainement pas le dernier des plaintes de vos clients.<\/p>\n<p>Vivement que les autorite\u0301s en charge de ce secteur d&rsquo;activite\u0301 fassent ve\u0301ritablement quelque chose. Quand c&rsquo;est trop c&rsquo;est laid. Nous voudrions aussi e\u0302tre comme ces pays-la\u0300 qui ce\u0301le\u0300brent leurs 50 ans sans coupures d&rsquo;e\u0301lectricite\u0301. Et nous sommes persuade\u0301s que ce n&rsquo;est pas le faire qui vous de\u0301passent. Faites quelque chose pour le bas peuple.<\/p>\n<p>C&rsquo;est bien une revendication que doit prendre en compte le ministre de l&rsquo;Eau et de l&rsquo;E\u0301nergie Gaston Eloundou Essomba, en poste depuis le 02 mars 2018 et qui supervise les deux socie\u0301te\u0301s susmentionne\u0301es.<\/p>\n<p>Beaucoup de personnes demandent sa de\u0301mission imme\u0301diate depuis un moment maintenant a\u0300 cause de la mauvaise gestion du secteur. Paul Biya va-t-il les e\u0301couter ? Le pouvoir appartient au peuple. Si Gaston ne de\u0301missionne pas, on peut e\u0302tre su\u0302r qu&rsquo;il y a de fortes chances qu&rsquo;il ne soit pas reconduit dans le nouveau gouvernement.<\/p>\n<p><strong>Pour plus d&rsquo;informations et d&rsquo;analyses sur la <a href=\"https:\/\/www.africa-press.net\/cameroun\">Cameroun<\/a>, suivez <a href=\"https:\/\/www.africa-press.net\/\">Africa-Press<\/a><\/strong><\/p>\n","protected":false},"excerpt":{"rendered":"<p>Africa-Press &#8211; Cameroun. C\u2019est un coup de gueule venant d\u2019un citoyen qui en a finalement ras-le-bol de toujours e\u0302tre mal servi par les socie\u0301te\u0301s Eneo (en charge de la distribution de l\u2019e\u0301lectricite\u0301) et Camwater (qui s\u2019occupe de l\u2019eau potable). Jouir de l&rsquo;e\u0301lectricite\u0301 et de l&rsquo;eau dans son propre pays est devenu un ve\u0301ritable combat de [&hellip;]<\/p>\n","protected":false},"author":82,"featured_media":38197,"comment_status":"open","ping_status":"closed","sticky":false,"template":"","format":"standard","meta":{"footnotes":""},"categories":[2,10],"tags":[36,50,49],"class_list":["post-38198","post","type-post","status-publish","format-standard","has-post-thumbnail","hentry","category-politique","category-toutes-les-actualites","tag-africa-press","tag-africa-press-cameroun","tag-cameroun"],"yoast_head":"<!-- This site is optimized with the Yoast SEO Premium plugin v26.1 (Yoast SEO v27.0) - https:\/\/yoast.com\/product\/yoast-seo-premium-wordpress\/ -->\n<title>D\u00e9mission : \u00e7a chauffe pour le ministre Gaston Eloundou Essomba, un de moins - Cameroun<\/title>\n<meta name=\"description\" content=\"C\u2019est un coup de gueule venant d\u2019un citoyen qui en a finalement ras-le-bol de toujours e\u0302tre mal servi par les socie\u0301te\u0301 ...\" \/>\n<meta name=\"robots\" content=\"index, follow, max-snippet:-1, max-image-preview:large, max-video-preview:-1\" \/>\n<link rel=\"canonical\" href=\"https:\/\/www.africa-press.net\/cameroun\/politique\/demission-ca-chauffe-pour-le-ministre-gaston-eloundou-essomba-un-de-moins\" \/>\n<meta property=\"og:locale\" content=\"fr_FR\" \/>\n<meta property=\"og:type\" content=\"article\" \/>\n<meta property=\"og:title\" content=\"D\u00e9mission : \u00e7a chauffe pour le ministre Gaston Eloundou Essomba, un de moins\" \/>\n<meta property=\"og:description\" content=\"C\u2019est un coup de gueule venant d\u2019un citoyen qui en a finalement ras-le-bol de toujours e\u0302tre mal servi par les socie\u0301te\u0301 ...\" \/>\n<meta property=\"og:url\" content=\"https:\/\/www.africa-press.net\/cameroun\/politique\/demission-ca-chauffe-pour-le-ministre-gaston-eloundou-essomba-un-de-moins\" \/>\n<meta property=\"og:site_name\" content=\"Cameroun\" \/>\n<meta property=\"article:published_time\" content=\"2023-03-02T19:03:42+00:00\" \/>\n<meta property=\"article:modified_time\" content=\"2023-03-02T19:24:28+00:00\" \/>\n<meta property=\"og:image\" content=\"https:\/\/static.africa-press.net\/cameroun\/sites\/57\/2023\/03\/postQueueImg_1677771226.21.jpg\" \/>\n\t<meta property=\"og:image:width\" content=\"720\" \/>\n\t<meta property=\"og:image:height\" content=\"427\" \/>\n\t<meta property=\"og:image:type\" content=\"image\/jpeg\" \/>\n<meta name=\"author\" content=\"cfeditorfr\" \/>\n<meta name=\"twitter:card\" content=\"summary_large_image\" \/>\n<meta name=\"twitter:label1\" content=\"\u00c9crit par\" \/>\n\t<meta name=\"twitter:data1\" content=\"cfeditorfr\" \/>\n\t<meta name=\"twitter:label2\" content=\"Dur\u00e9e de lecture estim\u00e9e\" \/>\n\t<meta name=\"twitter:data2\" content=\"3 minutes\" \/>\n<script type=\"application\/ld+json\" class=\"yoast-schema-graph\">{\"@context\":\"https:\/\/schema.org\",\"@graph\":[{\"@type\":\"Article\",\"@id\":\"https:\/\/www.africa-press.net\/cameroun\/politique\/demission-ca-chauffe-pour-le-ministre-gaston-eloundou-essomba-un-de-moins#article\",\"isPartOf\":{\"@id\":\"https:\/\/www.africa-press.net\/cameroun\/politique\/demission-ca-chauffe-pour-le-ministre-gaston-eloundou-essomba-un-de-moins\"},\"author\":{\"name\":\"cfeditorfr\",\"@id\":\"https:\/\/www.africa-press.net\/cameroun\/#\/schema\/person\/2b1cf3cd81a31e3cd26889ca66d677f1\"},\"headline\":\"D\u00e9mission : \u00e7a chauffe pour le ministre Gaston Eloundou Essomba, un de moins\",\"datePublished\":\"2023-03-02T19:03:42+00:00\",\"dateModified\":\"2023-03-02T19:24:28+00:00\",\"mainEntityOfPage\":{\"@id\":\"https:\/\/www.africa-press.net\/cameroun\/politique\/demission-ca-chauffe-pour-le-ministre-gaston-eloundou-essomba-un-de-moins\"},\"wordCount\":754,\"commentCount\":0,\"image\":{\"@id\":\"https:\/\/www.africa-press.net\/cameroun\/politique\/demission-ca-chauffe-pour-le-ministre-gaston-eloundou-essomba-un-de-moins#primaryimage\"},\"thumbnailUrl\":\"https:\/\/static.africa-press.net\/cameroun\/sites\/57\/2023\/03\/postQueueImg_1677771226.21.jpg\",\"keywords\":[\"Africa Press\",\"Africa Press-Cameroun\",\"Cameroun\"],\"articleSection\":[\"Politique\",\"Toutes les actualit\u00e9s\"],\"inLanguage\":\"fr-FR\",\"potentialAction\":[{\"@type\":\"CommentAction\",\"name\":\"Comment\",\"target\":[\"https:\/\/www.africa-press.net\/cameroun\/politique\/demission-ca-chauffe-pour-le-ministre-gaston-eloundou-essomba-un-de-moins#respond\"]}]},{\"@type\":\"WebPage\",\"@id\":\"https:\/\/www.africa-press.net\/cameroun\/politique\/demission-ca-chauffe-pour-le-ministre-gaston-eloundou-essomba-un-de-moins\",\"url\":\"https:\/\/www.africa-press.net\/cameroun\/politique\/demission-ca-chauffe-pour-le-ministre-gaston-eloundou-essomba-un-de-moins\",\"name\":\"D\u00e9mission : \u00e7a chauffe pour le ministre Gaston Eloundou Essomba, un de moins - Cameroun\",\"isPartOf\":{\"@id\":\"https:\/\/www.africa-press.net\/cameroun\/#website\"},\"primaryImageOfPage\":{\"@id\":\"https:\/\/www.africa-press.net\/cameroun\/politique\/demission-ca-chauffe-pour-le-ministre-gaston-eloundou-essomba-un-de-moins#primaryimage\"},\"image\":{\"@id\":\"https:\/\/www.africa-press.net\/cameroun\/politique\/demission-ca-chauffe-pour-le-ministre-gaston-eloundou-essomba-un-de-moins#primaryimage\"},\"thumbnailUrl\":\"https:\/\/static.africa-press.net\/cameroun\/sites\/57\/2023\/03\/postQueueImg_1677771226.21.jpg\",\"datePublished\":\"2023-03-02T19:03:42+00:00\",\"dateModified\":\"2023-03-02T19:24:28+00:00\",\"author\":{\"@id\":\"https:\/\/www.africa-press.net\/cameroun\/#\/schema\/person\/2b1cf3cd81a31e3cd26889ca66d677f1\"},\"description\":\"C\u2019est un coup de gueule venant d\u2019un citoyen qui en a finalement ras-le-bol de toujours e\u0302tre mal servi par les socie\u0301te\u0301 ...\",\"breadcrumb\":{\"@id\":\"https:\/\/www.africa-press.net\/cameroun\/politique\/demission-ca-chauffe-pour-le-ministre-gaston-eloundou-essomba-un-de-moins#breadcrumb\"},\"inLanguage\":\"fr-FR\",\"potentialAction\":[{\"@type\":\"ReadAction\",\"target\":[\"https:\/\/www.africa-press.net\/cameroun\/politique\/demission-ca-chauffe-pour-le-ministre-gaston-eloundou-essomba-un-de-moins\"]}]},{\"@type\":\"ImageObject\",\"inLanguage\":\"fr-FR\",\"@id\":\"https:\/\/www.africa-press.net\/cameroun\/politique\/demission-ca-chauffe-pour-le-ministre-gaston-eloundou-essomba-un-de-moins#primaryimage\",\"url\":\"https:\/\/static.africa-press.net\/cameroun\/sites\/57\/2023\/03\/postQueueImg_1677771226.21.jpg\",\"contentUrl\":\"https:\/\/static.africa-press.net\/cameroun\/sites\/57\/2023\/03\/postQueueImg_1677771226.21.jpg\",\"width\":720,\"height\":427,\"caption\":\"D\u00e9mission : \u00e7a chauffe pour le ministre Gaston Eloundou Essomba, un de moins\"},{\"@type\":\"BreadcrumbList\",\"@id\":\"https:\/\/www.africa-press.net\/cameroun\/politique\/demission-ca-chauffe-pour-le-ministre-gaston-eloundou-essomba-un-de-moins#breadcrumb\",\"itemListElement\":[{\"@type\":\"ListItem\",\"position\":1,\"name\":\"Accueil\",\"item\":\"https:\/\/www.africa-press.net\/cameroun\/\"},{\"@type\":\"ListItem\",\"position\":2,\"name\":\"D\u00e9mission : \u00e7a chauffe pour le ministre Gaston Eloundou Essomba, un de moins\"}]},{\"@type\":\"WebSite\",\"@id\":\"https:\/\/www.africa-press.net\/cameroun\/#website\",\"url\":\"https:\/\/www.africa-press.net\/cameroun\/\",\"name\":\"Cameroun\",\"description\":\"Just another Africa News Agency Sites site\",\"potentialAction\":[{\"@type\":\"SearchAction\",\"target\":{\"@type\":\"EntryPoint\",\"urlTemplate\":\"https:\/\/www.africa-press.net\/cameroun\/?s={search_term_string}\"},\"query-input\":{\"@type\":\"PropertyValueSpecification\",\"valueRequired\":true,\"valueName\":\"search_term_string\"}}],\"inLanguage\":\"fr-FR\"},{\"@type\":\"Person\",\"@id\":\"https:\/\/www.africa-press.net\/cameroun\/#\/schema\/person\/2b1cf3cd81a31e3cd26889ca66d677f1\",\"name\":\"cfeditorfr\"}]}<\/script>\n<!-- \/ Yoast SEO Premium plugin. -->","yoast_head_json":{"title":"D\u00e9mission : \u00e7a chauffe pour le ministre Gaston Eloundou Essomba, un de moins - Cameroun","description":"C\u2019est un coup de gueule venant d\u2019un citoyen qui en a finalement ras-le-bol de toujours e\u0302tre mal servi par les socie\u0301te\u0301 ...","robots":{"index":"index","follow":"follow","max-snippet":"max-snippet:-1","max-image-preview":"max-image-preview:large","max-video-preview":"max-video-preview:-1"},"canonical":"https:\/\/www.africa-press.net\/cameroun\/politique\/demission-ca-chauffe-pour-le-ministre-gaston-eloundou-essomba-un-de-moins","og_locale":"fr_FR","og_type":"article","og_title":"D\u00e9mission : \u00e7a chauffe pour le ministre Gaston Eloundou Essomba, un de moins","og_description":"C\u2019est un coup de gueule venant d\u2019un citoyen qui en a finalement ras-le-bol de toujours e\u0302tre mal servi par les socie\u0301te\u0301 ...","og_url":"https:\/\/www.africa-press.net\/cameroun\/politique\/demission-ca-chauffe-pour-le-ministre-gaston-eloundou-essomba-un-de-moins","og_site_name":"Cameroun","article_published_time":"2023-03-02T19:03:42+00:00","article_modified_time":"2023-03-02T19:24:28+00:00","og_image":[{"width":720,"height":427,"url":"https:\/\/static.africa-press.net\/cameroun\/sites\/57\/2023\/03\/postQueueImg_1677771226.21.jpg","type":"image\/jpeg"}],"author":"cfeditorfr","twitter_card":"summary_large_image","twitter_misc":{"\u00c9crit par":"cfeditorfr","Dur\u00e9e de lecture estim\u00e9e":"3 minutes"},"schema":{"@context":"https:\/\/schema.org","@graph":[{"@type":"Article","@id":"https:\/\/www.africa-press.net\/cameroun\/politique\/demission-ca-chauffe-pour-le-ministre-gaston-eloundou-essomba-un-de-moins#article","isPartOf":{"@id":"https:\/\/www.africa-press.net\/cameroun\/politique\/demission-ca-chauffe-pour-le-ministre-gaston-eloundou-essomba-un-de-moins"},"author":{"name":"cfeditorfr","@id":"https:\/\/www.africa-press.net\/cameroun\/#\/schema\/person\/2b1cf3cd81a31e3cd26889ca66d677f1"},"headline":"D\u00e9mission : \u00e7a chauffe pour le ministre Gaston Eloundou Essomba, un de moins","datePublished":"2023-03-02T19:03:42+00:00","dateModified":"2023-03-02T19:24:28+00:00","mainEntityOfPage":{"@id":"https:\/\/www.africa-press.net\/cameroun\/politique\/demission-ca-chauffe-pour-le-ministre-gaston-eloundou-essomba-un-de-moins"},"wordCount":754,"commentCount":0,"image":{"@id":"https:\/\/www.africa-press.net\/cameroun\/politique\/demission-ca-chauffe-pour-le-ministre-gaston-eloundou-essomba-un-de-moins#primaryimage"},"thumbnailUrl":"https:\/\/static.africa-press.net\/cameroun\/sites\/57\/2023\/03\/postQueueImg_1677771226.21.jpg","keywords":["Africa Press","Africa Press-Cameroun","Cameroun"],"articleSection":["Politique","Toutes les actualit\u00e9s"],"inLanguage":"fr-FR","potentialAction":[{"@type":"CommentAction","name":"Comment","target":["https:\/\/www.africa-press.net\/cameroun\/politique\/demission-ca-chauffe-pour-le-ministre-gaston-eloundou-essomba-un-de-moins#respond"]}]},{"@type":"WebPage","@id":"https:\/\/www.africa-press.net\/cameroun\/politique\/demission-ca-chauffe-pour-le-ministre-gaston-eloundou-essomba-un-de-moins","url":"https:\/\/www.africa-press.net\/cameroun\/politique\/demission-ca-chauffe-pour-le-ministre-gaston-eloundou-essomba-un-de-moins","name":"D\u00e9mission : \u00e7a chauffe pour le ministre Gaston Eloundou Essomba, un de moins - Cameroun","isPartOf":{"@id":"https:\/\/www.africa-press.net\/cameroun\/#website"},"primaryImageOfPage":{"@id":"https:\/\/www.africa-press.net\/cameroun\/politique\/demission-ca-chauffe-pour-le-ministre-gaston-eloundou-essomba-un-de-moins#primaryimage"},"image":{"@id":"https:\/\/www.africa-press.net\/cameroun\/politique\/demission-ca-chauffe-pour-le-ministre-gaston-eloundou-essomba-un-de-moins#primaryimage"},"thumbnailUrl":"https:\/\/static.africa-press.net\/cameroun\/sites\/57\/2023\/03\/postQueueImg_1677771226.21.jpg","datePublished":"2023-03-02T19:03:42+00:00","dateModified":"2023-03-02T19:24:28+00:00","author":{"@id":"https:\/\/www.africa-press.net\/cameroun\/#\/schema\/person\/2b1cf3cd81a31e3cd26889ca66d677f1"},"description":"C\u2019est un coup de gueule venant d\u2019un citoyen qui en a finalement ras-le-bol de toujours e\u0302tre mal servi par les socie\u0301te\u0301 ...","breadcrumb":{"@id":"https:\/\/www.africa-press.net\/cameroun\/politique\/demission-ca-chauffe-pour-le-ministre-gaston-eloundou-essomba-un-de-moins#breadcrumb"},"inLanguage":"fr-FR","potentialAction":[{"@type":"ReadAction","target":["https:\/\/www.africa-press.net\/cameroun\/politique\/demission-ca-chauffe-pour-le-ministre-gaston-eloundou-essomba-un-de-moins"]}]},{"@type":"ImageObject","inLanguage":"fr-FR","@id":"https:\/\/www.africa-press.net\/cameroun\/politique\/demission-ca-chauffe-pour-le-ministre-gaston-eloundou-essomba-un-de-moins#primaryimage","url":"https:\/\/static.africa-press.net\/cameroun\/sites\/57\/2023\/03\/postQueueImg_1677771226.21.jpg","contentUrl":"https:\/\/static.africa-press.net\/cameroun\/sites\/57\/2023\/03\/postQueueImg_1677771226.21.jpg","width":720,"height":427,"caption":"D\u00e9mission : \u00e7a chauffe pour le ministre Gaston Eloundou Essomba, un de moins"},{"@type":"BreadcrumbList","@id":"https:\/\/www.africa-press.net\/cameroun\/politique\/demission-ca-chauffe-pour-le-ministre-gaston-eloundou-essomba-un-de-moins#breadcrumb","itemListElement":[{"@type":"ListItem","position":1,"name":"Accueil","item":"https:\/\/www.africa-press.net\/cameroun\/"},{"@type":"ListItem","position":2,"name":"D\u00e9mission : \u00e7a chauffe pour le ministre Gaston Eloundou Essomba, un de moins"}]},{"@type":"WebSite","@id":"https:\/\/www.africa-press.net\/cameroun\/#website","url":"https:\/\/www.africa-press.net\/cameroun\/","name":"Cameroun","description":"Just another Africa News Agency Sites site","potentialAction":[{"@type":"SearchAction","target":{"@type":"EntryPoint","urlTemplate":"https:\/\/www.africa-press.net\/cameroun\/?s={search_term_string}"},"query-input":{"@type":"PropertyValueSpecification","valueRequired":true,"valueName":"search_term_string"}}],"inLanguage":"fr-FR"},{"@type":"Person","@id":"https:\/\/www.africa-press.net\/cameroun\/#\/schema\/person\/2b1cf3cd81a31e3cd26889ca66d677f1","name":"cfeditorfr"}]}},"_links":{"self":[{"href":"https:\/\/www.africa-press.net\/cameroun\/wp-json\/wp\/v2\/posts\/38198","targetHints":{"allow":["GET"]}}],"collection":[{"href":"https:\/\/www.africa-press.net\/cameroun\/wp-json\/wp\/v2\/posts"}],"about":[{"href":"https:\/\/www.africa-press.net\/cameroun\/wp-json\/wp\/v2\/types\/post"}],"author":[{"embeddable":true,"href":"https:\/\/www.africa-press.net\/cameroun\/wp-json\/wp\/v2\/users\/82"}],"replies":[{"embeddable":true,"href":"https:\/\/www.africa-press.net\/cameroun\/wp-json\/wp\/v2\/comments?post=38198"}],"version-history":[{"count":0,"href":"https:\/\/www.africa-press.net\/cameroun\/wp-json\/wp\/v2\/posts\/38198\/revisions"}],"wp:featuredmedia":[{"embeddable":true,"href":"https:\/\/www.africa-press.net\/cameroun\/wp-json\/wp\/v2\/media\/38197"}],"wp:attachment":[{"href":"https:\/\/www.africa-press.net\/cameroun\/wp-json\/wp\/v2\/media?parent=38198"}],"wp:term":[{"taxonomy":"category","embeddable":true,"href":"https:\/\/www.africa-press.net\/cameroun\/wp-json\/wp\/v2\/categories?post=38198"},{"taxonomy":"post_tag","embeddable":true,"href":"https:\/\/www.africa-press.net\/cameroun\/wp-json\/wp\/v2\/tags?post=38198"}],"curies":[{"name":"wp","href":"https:\/\/api.w.org\/{rel}","templated":true}]}}