{"id":38204,"date":"2023-03-02T19:03:53","date_gmt":"2023-03-02T19:03:53","guid":{"rendered":"https:\/\/www.africa-press.net\/cameroun\/politique\/assassinat-des-revelations-choc-sur-le-ministre-sadi-dans-le-jet-prive-damougou-belinga"},"modified":"2023-03-02T19:25:28","modified_gmt":"2023-03-02T19:25:28","slug":"assassinat-des-revelations-choc-sur-le-ministre-sadi-dans-le-jet-prive-damougou-belinga","status":"publish","type":"post","link":"https:\/\/www.africa-press.net\/cameroun\/politique\/assassinat-des-revelations-choc-sur-le-ministre-sadi-dans-le-jet-prive-damougou-belinga","title":{"rendered":"Assassinat : des r\u00e9v\u00e9lations choc sur le ministre Sadi dans le jet priv\u00e9 d&rsquo;Amougou Belinga"},"content":{"rendered":"<p><span style=\"color: #ff6600\"><strong>Africa-Press &#8211; Cameroun. <\/strong><\/span>Le gouvernement a fait sortir un communique\u0301 pour avertir les me\u0301dias et tous les activistes qui se donnent pour objectifs d\u2019informer le public sur la situation qui se pre\u0301sente, caracte\u0301rise\u0301e essentiellement par une nonchalance dans le traitement du dossier et une absence de communication gouvernementale pour situer l\u2019opinion publique nationale et internationale.<\/p>\n<p>Rene\u0301 Emmanuel Sadi et le ministe\u0300re qu\u2019il dirige veulent e\u0302tre le seul a\u0300 dire quand, ou\u0300 et comment ils le veulent, ce qui se passe dans l\u2019affaire de l\u2019assassinat de l\u2019homme de me\u0301dia Martinez Zogo. Les internautes n\u2019entendent pas la chose de cette fac\u0327on.<\/p>\n<p>Instantane\u0301ment apre\u0300s le communique\u0301 du ministe\u0300re de la Communication, les observateurs de la sce\u0300ne sociopolitique camerounaise ont trouve\u0301 un lien entre lui et Jean-Pierre Amougou Belinga qui lui pousserait a\u0300 agir de la sorte. Dr Carole Modestine Yonzou Modestine en parle sur les re\u0301seaux sociaux.<\/p>\n<p>\u00ab Le ministre Rene\u0301 Emmanuel Sadi serait donc de\u0301ja\u0300 monte\u0301 dans le jet prive\u0301 de Jean-Pierre Amougou Belinga. On comprend donc a\u0300 suffisance le contenu de son communique\u0301 qui menace ouvertement les Camerounais qui exigent justice pour Martinez Zogo \u00bb, introduit-elle.<\/p>\n<p>En fait souligne le membre de la diaspora, \u00ab dans tous les pays du monde, les crimes crapuleux comme l\u2019assassinat de Martinez Zogo soule\u0300vent non seulement les foules qui crient cole\u0300re tre\u0300s souvent dans les rues avec les marches (car il en va aussi de la se\u0301curite\u0301 de tous&#8230;), mais aussi, l\u2019audience est tre\u0300s souvent publique et sur me\u0301diatise\u0301e pour apaiser le peuple \u00bb.<\/p>\n<p>Mais au Cameroun, \u00ab en plus d\u2019entretenir un secret d\u2019E\u0301tat autour de l\u2019affaire, vous avez tout un ministre qui va se permettre de faire un communique\u0301 pour menacer et intimider le peuple qui crie justice pour Martinez \u00bb.<\/p>\n<p>Pour l\u2019allie\u0301e de Samuel Eto&rsquo;o Fils, \u00ab finalement pas e\u0301tonnant quand on sait que Jean-Pierre Amougou Belinga au Cameroun se sentait plus puissant que le chef de l\u2019E\u0301tat en la personne de son excellence Paul Biya \u00bb.<\/p>\n<p>Pour preuve, \u00ab il insultait les ambassadeurs (repre\u0301sentants du pre\u0301sident de la Re\u0301publique dans les pays accre\u0301dite\u0301s) tutoyait les ministres, crachait sur les ge\u0301ne\u0301raux etce\u0301te\u0301ra, les humiliait en prenant bien soin d\u2019enregistrer pour ensuite balancer sur les re\u0301seaux sociaux \u00bb.<\/p>\n<p>Par conse\u0301quent, \u00ab on a vraiment du mal a\u0300 comprendre comment et par ou\u0300 Jean-Pierre Amougou Belinga tient ce beau monde qui finalement tremble devant lui plus que devant le chef de l\u2019E\u0301tat \u00bb.<\/p>\n<p>En ce qui nous concerne, \u00ab nous allons continuer de demander et me\u0302me exiger justice pour Martinez Zogo. Finie l\u2019e\u0301poque ou\u0300 on maintenait le peuple dans la terreur avec les menaces et les intimidations. Il convient au demeurant de vous rappeler que vous e\u0302tes au service du peuple et pas l\u2019inverse \u00bb, termine-t-elle.<\/p>\n<p><strong>Pour plus d&rsquo;informations et d&rsquo;analyses sur la <a href=\"https:\/\/www.africa-press.net\/cameroun\">Cameroun<\/a>, suivez <a href=\"https:\/\/www.africa-press.net\/\">Africa-Press<\/a><\/strong><\/p>\n","protected":false},"excerpt":{"rendered":"<p>Africa-Press &#8211; Cameroun. Le gouvernement a fait sortir un communique\u0301 pour avertir les me\u0301dias et tous les activistes qui se donnent pour objectifs d\u2019informer le public sur la situation qui se pre\u0301sente, caracte\u0301rise\u0301e essentiellement par une nonchalance dans le traitement du dossier et une absence de communication gouvernementale pour situer l\u2019opinion publique nationale et internationale. [&hellip;]<\/p>\n","protected":false},"author":82,"featured_media":38203,"comment_status":"open","ping_status":"closed","sticky":false,"template":"","format":"standard","meta":{"footnotes":""},"categories":[2,10],"tags":[36,50,49],"class_list":["post-38204","post","type-post","status-publish","format-standard","has-post-thumbnail","hentry","category-politique","category-toutes-les-actualites","tag-africa-press","tag-africa-press-cameroun","tag-cameroun"],"yoast_head":"<!-- This site is optimized with the Yoast SEO Premium plugin v26.1 (Yoast SEO v27.0) - https:\/\/yoast.com\/product\/yoast-seo-premium-wordpress\/ -->\n<title>Assassinat : des r\u00e9v\u00e9lations choc sur le ministre Sadi dans le jet priv\u00e9 d&#039;Amougou Belinga - Cameroun<\/title>\n<meta name=\"description\" content=\"Le gouvernement a fait sortir un communique\u0301 pour avertir les me\u0301dias et tous les activistes qui se donnent pour objecti ...\" \/>\n<meta name=\"robots\" content=\"index, follow, max-snippet:-1, max-image-preview:large, max-video-preview:-1\" \/>\n<link rel=\"canonical\" href=\"https:\/\/www.africa-press.net\/cameroun\/politique\/assassinat-des-revelations-choc-sur-le-ministre-sadi-dans-le-jet-prive-damougou-belinga\" \/>\n<meta property=\"og:locale\" content=\"fr_FR\" \/>\n<meta property=\"og:type\" content=\"article\" \/>\n<meta property=\"og:title\" content=\"Assassinat : des r\u00e9v\u00e9lations choc sur le ministre Sadi dans le jet priv\u00e9 d&#039;Amougou Belinga\" \/>\n<meta property=\"og:description\" content=\"Le gouvernement a fait sortir un communique\u0301 pour avertir les me\u0301dias et tous les activistes qui se donnent pour objecti ...\" \/>\n<meta property=\"og:url\" content=\"https:\/\/www.africa-press.net\/cameroun\/politique\/assassinat-des-revelations-choc-sur-le-ministre-sadi-dans-le-jet-prive-damougou-belinga\" \/>\n<meta property=\"og:site_name\" content=\"Cameroun\" \/>\n<meta property=\"article:published_time\" content=\"2023-03-02T19:03:53+00:00\" \/>\n<meta property=\"article:modified_time\" content=\"2023-03-02T19:25:28+00:00\" \/>\n<meta property=\"og:image\" content=\"https:\/\/static.africa-press.net\/cameroun\/sites\/57\/2023\/03\/postQueueImg_1677771244.49.jpg\" \/>\n\t<meta property=\"og:image:width\" content=\"720\" \/>\n\t<meta property=\"og:image:height\" content=\"480\" \/>\n\t<meta property=\"og:image:type\" content=\"image\/jpeg\" \/>\n<meta name=\"author\" content=\"cfeditorfr\" \/>\n<meta name=\"twitter:card\" content=\"summary_large_image\" \/>\n<meta name=\"twitter:label1\" content=\"\u00c9crit par\" \/>\n\t<meta name=\"twitter:data1\" content=\"cfeditorfr\" \/>\n\t<meta name=\"twitter:label2\" content=\"Dur\u00e9e de lecture estim\u00e9e\" \/>\n\t<meta name=\"twitter:data2\" content=\"3 minutes\" \/>\n<script type=\"application\/ld+json\" class=\"yoast-schema-graph\">{\"@context\":\"https:\/\/schema.org\",\"@graph\":[{\"@type\":\"Article\",\"@id\":\"https:\/\/www.africa-press.net\/cameroun\/politique\/assassinat-des-revelations-choc-sur-le-ministre-sadi-dans-le-jet-prive-damougou-belinga#article\",\"isPartOf\":{\"@id\":\"https:\/\/www.africa-press.net\/cameroun\/politique\/assassinat-des-revelations-choc-sur-le-ministre-sadi-dans-le-jet-prive-damougou-belinga\"},\"author\":{\"name\":\"cfeditorfr\",\"@id\":\"https:\/\/www.africa-press.net\/cameroun\/#\/schema\/person\/2b1cf3cd81a31e3cd26889ca66d677f1\"},\"headline\":\"Assassinat : des r\u00e9v\u00e9lations choc sur le ministre Sadi dans le jet priv\u00e9 d&rsquo;Amougou Belinga\",\"datePublished\":\"2023-03-02T19:03:53+00:00\",\"dateModified\":\"2023-03-02T19:25:28+00:00\",\"mainEntityOfPage\":{\"@id\":\"https:\/\/www.africa-press.net\/cameroun\/politique\/assassinat-des-revelations-choc-sur-le-ministre-sadi-dans-le-jet-prive-damougou-belinga\"},\"wordCount\":525,\"commentCount\":0,\"image\":{\"@id\":\"https:\/\/www.africa-press.net\/cameroun\/politique\/assassinat-des-revelations-choc-sur-le-ministre-sadi-dans-le-jet-prive-damougou-belinga#primaryimage\"},\"thumbnailUrl\":\"https:\/\/static.africa-press.net\/cameroun\/sites\/57\/2023\/03\/postQueueImg_1677771244.49.jpg\",\"keywords\":[\"Africa Press\",\"Africa Press-Cameroun\",\"Cameroun\"],\"articleSection\":[\"Politique\",\"Toutes les actualit\u00e9s\"],\"inLanguage\":\"fr-FR\",\"potentialAction\":[{\"@type\":\"CommentAction\",\"name\":\"Comment\",\"target\":[\"https:\/\/www.africa-press.net\/cameroun\/politique\/assassinat-des-revelations-choc-sur-le-ministre-sadi-dans-le-jet-prive-damougou-belinga#respond\"]}]},{\"@type\":\"WebPage\",\"@id\":\"https:\/\/www.africa-press.net\/cameroun\/politique\/assassinat-des-revelations-choc-sur-le-ministre-sadi-dans-le-jet-prive-damougou-belinga\",\"url\":\"https:\/\/www.africa-press.net\/cameroun\/politique\/assassinat-des-revelations-choc-sur-le-ministre-sadi-dans-le-jet-prive-damougou-belinga\",\"name\":\"Assassinat : des r\u00e9v\u00e9lations choc sur le ministre Sadi dans le jet priv\u00e9 d'Amougou Belinga - Cameroun\",\"isPartOf\":{\"@id\":\"https:\/\/www.africa-press.net\/cameroun\/#website\"},\"primaryImageOfPage\":{\"@id\":\"https:\/\/www.africa-press.net\/cameroun\/politique\/assassinat-des-revelations-choc-sur-le-ministre-sadi-dans-le-jet-prive-damougou-belinga#primaryimage\"},\"image\":{\"@id\":\"https:\/\/www.africa-press.net\/cameroun\/politique\/assassinat-des-revelations-choc-sur-le-ministre-sadi-dans-le-jet-prive-damougou-belinga#primaryimage\"},\"thumbnailUrl\":\"https:\/\/static.africa-press.net\/cameroun\/sites\/57\/2023\/03\/postQueueImg_1677771244.49.jpg\",\"datePublished\":\"2023-03-02T19:03:53+00:00\",\"dateModified\":\"2023-03-02T19:25:28+00:00\",\"author\":{\"@id\":\"https:\/\/www.africa-press.net\/cameroun\/#\/schema\/person\/2b1cf3cd81a31e3cd26889ca66d677f1\"},\"description\":\"Le gouvernement a fait sortir un communique\u0301 pour avertir les me\u0301dias et tous les activistes qui se donnent pour objecti ...\",\"breadcrumb\":{\"@id\":\"https:\/\/www.africa-press.net\/cameroun\/politique\/assassinat-des-revelations-choc-sur-le-ministre-sadi-dans-le-jet-prive-damougou-belinga#breadcrumb\"},\"inLanguage\":\"fr-FR\",\"potentialAction\":[{\"@type\":\"ReadAction\",\"target\":[\"https:\/\/www.africa-press.net\/cameroun\/politique\/assassinat-des-revelations-choc-sur-le-ministre-sadi-dans-le-jet-prive-damougou-belinga\"]}]},{\"@type\":\"ImageObject\",\"inLanguage\":\"fr-FR\",\"@id\":\"https:\/\/www.africa-press.net\/cameroun\/politique\/assassinat-des-revelations-choc-sur-le-ministre-sadi-dans-le-jet-prive-damougou-belinga#primaryimage\",\"url\":\"https:\/\/static.africa-press.net\/cameroun\/sites\/57\/2023\/03\/postQueueImg_1677771244.49.jpg\",\"contentUrl\":\"https:\/\/static.africa-press.net\/cameroun\/sites\/57\/2023\/03\/postQueueImg_1677771244.49.jpg\",\"width\":720,\"height\":480,\"caption\":\"Assassinat : des r\u00e9v\u00e9lations choc sur le ministre Sadi dans le jet priv\u00e9 d'Amougou Belinga\"},{\"@type\":\"BreadcrumbList\",\"@id\":\"https:\/\/www.africa-press.net\/cameroun\/politique\/assassinat-des-revelations-choc-sur-le-ministre-sadi-dans-le-jet-prive-damougou-belinga#breadcrumb\",\"itemListElement\":[{\"@type\":\"ListItem\",\"position\":1,\"name\":\"Accueil\",\"item\":\"https:\/\/www.africa-press.net\/cameroun\/\"},{\"@type\":\"ListItem\",\"position\":2,\"name\":\"Assassinat : des r\u00e9v\u00e9lations choc sur le ministre Sadi dans le jet priv\u00e9 d&rsquo;Amougou Belinga\"}]},{\"@type\":\"WebSite\",\"@id\":\"https:\/\/www.africa-press.net\/cameroun\/#website\",\"url\":\"https:\/\/www.africa-press.net\/cameroun\/\",\"name\":\"Cameroun\",\"description\":\"Just another Africa News Agency Sites site\",\"potentialAction\":[{\"@type\":\"SearchAction\",\"target\":{\"@type\":\"EntryPoint\",\"urlTemplate\":\"https:\/\/www.africa-press.net\/cameroun\/?s={search_term_string}\"},\"query-input\":{\"@type\":\"PropertyValueSpecification\",\"valueRequired\":true,\"valueName\":\"search_term_string\"}}],\"inLanguage\":\"fr-FR\"},{\"@type\":\"Person\",\"@id\":\"https:\/\/www.africa-press.net\/cameroun\/#\/schema\/person\/2b1cf3cd81a31e3cd26889ca66d677f1\",\"name\":\"cfeditorfr\"}]}<\/script>\n<!-- \/ Yoast SEO Premium plugin. -->","yoast_head_json":{"title":"Assassinat : des r\u00e9v\u00e9lations choc sur le ministre Sadi dans le jet priv\u00e9 d'Amougou Belinga - Cameroun","description":"Le gouvernement a fait sortir un communique\u0301 pour avertir les me\u0301dias et tous les activistes qui se donnent pour objecti ...","robots":{"index":"index","follow":"follow","max-snippet":"max-snippet:-1","max-image-preview":"max-image-preview:large","max-video-preview":"max-video-preview:-1"},"canonical":"https:\/\/www.africa-press.net\/cameroun\/politique\/assassinat-des-revelations-choc-sur-le-ministre-sadi-dans-le-jet-prive-damougou-belinga","og_locale":"fr_FR","og_type":"article","og_title":"Assassinat : des r\u00e9v\u00e9lations choc sur le ministre Sadi dans le jet priv\u00e9 d'Amougou Belinga","og_description":"Le gouvernement a fait sortir un communique\u0301 pour avertir les me\u0301dias et tous les activistes qui se donnent pour objecti ...","og_url":"https:\/\/www.africa-press.net\/cameroun\/politique\/assassinat-des-revelations-choc-sur-le-ministre-sadi-dans-le-jet-prive-damougou-belinga","og_site_name":"Cameroun","article_published_time":"2023-03-02T19:03:53+00:00","article_modified_time":"2023-03-02T19:25:28+00:00","og_image":[{"width":720,"height":480,"url":"https:\/\/static.africa-press.net\/cameroun\/sites\/57\/2023\/03\/postQueueImg_1677771244.49.jpg","type":"image\/jpeg"}],"author":"cfeditorfr","twitter_card":"summary_large_image","twitter_misc":{"\u00c9crit par":"cfeditorfr","Dur\u00e9e de lecture estim\u00e9e":"3 minutes"},"schema":{"@context":"https:\/\/schema.org","@graph":[{"@type":"Article","@id":"https:\/\/www.africa-press.net\/cameroun\/politique\/assassinat-des-revelations-choc-sur-le-ministre-sadi-dans-le-jet-prive-damougou-belinga#article","isPartOf":{"@id":"https:\/\/www.africa-press.net\/cameroun\/politique\/assassinat-des-revelations-choc-sur-le-ministre-sadi-dans-le-jet-prive-damougou-belinga"},"author":{"name":"cfeditorfr","@id":"https:\/\/www.africa-press.net\/cameroun\/#\/schema\/person\/2b1cf3cd81a31e3cd26889ca66d677f1"},"headline":"Assassinat : des r\u00e9v\u00e9lations choc sur le ministre Sadi dans le jet priv\u00e9 d&rsquo;Amougou Belinga","datePublished":"2023-03-02T19:03:53+00:00","dateModified":"2023-03-02T19:25:28+00:00","mainEntityOfPage":{"@id":"https:\/\/www.africa-press.net\/cameroun\/politique\/assassinat-des-revelations-choc-sur-le-ministre-sadi-dans-le-jet-prive-damougou-belinga"},"wordCount":525,"commentCount":0,"image":{"@id":"https:\/\/www.africa-press.net\/cameroun\/politique\/assassinat-des-revelations-choc-sur-le-ministre-sadi-dans-le-jet-prive-damougou-belinga#primaryimage"},"thumbnailUrl":"https:\/\/static.africa-press.net\/cameroun\/sites\/57\/2023\/03\/postQueueImg_1677771244.49.jpg","keywords":["Africa Press","Africa Press-Cameroun","Cameroun"],"articleSection":["Politique","Toutes les actualit\u00e9s"],"inLanguage":"fr-FR","potentialAction":[{"@type":"CommentAction","name":"Comment","target":["https:\/\/www.africa-press.net\/cameroun\/politique\/assassinat-des-revelations-choc-sur-le-ministre-sadi-dans-le-jet-prive-damougou-belinga#respond"]}]},{"@type":"WebPage","@id":"https:\/\/www.africa-press.net\/cameroun\/politique\/assassinat-des-revelations-choc-sur-le-ministre-sadi-dans-le-jet-prive-damougou-belinga","url":"https:\/\/www.africa-press.net\/cameroun\/politique\/assassinat-des-revelations-choc-sur-le-ministre-sadi-dans-le-jet-prive-damougou-belinga","name":"Assassinat : des r\u00e9v\u00e9lations choc sur le ministre Sadi dans le jet priv\u00e9 d'Amougou Belinga - Cameroun","isPartOf":{"@id":"https:\/\/www.africa-press.net\/cameroun\/#website"},"primaryImageOfPage":{"@id":"https:\/\/www.africa-press.net\/cameroun\/politique\/assassinat-des-revelations-choc-sur-le-ministre-sadi-dans-le-jet-prive-damougou-belinga#primaryimage"},"image":{"@id":"https:\/\/www.africa-press.net\/cameroun\/politique\/assassinat-des-revelations-choc-sur-le-ministre-sadi-dans-le-jet-prive-damougou-belinga#primaryimage"},"thumbnailUrl":"https:\/\/static.africa-press.net\/cameroun\/sites\/57\/2023\/03\/postQueueImg_1677771244.49.jpg","datePublished":"2023-03-02T19:03:53+00:00","dateModified":"2023-03-02T19:25:28+00:00","author":{"@id":"https:\/\/www.africa-press.net\/cameroun\/#\/schema\/person\/2b1cf3cd81a31e3cd26889ca66d677f1"},"description":"Le gouvernement a fait sortir un communique\u0301 pour avertir les me\u0301dias et tous les activistes qui se donnent pour objecti ...","breadcrumb":{"@id":"https:\/\/www.africa-press.net\/cameroun\/politique\/assassinat-des-revelations-choc-sur-le-ministre-sadi-dans-le-jet-prive-damougou-belinga#breadcrumb"},"inLanguage":"fr-FR","potentialAction":[{"@type":"ReadAction","target":["https:\/\/www.africa-press.net\/cameroun\/politique\/assassinat-des-revelations-choc-sur-le-ministre-sadi-dans-le-jet-prive-damougou-belinga"]}]},{"@type":"ImageObject","inLanguage":"fr-FR","@id":"https:\/\/www.africa-press.net\/cameroun\/politique\/assassinat-des-revelations-choc-sur-le-ministre-sadi-dans-le-jet-prive-damougou-belinga#primaryimage","url":"https:\/\/static.africa-press.net\/cameroun\/sites\/57\/2023\/03\/postQueueImg_1677771244.49.jpg","contentUrl":"https:\/\/static.africa-press.net\/cameroun\/sites\/57\/2023\/03\/postQueueImg_1677771244.49.jpg","width":720,"height":480,"caption":"Assassinat : des r\u00e9v\u00e9lations choc sur le ministre Sadi dans le jet priv\u00e9 d'Amougou Belinga"},{"@type":"BreadcrumbList","@id":"https:\/\/www.africa-press.net\/cameroun\/politique\/assassinat-des-revelations-choc-sur-le-ministre-sadi-dans-le-jet-prive-damougou-belinga#breadcrumb","itemListElement":[{"@type":"ListItem","position":1,"name":"Accueil","item":"https:\/\/www.africa-press.net\/cameroun\/"},{"@type":"ListItem","position":2,"name":"Assassinat : des r\u00e9v\u00e9lations choc sur le ministre Sadi dans le jet priv\u00e9 d&rsquo;Amougou Belinga"}]},{"@type":"WebSite","@id":"https:\/\/www.africa-press.net\/cameroun\/#website","url":"https:\/\/www.africa-press.net\/cameroun\/","name":"Cameroun","description":"Just another Africa News Agency Sites site","potentialAction":[{"@type":"SearchAction","target":{"@type":"EntryPoint","urlTemplate":"https:\/\/www.africa-press.net\/cameroun\/?s={search_term_string}"},"query-input":{"@type":"PropertyValueSpecification","valueRequired":true,"valueName":"search_term_string"}}],"inLanguage":"fr-FR"},{"@type":"Person","@id":"https:\/\/www.africa-press.net\/cameroun\/#\/schema\/person\/2b1cf3cd81a31e3cd26889ca66d677f1","name":"cfeditorfr"}]}},"_links":{"self":[{"href":"https:\/\/www.africa-press.net\/cameroun\/wp-json\/wp\/v2\/posts\/38204","targetHints":{"allow":["GET"]}}],"collection":[{"href":"https:\/\/www.africa-press.net\/cameroun\/wp-json\/wp\/v2\/posts"}],"about":[{"href":"https:\/\/www.africa-press.net\/cameroun\/wp-json\/wp\/v2\/types\/post"}],"author":[{"embeddable":true,"href":"https:\/\/www.africa-press.net\/cameroun\/wp-json\/wp\/v2\/users\/82"}],"replies":[{"embeddable":true,"href":"https:\/\/www.africa-press.net\/cameroun\/wp-json\/wp\/v2\/comments?post=38204"}],"version-history":[{"count":0,"href":"https:\/\/www.africa-press.net\/cameroun\/wp-json\/wp\/v2\/posts\/38204\/revisions"}],"wp:featuredmedia":[{"embeddable":true,"href":"https:\/\/www.africa-press.net\/cameroun\/wp-json\/wp\/v2\/media\/38203"}],"wp:attachment":[{"href":"https:\/\/www.africa-press.net\/cameroun\/wp-json\/wp\/v2\/media?parent=38204"}],"wp:term":[{"taxonomy":"category","embeddable":true,"href":"https:\/\/www.africa-press.net\/cameroun\/wp-json\/wp\/v2\/categories?post=38204"},{"taxonomy":"post_tag","embeddable":true,"href":"https:\/\/www.africa-press.net\/cameroun\/wp-json\/wp\/v2\/tags?post=38204"}],"curies":[{"name":"wp","href":"https:\/\/api.w.org\/{rel}","templated":true}]}}